{"id":712,"date":"2005-02-22T03:00:00","date_gmt":"2005-02-22T06:00:00","guid":{"rendered":"https:\/\/www.pmpf.rs.gov.br\/secretaria-de-saude\/2005\/02\/22\/coordenadores-farmaceuticos-dos-cais-estao-em-treinamento-3677\/"},"modified":"2005-02-22T03:00:00","modified_gmt":"2005-02-22T06:00:00","slug":"coordenadores-farmaceuticos-dos-cais-estao-em-treinamento-3677","status":"publish","type":"post","link":"https:\/\/www.pmpf.rs.gov.br\/secretaria-de-saude\/2005\/02\/22\/coordenadores-farmaceuticos-dos-cais-estao-em-treinamento-3677\/","title":{"rendered":"Coordenadores farmac\u00eauticos dos Cais est\u00e3o em treinamento"},"content":{"rendered":"<p style=\"text-align: justify;\"><span style=\"\"> O secret\u00e1rio municipal da Sa\u00fade, Alberi Grando (PDT), realizou a primeira reuni\u00e3o, na manh\u00e3 de hoje, ter\u00e7a-feira, 22, com os cinco profissionais que assumir\u00e3o a coordena\u00e7\u00e3o farmac\u00eautica dos Centros de Atendimento Integrado de Sa\u00fade (Cais).<\/span><\/p>\n<p style=\"text-align: justify;\"><span style=\"\"> \u201cEsta foi uma primeira reuni\u00e3o para informar os profissionais de como ser\u00e1 o trabalho nos Cais. A partir de agora eles iniciam o treinamento na Secretaria, que vai durar at\u00e9 o final do m\u00eas, oportunidade em que assumir\u00e3o as suas fun\u00e7\u00f5es\u201d, detalhou Grando.<\/span><\/p>\n<p style=\"text-align: justify;\"><span style=\"\"> Os coordenadores ter\u00e3o um grande desafio pela frente, que \u00e9 o de agilizar o atendimento \u00e0 popula\u00e7\u00e3o passo-fundense que busca os Centros para solucionar seus problemas de sa\u00fade.<\/span><\/p>\n<p style=\"text-align: justify;\"><span style=\"\"> Os cinco coordenadores, farmac\u00eauticos formados, com os respectivos Cais onde estar\u00e3o lotados, s\u00e3o: Fernanda Guimar\u00e3es (Luiz Fragomeni \u2013 Bairro S\u00e3o Crist\u00f3v\u00e3o); Cazuza Lamaison Gon\u00e7alves (Cyrio N\u00e1cul \u2013 Bairro Petr\u00f3polis); Percival Brenner (Ant\u00f4nio Marinho de Albuquerque \u2013 Vila Luiza); Tiago Brugnera Castelli (Dr. Luiz Augusto Hexsel \u2013 Bairro Boqueir\u00e3o), e Ja\u00edne Bruschi (Erwin Crusius \u2013 Vila H\u00edpica).<\/span><\/p>\n<p style=\"text-align: justify;\"><span style=\"\"> \u201cEstes profissionais s\u00e3o jovens, e ter\u00e3o uma grande responsabilidade. Por\u00e9m, temos certeza de que se doar\u00e3o, e far\u00e3o tudo o que estiver ao seu alcance para prestar um bom servi\u00e7o \u00e0 popula\u00e7\u00e3o, t\u00e3o carente de aten\u00e7\u00e3o, principalmente, quando o assunto \u00e9 sa\u00fade\u201d, aposta o secret\u00e1rio Alberi Grando.<\/span><\/p>\n","protected":false},"excerpt":{"rendered":"<p>Coordenadores farmac\u00eauticos dos Cais est\u00e3o em treinamento<\/p>\n","protected":false},"author":1,"featured_media":0,"comment_status":"open","ping_status":"open","sticky":false,"template":"","format":"standard","meta":{"footnotes":""},"categories":[],"tags":[],"class_list":["post-712","post","type-post","status-publish","format-standard","hentry"],"yoast_head":"<!-- This site is optimized with the Yoast SEO plugin v23.8 - https:\/\/yoast.com\/wordpress\/plugins\/seo\/ -->\n<title>Coordenadores farmac\u00eauticos dos Cais est\u00e3o em treinamento - Secretaria de Sa\u00fade<\/title>\n<meta name=\"robots\" content=\"index, follow, max-snippet:-1, max-image-preview:large, max-video-preview:-1\" \/>\n<link rel=\"canonical\" href=\"https:\/\/www.pmpf.rs.gov.br\/secretaria-de-saude\/2005\/02\/22\/coordenadores-farmaceuticos-dos-cais-estao-em-treinamento-3677\/\" \/>\n<meta property=\"og:locale\" content=\"pt_BR\" \/>\n<meta property=\"og:type\" content=\"article\" \/>\n<meta property=\"og:title\" content=\"Coordenadores farmac\u00eauticos dos Cais est\u00e3o em treinamento - Secretaria de Sa\u00fade\" \/>\n<meta property=\"og:description\" content=\"Coordenadores farmac\u00eauticos dos Cais est\u00e3o em treinamento\" \/>\n<meta property=\"og:url\" content=\"https:\/\/www.pmpf.rs.gov.br\/secretaria-de-saude\/2005\/02\/22\/coordenadores-farmaceuticos-dos-cais-estao-em-treinamento-3677\/\" \/>\n<meta property=\"og:site_name\" content=\"Secretaria de Sa\u00fade\" \/>\n<meta property=\"article:published_time\" content=\"2005-02-22T06:00:00+00:00\" \/>\n<meta name=\"author\" content=\"mosite\" \/>\n<meta name=\"twitter:card\" content=\"summary_large_image\" \/>\n<meta name=\"twitter:label1\" content=\"Escrito por\" \/>\n\t<meta name=\"twitter:data1\" content=\"mosite\" \/>\n\t<meta name=\"twitter:label2\" content=\"Est. tempo de leitura\" \/>\n\t<meta name=\"twitter:data2\" content=\"1 minuto\" \/>\n<script type=\"application\/ld+json\" class=\"yoast-schema-graph\">{\"@context\":\"https:\/\/schema.org\",\"@graph\":[{\"@type\":\"WebPage\",\"@id\":\"https:\/\/www.pmpf.rs.gov.br\/secretaria-de-saude\/2005\/02\/22\/coordenadores-farmaceuticos-dos-cais-estao-em-treinamento-3677\/\",\"url\":\"https:\/\/www.pmpf.rs.gov.br\/secretaria-de-saude\/2005\/02\/22\/coordenadores-farmaceuticos-dos-cais-estao-em-treinamento-3677\/\",\"name\":\"Coordenadores farmac\u00eauticos dos Cais est\u00e3o em treinamento - Secretaria de Sa\u00fade\",\"isPartOf\":{\"@id\":\"https:\/\/www.pmpf.rs.gov.br\/secretaria-de-saude\/#website\"},\"datePublished\":\"2005-02-22T06:00:00+00:00\",\"dateModified\":\"2005-02-22T06:00:00+00:00\",\"author\":{\"@id\":\"https:\/\/www.pmpf.rs.gov.br\/secretaria-de-saude\/#\/schema\/person\/0c355b0fa68a7aa986c8594f7a60a2d7\"},\"breadcrumb\":{\"@id\":\"https:\/\/www.pmpf.rs.gov.br\/secretaria-de-saude\/2005\/02\/22\/coordenadores-farmaceuticos-dos-cais-estao-em-treinamento-3677\/#breadcrumb\"},\"inLanguage\":\"pt-BR\",\"potentialAction\":[{\"@type\":\"ReadAction\",\"target\":[\"https:\/\/www.pmpf.rs.gov.br\/secretaria-de-saude\/2005\/02\/22\/coordenadores-farmaceuticos-dos-cais-estao-em-treinamento-3677\/\"]}]},{\"@type\":\"BreadcrumbList\",\"@id\":\"https:\/\/www.pmpf.rs.gov.br\/secretaria-de-saude\/2005\/02\/22\/coordenadores-farmaceuticos-dos-cais-estao-em-treinamento-3677\/#breadcrumb\",\"itemListElement\":[{\"@type\":\"ListItem\",\"position\":1,\"name\":\"In\u00edcio\",\"item\":\"https:\/\/www.pmpf.rs.gov.br\/secretaria-de-saude\/\"},{\"@type\":\"ListItem\",\"position\":2,\"name\":\"Coordenadores farmac\u00eauticos dos Cais est\u00e3o em treinamento\"}]},{\"@type\":\"WebSite\",\"@id\":\"https:\/\/www.pmpf.rs.gov.br\/secretaria-de-saude\/#website\",\"url\":\"https:\/\/www.pmpf.rs.gov.br\/secretaria-de-saude\/\",\"name\":\"Secretaria de Sa\u00fade\",\"description\":\"S\u00f3 mais um site Prefeitura de Passo Fundo\",\"potentialAction\":[{\"@type\":\"SearchAction\",\"target\":{\"@type\":\"EntryPoint\",\"urlTemplate\":\"https:\/\/www.pmpf.rs.gov.br\/secretaria-de-saude\/?s={search_term_string}\"},\"query-input\":{\"@type\":\"PropertyValueSpecification\",\"valueRequired\":true,\"valueName\":\"search_term_string\"}}],\"inLanguage\":\"pt-BR\"},{\"@type\":\"Person\",\"@id\":\"https:\/\/www.pmpf.rs.gov.br\/secretaria-de-saude\/#\/schema\/person\/0c355b0fa68a7aa986c8594f7a60a2d7\",\"name\":\"mosite\",\"image\":{\"@type\":\"ImageObject\",\"inLanguage\":\"pt-BR\",\"@id\":\"https:\/\/www.pmpf.rs.gov.br\/secretaria-de-saude\/#\/schema\/person\/image\/\",\"url\":\"https:\/\/secure.gravatar.com\/avatar\/63d72595d6cecfe12bd8a94829d5a26c?s=96&d=mm&r=g\",\"contentUrl\":\"https:\/\/secure.gravatar.com\/avatar\/63d72595d6cecfe12bd8a94829d5a26c?s=96&d=mm&r=g\",\"caption\":\"mosite\"},\"sameAs\":[\"http:\/\/example.com\"],\"url\":\"https:\/\/www.pmpf.rs.gov.br\/secretaria-de-saude\/author\/mosite\/\"}]}<\/script>\n<!-- \/ Yoast SEO plugin. -->","yoast_head_json":{"title":"Coordenadores farmac\u00eauticos dos Cais est\u00e3o em treinamento - Secretaria de Sa\u00fade","robots":{"index":"index","follow":"follow","max-snippet":"max-snippet:-1","max-image-preview":"max-image-preview:large","max-video-preview":"max-video-preview:-1"},"canonical":"https:\/\/www.pmpf.rs.gov.br\/secretaria-de-saude\/2005\/02\/22\/coordenadores-farmaceuticos-dos-cais-estao-em-treinamento-3677\/","og_locale":"pt_BR","og_type":"article","og_title":"Coordenadores farmac\u00eauticos dos Cais est\u00e3o em treinamento - Secretaria de Sa\u00fade","og_description":"Coordenadores farmac\u00eauticos dos Cais est\u00e3o em treinamento","og_url":"https:\/\/www.pmpf.rs.gov.br\/secretaria-de-saude\/2005\/02\/22\/coordenadores-farmaceuticos-dos-cais-estao-em-treinamento-3677\/","og_site_name":"Secretaria de Sa\u00fade","article_published_time":"2005-02-22T06:00:00+00:00","author":"mosite","twitter_card":"summary_large_image","twitter_misc":{"Escrito por":"mosite","Est. tempo de leitura":"1 minuto"},"schema":{"@context":"https:\/\/schema.org","@graph":[{"@type":"WebPage","@id":"https:\/\/www.pmpf.rs.gov.br\/secretaria-de-saude\/2005\/02\/22\/coordenadores-farmaceuticos-dos-cais-estao-em-treinamento-3677\/","url":"https:\/\/www.pmpf.rs.gov.br\/secretaria-de-saude\/2005\/02\/22\/coordenadores-farmaceuticos-dos-cais-estao-em-treinamento-3677\/","name":"Coordenadores farmac\u00eauticos dos Cais est\u00e3o em treinamento - Secretaria de Sa\u00fade","isPartOf":{"@id":"https:\/\/www.pmpf.rs.gov.br\/secretaria-de-saude\/#website"},"datePublished":"2005-02-22T06:00:00+00:00","dateModified":"2005-02-22T06:00:00+00:00","author":{"@id":"https:\/\/www.pmpf.rs.gov.br\/secretaria-de-saude\/#\/schema\/person\/0c355b0fa68a7aa986c8594f7a60a2d7"},"breadcrumb":{"@id":"https:\/\/www.pmpf.rs.gov.br\/secretaria-de-saude\/2005\/02\/22\/coordenadores-farmaceuticos-dos-cais-estao-em-treinamento-3677\/#breadcrumb"},"inLanguage":"pt-BR","potentialAction":[{"@type":"ReadAction","target":["https:\/\/www.pmpf.rs.gov.br\/secretaria-de-saude\/2005\/02\/22\/coordenadores-farmaceuticos-dos-cais-estao-em-treinamento-3677\/"]}]},{"@type":"BreadcrumbList","@id":"https:\/\/www.pmpf.rs.gov.br\/secretaria-de-saude\/2005\/02\/22\/coordenadores-farmaceuticos-dos-cais-estao-em-treinamento-3677\/#breadcrumb","itemListElement":[{"@type":"ListItem","position":1,"name":"In\u00edcio","item":"https:\/\/www.pmpf.rs.gov.br\/secretaria-de-saude\/"},{"@type":"ListItem","position":2,"name":"Coordenadores farmac\u00eauticos dos Cais est\u00e3o em treinamento"}]},{"@type":"WebSite","@id":"https:\/\/www.pmpf.rs.gov.br\/secretaria-de-saude\/#website","url":"https:\/\/www.pmpf.rs.gov.br\/secretaria-de-saude\/","name":"Secretaria de Sa\u00fade","description":"S\u00f3 mais um site Prefeitura de Passo Fundo","potentialAction":[{"@type":"SearchAction","target":{"@type":"EntryPoint","urlTemplate":"https:\/\/www.pmpf.rs.gov.br\/secretaria-de-saude\/?s={search_term_string}"},"query-input":{"@type":"PropertyValueSpecification","valueRequired":true,"valueName":"search_term_string"}}],"inLanguage":"pt-BR"},{"@type":"Person","@id":"https:\/\/www.pmpf.rs.gov.br\/secretaria-de-saude\/#\/schema\/person\/0c355b0fa68a7aa986c8594f7a60a2d7","name":"mosite","image":{"@type":"ImageObject","inLanguage":"pt-BR","@id":"https:\/\/www.pmpf.rs.gov.br\/secretaria-de-saude\/#\/schema\/person\/image\/","url":"https:\/\/secure.gravatar.com\/avatar\/63d72595d6cecfe12bd8a94829d5a26c?s=96&d=mm&r=g","contentUrl":"https:\/\/secure.gravatar.com\/avatar\/63d72595d6cecfe12bd8a94829d5a26c?s=96&d=mm&r=g","caption":"mosite"},"sameAs":["http:\/\/example.com"],"url":"https:\/\/www.pmpf.rs.gov.br\/secretaria-de-saude\/author\/mosite\/"}]}},"_links":{"self":[{"href":"https:\/\/www.pmpf.rs.gov.br\/secretaria-de-saude\/wp-json\/wp\/v2\/posts\/712"}],"collection":[{"href":"https:\/\/www.pmpf.rs.gov.br\/secretaria-de-saude\/wp-json\/wp\/v2\/posts"}],"about":[{"href":"https:\/\/www.pmpf.rs.gov.br\/secretaria-de-saude\/wp-json\/wp\/v2\/types\/post"}],"author":[{"embeddable":true,"href":"https:\/\/www.pmpf.rs.gov.br\/secretaria-de-saude\/wp-json\/wp\/v2\/users\/1"}],"replies":[{"embeddable":true,"href":"https:\/\/www.pmpf.rs.gov.br\/secretaria-de-saude\/wp-json\/wp\/v2\/comments?post=712"}],"version-history":[{"count":0,"href":"https:\/\/www.pmpf.rs.gov.br\/secretaria-de-saude\/wp-json\/wp\/v2\/posts\/712\/revisions"}],"wp:attachment":[{"href":"https:\/\/www.pmpf.rs.gov.br\/secretaria-de-saude\/wp-json\/wp\/v2\/media?parent=712"}],"wp:term":[{"taxonomy":"category","embeddable":true,"href":"https:\/\/www.pmpf.rs.gov.br\/secretaria-de-saude\/wp-json\/wp\/v2\/categories?post=712"},{"taxonomy":"post_tag","embeddable":true,"href":"https:\/\/www.pmpf.rs.gov.br\/secretaria-de-saude\/wp-json\/wp\/v2\/tags?post=712"}],"curies":[{"name":"wp","href":"https:\/\/api.w.org\/{rel}","templated":true}]}}