{"id":711,"date":"2005-03-11T03:00:00","date_gmt":"2005-03-11T06:00:00","guid":{"rendered":"https:\/\/www.pmpf.rs.gov.br\/secretaria-de-saude\/2005\/03\/11\/hoje-e-dia-do-cartao-sus-3682\/"},"modified":"2005-03-11T03:00:00","modified_gmt":"2005-03-11T06:00:00","slug":"hoje-e-dia-do-cartao-sus-3682","status":"publish","type":"post","link":"https:\/\/www.pmpf.rs.gov.br\/secretaria-de-saude\/2005\/03\/11\/hoje-e-dia-do-cartao-sus-3682\/","title":{"rendered":"Hoje \u00e9 Dia do Cart\u00e3o SUS"},"content":{"rendered":"<p style=\"text-align: justify;\"><span style=\"\"><\/span><span style=\"\">Manifestando preocupa\u00e7\u00e3o com os cerca de 40 mil habitantes de Passo Fundo que ainda n\u00e3o fizeram seu cadastro no Sistema \u00danico de Sa\u00fade, a administra\u00e7\u00e3o municipal, atrav\u00e9s da secretaria Municipal  de Sa\u00fade (SMS) convoca a popula\u00e7\u00e3o para um grande mutir\u00e3o no s\u00e1bado, 12.<\/span><\/p>\n<p style=\"text-align: justify;\"><span style=\"\"> Explica o secret\u00e1rio de Sa\u00fade, Alberi Grando (PDT) que haver\u00e1 36 postos espalhados na cidade, supermercados, Cais, hospitais e inclusive na Pra\u00e7a Marechal Floriano. <\/span><\/p>\n<p style=\"text-align: justify;\"><span style=\"\">  Os postos estar\u00e3o em funcionamento das 9h \u00e0s 21h ininterruptamente. No ato do cadastramento, que \u00e9 de gra\u00e7a o cidad\u00e3o deve apresentar a C\u00e9dula de Identidade, CPF e comprovante de endere\u00e7o (conta de \u00e1gua, luz telefone). <\/span><\/p>\n<p style=\"text-align: justify;\"><span style=\"\"> A SMS, chama a aten\u00e7\u00e3o para que todos tenham seu cart\u00e3o SUS, independentemente de outros conv\u00eanios. Este cart\u00e3o  permite acesso a todo tipo de servi\u00e7os disponibilizados pelo SUS, como transplante de \u00f3rg\u00e3os, hemodi\u00e1lise, al\u00e9m de procedimentos de alta complexidade.<\/span><\/p>\n<p style=\"text-align: justify;\"><span style=\"\"> O cadastramento torna-se importante, conforme  Alberi Grando, porque \u00e9 em cima destes dados que ser\u00e1 feito o repasse de verbas pelo SUS para os munic\u00edpios. Ele compara. \u201cSe os 180 mil habitantes de Passo Fundo se cadastrarem, o munic\u00edpio receber\u00e1 verbas do SUS, sobre este montante\u201d.<\/span><\/p>\n<p style=\"text-align: justify;\"><span style=\"\"> O Secret\u00e1rio volta a ressaltar, o cadastramento \u00e9 importante tanto para o cidad\u00e3o como para o munic\u00edpio. \u201cO cidad\u00e3o porque ter\u00e1 seu atendimento agilizado, e o munic\u00edpio porque receber\u00e1 a verba correspondente. H\u00e1 longo prazo, o usu\u00e1rio que n\u00e3o possuir o cart\u00e3o n\u00e3o ter\u00e1 acesso aos servi\u00e7os oferecidos pelo SUS\u201d. Advertindo ainda que qualquer pessoa independente do poder aquisitivo ou classe social a que perten\u00e7a, pode um dia precisar dos servi\u00e7os do SUS.<\/span><\/p>\n<p style=\"text-align: justify;\"><span style=\"\"> O coordenador do Conselho Municipal de Sa\u00fade Jo\u00e3o Luis Soares previne: aquele usu\u00e1rio que n\u00e3o dispuser do cart\u00e3o SUS, ter\u00e1 dificuldade de acesso ao sistema. O cart\u00e3o \u00e9 pessoal e intransfer\u00edvel, e cada membro da fam\u00edlia deve ter o seu.<\/span><\/p>\n<div style=\"text-align: justify;\"> <\/div>\n<div style=\" text-align: center;\">\n<p><img decoding=\"async\" src=\"..\/..\/..\/servicos\/geral\/img\/portal\/SMS001.JPG\" \/><\/p>\n<\/div>\n","protected":false},"excerpt":{"rendered":"<p>Hoje \u00e9 Dia do Cart\u00e3o SUS<\/p>\n","protected":false},"author":1,"featured_media":0,"comment_status":"open","ping_status":"open","sticky":false,"template":"","format":"standard","meta":{"footnotes":""},"categories":[],"tags":[],"class_list":["post-711","post","type-post","status-publish","format-standard","hentry"],"yoast_head":"<!-- This site is optimized with the Yoast SEO plugin v23.8 - https:\/\/yoast.com\/wordpress\/plugins\/seo\/ -->\n<title>Hoje \u00e9 Dia do Cart\u00e3o SUS - Secretaria de Sa\u00fade<\/title>\n<meta name=\"robots\" content=\"index, follow, max-snippet:-1, max-image-preview:large, max-video-preview:-1\" \/>\n<link rel=\"canonical\" href=\"https:\/\/www.pmpf.rs.gov.br\/secretaria-de-saude\/2005\/03\/11\/hoje-e-dia-do-cartao-sus-3682\/\" \/>\n<meta property=\"og:locale\" content=\"pt_BR\" \/>\n<meta property=\"og:type\" content=\"article\" \/>\n<meta property=\"og:title\" content=\"Hoje \u00e9 Dia do Cart\u00e3o SUS - Secretaria de Sa\u00fade\" \/>\n<meta property=\"og:description\" content=\"Hoje \u00e9 Dia do Cart\u00e3o SUS\" \/>\n<meta property=\"og:url\" content=\"https:\/\/www.pmpf.rs.gov.br\/secretaria-de-saude\/2005\/03\/11\/hoje-e-dia-do-cartao-sus-3682\/\" \/>\n<meta property=\"og:site_name\" content=\"Secretaria de Sa\u00fade\" \/>\n<meta property=\"article:published_time\" content=\"2005-03-11T06:00:00+00:00\" \/>\n<meta property=\"og:image\" content=\"http:\/\/..\/..\/..\/servicos\/geral\/img\/portal\/SMS001.JPG\" \/>\n<meta name=\"author\" content=\"mosite\" \/>\n<meta name=\"twitter:card\" content=\"summary_large_image\" \/>\n<meta name=\"twitter:label1\" content=\"Escrito por\" \/>\n\t<meta name=\"twitter:data1\" content=\"mosite\" \/>\n\t<meta name=\"twitter:label2\" content=\"Est. tempo de leitura\" \/>\n\t<meta name=\"twitter:data2\" content=\"2 minutos\" \/>\n<script type=\"application\/ld+json\" class=\"yoast-schema-graph\">{\"@context\":\"https:\/\/schema.org\",\"@graph\":[{\"@type\":\"WebPage\",\"@id\":\"https:\/\/www.pmpf.rs.gov.br\/secretaria-de-saude\/2005\/03\/11\/hoje-e-dia-do-cartao-sus-3682\/\",\"url\":\"https:\/\/www.pmpf.rs.gov.br\/secretaria-de-saude\/2005\/03\/11\/hoje-e-dia-do-cartao-sus-3682\/\",\"name\":\"Hoje \u00e9 Dia do Cart\u00e3o SUS - Secretaria de Sa\u00fade\",\"isPartOf\":{\"@id\":\"https:\/\/www.pmpf.rs.gov.br\/secretaria-de-saude\/#website\"},\"datePublished\":\"2005-03-11T06:00:00+00:00\",\"dateModified\":\"2005-03-11T06:00:00+00:00\",\"author\":{\"@id\":\"https:\/\/www.pmpf.rs.gov.br\/secretaria-de-saude\/#\/schema\/person\/0c355b0fa68a7aa986c8594f7a60a2d7\"},\"breadcrumb\":{\"@id\":\"https:\/\/www.pmpf.rs.gov.br\/secretaria-de-saude\/2005\/03\/11\/hoje-e-dia-do-cartao-sus-3682\/#breadcrumb\"},\"inLanguage\":\"pt-BR\",\"potentialAction\":[{\"@type\":\"ReadAction\",\"target\":[\"https:\/\/www.pmpf.rs.gov.br\/secretaria-de-saude\/2005\/03\/11\/hoje-e-dia-do-cartao-sus-3682\/\"]}]},{\"@type\":\"BreadcrumbList\",\"@id\":\"https:\/\/www.pmpf.rs.gov.br\/secretaria-de-saude\/2005\/03\/11\/hoje-e-dia-do-cartao-sus-3682\/#breadcrumb\",\"itemListElement\":[{\"@type\":\"ListItem\",\"position\":1,\"name\":\"In\u00edcio\",\"item\":\"https:\/\/www.pmpf.rs.gov.br\/secretaria-de-saude\/\"},{\"@type\":\"ListItem\",\"position\":2,\"name\":\"Hoje \u00e9 Dia do Cart\u00e3o SUS\"}]},{\"@type\":\"WebSite\",\"@id\":\"https:\/\/www.pmpf.rs.gov.br\/secretaria-de-saude\/#website\",\"url\":\"https:\/\/www.pmpf.rs.gov.br\/secretaria-de-saude\/\",\"name\":\"Secretaria de Sa\u00fade\",\"description\":\"S\u00f3 mais um site Prefeitura de Passo Fundo\",\"potentialAction\":[{\"@type\":\"SearchAction\",\"target\":{\"@type\":\"EntryPoint\",\"urlTemplate\":\"https:\/\/www.pmpf.rs.gov.br\/secretaria-de-saude\/?s={search_term_string}\"},\"query-input\":{\"@type\":\"PropertyValueSpecification\",\"valueRequired\":true,\"valueName\":\"search_term_string\"}}],\"inLanguage\":\"pt-BR\"},{\"@type\":\"Person\",\"@id\":\"https:\/\/www.pmpf.rs.gov.br\/secretaria-de-saude\/#\/schema\/person\/0c355b0fa68a7aa986c8594f7a60a2d7\",\"name\":\"mosite\",\"image\":{\"@type\":\"ImageObject\",\"inLanguage\":\"pt-BR\",\"@id\":\"https:\/\/www.pmpf.rs.gov.br\/secretaria-de-saude\/#\/schema\/person\/image\/\",\"url\":\"https:\/\/secure.gravatar.com\/avatar\/63d72595d6cecfe12bd8a94829d5a26c?s=96&d=mm&r=g\",\"contentUrl\":\"https:\/\/secure.gravatar.com\/avatar\/63d72595d6cecfe12bd8a94829d5a26c?s=96&d=mm&r=g\",\"caption\":\"mosite\"},\"sameAs\":[\"http:\/\/example.com\"],\"url\":\"https:\/\/www.pmpf.rs.gov.br\/secretaria-de-saude\/author\/mosite\/\"}]}<\/script>\n<!-- \/ Yoast SEO plugin. -->","yoast_head_json":{"title":"Hoje \u00e9 Dia do Cart\u00e3o SUS - Secretaria de Sa\u00fade","robots":{"index":"index","follow":"follow","max-snippet":"max-snippet:-1","max-image-preview":"max-image-preview:large","max-video-preview":"max-video-preview:-1"},"canonical":"https:\/\/www.pmpf.rs.gov.br\/secretaria-de-saude\/2005\/03\/11\/hoje-e-dia-do-cartao-sus-3682\/","og_locale":"pt_BR","og_type":"article","og_title":"Hoje \u00e9 Dia do Cart\u00e3o SUS - Secretaria de Sa\u00fade","og_description":"Hoje \u00e9 Dia do Cart\u00e3o SUS","og_url":"https:\/\/www.pmpf.rs.gov.br\/secretaria-de-saude\/2005\/03\/11\/hoje-e-dia-do-cartao-sus-3682\/","og_site_name":"Secretaria de Sa\u00fade","article_published_time":"2005-03-11T06:00:00+00:00","og_image":[{"url":"..\/..\/..\/servicos\/geral\/img\/portal\/SMS001.JPG"}],"author":"mosite","twitter_card":"summary_large_image","twitter_misc":{"Escrito por":"mosite","Est. tempo de leitura":"2 minutos"},"schema":{"@context":"https:\/\/schema.org","@graph":[{"@type":"WebPage","@id":"https:\/\/www.pmpf.rs.gov.br\/secretaria-de-saude\/2005\/03\/11\/hoje-e-dia-do-cartao-sus-3682\/","url":"https:\/\/www.pmpf.rs.gov.br\/secretaria-de-saude\/2005\/03\/11\/hoje-e-dia-do-cartao-sus-3682\/","name":"Hoje \u00e9 Dia do Cart\u00e3o SUS - Secretaria de Sa\u00fade","isPartOf":{"@id":"https:\/\/www.pmpf.rs.gov.br\/secretaria-de-saude\/#website"},"datePublished":"2005-03-11T06:00:00+00:00","dateModified":"2005-03-11T06:00:00+00:00","author":{"@id":"https:\/\/www.pmpf.rs.gov.br\/secretaria-de-saude\/#\/schema\/person\/0c355b0fa68a7aa986c8594f7a60a2d7"},"breadcrumb":{"@id":"https:\/\/www.pmpf.rs.gov.br\/secretaria-de-saude\/2005\/03\/11\/hoje-e-dia-do-cartao-sus-3682\/#breadcrumb"},"inLanguage":"pt-BR","potentialAction":[{"@type":"ReadAction","target":["https:\/\/www.pmpf.rs.gov.br\/secretaria-de-saude\/2005\/03\/11\/hoje-e-dia-do-cartao-sus-3682\/"]}]},{"@type":"BreadcrumbList","@id":"https:\/\/www.pmpf.rs.gov.br\/secretaria-de-saude\/2005\/03\/11\/hoje-e-dia-do-cartao-sus-3682\/#breadcrumb","itemListElement":[{"@type":"ListItem","position":1,"name":"In\u00edcio","item":"https:\/\/www.pmpf.rs.gov.br\/secretaria-de-saude\/"},{"@type":"ListItem","position":2,"name":"Hoje \u00e9 Dia do Cart\u00e3o SUS"}]},{"@type":"WebSite","@id":"https:\/\/www.pmpf.rs.gov.br\/secretaria-de-saude\/#website","url":"https:\/\/www.pmpf.rs.gov.br\/secretaria-de-saude\/","name":"Secretaria de Sa\u00fade","description":"S\u00f3 mais um site Prefeitura de Passo Fundo","potentialAction":[{"@type":"SearchAction","target":{"@type":"EntryPoint","urlTemplate":"https:\/\/www.pmpf.rs.gov.br\/secretaria-de-saude\/?s={search_term_string}"},"query-input":{"@type":"PropertyValueSpecification","valueRequired":true,"valueName":"search_term_string"}}],"inLanguage":"pt-BR"},{"@type":"Person","@id":"https:\/\/www.pmpf.rs.gov.br\/secretaria-de-saude\/#\/schema\/person\/0c355b0fa68a7aa986c8594f7a60a2d7","name":"mosite","image":{"@type":"ImageObject","inLanguage":"pt-BR","@id":"https:\/\/www.pmpf.rs.gov.br\/secretaria-de-saude\/#\/schema\/person\/image\/","url":"https:\/\/secure.gravatar.com\/avatar\/63d72595d6cecfe12bd8a94829d5a26c?s=96&d=mm&r=g","contentUrl":"https:\/\/secure.gravatar.com\/avatar\/63d72595d6cecfe12bd8a94829d5a26c?s=96&d=mm&r=g","caption":"mosite"},"sameAs":["http:\/\/example.com"],"url":"https:\/\/www.pmpf.rs.gov.br\/secretaria-de-saude\/author\/mosite\/"}]}},"_links":{"self":[{"href":"https:\/\/www.pmpf.rs.gov.br\/secretaria-de-saude\/wp-json\/wp\/v2\/posts\/711"}],"collection":[{"href":"https:\/\/www.pmpf.rs.gov.br\/secretaria-de-saude\/wp-json\/wp\/v2\/posts"}],"about":[{"href":"https:\/\/www.pmpf.rs.gov.br\/secretaria-de-saude\/wp-json\/wp\/v2\/types\/post"}],"author":[{"embeddable":true,"href":"https:\/\/www.pmpf.rs.gov.br\/secretaria-de-saude\/wp-json\/wp\/v2\/users\/1"}],"replies":[{"embeddable":true,"href":"https:\/\/www.pmpf.rs.gov.br\/secretaria-de-saude\/wp-json\/wp\/v2\/comments?post=711"}],"version-history":[{"count":0,"href":"https:\/\/www.pmpf.rs.gov.br\/secretaria-de-saude\/wp-json\/wp\/v2\/posts\/711\/revisions"}],"wp:attachment":[{"href":"https:\/\/www.pmpf.rs.gov.br\/secretaria-de-saude\/wp-json\/wp\/v2\/media?parent=711"}],"wp:term":[{"taxonomy":"category","embeddable":true,"href":"https:\/\/www.pmpf.rs.gov.br\/secretaria-de-saude\/wp-json\/wp\/v2\/categories?post=711"},{"taxonomy":"post_tag","embeddable":true,"href":"https:\/\/www.pmpf.rs.gov.br\/secretaria-de-saude\/wp-json\/wp\/v2\/tags?post=711"}],"curies":[{"name":"wp","href":"https:\/\/api.w.org\/{rel}","templated":true}]}}