{"id":677,"date":"2005-03-30T03:00:00","date_gmt":"2005-03-30T06:00:00","guid":{"rendered":"https:\/\/www.pmpf.rs.gov.br\/secretaria-de-saude\/2005\/03\/30\/administracao-municipal-da-atencao-especial-para-a-saude-bucal-das-criancas-3935\/"},"modified":"2005-03-30T03:00:00","modified_gmt":"2005-03-30T06:00:00","slug":"administracao-municipal-da-atencao-especial-para-a-saude-bucal-das-criancas-3935","status":"publish","type":"post","link":"https:\/\/www.pmpf.rs.gov.br\/secretaria-de-saude\/2005\/03\/30\/administracao-municipal-da-atencao-especial-para-a-saude-bucal-das-criancas-3935\/","title":{"rendered":"Administra\u00e7\u00e3o Municipal d\u00e1 aten\u00e7\u00e3o especial para a sa\u00fade bucal das crian\u00e7as"},"content":{"rendered":"<p style=\"text-align: justify;\"><b style=\"\"><\/b><span style=\"\">A Administra\u00e7\u00e3o Municipal de Passo Fundo, atrav\u00e9s da Secretaria Municipal da Sa\u00fade (SMS) \u2013 Divis\u00e3o de Sa\u00fade Bucal -, est\u00e1 envolvendo mais de 13,5 mil alunos da rede municipal de ensino no projeto \u201cSorria Passo Fundo\u201d. <\/span><\/p>\n<p style=\"text-align: justify;\"><span style=\"\"> Esse projeto est\u00e1 sendo executado por Leodinei Lodi, L\u00edlian Rigo e Zara D\u2019Agostini, com a supervis\u00e3o do diretor da Divis\u00e3o de A\u00e7\u00f5es em Sa\u00fade, Ant\u00f4nio Carlos Loss e conta com o apoio da Secretaria Municipal de Educa\u00e7\u00e3o (SME), Uniodonto, Associa\u00e7\u00e3o Brasileira de Odontologia (ABO-RS Planalto), Faculdade de Odontologia da Universidade de Passo Fundo (FOUPF), 7\u00aa Coordenadoria Regional de Educa\u00e7\u00e3o (7\u00aa CRE), Secretaria Municipal de Assist\u00eancia Social (Semas), Servi\u00e7o Social do Com\u00e9rcio (Sesc), Servi\u00e7o Social da Ind\u00fastria (Sesi), e Companhia Riograndense de Saneamento (Corsan).<\/span><\/p>\n<p style=\"text-align: justify;\"><span style=\"\"> \u201cN\u00f3s estamos levando toda a \u00e1rea preventiva \u00e0s crian\u00e7as, porque o nosso interesse \u00e9 fazer com que as crian\u00e7as n\u00e3o tenham mais c\u00e1rie. O objetivo \u00e9 orientar estas crian\u00e7as, passando os ensinamentos tamb\u00e9m aos professores, para que eles, juntamente com os pais, d\u00eaem continuidade a este trabalho. Fazer com que, futuramente, as crian\u00e7as n\u00e3o tenham mais c\u00e1rie, e que n\u00f3s percamos o estigma, como somos conhecidos l\u00e1 fora, como o &#8220;;pa\u00eds dos desdentados&#8221;;. Este \u00e9 o nosso objetivo\u201d, esclarece Zara D\u2019Agostini.<\/span><\/p>\n<p style=\"text-align: justify;\"><span style=\"\"> O projeto \u201cSorria Passo Fundo\u201d ser\u00e1 aplicado em duas etapas, sendo que a primeira visa a obten\u00e7\u00e3o de um diagn\u00f3stico da situa\u00e7\u00e3o de sa\u00fade bucal da popula\u00e7\u00e3o infantil e jovem das creches e escolas municipais de Passo Fundo, tendo como base o projeto SB 2000 (Levantamento da Condi\u00e7\u00f5es de Sa\u00fade Bucal da Popula\u00e7\u00e3o do Rio Grande do Sul). A segunda parte define obst\u00e1culos a superar e tra\u00e7ar estrat\u00e9gias para a\u00e7\u00f5es de preven\u00e7\u00e3o e educa\u00e7\u00e3o em sa\u00fade bucal, tendo como popula\u00e7\u00e3o alvo todas as crian\u00e7as e jovens matriculados nas creches e escolas municipais.<\/span><\/p>\n<p style=\"text-align: justify;\"><span style=\"\"> \u201cEste projeto chegou na hora em que n\u00f3s desej\u00e1vamos, porque \u00e9 uma preocupa\u00e7\u00e3o grande com sa\u00fade do educando. A gente tem percebido que as crian\u00e7as que v\u00eam para a escola tem dificuldades com rela\u00e7\u00e3o \u00e0 sua sa\u00fade, principalmente a bucal. N\u00f3s j\u00e1 desenvolvemos um trabalho de educa\u00e7\u00e3o, mas n\u00e3o \u00e9 o suficiente, n\u00f3s precisamos buscar ajuda fora, e quando n\u00f3s recebemos este grupo da Secretaria, com este desejo, ficamos felizes, porque juntos n\u00f3s podemos fazer um trabalho mais eficiente\u201d, afirmou a diretora Maribel Tessaro, da Escola Municipal Zeferino Dem\u00e9trio Costi (Sesi),  local esse onde a equipe da Secretaria da Sa\u00fade d\u00e1 sequ\u00eancia ao Projeto nesta semana.<\/span><\/p>\n<p style=\"text-align: justify;\"><span style=\"\"> \u201cInteressante que se diga, que este projeto ser\u00e1 desenvolvido nas escolas e creches da zona urbana e rural do Munic\u00edpio. Em rela\u00e7\u00e3o ao per\u00edodo de dura\u00e7\u00e3o do \u2018Sorria Passo Fundo\u2019, ainda n\u00e3o h\u00e1 como determinar um per\u00edodo exato, mas pode-se dizer que em aproximadamente quatro meses a gente j\u00e1 consiga dar in\u00edcio \u00e0 2\u00aa etapa, que compreende, entre outros, a escova\u00e7\u00e3o, com renova\u00e7\u00e3o de escovas de tr\u00eas em tr\u00eas meses. Por\u00e9m, h\u00e1 que se registrar que este processo vai durar durante toda esta Administra\u00e7\u00e3o\u201d, salienta Loss, que acrescenta ainda, que \u201ceste projeto ter\u00e1 todo um acompanhamento, at\u00e9 para se saber o resultado da sua aplica\u00e7\u00e3o.\u201d. As faixas et\u00e1rias a serem atendidas pelo \u201cSorria Passo Fundo\u201d s\u00e3o dos doze aos dezenove anos, e os principais problemas analisados s\u00e3o: c\u00e1ries, fluorose dent\u00e1ria e a necessidade de tratamento que, quando houver, ser\u00e1 encaminhado para setor competente da municipalidade.<\/span><\/p>\n<div style=\"text-align: justify;\"> <\/div>\n<div style=\" text-align: center;\">\n<p><img decoding=\"async\" src=\"..\/..\/..\/servicos\/geral\/img\/portal\/SMS004.JPG\" \/><br \/>O projeto tem seq\u00fc\u00eancia esta semana na Escola Zeferino Dem\u00e9trio Costi.<\/p>\n<\/div>\n<div style=\"text-align: justify;\"> <\/div>\n<div style=\"text-align: justify;\"> <\/div>\n<div style=\" text-align: center;\">\n<p><img decoding=\"async\" src=\"..\/..\/..\/servicos\/geral\/img\/portal\/SMS005.JPG\" \/><br \/>Uma equipe de profissionais especializados est\u00e1 dando toda a aten\u00e7\u00e3o para as crian\u00e7as e jovens na faixa et\u00e1ria dos doze aos dezenove anos.<\/p>\n<\/div>\n<div style=\"text-align: justify;\"> <\/div>\n<div style=\"text-align: justify;\"> <\/div>\n<div style=\" text-align: center;\">\n<p><img decoding=\"async\" src=\"..\/..\/..\/servicos\/geral\/img\/portal\/SMS006.JPG\" \/><br \/>Houve uma preocupa\u00e7\u00e3o em levar, atrav\u00e9s de palestras, o maior n\u00famero de informa\u00e7\u00f5es poss\u00edveis aos estudantes da rede municipal de ensino.<\/p>\n<\/div>\n<div style=\"text-align: justify;\"> <\/div>\n","protected":false},"excerpt":{"rendered":"<p>Administra\u00e7\u00e3o Municipal d\u00e1 aten\u00e7\u00e3o especial para a sa\u00fade bucal das crian\u00e7as<\/p>\n","protected":false},"author":1,"featured_media":0,"comment_status":"open","ping_status":"open","sticky":false,"template":"","format":"standard","meta":{"footnotes":""},"categories":[],"tags":[],"class_list":["post-677","post","type-post","status-publish","format-standard","hentry"],"yoast_head":"<!-- This site is optimized with the Yoast SEO plugin v23.8 - https:\/\/yoast.com\/wordpress\/plugins\/seo\/ -->\n<title>Administra\u00e7\u00e3o Municipal d\u00e1 aten\u00e7\u00e3o especial para a sa\u00fade bucal das crian\u00e7as - Secretaria de Sa\u00fade<\/title>\n<meta name=\"robots\" content=\"index, follow, max-snippet:-1, max-image-preview:large, max-video-preview:-1\" \/>\n<link rel=\"canonical\" href=\"https:\/\/www.pmpf.rs.gov.br\/secretaria-de-saude\/2005\/03\/30\/administracao-municipal-da-atencao-especial-para-a-saude-bucal-das-criancas-3935\/\" \/>\n<meta property=\"og:locale\" content=\"pt_BR\" \/>\n<meta property=\"og:type\" content=\"article\" \/>\n<meta property=\"og:title\" content=\"Administra\u00e7\u00e3o Municipal d\u00e1 aten\u00e7\u00e3o especial para a sa\u00fade bucal das crian\u00e7as - Secretaria de Sa\u00fade\" \/>\n<meta property=\"og:description\" content=\"Administra\u00e7\u00e3o Municipal d\u00e1 aten\u00e7\u00e3o especial para a sa\u00fade bucal das crian\u00e7as\" \/>\n<meta property=\"og:url\" content=\"https:\/\/www.pmpf.rs.gov.br\/secretaria-de-saude\/2005\/03\/30\/administracao-municipal-da-atencao-especial-para-a-saude-bucal-das-criancas-3935\/\" \/>\n<meta property=\"og:site_name\" content=\"Secretaria de Sa\u00fade\" \/>\n<meta property=\"article:published_time\" content=\"2005-03-30T06:00:00+00:00\" \/>\n<meta property=\"og:image\" content=\"http:\/\/..\/..\/..\/servicos\/geral\/img\/portal\/SMS004.JPG\" \/>\n<meta name=\"author\" content=\"mosite\" \/>\n<meta name=\"twitter:card\" content=\"summary_large_image\" \/>\n<meta name=\"twitter:label1\" content=\"Escrito por\" \/>\n\t<meta name=\"twitter:data1\" content=\"mosite\" \/>\n\t<meta name=\"twitter:label2\" content=\"Est. tempo de leitura\" \/>\n\t<meta name=\"twitter:data2\" content=\"3 minutos\" \/>\n<script type=\"application\/ld+json\" class=\"yoast-schema-graph\">{\"@context\":\"https:\/\/schema.org\",\"@graph\":[{\"@type\":\"WebPage\",\"@id\":\"https:\/\/www.pmpf.rs.gov.br\/secretaria-de-saude\/2005\/03\/30\/administracao-municipal-da-atencao-especial-para-a-saude-bucal-das-criancas-3935\/\",\"url\":\"https:\/\/www.pmpf.rs.gov.br\/secretaria-de-saude\/2005\/03\/30\/administracao-municipal-da-atencao-especial-para-a-saude-bucal-das-criancas-3935\/\",\"name\":\"Administra\u00e7\u00e3o Municipal d\u00e1 aten\u00e7\u00e3o especial para a sa\u00fade bucal das crian\u00e7as - Secretaria de Sa\u00fade\",\"isPartOf\":{\"@id\":\"https:\/\/www.pmpf.rs.gov.br\/secretaria-de-saude\/#website\"},\"datePublished\":\"2005-03-30T06:00:00+00:00\",\"dateModified\":\"2005-03-30T06:00:00+00:00\",\"author\":{\"@id\":\"https:\/\/www.pmpf.rs.gov.br\/secretaria-de-saude\/#\/schema\/person\/0c355b0fa68a7aa986c8594f7a60a2d7\"},\"breadcrumb\":{\"@id\":\"https:\/\/www.pmpf.rs.gov.br\/secretaria-de-saude\/2005\/03\/30\/administracao-municipal-da-atencao-especial-para-a-saude-bucal-das-criancas-3935\/#breadcrumb\"},\"inLanguage\":\"pt-BR\",\"potentialAction\":[{\"@type\":\"ReadAction\",\"target\":[\"https:\/\/www.pmpf.rs.gov.br\/secretaria-de-saude\/2005\/03\/30\/administracao-municipal-da-atencao-especial-para-a-saude-bucal-das-criancas-3935\/\"]}]},{\"@type\":\"BreadcrumbList\",\"@id\":\"https:\/\/www.pmpf.rs.gov.br\/secretaria-de-saude\/2005\/03\/30\/administracao-municipal-da-atencao-especial-para-a-saude-bucal-das-criancas-3935\/#breadcrumb\",\"itemListElement\":[{\"@type\":\"ListItem\",\"position\":1,\"name\":\"In\u00edcio\",\"item\":\"https:\/\/www.pmpf.rs.gov.br\/secretaria-de-saude\/\"},{\"@type\":\"ListItem\",\"position\":2,\"name\":\"Administra\u00e7\u00e3o Municipal d\u00e1 aten\u00e7\u00e3o especial para a sa\u00fade bucal das crian\u00e7as\"}]},{\"@type\":\"WebSite\",\"@id\":\"https:\/\/www.pmpf.rs.gov.br\/secretaria-de-saude\/#website\",\"url\":\"https:\/\/www.pmpf.rs.gov.br\/secretaria-de-saude\/\",\"name\":\"Secretaria de Sa\u00fade\",\"description\":\"S\u00f3 mais um site Prefeitura de Passo Fundo\",\"potentialAction\":[{\"@type\":\"SearchAction\",\"target\":{\"@type\":\"EntryPoint\",\"urlTemplate\":\"https:\/\/www.pmpf.rs.gov.br\/secretaria-de-saude\/?s={search_term_string}\"},\"query-input\":{\"@type\":\"PropertyValueSpecification\",\"valueRequired\":true,\"valueName\":\"search_term_string\"}}],\"inLanguage\":\"pt-BR\"},{\"@type\":\"Person\",\"@id\":\"https:\/\/www.pmpf.rs.gov.br\/secretaria-de-saude\/#\/schema\/person\/0c355b0fa68a7aa986c8594f7a60a2d7\",\"name\":\"mosite\",\"image\":{\"@type\":\"ImageObject\",\"inLanguage\":\"pt-BR\",\"@id\":\"https:\/\/www.pmpf.rs.gov.br\/secretaria-de-saude\/#\/schema\/person\/image\/\",\"url\":\"https:\/\/secure.gravatar.com\/avatar\/63d72595d6cecfe12bd8a94829d5a26c?s=96&d=mm&r=g\",\"contentUrl\":\"https:\/\/secure.gravatar.com\/avatar\/63d72595d6cecfe12bd8a94829d5a26c?s=96&d=mm&r=g\",\"caption\":\"mosite\"},\"sameAs\":[\"http:\/\/example.com\"],\"url\":\"https:\/\/www.pmpf.rs.gov.br\/secretaria-de-saude\/author\/mosite\/\"}]}<\/script>\n<!-- \/ Yoast SEO plugin. -->","yoast_head_json":{"title":"Administra\u00e7\u00e3o Municipal d\u00e1 aten\u00e7\u00e3o especial para a sa\u00fade bucal das crian\u00e7as - Secretaria de Sa\u00fade","robots":{"index":"index","follow":"follow","max-snippet":"max-snippet:-1","max-image-preview":"max-image-preview:large","max-video-preview":"max-video-preview:-1"},"canonical":"https:\/\/www.pmpf.rs.gov.br\/secretaria-de-saude\/2005\/03\/30\/administracao-municipal-da-atencao-especial-para-a-saude-bucal-das-criancas-3935\/","og_locale":"pt_BR","og_type":"article","og_title":"Administra\u00e7\u00e3o Municipal d\u00e1 aten\u00e7\u00e3o especial para a sa\u00fade bucal das crian\u00e7as - Secretaria de Sa\u00fade","og_description":"Administra\u00e7\u00e3o Municipal d\u00e1 aten\u00e7\u00e3o especial para a sa\u00fade bucal das crian\u00e7as","og_url":"https:\/\/www.pmpf.rs.gov.br\/secretaria-de-saude\/2005\/03\/30\/administracao-municipal-da-atencao-especial-para-a-saude-bucal-das-criancas-3935\/","og_site_name":"Secretaria de Sa\u00fade","article_published_time":"2005-03-30T06:00:00+00:00","og_image":[{"url":"..\/..\/..\/servicos\/geral\/img\/portal\/SMS004.JPG"}],"author":"mosite","twitter_card":"summary_large_image","twitter_misc":{"Escrito por":"mosite","Est. tempo de leitura":"3 minutos"},"schema":{"@context":"https:\/\/schema.org","@graph":[{"@type":"WebPage","@id":"https:\/\/www.pmpf.rs.gov.br\/secretaria-de-saude\/2005\/03\/30\/administracao-municipal-da-atencao-especial-para-a-saude-bucal-das-criancas-3935\/","url":"https:\/\/www.pmpf.rs.gov.br\/secretaria-de-saude\/2005\/03\/30\/administracao-municipal-da-atencao-especial-para-a-saude-bucal-das-criancas-3935\/","name":"Administra\u00e7\u00e3o Municipal d\u00e1 aten\u00e7\u00e3o especial para a sa\u00fade bucal das crian\u00e7as - Secretaria de Sa\u00fade","isPartOf":{"@id":"https:\/\/www.pmpf.rs.gov.br\/secretaria-de-saude\/#website"},"datePublished":"2005-03-30T06:00:00+00:00","dateModified":"2005-03-30T06:00:00+00:00","author":{"@id":"https:\/\/www.pmpf.rs.gov.br\/secretaria-de-saude\/#\/schema\/person\/0c355b0fa68a7aa986c8594f7a60a2d7"},"breadcrumb":{"@id":"https:\/\/www.pmpf.rs.gov.br\/secretaria-de-saude\/2005\/03\/30\/administracao-municipal-da-atencao-especial-para-a-saude-bucal-das-criancas-3935\/#breadcrumb"},"inLanguage":"pt-BR","potentialAction":[{"@type":"ReadAction","target":["https:\/\/www.pmpf.rs.gov.br\/secretaria-de-saude\/2005\/03\/30\/administracao-municipal-da-atencao-especial-para-a-saude-bucal-das-criancas-3935\/"]}]},{"@type":"BreadcrumbList","@id":"https:\/\/www.pmpf.rs.gov.br\/secretaria-de-saude\/2005\/03\/30\/administracao-municipal-da-atencao-especial-para-a-saude-bucal-das-criancas-3935\/#breadcrumb","itemListElement":[{"@type":"ListItem","position":1,"name":"In\u00edcio","item":"https:\/\/www.pmpf.rs.gov.br\/secretaria-de-saude\/"},{"@type":"ListItem","position":2,"name":"Administra\u00e7\u00e3o Municipal d\u00e1 aten\u00e7\u00e3o especial para a sa\u00fade bucal das crian\u00e7as"}]},{"@type":"WebSite","@id":"https:\/\/www.pmpf.rs.gov.br\/secretaria-de-saude\/#website","url":"https:\/\/www.pmpf.rs.gov.br\/secretaria-de-saude\/","name":"Secretaria de Sa\u00fade","description":"S\u00f3 mais um site Prefeitura de Passo Fundo","potentialAction":[{"@type":"SearchAction","target":{"@type":"EntryPoint","urlTemplate":"https:\/\/www.pmpf.rs.gov.br\/secretaria-de-saude\/?s={search_term_string}"},"query-input":{"@type":"PropertyValueSpecification","valueRequired":true,"valueName":"search_term_string"}}],"inLanguage":"pt-BR"},{"@type":"Person","@id":"https:\/\/www.pmpf.rs.gov.br\/secretaria-de-saude\/#\/schema\/person\/0c355b0fa68a7aa986c8594f7a60a2d7","name":"mosite","image":{"@type":"ImageObject","inLanguage":"pt-BR","@id":"https:\/\/www.pmpf.rs.gov.br\/secretaria-de-saude\/#\/schema\/person\/image\/","url":"https:\/\/secure.gravatar.com\/avatar\/63d72595d6cecfe12bd8a94829d5a26c?s=96&d=mm&r=g","contentUrl":"https:\/\/secure.gravatar.com\/avatar\/63d72595d6cecfe12bd8a94829d5a26c?s=96&d=mm&r=g","caption":"mosite"},"sameAs":["http:\/\/example.com"],"url":"https:\/\/www.pmpf.rs.gov.br\/secretaria-de-saude\/author\/mosite\/"}]}},"_links":{"self":[{"href":"https:\/\/www.pmpf.rs.gov.br\/secretaria-de-saude\/wp-json\/wp\/v2\/posts\/677"}],"collection":[{"href":"https:\/\/www.pmpf.rs.gov.br\/secretaria-de-saude\/wp-json\/wp\/v2\/posts"}],"about":[{"href":"https:\/\/www.pmpf.rs.gov.br\/secretaria-de-saude\/wp-json\/wp\/v2\/types\/post"}],"author":[{"embeddable":true,"href":"https:\/\/www.pmpf.rs.gov.br\/secretaria-de-saude\/wp-json\/wp\/v2\/users\/1"}],"replies":[{"embeddable":true,"href":"https:\/\/www.pmpf.rs.gov.br\/secretaria-de-saude\/wp-json\/wp\/v2\/comments?post=677"}],"version-history":[{"count":0,"href":"https:\/\/www.pmpf.rs.gov.br\/secretaria-de-saude\/wp-json\/wp\/v2\/posts\/677\/revisions"}],"wp:attachment":[{"href":"https:\/\/www.pmpf.rs.gov.br\/secretaria-de-saude\/wp-json\/wp\/v2\/media?parent=677"}],"wp:term":[{"taxonomy":"category","embeddable":true,"href":"https:\/\/www.pmpf.rs.gov.br\/secretaria-de-saude\/wp-json\/wp\/v2\/categories?post=677"},{"taxonomy":"post_tag","embeddable":true,"href":"https:\/\/www.pmpf.rs.gov.br\/secretaria-de-saude\/wp-json\/wp\/v2\/tags?post=677"}],"curies":[{"name":"wp","href":"https:\/\/api.w.org\/{rel}","templated":true}]}}