{"id":577,"date":"2005-03-23T03:00:00","date_gmt":"2005-03-23T06:00:00","guid":{"rendered":"https:\/\/www.pmpf.rs.gov.br\/secretaria-de-saude\/2005\/03\/23\/marco-e-o-mes-de-aniversario-do-hemopasso-4975\/"},"modified":"2005-03-23T03:00:00","modified_gmt":"2005-03-23T06:00:00","slug":"marco-e-o-mes-de-aniversario-do-hemopasso-4975","status":"publish","type":"post","link":"https:\/\/www.pmpf.rs.gov.br\/secretaria-de-saude\/2005\/03\/23\/marco-e-o-mes-de-aniversario-do-hemopasso-4975\/","title":{"rendered":"Mar\u00e7o \u00e9 o m\u00eas de anivers\u00e1rio do Hemopasso"},"content":{"rendered":"<p style=\"text-align: justify;\"><span style=\"\">O Hemopasso de Passo Fundo, com abrang\u00eancia regional, atende 129 munic\u00edpios, beneficiando, nesta \u00e1rea, cerca de 59 hospitais, estar\u00e1 completando, no dia 29 de mar\u00e7o deste ano, nove anos de atividades. O Hemopasso tem na sua dire\u00e7\u00e3o Nei Alves, coordenador de uma equipe composta de 58 pessoas entre enfermeiras-padr\u00e3o, bi\u00f3logas, m\u00e9dicos, bioqu\u00edmicos, auxiliares e t\u00e9cnicos de enfermagem. \u00c9 refer\u00eancia nacional, estando em 5\u00ba colocado neste item, em n\u00edvel de pa\u00eds, ficando atr\u00e1s somente de Hemopassos que atendem capitais, como \u00e9 o caso do Rio de Janeiro, Florian\u00f3polis, S\u00e3o Paulo e Minas Gerais. \u201cN\u00f3s estamos desenvolvendo um bom trabalho em prol, principalmente, dos receptores, que \u00e9 nossa maior preocupa\u00e7\u00e3o. Apesar disto, o doador recebe aten\u00e7\u00e3o especial que vai desde a sua alimenta\u00e7\u00e3o antes de doar o sangue, at\u00e9 ap\u00f3s o gesto, oportunidade em que tamb\u00e9m recebe aten\u00e7\u00e3o com rela\u00e7\u00e3o \u00e0 alimenta\u00e7\u00e3o e aos exames que se faz com o sangue doado. S\u00e3o estes cuidados, aliados a outros v\u00e1rios fatores, que nos colocaram nesta condi\u00e7\u00e3o em rela\u00e7\u00e3o aos demais Hemopassos do pa\u00eds\u201d, ressalta Alves. Uma das preocupa\u00e7\u00f5es diz respeito ao n\u00famero dos chamados \u201cdoadores espont\u00e2neos\u201d. Segundo dados, na atualidade, em n\u00edvel mundial, este n\u00famero chega a um m\u00ednimo de 2%, quando o ideal seria 5% por cento. Em Passo Fundo, quando a nova Administra\u00e7\u00e3o assumiu o Executivo, o munic\u00edpio registrava uma m\u00e9dia entre 17 e 18% de doadores. Ap\u00f3s um trabalho intenso da atual dire\u00e7\u00e3o, este n\u00famero est\u00e1 atingindo os 50%. \u201c Toda a estrutura do Hemopasso \u00e9 mantida por recursos federais provenientes do Feps. Hoje, atendemos a doa\u00e7\u00e3o do sangue, os hemof\u00edlicos e mantemos cadastro para as pessoas que tencionam fazer a doa\u00e7\u00e3o de medula \u00f3ssea\u201d, enfatiza o diretor do Hemopasso. O Hemopasso tem uma estrutura externa com duas viaturas: uma camioneta Van e um \u00f4nibus, o \u201cVampir\u00e3o\u201d, que atende a coleta de sangue em toda a Regi\u00e3o.  \u201cTem uma verba, que o prefeito assinou a sua libera\u00e7\u00e3o na semana passada, de R$ 162 mil, tamb\u00e9m proveniente do Feps, que estava parada desde 2003. Em fun\u00e7\u00e3o disto, tivemos que providenciar a sua libera\u00e7\u00e3o, com urg\u00eancia,  evitando que tais recursos voltassem para o Minist\u00e9rio da Sa\u00fade. Com esta verba, e com outra que est\u00e1 para ser repassada, n\u00f3s teremos um total de R$ 2 milh\u00f5es somente para as reformas do pr\u00e9dio do Hemopasso, que est\u00e1 em p\u00e9ssimas condi\u00e7\u00f5es para bem atender a popula\u00e7\u00e3o\u201d, cita Alves. Com esta recupera\u00e7\u00e3o do Hemopasso, as coletas de sangue mensais, que hoje est\u00e3o em torno de 1.600, dever\u00e3o dobrar e, segundo as previs\u00f5es, at\u00e9 junho deste ano as reformas dever\u00e3o estar conclu\u00eddas na sua totalidade. \u201cEu espero, sinceramente, que o nosso trabalho reflita no aumento da coleta de sangue. H\u00e1 que se levar em conta, de que a doa\u00e7\u00e3o continuada \u00e9 necess\u00e1ria, porque o sangue, e seus derivados, t\u00eam um prazo de validade para o seu uso. Mas quero lembrar a popula\u00e7\u00e3o da import\u00e2ncia da doa\u00e7\u00e3o, dizendo o seguinte: um doador salva tr\u00eas vidas. Ent\u00e3o, por a\u00ed, se pode ver a import\u00e2ncia de se doar sangue!\u201d, alerta o diretor Nei Alves. No dia 29, dia do anivers\u00e1rio do Hemopasso, o funcionamento acontecer\u00e1 at\u00e9 \u00e0s 16h30 min. Ap\u00f3s este hor\u00e1rio, os funcion\u00e1rios participar\u00e3o, com alguns convidados especiais, de uma confraterniza\u00e7\u00e3o.<\/span><\/p>\n","protected":false},"excerpt":{"rendered":"<p>Mar\u00e7o \u00e9 o m\u00eas de anivers\u00e1rio do Hemopasso<\/p>\n","protected":false},"author":1,"featured_media":0,"comment_status":"open","ping_status":"open","sticky":false,"template":"","format":"standard","meta":{"footnotes":""},"categories":[],"tags":[],"class_list":["post-577","post","type-post","status-publish","format-standard","hentry"],"yoast_head":"<!-- This site is optimized with the Yoast SEO plugin v23.8 - https:\/\/yoast.com\/wordpress\/plugins\/seo\/ -->\n<title>Mar\u00e7o \u00e9 o m\u00eas de anivers\u00e1rio do Hemopasso - Secretaria de Sa\u00fade<\/title>\n<meta name=\"robots\" content=\"index, follow, max-snippet:-1, max-image-preview:large, max-video-preview:-1\" \/>\n<link rel=\"canonical\" href=\"https:\/\/www.pmpf.rs.gov.br\/secretaria-de-saude\/2005\/03\/23\/marco-e-o-mes-de-aniversario-do-hemopasso-4975\/\" \/>\n<meta property=\"og:locale\" content=\"pt_BR\" \/>\n<meta property=\"og:type\" content=\"article\" \/>\n<meta property=\"og:title\" content=\"Mar\u00e7o \u00e9 o m\u00eas de anivers\u00e1rio do Hemopasso - Secretaria de Sa\u00fade\" \/>\n<meta property=\"og:description\" content=\"Mar\u00e7o \u00e9 o m\u00eas de anivers\u00e1rio do Hemopasso\" \/>\n<meta property=\"og:url\" content=\"https:\/\/www.pmpf.rs.gov.br\/secretaria-de-saude\/2005\/03\/23\/marco-e-o-mes-de-aniversario-do-hemopasso-4975\/\" \/>\n<meta property=\"og:site_name\" content=\"Secretaria de Sa\u00fade\" \/>\n<meta property=\"article:published_time\" content=\"2005-03-23T06:00:00+00:00\" \/>\n<meta name=\"author\" content=\"mosite\" \/>\n<meta name=\"twitter:card\" content=\"summary_large_image\" \/>\n<meta name=\"twitter:label1\" content=\"Escrito por\" \/>\n\t<meta name=\"twitter:data1\" content=\"mosite\" \/>\n\t<meta name=\"twitter:label2\" content=\"Est. tempo de leitura\" \/>\n\t<meta name=\"twitter:data2\" content=\"3 minutos\" \/>\n<script type=\"application\/ld+json\" class=\"yoast-schema-graph\">{\"@context\":\"https:\/\/schema.org\",\"@graph\":[{\"@type\":\"WebPage\",\"@id\":\"https:\/\/www.pmpf.rs.gov.br\/secretaria-de-saude\/2005\/03\/23\/marco-e-o-mes-de-aniversario-do-hemopasso-4975\/\",\"url\":\"https:\/\/www.pmpf.rs.gov.br\/secretaria-de-saude\/2005\/03\/23\/marco-e-o-mes-de-aniversario-do-hemopasso-4975\/\",\"name\":\"Mar\u00e7o \u00e9 o m\u00eas de anivers\u00e1rio do Hemopasso - Secretaria de Sa\u00fade\",\"isPartOf\":{\"@id\":\"https:\/\/www.pmpf.rs.gov.br\/secretaria-de-saude\/#website\"},\"datePublished\":\"2005-03-23T06:00:00+00:00\",\"dateModified\":\"2005-03-23T06:00:00+00:00\",\"author\":{\"@id\":\"https:\/\/www.pmpf.rs.gov.br\/secretaria-de-saude\/#\/schema\/person\/0c355b0fa68a7aa986c8594f7a60a2d7\"},\"breadcrumb\":{\"@id\":\"https:\/\/www.pmpf.rs.gov.br\/secretaria-de-saude\/2005\/03\/23\/marco-e-o-mes-de-aniversario-do-hemopasso-4975\/#breadcrumb\"},\"inLanguage\":\"pt-BR\",\"potentialAction\":[{\"@type\":\"ReadAction\",\"target\":[\"https:\/\/www.pmpf.rs.gov.br\/secretaria-de-saude\/2005\/03\/23\/marco-e-o-mes-de-aniversario-do-hemopasso-4975\/\"]}]},{\"@type\":\"BreadcrumbList\",\"@id\":\"https:\/\/www.pmpf.rs.gov.br\/secretaria-de-saude\/2005\/03\/23\/marco-e-o-mes-de-aniversario-do-hemopasso-4975\/#breadcrumb\",\"itemListElement\":[{\"@type\":\"ListItem\",\"position\":1,\"name\":\"In\u00edcio\",\"item\":\"https:\/\/www.pmpf.rs.gov.br\/secretaria-de-saude\/\"},{\"@type\":\"ListItem\",\"position\":2,\"name\":\"Mar\u00e7o \u00e9 o m\u00eas de anivers\u00e1rio do Hemopasso\"}]},{\"@type\":\"WebSite\",\"@id\":\"https:\/\/www.pmpf.rs.gov.br\/secretaria-de-saude\/#website\",\"url\":\"https:\/\/www.pmpf.rs.gov.br\/secretaria-de-saude\/\",\"name\":\"Secretaria de Sa\u00fade\",\"description\":\"S\u00f3 mais um site Prefeitura de Passo Fundo\",\"potentialAction\":[{\"@type\":\"SearchAction\",\"target\":{\"@type\":\"EntryPoint\",\"urlTemplate\":\"https:\/\/www.pmpf.rs.gov.br\/secretaria-de-saude\/?s={search_term_string}\"},\"query-input\":{\"@type\":\"PropertyValueSpecification\",\"valueRequired\":true,\"valueName\":\"search_term_string\"}}],\"inLanguage\":\"pt-BR\"},{\"@type\":\"Person\",\"@id\":\"https:\/\/www.pmpf.rs.gov.br\/secretaria-de-saude\/#\/schema\/person\/0c355b0fa68a7aa986c8594f7a60a2d7\",\"name\":\"mosite\",\"image\":{\"@type\":\"ImageObject\",\"inLanguage\":\"pt-BR\",\"@id\":\"https:\/\/www.pmpf.rs.gov.br\/secretaria-de-saude\/#\/schema\/person\/image\/\",\"url\":\"https:\/\/secure.gravatar.com\/avatar\/63d72595d6cecfe12bd8a94829d5a26c?s=96&d=mm&r=g\",\"contentUrl\":\"https:\/\/secure.gravatar.com\/avatar\/63d72595d6cecfe12bd8a94829d5a26c?s=96&d=mm&r=g\",\"caption\":\"mosite\"},\"sameAs\":[\"http:\/\/example.com\"],\"url\":\"https:\/\/www.pmpf.rs.gov.br\/secretaria-de-saude\/author\/mosite\/\"}]}<\/script>\n<!-- \/ Yoast SEO plugin. -->","yoast_head_json":{"title":"Mar\u00e7o \u00e9 o m\u00eas de anivers\u00e1rio do Hemopasso - Secretaria de Sa\u00fade","robots":{"index":"index","follow":"follow","max-snippet":"max-snippet:-1","max-image-preview":"max-image-preview:large","max-video-preview":"max-video-preview:-1"},"canonical":"https:\/\/www.pmpf.rs.gov.br\/secretaria-de-saude\/2005\/03\/23\/marco-e-o-mes-de-aniversario-do-hemopasso-4975\/","og_locale":"pt_BR","og_type":"article","og_title":"Mar\u00e7o \u00e9 o m\u00eas de anivers\u00e1rio do Hemopasso - Secretaria de Sa\u00fade","og_description":"Mar\u00e7o \u00e9 o m\u00eas de anivers\u00e1rio do Hemopasso","og_url":"https:\/\/www.pmpf.rs.gov.br\/secretaria-de-saude\/2005\/03\/23\/marco-e-o-mes-de-aniversario-do-hemopasso-4975\/","og_site_name":"Secretaria de Sa\u00fade","article_published_time":"2005-03-23T06:00:00+00:00","author":"mosite","twitter_card":"summary_large_image","twitter_misc":{"Escrito por":"mosite","Est. tempo de leitura":"3 minutos"},"schema":{"@context":"https:\/\/schema.org","@graph":[{"@type":"WebPage","@id":"https:\/\/www.pmpf.rs.gov.br\/secretaria-de-saude\/2005\/03\/23\/marco-e-o-mes-de-aniversario-do-hemopasso-4975\/","url":"https:\/\/www.pmpf.rs.gov.br\/secretaria-de-saude\/2005\/03\/23\/marco-e-o-mes-de-aniversario-do-hemopasso-4975\/","name":"Mar\u00e7o \u00e9 o m\u00eas de anivers\u00e1rio do Hemopasso - Secretaria de Sa\u00fade","isPartOf":{"@id":"https:\/\/www.pmpf.rs.gov.br\/secretaria-de-saude\/#website"},"datePublished":"2005-03-23T06:00:00+00:00","dateModified":"2005-03-23T06:00:00+00:00","author":{"@id":"https:\/\/www.pmpf.rs.gov.br\/secretaria-de-saude\/#\/schema\/person\/0c355b0fa68a7aa986c8594f7a60a2d7"},"breadcrumb":{"@id":"https:\/\/www.pmpf.rs.gov.br\/secretaria-de-saude\/2005\/03\/23\/marco-e-o-mes-de-aniversario-do-hemopasso-4975\/#breadcrumb"},"inLanguage":"pt-BR","potentialAction":[{"@type":"ReadAction","target":["https:\/\/www.pmpf.rs.gov.br\/secretaria-de-saude\/2005\/03\/23\/marco-e-o-mes-de-aniversario-do-hemopasso-4975\/"]}]},{"@type":"BreadcrumbList","@id":"https:\/\/www.pmpf.rs.gov.br\/secretaria-de-saude\/2005\/03\/23\/marco-e-o-mes-de-aniversario-do-hemopasso-4975\/#breadcrumb","itemListElement":[{"@type":"ListItem","position":1,"name":"In\u00edcio","item":"https:\/\/www.pmpf.rs.gov.br\/secretaria-de-saude\/"},{"@type":"ListItem","position":2,"name":"Mar\u00e7o \u00e9 o m\u00eas de anivers\u00e1rio do Hemopasso"}]},{"@type":"WebSite","@id":"https:\/\/www.pmpf.rs.gov.br\/secretaria-de-saude\/#website","url":"https:\/\/www.pmpf.rs.gov.br\/secretaria-de-saude\/","name":"Secretaria de Sa\u00fade","description":"S\u00f3 mais um site Prefeitura de Passo Fundo","potentialAction":[{"@type":"SearchAction","target":{"@type":"EntryPoint","urlTemplate":"https:\/\/www.pmpf.rs.gov.br\/secretaria-de-saude\/?s={search_term_string}"},"query-input":{"@type":"PropertyValueSpecification","valueRequired":true,"valueName":"search_term_string"}}],"inLanguage":"pt-BR"},{"@type":"Person","@id":"https:\/\/www.pmpf.rs.gov.br\/secretaria-de-saude\/#\/schema\/person\/0c355b0fa68a7aa986c8594f7a60a2d7","name":"mosite","image":{"@type":"ImageObject","inLanguage":"pt-BR","@id":"https:\/\/www.pmpf.rs.gov.br\/secretaria-de-saude\/#\/schema\/person\/image\/","url":"https:\/\/secure.gravatar.com\/avatar\/63d72595d6cecfe12bd8a94829d5a26c?s=96&d=mm&r=g","contentUrl":"https:\/\/secure.gravatar.com\/avatar\/63d72595d6cecfe12bd8a94829d5a26c?s=96&d=mm&r=g","caption":"mosite"},"sameAs":["http:\/\/example.com"],"url":"https:\/\/www.pmpf.rs.gov.br\/secretaria-de-saude\/author\/mosite\/"}]}},"_links":{"self":[{"href":"https:\/\/www.pmpf.rs.gov.br\/secretaria-de-saude\/wp-json\/wp\/v2\/posts\/577"}],"collection":[{"href":"https:\/\/www.pmpf.rs.gov.br\/secretaria-de-saude\/wp-json\/wp\/v2\/posts"}],"about":[{"href":"https:\/\/www.pmpf.rs.gov.br\/secretaria-de-saude\/wp-json\/wp\/v2\/types\/post"}],"author":[{"embeddable":true,"href":"https:\/\/www.pmpf.rs.gov.br\/secretaria-de-saude\/wp-json\/wp\/v2\/users\/1"}],"replies":[{"embeddable":true,"href":"https:\/\/www.pmpf.rs.gov.br\/secretaria-de-saude\/wp-json\/wp\/v2\/comments?post=577"}],"version-history":[{"count":0,"href":"https:\/\/www.pmpf.rs.gov.br\/secretaria-de-saude\/wp-json\/wp\/v2\/posts\/577\/revisions"}],"wp:attachment":[{"href":"https:\/\/www.pmpf.rs.gov.br\/secretaria-de-saude\/wp-json\/wp\/v2\/media?parent=577"}],"wp:term":[{"taxonomy":"category","embeddable":true,"href":"https:\/\/www.pmpf.rs.gov.br\/secretaria-de-saude\/wp-json\/wp\/v2\/categories?post=577"},{"taxonomy":"post_tag","embeddable":true,"href":"https:\/\/www.pmpf.rs.gov.br\/secretaria-de-saude\/wp-json\/wp\/v2\/tags?post=577"}],"curies":[{"name":"wp","href":"https:\/\/api.w.org\/{rel}","templated":true}]}}