{"id":5020,"date":"2026-03-16T10:39:40","date_gmt":"2026-03-16T13:39:40","guid":{"rendered":"https:\/\/www.pmpf.rs.gov.br\/secretaria-de-saude\/?p=5020"},"modified":"2026-03-16T10:39:41","modified_gmt":"2026-03-16T13:39:41","slug":"prefeito-pedro-almeida-autoriza-a-ampliacao-de-equipes-do-samu","status":"publish","type":"post","link":"https:\/\/www.pmpf.rs.gov.br\/secretaria-de-saude\/2026\/03\/16\/prefeito-pedro-almeida-autoriza-a-ampliacao-de-equipes-do-samu\/","title":{"rendered":"Prefeito Pedro Almeida autoriza a amplia\u00e7\u00e3o de equipes do SAMU"},"content":{"rendered":"\n<p><\/p>\n\n\n\n<p>O prefeito de Pedro Almeida autorizou a contrata\u00e7\u00e3o de novos profissionais para o Servi\u00e7o de Atendimento M\u00f3vel de Urg\u00eancia (SAMU). O refor\u00e7o nas equipes integra um Projeto de Lei encaminhado \u00e0 C\u00e2mara de Vereadores no fim de fevereiro e permitir\u00e1 que o munic\u00edpio conte com duas ambul\u00e2ncias de suporte b\u00e1sico e uma de suporte avan\u00e7ado operando simultaneamente, durante 24 horas.<\/p>\n\n\n\n<p>A proposta prev\u00ea a contrata\u00e7\u00e3o de m\u00e9dicos, enfermeiros, t\u00e9cnicos em enfermagem e condutores socorristas. Com a amplia\u00e7\u00e3o das equipes, o servi\u00e7o poder\u00e1 aumentar a capacidade de atendimento e manter respostas r\u00e1pidas, especialmente, em ocorr\u00eancias de maior gravidade.<\/p>\n\n\n\n<p>O prefeito destaca que a qualifica\u00e7\u00e3o permanente do servi\u00e7o \u00e9 uma prioridade da gest\u00e3o. \u201cTemos conquistas importantes, como as novas ambul\u00e2ncias, incluindo a Unidade de Suporte Avan\u00e7ado, e a Regula\u00e7\u00e3o Compartilhada com o Estado. Agora, precisamos ampliar as equipes para que os atendimentos sejam cada vez mais \u00e1geis e eficientes \u00e0 comunidade\u201d, afirmou.<\/p>\n\n\n\n<p>De acordo com o secret\u00e1rio de Sa\u00fade, Diego Teixeira de Farias, atualmente, o SAMU opera com uma equipe de suporte b\u00e1sico e uma equipe de suporte avan\u00e7ado ao mesmo tempo. \u201cCom o refor\u00e7o de profissionais, o munic\u00edpio passar\u00e1 a contar com mais uma equipe de suporte b\u00e1sico. Assim, teremos tr\u00eas equipes atuando de forma ininterrupta, ampliando a nossa capacidade de resposta\u201d, explicou.<\/p>\n\n\n\n<p>Qualifica\u00e7\u00e3o do SAMU<br>A Unidade de Suporte Avan\u00e7ado foi implantada em 2025 ap\u00f3s a aprova\u00e7\u00e3o de Passo Fundo no Sistema de Apoio \u00e0 Implementa\u00e7\u00e3o de Pol\u00edticas em Sa\u00fade (SAIPS), do Minist\u00e9rio da Sa\u00fade. Com estrutura semelhante \u00e0 de uma UTI m\u00f3vel e equipe multiprofissional especializada, a ambul\u00e2ncia foi entregue ao munic\u00edpio em maio do ano passado, junto com outras duas de suporte b\u00e1sico adquiridas pela Prefeitura.<\/p>\n\n\n\n<p>O diferencial do SAMU Avan\u00e7ado \u00e9 o atendimento de casos mais complexos ainda no local da ocorr\u00eancia. Com m\u00e9dicos e equipamentos de suporte intensivo, \u00e9 poss\u00edvel iniciar procedimentos de maior complexidade antes do transporte at\u00e9 o hospital.<\/p>\n\n\n\n<p>A implanta\u00e7\u00e3o do servi\u00e7o tamb\u00e9m foi fundamental para que o munic\u00edpio conquistasse a regula\u00e7\u00e3o compartilhada com o Governo do Estado do Rio Grande do Sul. Desde janeiro deste ano, os chamados feitos pelo 192 em Passo Fundo s\u00e3o atendidos, de segunda a sexta-feira, das 7h \u00e0s 19h, por um m\u00e9dico regulador local \u2014 fun\u00e7\u00e3o que antes era realizada apenas pela central estadual. Nos demais hor\u00e1rios e aos fins de semana, o atendimento segue regulado pelo Estado.<\/p>\n\n\n\n<p>A coordenadora do SAMU Passo Fundo, Juliana Tessaro, enfatiza a import\u00e2ncia dos investimentos para o dia a dia do servi\u00e7o. \u201cEsses avan\u00e7os trazem condi\u00e7\u00f5es de trabalho aos profissionais e uma assist\u00eancia qualificada para a popula\u00e7\u00e3o, n\u00e3o deixando ningu\u00e9m desassistido, ningu\u00e9m esperando. Investir no SAMU \u00e9 investir diretamente em salvar vidas. E tudo isso demonstra o compromisso da gest\u00e3o municipal com a sa\u00fade e a nossa comunidade\u201d.<\/p>\n","protected":false},"excerpt":{"rendered":"<p>Projeto encaminhado \u00e0 C\u00e2mara de Vereadores prev\u00ea a contrata\u00e7\u00e3o de profissionais para o suporte b\u00e1sico e avan\u00e7ado, ampliando a capacidade de resposta em urg\u00eancias e emerg\u00eancias<\/p>\n","protected":false},"author":24,"featured_media":5021,"comment_status":"closed","ping_status":"closed","sticky":false,"template":"","format":"standard","meta":{"footnotes":""},"categories":[1],"tags":[],"class_list":["post-5020","post","type-post","status-publish","format-standard","has-post-thumbnail","hentry","category-sem-categoria"],"yoast_head":"<!-- This site is optimized with the Yoast SEO plugin v23.8 - https:\/\/yoast.com\/wordpress\/plugins\/seo\/ -->\n<title>Prefeito Pedro Almeida autoriza a amplia\u00e7\u00e3o de equipes do SAMU - Secretaria de Sa\u00fade<\/title>\n<meta name=\"robots\" content=\"index, follow, max-snippet:-1, max-image-preview:large, max-video-preview:-1\" \/>\n<link rel=\"canonical\" href=\"https:\/\/www.pmpf.rs.gov.br\/secretaria-de-saude\/2026\/03\/16\/prefeito-pedro-almeida-autoriza-a-ampliacao-de-equipes-do-samu\/\" \/>\n<meta property=\"og:locale\" content=\"pt_BR\" \/>\n<meta property=\"og:type\" content=\"article\" \/>\n<meta property=\"og:title\" content=\"Prefeito Pedro Almeida autoriza a amplia\u00e7\u00e3o de equipes do SAMU - Secretaria de Sa\u00fade\" \/>\n<meta property=\"og:description\" content=\"Projeto encaminhado \u00e0 C\u00e2mara de Vereadores prev\u00ea a contrata\u00e7\u00e3o de profissionais para o suporte b\u00e1sico e avan\u00e7ado, ampliando a capacidade de resposta em urg\u00eancias e emerg\u00eancias\" \/>\n<meta property=\"og:url\" content=\"https:\/\/www.pmpf.rs.gov.br\/secretaria-de-saude\/2026\/03\/16\/prefeito-pedro-almeida-autoriza-a-ampliacao-de-equipes-do-samu\/\" \/>\n<meta property=\"og:site_name\" content=\"Secretaria de Sa\u00fade\" \/>\n<meta property=\"article:published_time\" content=\"2026-03-16T13:39:40+00:00\" \/>\n<meta property=\"article:modified_time\" content=\"2026-03-16T13:39:41+00:00\" \/>\n<meta name=\"author\" content=\"lilicrivello\" \/>\n<meta name=\"twitter:card\" content=\"summary_large_image\" \/>\n<meta name=\"twitter:label1\" content=\"Escrito por\" \/>\n\t<meta name=\"twitter:data1\" content=\"lilicrivello\" \/>\n\t<meta name=\"twitter:label2\" content=\"Est. tempo de leitura\" \/>\n\t<meta name=\"twitter:data2\" content=\"3 minutos\" \/>\n<script type=\"application\/ld+json\" class=\"yoast-schema-graph\">{\"@context\":\"https:\/\/schema.org\",\"@graph\":[{\"@type\":\"WebPage\",\"@id\":\"https:\/\/www.pmpf.rs.gov.br\/secretaria-de-saude\/2026\/03\/16\/prefeito-pedro-almeida-autoriza-a-ampliacao-de-equipes-do-samu\/\",\"url\":\"https:\/\/www.pmpf.rs.gov.br\/secretaria-de-saude\/2026\/03\/16\/prefeito-pedro-almeida-autoriza-a-ampliacao-de-equipes-do-samu\/\",\"name\":\"Prefeito Pedro Almeida autoriza a amplia\u00e7\u00e3o de equipes do SAMU - Secretaria de Sa\u00fade\",\"isPartOf\":{\"@id\":\"https:\/\/www.pmpf.rs.gov.br\/secretaria-de-saude\/#website\"},\"primaryImageOfPage\":{\"@id\":\"https:\/\/www.pmpf.rs.gov.br\/secretaria-de-saude\/2026\/03\/16\/prefeito-pedro-almeida-autoriza-a-ampliacao-de-equipes-do-samu\/#primaryimage\"},\"image\":{\"@id\":\"https:\/\/www.pmpf.rs.gov.br\/secretaria-de-saude\/2026\/03\/16\/prefeito-pedro-almeida-autoriza-a-ampliacao-de-equipes-do-samu\/#primaryimage\"},\"thumbnailUrl\":\"https:\/\/www.pmpf.rs.gov.br\/secretaria-de-saude\/wp-content\/uploads\/sites\/50\/2026\/03\/WhatsApp-Image-2026-03-16-at-08.46.03.jpeg\",\"datePublished\":\"2026-03-16T13:39:40+00:00\",\"dateModified\":\"2026-03-16T13:39:41+00:00\",\"author\":{\"@id\":\"https:\/\/www.pmpf.rs.gov.br\/secretaria-de-saude\/#\/schema\/person\/6e93b0ab2174b69f691ac4f278ba2d0a\"},\"breadcrumb\":{\"@id\":\"https:\/\/www.pmpf.rs.gov.br\/secretaria-de-saude\/2026\/03\/16\/prefeito-pedro-almeida-autoriza-a-ampliacao-de-equipes-do-samu\/#breadcrumb\"},\"inLanguage\":\"pt-BR\",\"potentialAction\":[{\"@type\":\"ReadAction\",\"target\":[\"https:\/\/www.pmpf.rs.gov.br\/secretaria-de-saude\/2026\/03\/16\/prefeito-pedro-almeida-autoriza-a-ampliacao-de-equipes-do-samu\/\"]}]},{\"@type\":\"ImageObject\",\"inLanguage\":\"pt-BR\",\"@id\":\"https:\/\/www.pmpf.rs.gov.br\/secretaria-de-saude\/2026\/03\/16\/prefeito-pedro-almeida-autoriza-a-ampliacao-de-equipes-do-samu\/#primaryimage\",\"url\":\"https:\/\/www.pmpf.rs.gov.br\/secretaria-de-saude\/wp-content\/uploads\/sites\/50\/2026\/03\/WhatsApp-Image-2026-03-16-at-08.46.03.jpeg\",\"contentUrl\":\"https:\/\/www.pmpf.rs.gov.br\/secretaria-de-saude\/wp-content\/uploads\/sites\/50\/2026\/03\/WhatsApp-Image-2026-03-16-at-08.46.03.jpeg\",\"width\":2560,\"height\":1706},{\"@type\":\"BreadcrumbList\",\"@id\":\"https:\/\/www.pmpf.rs.gov.br\/secretaria-de-saude\/2026\/03\/16\/prefeito-pedro-almeida-autoriza-a-ampliacao-de-equipes-do-samu\/#breadcrumb\",\"itemListElement\":[{\"@type\":\"ListItem\",\"position\":1,\"name\":\"In\u00edcio\",\"item\":\"https:\/\/www.pmpf.rs.gov.br\/secretaria-de-saude\/\"},{\"@type\":\"ListItem\",\"position\":2,\"name\":\"Prefeito Pedro Almeida autoriza a amplia\u00e7\u00e3o de equipes do SAMU\"}]},{\"@type\":\"WebSite\",\"@id\":\"https:\/\/www.pmpf.rs.gov.br\/secretaria-de-saude\/#website\",\"url\":\"https:\/\/www.pmpf.rs.gov.br\/secretaria-de-saude\/\",\"name\":\"Secretaria de Sa\u00fade\",\"description\":\"S\u00f3 mais um site Prefeitura de Passo Fundo\",\"potentialAction\":[{\"@type\":\"SearchAction\",\"target\":{\"@type\":\"EntryPoint\",\"urlTemplate\":\"https:\/\/www.pmpf.rs.gov.br\/secretaria-de-saude\/?s={search_term_string}\"},\"query-input\":{\"@type\":\"PropertyValueSpecification\",\"valueRequired\":true,\"valueName\":\"search_term_string\"}}],\"inLanguage\":\"pt-BR\"},{\"@type\":\"Person\",\"@id\":\"https:\/\/www.pmpf.rs.gov.br\/secretaria-de-saude\/#\/schema\/person\/6e93b0ab2174b69f691ac4f278ba2d0a\",\"name\":\"lilicrivello\",\"image\":{\"@type\":\"ImageObject\",\"inLanguage\":\"pt-BR\",\"@id\":\"https:\/\/www.pmpf.rs.gov.br\/secretaria-de-saude\/#\/schema\/person\/image\/\",\"url\":\"https:\/\/secure.gravatar.com\/avatar\/0b546b667388f8edb7b67d70a57b5e46?s=96&d=mm&r=g\",\"contentUrl\":\"https:\/\/secure.gravatar.com\/avatar\/0b546b667388f8edb7b67d70a57b5e46?s=96&d=mm&r=g\",\"caption\":\"lilicrivello\"},\"url\":\"https:\/\/www.pmpf.rs.gov.br\/secretaria-de-saude\/author\/lilicrivello\/\"}]}<\/script>\n<!-- \/ Yoast SEO plugin. -->","yoast_head_json":{"title":"Prefeito Pedro Almeida autoriza a amplia\u00e7\u00e3o de equipes do SAMU - Secretaria de Sa\u00fade","robots":{"index":"index","follow":"follow","max-snippet":"max-snippet:-1","max-image-preview":"max-image-preview:large","max-video-preview":"max-video-preview:-1"},"canonical":"https:\/\/www.pmpf.rs.gov.br\/secretaria-de-saude\/2026\/03\/16\/prefeito-pedro-almeida-autoriza-a-ampliacao-de-equipes-do-samu\/","og_locale":"pt_BR","og_type":"article","og_title":"Prefeito Pedro Almeida autoriza a amplia\u00e7\u00e3o de equipes do SAMU - Secretaria de Sa\u00fade","og_description":"Projeto encaminhado \u00e0 C\u00e2mara de Vereadores prev\u00ea a contrata\u00e7\u00e3o de profissionais para o suporte b\u00e1sico e avan\u00e7ado, ampliando a capacidade de resposta em urg\u00eancias e emerg\u00eancias","og_url":"https:\/\/www.pmpf.rs.gov.br\/secretaria-de-saude\/2026\/03\/16\/prefeito-pedro-almeida-autoriza-a-ampliacao-de-equipes-do-samu\/","og_site_name":"Secretaria de Sa\u00fade","article_published_time":"2026-03-16T13:39:40+00:00","article_modified_time":"2026-03-16T13:39:41+00:00","author":"lilicrivello","twitter_card":"summary_large_image","twitter_misc":{"Escrito por":"lilicrivello","Est. tempo de leitura":"3 minutos"},"schema":{"@context":"https:\/\/schema.org","@graph":[{"@type":"WebPage","@id":"https:\/\/www.pmpf.rs.gov.br\/secretaria-de-saude\/2026\/03\/16\/prefeito-pedro-almeida-autoriza-a-ampliacao-de-equipes-do-samu\/","url":"https:\/\/www.pmpf.rs.gov.br\/secretaria-de-saude\/2026\/03\/16\/prefeito-pedro-almeida-autoriza-a-ampliacao-de-equipes-do-samu\/","name":"Prefeito Pedro Almeida autoriza a amplia\u00e7\u00e3o de equipes do SAMU - Secretaria de Sa\u00fade","isPartOf":{"@id":"https:\/\/www.pmpf.rs.gov.br\/secretaria-de-saude\/#website"},"primaryImageOfPage":{"@id":"https:\/\/www.pmpf.rs.gov.br\/secretaria-de-saude\/2026\/03\/16\/prefeito-pedro-almeida-autoriza-a-ampliacao-de-equipes-do-samu\/#primaryimage"},"image":{"@id":"https:\/\/www.pmpf.rs.gov.br\/secretaria-de-saude\/2026\/03\/16\/prefeito-pedro-almeida-autoriza-a-ampliacao-de-equipes-do-samu\/#primaryimage"},"thumbnailUrl":"https:\/\/www.pmpf.rs.gov.br\/secretaria-de-saude\/wp-content\/uploads\/sites\/50\/2026\/03\/WhatsApp-Image-2026-03-16-at-08.46.03.jpeg","datePublished":"2026-03-16T13:39:40+00:00","dateModified":"2026-03-16T13:39:41+00:00","author":{"@id":"https:\/\/www.pmpf.rs.gov.br\/secretaria-de-saude\/#\/schema\/person\/6e93b0ab2174b69f691ac4f278ba2d0a"},"breadcrumb":{"@id":"https:\/\/www.pmpf.rs.gov.br\/secretaria-de-saude\/2026\/03\/16\/prefeito-pedro-almeida-autoriza-a-ampliacao-de-equipes-do-samu\/#breadcrumb"},"inLanguage":"pt-BR","potentialAction":[{"@type":"ReadAction","target":["https:\/\/www.pmpf.rs.gov.br\/secretaria-de-saude\/2026\/03\/16\/prefeito-pedro-almeida-autoriza-a-ampliacao-de-equipes-do-samu\/"]}]},{"@type":"ImageObject","inLanguage":"pt-BR","@id":"https:\/\/www.pmpf.rs.gov.br\/secretaria-de-saude\/2026\/03\/16\/prefeito-pedro-almeida-autoriza-a-ampliacao-de-equipes-do-samu\/#primaryimage","url":"https:\/\/www.pmpf.rs.gov.br\/secretaria-de-saude\/wp-content\/uploads\/sites\/50\/2026\/03\/WhatsApp-Image-2026-03-16-at-08.46.03.jpeg","contentUrl":"https:\/\/www.pmpf.rs.gov.br\/secretaria-de-saude\/wp-content\/uploads\/sites\/50\/2026\/03\/WhatsApp-Image-2026-03-16-at-08.46.03.jpeg","width":2560,"height":1706},{"@type":"BreadcrumbList","@id":"https:\/\/www.pmpf.rs.gov.br\/secretaria-de-saude\/2026\/03\/16\/prefeito-pedro-almeida-autoriza-a-ampliacao-de-equipes-do-samu\/#breadcrumb","itemListElement":[{"@type":"ListItem","position":1,"name":"In\u00edcio","item":"https:\/\/www.pmpf.rs.gov.br\/secretaria-de-saude\/"},{"@type":"ListItem","position":2,"name":"Prefeito Pedro Almeida autoriza a amplia\u00e7\u00e3o de equipes do SAMU"}]},{"@type":"WebSite","@id":"https:\/\/www.pmpf.rs.gov.br\/secretaria-de-saude\/#website","url":"https:\/\/www.pmpf.rs.gov.br\/secretaria-de-saude\/","name":"Secretaria de Sa\u00fade","description":"S\u00f3 mais um site Prefeitura de Passo Fundo","potentialAction":[{"@type":"SearchAction","target":{"@type":"EntryPoint","urlTemplate":"https:\/\/www.pmpf.rs.gov.br\/secretaria-de-saude\/?s={search_term_string}"},"query-input":{"@type":"PropertyValueSpecification","valueRequired":true,"valueName":"search_term_string"}}],"inLanguage":"pt-BR"},{"@type":"Person","@id":"https:\/\/www.pmpf.rs.gov.br\/secretaria-de-saude\/#\/schema\/person\/6e93b0ab2174b69f691ac4f278ba2d0a","name":"lilicrivello","image":{"@type":"ImageObject","inLanguage":"pt-BR","@id":"https:\/\/www.pmpf.rs.gov.br\/secretaria-de-saude\/#\/schema\/person\/image\/","url":"https:\/\/secure.gravatar.com\/avatar\/0b546b667388f8edb7b67d70a57b5e46?s=96&d=mm&r=g","contentUrl":"https:\/\/secure.gravatar.com\/avatar\/0b546b667388f8edb7b67d70a57b5e46?s=96&d=mm&r=g","caption":"lilicrivello"},"url":"https:\/\/www.pmpf.rs.gov.br\/secretaria-de-saude\/author\/lilicrivello\/"}]}},"_links":{"self":[{"href":"https:\/\/www.pmpf.rs.gov.br\/secretaria-de-saude\/wp-json\/wp\/v2\/posts\/5020"}],"collection":[{"href":"https:\/\/www.pmpf.rs.gov.br\/secretaria-de-saude\/wp-json\/wp\/v2\/posts"}],"about":[{"href":"https:\/\/www.pmpf.rs.gov.br\/secretaria-de-saude\/wp-json\/wp\/v2\/types\/post"}],"author":[{"embeddable":true,"href":"https:\/\/www.pmpf.rs.gov.br\/secretaria-de-saude\/wp-json\/wp\/v2\/users\/24"}],"replies":[{"embeddable":true,"href":"https:\/\/www.pmpf.rs.gov.br\/secretaria-de-saude\/wp-json\/wp\/v2\/comments?post=5020"}],"version-history":[{"count":1,"href":"https:\/\/www.pmpf.rs.gov.br\/secretaria-de-saude\/wp-json\/wp\/v2\/posts\/5020\/revisions"}],"predecessor-version":[{"id":5022,"href":"https:\/\/www.pmpf.rs.gov.br\/secretaria-de-saude\/wp-json\/wp\/v2\/posts\/5020\/revisions\/5022"}],"wp:featuredmedia":[{"embeddable":true,"href":"https:\/\/www.pmpf.rs.gov.br\/secretaria-de-saude\/wp-json\/wp\/v2\/media\/5021"}],"wp:attachment":[{"href":"https:\/\/www.pmpf.rs.gov.br\/secretaria-de-saude\/wp-json\/wp\/v2\/media?parent=5020"}],"wp:term":[{"taxonomy":"category","embeddable":true,"href":"https:\/\/www.pmpf.rs.gov.br\/secretaria-de-saude\/wp-json\/wp\/v2\/categories?post=5020"},{"taxonomy":"post_tag","embeddable":true,"href":"https:\/\/www.pmpf.rs.gov.br\/secretaria-de-saude\/wp-json\/wp\/v2\/tags?post=5020"}],"curies":[{"name":"wp","href":"https:\/\/api.w.org\/{rel}","templated":true}]}}