{"id":5017,"date":"2026-03-16T10:11:41","date_gmt":"2026-03-16T13:11:41","guid":{"rendered":"https:\/\/www.pmpf.rs.gov.br\/secretaria-de-saude\/?p=5017"},"modified":"2026-03-16T10:11:47","modified_gmt":"2026-03-16T13:11:47","slug":"saude-prefeitura-segue-com-obras-de-duas-novas-unidades-basicas-de-saude","status":"publish","type":"post","link":"https:\/\/www.pmpf.rs.gov.br\/secretaria-de-saude\/2026\/03\/16\/saude-prefeitura-segue-com-obras-de-duas-novas-unidades-basicas-de-saude\/","title":{"rendered":"Sa\u00fade: Prefeitura segue com obras de duas novas Unidades B\u00e1sicas de Sa\u00fade"},"content":{"rendered":"\n<p><\/p>\n\n\n\n<p>A constru\u00e7\u00e3o de duas novas unidades de sa\u00fade em Passo Fundo representa a amplia\u00e7\u00e3o do acesso da popula\u00e7\u00e3o aos servi\u00e7os de aten\u00e7\u00e3o b\u00e1sica, a redu\u00e7\u00e3o da sobrecarga nas unidades existentes e mais qualidade no atendimento \u00e0 comunidade. Com esse objetivo, a Prefeitura de Passo Fundo segue com as obras de duas novas Unidades B\u00e1sicas de Sa\u00fade (UBS), localizadas nos bairros Maggi de C\u00e9saro que est\u00e1 com obras chegando a cerca de 15% e na Nossa Senhora Aparecida com aproximadamente 14% da sua execu\u00e7\u00e3o.<\/p>\n\n\n\n<p>As duas estruturas que est\u00e3o em execu\u00e7\u00e3o por empresas contratadas seguem o mesmo projeto, com \u00e1rea de interven\u00e7\u00e3o superior a 400 m\u00b2 cada, e t\u00eam previs\u00e3o de conclus\u00e3o para o final do primeiro semestre de 2026. As Unidades de Sa\u00fade fazem parte de um pacote de investimentos da gest\u00e3o municipal, com a\u00e7\u00f5es de qualifica\u00e7\u00e3o das estruturas f\u00edsicas da rede municipal de sa\u00fade, que contempla reformas e amplia\u00e7\u00f5es em outras estruturas, com investimento estimado em mais de R$ 25 milh\u00f5es.<\/p>\n\n\n\n<p>Os projetos das duas unidades foram idealizados e s\u00e3o fiscalizados pela Secretaria Municipal de Planejamento (Seplan). A proposta do munic\u00edpio \u00e9 fortalecer os servi\u00e7os de sa\u00fade pr\u00f3ximos da comunidade, garantindo atendimento mais \u00e1gil e qualificado.<\/p>\n\n\n\n<p>Segundo o secret\u00e1rio de Planejamento, Giezi Schneider, a execu\u00e7\u00e3o das obras segue dentro do cronograma estabelecido. \u201cEstamos acompanhando de perto cada etapa das constru\u00e7\u00f5es para garantir que as unidades sejam entregues com qualidade e dentro do prazo previsto. Essas novas UBSs fazem parte de um planejamento que busca ampliar a infraestrutura de sa\u00fade e atender melhor os moradores dessas duas regi\u00f5es da cidade\u201d, destacou.<\/p>\n\n\n\n<p>Para o secret\u00e1rio de Sa\u00fade, Diego Farias, as novas estruturas representam um avan\u00e7o importante para o sistema municipal. \u201cA constru\u00e7\u00e3o de duas novas unidades \u00e9 essencial para fortalecer o SUS e melhorar a qualidade de vida da popula\u00e7\u00e3o. Com elas, facilitar\u00e1 o acesso da popula\u00e7\u00e3o e o atendimento em sa\u00fade com equipe multidisciplinar, fortalecendo a aten\u00e7\u00e3o b\u00e1sica na preven\u00e7\u00e3o de doen\u00e7as e promo\u00e7\u00e3o em sa\u00fade.<br>O crescimento da cidade, tamb\u00e9m aumenta a demanda em sa\u00fade e, a amplia\u00e7\u00e3o da rede de atendimento reduz a sobrecarga nos hospitais, promovendo mais efici\u00eancia e melhores condi\u00e7\u00f5es para toda popula\u00e7\u00e3o\u201d, ressaltou.<\/p>\n\n\n\n<p><strong>UBS do Bairro Maggi de C\u00e9saro<br><\/strong>Localizada na Rua Renato Souza Santos, a Unidade B\u00e1sica de Sa\u00fade do bairro Maggi de C\u00e9saro representa um investimento com recursos pr\u00f3prios do munic\u00edpio e provenientes de outras fontes. A ordem de servi\u00e7o foi emitida em 8 de outubro de 2025 e, atualmente, a obra apresenta 15,51% de execu\u00e7\u00e3o.<\/p>\n\n\n\n<p><strong>UBS do Bairro Nossa Senhora Aparecida<br><\/strong>A nova UBS do bairro Nossa Senhora Aparecida est\u00e1 sendo constru\u00edda na Rua Olinda e tamb\u00e9m conta com investimentos de recursos pr\u00f3prios e de terceiros. Com ordem de servi\u00e7o emitida igualmente em 8 de outubro de 2025, a unidade apresenta 14,23% de execu\u00e7\u00e3o f\u00edsica.<\/p>\n","protected":false},"excerpt":{"rendered":"<p>Estruturas est\u00e3o sendo constru\u00eddas nos bairros Maggi de C\u00e9saro e Nossa Senhora Aparecida<\/p>\n","protected":false},"author":24,"featured_media":5018,"comment_status":"closed","ping_status":"closed","sticky":false,"template":"","format":"standard","meta":{"footnotes":""},"categories":[1],"tags":[],"class_list":["post-5017","post","type-post","status-publish","format-standard","has-post-thumbnail","hentry","category-sem-categoria"],"yoast_head":"<!-- This site is optimized with the Yoast SEO plugin v23.8 - https:\/\/yoast.com\/wordpress\/plugins\/seo\/ -->\n<title>Sa\u00fade: Prefeitura segue com obras de duas novas Unidades B\u00e1sicas de Sa\u00fade - Secretaria de Sa\u00fade<\/title>\n<meta name=\"robots\" content=\"index, follow, max-snippet:-1, max-image-preview:large, max-video-preview:-1\" \/>\n<link rel=\"canonical\" href=\"https:\/\/www.pmpf.rs.gov.br\/secretaria-de-saude\/2026\/03\/16\/saude-prefeitura-segue-com-obras-de-duas-novas-unidades-basicas-de-saude\/\" \/>\n<meta property=\"og:locale\" content=\"pt_BR\" \/>\n<meta property=\"og:type\" content=\"article\" \/>\n<meta property=\"og:title\" content=\"Sa\u00fade: Prefeitura segue com obras de duas novas Unidades B\u00e1sicas de Sa\u00fade - Secretaria de Sa\u00fade\" \/>\n<meta property=\"og:description\" content=\"Estruturas est\u00e3o sendo constru\u00eddas nos bairros Maggi de C\u00e9saro e Nossa Senhora Aparecida\" \/>\n<meta property=\"og:url\" content=\"https:\/\/www.pmpf.rs.gov.br\/secretaria-de-saude\/2026\/03\/16\/saude-prefeitura-segue-com-obras-de-duas-novas-unidades-basicas-de-saude\/\" \/>\n<meta property=\"og:site_name\" content=\"Secretaria de Sa\u00fade\" \/>\n<meta property=\"article:published_time\" content=\"2026-03-16T13:11:41+00:00\" \/>\n<meta property=\"article:modified_time\" content=\"2026-03-16T13:11:47+00:00\" \/>\n<meta name=\"author\" content=\"lilicrivello\" \/>\n<meta name=\"twitter:card\" content=\"summary_large_image\" \/>\n<meta name=\"twitter:label1\" content=\"Escrito por\" \/>\n\t<meta name=\"twitter:data1\" content=\"lilicrivello\" \/>\n\t<meta name=\"twitter:label2\" content=\"Est. tempo de leitura\" \/>\n\t<meta name=\"twitter:data2\" content=\"3 minutos\" \/>\n<script type=\"application\/ld+json\" class=\"yoast-schema-graph\">{\"@context\":\"https:\/\/schema.org\",\"@graph\":[{\"@type\":\"WebPage\",\"@id\":\"https:\/\/www.pmpf.rs.gov.br\/secretaria-de-saude\/2026\/03\/16\/saude-prefeitura-segue-com-obras-de-duas-novas-unidades-basicas-de-saude\/\",\"url\":\"https:\/\/www.pmpf.rs.gov.br\/secretaria-de-saude\/2026\/03\/16\/saude-prefeitura-segue-com-obras-de-duas-novas-unidades-basicas-de-saude\/\",\"name\":\"Sa\u00fade: Prefeitura segue com obras de duas novas Unidades B\u00e1sicas de Sa\u00fade - Secretaria de Sa\u00fade\",\"isPartOf\":{\"@id\":\"https:\/\/www.pmpf.rs.gov.br\/secretaria-de-saude\/#website\"},\"primaryImageOfPage\":{\"@id\":\"https:\/\/www.pmpf.rs.gov.br\/secretaria-de-saude\/2026\/03\/16\/saude-prefeitura-segue-com-obras-de-duas-novas-unidades-basicas-de-saude\/#primaryimage\"},\"image\":{\"@id\":\"https:\/\/www.pmpf.rs.gov.br\/secretaria-de-saude\/2026\/03\/16\/saude-prefeitura-segue-com-obras-de-duas-novas-unidades-basicas-de-saude\/#primaryimage\"},\"thumbnailUrl\":\"https:\/\/www.pmpf.rs.gov.br\/secretaria-de-saude\/wp-content\/uploads\/sites\/50\/2026\/03\/WhatsApp-Image-2026-03-13-at-10.02.12.jpeg\",\"datePublished\":\"2026-03-16T13:11:41+00:00\",\"dateModified\":\"2026-03-16T13:11:47+00:00\",\"author\":{\"@id\":\"https:\/\/www.pmpf.rs.gov.br\/secretaria-de-saude\/#\/schema\/person\/6e93b0ab2174b69f691ac4f278ba2d0a\"},\"breadcrumb\":{\"@id\":\"https:\/\/www.pmpf.rs.gov.br\/secretaria-de-saude\/2026\/03\/16\/saude-prefeitura-segue-com-obras-de-duas-novas-unidades-basicas-de-saude\/#breadcrumb\"},\"inLanguage\":\"pt-BR\",\"potentialAction\":[{\"@type\":\"ReadAction\",\"target\":[\"https:\/\/www.pmpf.rs.gov.br\/secretaria-de-saude\/2026\/03\/16\/saude-prefeitura-segue-com-obras-de-duas-novas-unidades-basicas-de-saude\/\"]}]},{\"@type\":\"ImageObject\",\"inLanguage\":\"pt-BR\",\"@id\":\"https:\/\/www.pmpf.rs.gov.br\/secretaria-de-saude\/2026\/03\/16\/saude-prefeitura-segue-com-obras-de-duas-novas-unidades-basicas-de-saude\/#primaryimage\",\"url\":\"https:\/\/www.pmpf.rs.gov.br\/secretaria-de-saude\/wp-content\/uploads\/sites\/50\/2026\/03\/WhatsApp-Image-2026-03-13-at-10.02.12.jpeg\",\"contentUrl\":\"https:\/\/www.pmpf.rs.gov.br\/secretaria-de-saude\/wp-content\/uploads\/sites\/50\/2026\/03\/WhatsApp-Image-2026-03-13-at-10.02.12.jpeg\",\"width\":1600,\"height\":721},{\"@type\":\"BreadcrumbList\",\"@id\":\"https:\/\/www.pmpf.rs.gov.br\/secretaria-de-saude\/2026\/03\/16\/saude-prefeitura-segue-com-obras-de-duas-novas-unidades-basicas-de-saude\/#breadcrumb\",\"itemListElement\":[{\"@type\":\"ListItem\",\"position\":1,\"name\":\"In\u00edcio\",\"item\":\"https:\/\/www.pmpf.rs.gov.br\/secretaria-de-saude\/\"},{\"@type\":\"ListItem\",\"position\":2,\"name\":\"Sa\u00fade: Prefeitura segue com obras de duas novas Unidades B\u00e1sicas de Sa\u00fade\"}]},{\"@type\":\"WebSite\",\"@id\":\"https:\/\/www.pmpf.rs.gov.br\/secretaria-de-saude\/#website\",\"url\":\"https:\/\/www.pmpf.rs.gov.br\/secretaria-de-saude\/\",\"name\":\"Secretaria de Sa\u00fade\",\"description\":\"S\u00f3 mais um site Prefeitura de Passo Fundo\",\"potentialAction\":[{\"@type\":\"SearchAction\",\"target\":{\"@type\":\"EntryPoint\",\"urlTemplate\":\"https:\/\/www.pmpf.rs.gov.br\/secretaria-de-saude\/?s={search_term_string}\"},\"query-input\":{\"@type\":\"PropertyValueSpecification\",\"valueRequired\":true,\"valueName\":\"search_term_string\"}}],\"inLanguage\":\"pt-BR\"},{\"@type\":\"Person\",\"@id\":\"https:\/\/www.pmpf.rs.gov.br\/secretaria-de-saude\/#\/schema\/person\/6e93b0ab2174b69f691ac4f278ba2d0a\",\"name\":\"lilicrivello\",\"image\":{\"@type\":\"ImageObject\",\"inLanguage\":\"pt-BR\",\"@id\":\"https:\/\/www.pmpf.rs.gov.br\/secretaria-de-saude\/#\/schema\/person\/image\/\",\"url\":\"https:\/\/secure.gravatar.com\/avatar\/0b546b667388f8edb7b67d70a57b5e46?s=96&d=mm&r=g\",\"contentUrl\":\"https:\/\/secure.gravatar.com\/avatar\/0b546b667388f8edb7b67d70a57b5e46?s=96&d=mm&r=g\",\"caption\":\"lilicrivello\"},\"url\":\"https:\/\/www.pmpf.rs.gov.br\/secretaria-de-saude\/author\/lilicrivello\/\"}]}<\/script>\n<!-- \/ Yoast SEO plugin. -->","yoast_head_json":{"title":"Sa\u00fade: Prefeitura segue com obras de duas novas Unidades B\u00e1sicas de Sa\u00fade - Secretaria de Sa\u00fade","robots":{"index":"index","follow":"follow","max-snippet":"max-snippet:-1","max-image-preview":"max-image-preview:large","max-video-preview":"max-video-preview:-1"},"canonical":"https:\/\/www.pmpf.rs.gov.br\/secretaria-de-saude\/2026\/03\/16\/saude-prefeitura-segue-com-obras-de-duas-novas-unidades-basicas-de-saude\/","og_locale":"pt_BR","og_type":"article","og_title":"Sa\u00fade: Prefeitura segue com obras de duas novas Unidades B\u00e1sicas de Sa\u00fade - Secretaria de Sa\u00fade","og_description":"Estruturas est\u00e3o sendo constru\u00eddas nos bairros Maggi de C\u00e9saro e Nossa Senhora Aparecida","og_url":"https:\/\/www.pmpf.rs.gov.br\/secretaria-de-saude\/2026\/03\/16\/saude-prefeitura-segue-com-obras-de-duas-novas-unidades-basicas-de-saude\/","og_site_name":"Secretaria de Sa\u00fade","article_published_time":"2026-03-16T13:11:41+00:00","article_modified_time":"2026-03-16T13:11:47+00:00","author":"lilicrivello","twitter_card":"summary_large_image","twitter_misc":{"Escrito por":"lilicrivello","Est. tempo de leitura":"3 minutos"},"schema":{"@context":"https:\/\/schema.org","@graph":[{"@type":"WebPage","@id":"https:\/\/www.pmpf.rs.gov.br\/secretaria-de-saude\/2026\/03\/16\/saude-prefeitura-segue-com-obras-de-duas-novas-unidades-basicas-de-saude\/","url":"https:\/\/www.pmpf.rs.gov.br\/secretaria-de-saude\/2026\/03\/16\/saude-prefeitura-segue-com-obras-de-duas-novas-unidades-basicas-de-saude\/","name":"Sa\u00fade: Prefeitura segue com obras de duas novas Unidades B\u00e1sicas de Sa\u00fade - Secretaria de Sa\u00fade","isPartOf":{"@id":"https:\/\/www.pmpf.rs.gov.br\/secretaria-de-saude\/#website"},"primaryImageOfPage":{"@id":"https:\/\/www.pmpf.rs.gov.br\/secretaria-de-saude\/2026\/03\/16\/saude-prefeitura-segue-com-obras-de-duas-novas-unidades-basicas-de-saude\/#primaryimage"},"image":{"@id":"https:\/\/www.pmpf.rs.gov.br\/secretaria-de-saude\/2026\/03\/16\/saude-prefeitura-segue-com-obras-de-duas-novas-unidades-basicas-de-saude\/#primaryimage"},"thumbnailUrl":"https:\/\/www.pmpf.rs.gov.br\/secretaria-de-saude\/wp-content\/uploads\/sites\/50\/2026\/03\/WhatsApp-Image-2026-03-13-at-10.02.12.jpeg","datePublished":"2026-03-16T13:11:41+00:00","dateModified":"2026-03-16T13:11:47+00:00","author":{"@id":"https:\/\/www.pmpf.rs.gov.br\/secretaria-de-saude\/#\/schema\/person\/6e93b0ab2174b69f691ac4f278ba2d0a"},"breadcrumb":{"@id":"https:\/\/www.pmpf.rs.gov.br\/secretaria-de-saude\/2026\/03\/16\/saude-prefeitura-segue-com-obras-de-duas-novas-unidades-basicas-de-saude\/#breadcrumb"},"inLanguage":"pt-BR","potentialAction":[{"@type":"ReadAction","target":["https:\/\/www.pmpf.rs.gov.br\/secretaria-de-saude\/2026\/03\/16\/saude-prefeitura-segue-com-obras-de-duas-novas-unidades-basicas-de-saude\/"]}]},{"@type":"ImageObject","inLanguage":"pt-BR","@id":"https:\/\/www.pmpf.rs.gov.br\/secretaria-de-saude\/2026\/03\/16\/saude-prefeitura-segue-com-obras-de-duas-novas-unidades-basicas-de-saude\/#primaryimage","url":"https:\/\/www.pmpf.rs.gov.br\/secretaria-de-saude\/wp-content\/uploads\/sites\/50\/2026\/03\/WhatsApp-Image-2026-03-13-at-10.02.12.jpeg","contentUrl":"https:\/\/www.pmpf.rs.gov.br\/secretaria-de-saude\/wp-content\/uploads\/sites\/50\/2026\/03\/WhatsApp-Image-2026-03-13-at-10.02.12.jpeg","width":1600,"height":721},{"@type":"BreadcrumbList","@id":"https:\/\/www.pmpf.rs.gov.br\/secretaria-de-saude\/2026\/03\/16\/saude-prefeitura-segue-com-obras-de-duas-novas-unidades-basicas-de-saude\/#breadcrumb","itemListElement":[{"@type":"ListItem","position":1,"name":"In\u00edcio","item":"https:\/\/www.pmpf.rs.gov.br\/secretaria-de-saude\/"},{"@type":"ListItem","position":2,"name":"Sa\u00fade: Prefeitura segue com obras de duas novas Unidades B\u00e1sicas de Sa\u00fade"}]},{"@type":"WebSite","@id":"https:\/\/www.pmpf.rs.gov.br\/secretaria-de-saude\/#website","url":"https:\/\/www.pmpf.rs.gov.br\/secretaria-de-saude\/","name":"Secretaria de Sa\u00fade","description":"S\u00f3 mais um site Prefeitura de Passo Fundo","potentialAction":[{"@type":"SearchAction","target":{"@type":"EntryPoint","urlTemplate":"https:\/\/www.pmpf.rs.gov.br\/secretaria-de-saude\/?s={search_term_string}"},"query-input":{"@type":"PropertyValueSpecification","valueRequired":true,"valueName":"search_term_string"}}],"inLanguage":"pt-BR"},{"@type":"Person","@id":"https:\/\/www.pmpf.rs.gov.br\/secretaria-de-saude\/#\/schema\/person\/6e93b0ab2174b69f691ac4f278ba2d0a","name":"lilicrivello","image":{"@type":"ImageObject","inLanguage":"pt-BR","@id":"https:\/\/www.pmpf.rs.gov.br\/secretaria-de-saude\/#\/schema\/person\/image\/","url":"https:\/\/secure.gravatar.com\/avatar\/0b546b667388f8edb7b67d70a57b5e46?s=96&d=mm&r=g","contentUrl":"https:\/\/secure.gravatar.com\/avatar\/0b546b667388f8edb7b67d70a57b5e46?s=96&d=mm&r=g","caption":"lilicrivello"},"url":"https:\/\/www.pmpf.rs.gov.br\/secretaria-de-saude\/author\/lilicrivello\/"}]}},"_links":{"self":[{"href":"https:\/\/www.pmpf.rs.gov.br\/secretaria-de-saude\/wp-json\/wp\/v2\/posts\/5017"}],"collection":[{"href":"https:\/\/www.pmpf.rs.gov.br\/secretaria-de-saude\/wp-json\/wp\/v2\/posts"}],"about":[{"href":"https:\/\/www.pmpf.rs.gov.br\/secretaria-de-saude\/wp-json\/wp\/v2\/types\/post"}],"author":[{"embeddable":true,"href":"https:\/\/www.pmpf.rs.gov.br\/secretaria-de-saude\/wp-json\/wp\/v2\/users\/24"}],"replies":[{"embeddable":true,"href":"https:\/\/www.pmpf.rs.gov.br\/secretaria-de-saude\/wp-json\/wp\/v2\/comments?post=5017"}],"version-history":[{"count":1,"href":"https:\/\/www.pmpf.rs.gov.br\/secretaria-de-saude\/wp-json\/wp\/v2\/posts\/5017\/revisions"}],"predecessor-version":[{"id":5019,"href":"https:\/\/www.pmpf.rs.gov.br\/secretaria-de-saude\/wp-json\/wp\/v2\/posts\/5017\/revisions\/5019"}],"wp:featuredmedia":[{"embeddable":true,"href":"https:\/\/www.pmpf.rs.gov.br\/secretaria-de-saude\/wp-json\/wp\/v2\/media\/5018"}],"wp:attachment":[{"href":"https:\/\/www.pmpf.rs.gov.br\/secretaria-de-saude\/wp-json\/wp\/v2\/media?parent=5017"}],"wp:term":[{"taxonomy":"category","embeddable":true,"href":"https:\/\/www.pmpf.rs.gov.br\/secretaria-de-saude\/wp-json\/wp\/v2\/categories?post=5017"},{"taxonomy":"post_tag","embeddable":true,"href":"https:\/\/www.pmpf.rs.gov.br\/secretaria-de-saude\/wp-json\/wp\/v2\/tags?post=5017"}],"curies":[{"name":"wp","href":"https:\/\/api.w.org\/{rel}","templated":true}]}}