{"id":4849,"date":"2025-12-16T08:40:15","date_gmt":"2025-12-16T11:40:15","guid":{"rendered":"https:\/\/www.pmpf.rs.gov.br\/secretaria-de-saude\/?p=4849"},"modified":"2025-12-16T08:40:23","modified_gmt":"2025-12-16T11:40:23","slug":"secretaria-de-saude-realiza-adequacao-da-lista-municipal-de-medicamentos","status":"publish","type":"post","link":"https:\/\/www.pmpf.rs.gov.br\/secretaria-de-saude\/2025\/12\/16\/secretaria-de-saude-realiza-adequacao-da-lista-municipal-de-medicamentos\/","title":{"rendered":"Secretaria de Sa\u00fade realiza adequa\u00e7\u00e3o da lista municipal de medicamentos"},"content":{"rendered":"\n<p><\/p>\n\n\n\n<p>A Secretaria de Sa\u00fade de Passo Fundo est\u00e1 realizando a revis\u00e3o e atualiza\u00e7\u00e3o da Rela\u00e7\u00e3o Municipal de Medicamentos Essenciais (REMUME), com o objetivo de aprimorar a oferta de medicamentos na rede p\u00fablica.<\/p>\n\n\n\n<p>O trabalho \u00e9 realizado a partir da an\u00e1lise da Rela\u00e7\u00e3o Nacional de Medicamentos Essenciais (RENAME), lista oficial elaborada pelo Minist\u00e9rio da Sa\u00fade que orienta o fornecimento de tratamentos seguros e eficazes no Sistema \u00danico de Sa\u00fade (SUS). A REMUME adapta essa lista \u00e0 realidade local, considerando o perfil de sa\u00fade da popula\u00e7\u00e3o e a estrutura dos servi\u00e7os municipais.<\/p>\n\n\n\n<p>No processo de revis\u00e3o, a Secretaria identificou 14 medicamentos presentes na REMUME que tamb\u00e9m s\u00e3o disponibilizados gratuitamente pelo Governo Federal por meio do Programa Aqui Tem Farm\u00e1cia Popular. Esses itens, apesar de custeados pelo programa federal, ainda estavam sendo adquiridos com recursos do munic\u00edpio. A adequa\u00e7\u00e3o da lista evitar\u00e1 a duplicidade de compras e permitir\u00e1 que esses medicamentos sejam acessados diretamente pelos usu\u00e1rios nas farm\u00e1cias credenciadas ao programa, garantindo o tratamento sem custos para os pacientes e sem sobrecarga financeira ao munic\u00edpio.<\/p>\n\n\n\n<p>Atualmente, Passo Fundo conta com 36 farm\u00e1cias credenciadas ao Farm\u00e1cia Popular, distribu\u00eddas em diferentes pontos da cidade, oferecendo maior comodidade e facilidade de acesso aos benefici\u00e1rios.<\/p>\n\n\n\n<p>A atualiza\u00e7\u00e3o da lista refor\u00e7a o uso respons\u00e1vel dos recursos p\u00fablicos e com o aprimoramento cont\u00ednuo da Assist\u00eancia Farmac\u00eautica, assegurando mais efici\u00eancia ao sistema e ampliando o acesso da popula\u00e7\u00e3o a tratamentos essenciais.<\/p>\n\n\n\n<p><strong>Farm\u00e1cias que atendem o Farm\u00e1cia Popular<br><\/strong>CESAFARMA &#8211; Avenida Padre Ant\u00f4nio Vieira, 548 \u2014 S\u00e3o Jos\u00e9<br>Pre\u00e7o Popular &#8211; Avenida Brasil Oeste, 362 \u2013 Loja T\u00e9rrea \u2014 Centro<br>Pre\u00e7o Popular &#8211; Rua Teixeira Soares, 849 \u2013 Sala 01 \u2014 Centro<br>Farm\u00e1cia S\u00e3o Jo\u00e3o &#8211; Av. Rio Grande, 442 \u2013 Sala 01 \u2014 Vera Cruz<br>Farm\u00e1cia S\u00e3o Jo\u00e3o &#8211; Av. Brasil Oeste, 981 \u2014 Centro<br>Farm\u00e1cia S\u00e3o Jo\u00e3o &#8211; Rua \u00c2ngelo Preto, 158 \u2013 Conjunto B \u2014 Centro<br>Farm\u00e1cia S\u00e3o Jo\u00e3o &#8211; R. Bento Gon\u00e7alves, 173 \u2014 Centro<br>Farm\u00e1cia S\u00e3o Jo\u00e3o &#8211; Av. Brasil Leste, 1150 \u2013 Sala A \u2014 Petr\u00f3polis<br>Farm\u00e1cia S\u00e3o Jo\u00e3o &#8211; Av. Brasil Oeste, 2236 \u2014 Boqueir\u00e3o<br>Farm\u00e1cia Melhor Pre\u00e7o &#8211; Av. Brasil Oeste, 29 \u2013 Loja 01 \u2014 Centro<br>Farm\u00e1cia S\u00e3o Jo\u00e3o &#8211; Av. Brasil Oeste, 3524 \u2013 Sala 01 \u2014 Boqueir\u00e3o<br>Farm\u00e1cia S\u00e3o Jo\u00e3o &#8211; Av. Brasil Oeste, 2947 \u2014 Boqueir\u00e3o<br>Farm\u00e1cia S\u00e3o Jo\u00e3o &#8211; R. Capit\u00e3o Eleut\u00e9rio Esq. Av. Brasil 500 \u2014 Centro<br>Farm\u00e1cia S\u00e3o Jo\u00e3o &#8211; Rua Coronel Chicuta, 355 \u2013 SL 3 T\u00e9rreo \u2014 Centro<br>Farm\u00e1cia S\u00e3o Jo\u00e3o &#8211; Av. Moacir da Motta Fortes, 537 \u2014 Vera Cruz<br>Farm\u00e1cia S\u00e3o Jo\u00e3o &#8211; Av. Presidente Vargas, 1020 \u2014 Vila Rodrigues<br>Farm\u00e1cia S\u00e3o Jo\u00e3o &#8211; Av. Presidente Vargas, 3495 \u2013 10 \u2014 S\u00e3o Crist\u00f3v\u00e3o<br>Farm\u00e1cia S\u00e3o Jo\u00e3o &#8211; Av. Rio Grande, 801 \u2014 Vera Cruz<br>Farm\u00e1cia S\u00e3o Jo\u00e3o &#8211; R. Teixeira Soares, 979 \u2013 SL 01 \u2014 Centro<br>Farm\u00e1cia S\u00e3o Jo\u00e3o &#8211; Rua Teixeira Soares, 1785 \u2013 SL 01 \u2014 Centro<br>Farm\u00e1cia S\u00e3o Jo\u00e3o &#8211; Rua Uruguai, 1261 \u2014 Centro<br>Farm\u00e1cia S\u00e3o Jo\u00e3o &#8211; Rua Fagundes dos Reis, 610 \u2013 LJ 01 \u2014 Centro<br>Panvel &#8211; Av. Presidente Vargas \u2014 Vila Lucas Ara\u00fajo<br>Farm\u00e1cia S\u00e3o Jo\u00e3o &#8211; Av. Brasil Oeste, 2369 \u2014 Boqueir\u00e3o<br>Farm\u00e1cia S\u00e3o Jo\u00e3o &#8211; Rua Quinze de Novembro, 318 \u2014 Centro<br>Farm\u00e1cia S\u00e3o Jo\u00e3o &#8211; Avenida Brasil Leste N\u00ba 2000 Lojas 42\/44 \u2014 Petr\u00f3polis<br>Farm\u00e1cia S\u00e3o Jo\u00e3o &#8211; Rua Morom, N\u00ba 1513 \u2014 Centro<br>Farm\u00e1cia S\u00e3o Jo\u00e3o &#8211; Rua Uruguai N\u00ba 1620 Salas 212\/213 \u2014 Centro<br>Vithapharma &#8211; Avenida Presidente Vargas, 2038 \u2013 Sala 01 \u2014 S\u00e3o Crist\u00f3v\u00e3o<br>Medcall &#8211; Morom, 2874, Sala 101 \u2014 Boqueir\u00e3o<br>Farm\u00e1cias Associadas &#8211; Ant\u00f4nio Prado \u2014 Centro<br>Farm\u00e1cia S\u00e3o Jos\u00e9 &#8211; Av. Brasil Oeste, N\u00ba 07 \u2013 Loja 02 \u2014 Boqueir\u00e3o<br>Farm\u00e1cias Associadas &#8211; Rua Moacir da Motta Fortes, 54 \u2014 Vera Cruz<br>Farm\u00e1cia S\u00e3o Jos\u00e9 &#8211; Rua do Ter\u00e7o 136 \u2014 Integra\u00e7\u00e3o<\/p>\n","protected":false},"excerpt":{"rendered":"<p>A Secretaria de Sa\u00fade de Passo Fundo est\u00e1 realizando a revis\u00e3o e atualiza\u00e7\u00e3o da Rela\u00e7\u00e3o Municipal de Medicamentos Essenciais (REMUME), com o objetivo de aprimorar a oferta de medicamentos na rede p\u00fablica. [&hellip;]<\/p>\n","protected":false},"author":24,"featured_media":0,"comment_status":"closed","ping_status":"closed","sticky":false,"template":"","format":"standard","meta":{"footnotes":""},"categories":[1],"tags":[],"class_list":["post-4849","post","type-post","status-publish","format-standard","hentry","category-sem-categoria"],"yoast_head":"<!-- This site is optimized with the Yoast SEO plugin v23.8 - https:\/\/yoast.com\/wordpress\/plugins\/seo\/ -->\n<title>Secretaria de Sa\u00fade realiza adequa\u00e7\u00e3o da lista municipal de medicamentos - Secretaria de Sa\u00fade<\/title>\n<meta name=\"robots\" content=\"index, follow, max-snippet:-1, max-image-preview:large, max-video-preview:-1\" \/>\n<link rel=\"canonical\" href=\"https:\/\/www.pmpf.rs.gov.br\/secretaria-de-saude\/2025\/12\/16\/secretaria-de-saude-realiza-adequacao-da-lista-municipal-de-medicamentos\/\" \/>\n<meta property=\"og:locale\" content=\"pt_BR\" \/>\n<meta property=\"og:type\" content=\"article\" \/>\n<meta property=\"og:title\" content=\"Secretaria de Sa\u00fade realiza adequa\u00e7\u00e3o da lista municipal de medicamentos - Secretaria de Sa\u00fade\" \/>\n<meta property=\"og:description\" content=\"A Secretaria de Sa\u00fade de Passo Fundo est\u00e1 realizando a revis\u00e3o e atualiza\u00e7\u00e3o da Rela\u00e7\u00e3o Municipal de Medicamentos Essenciais (REMUME), com o objetivo de aprimorar a oferta de medicamentos na rede p\u00fablica. [&hellip;]\" \/>\n<meta property=\"og:url\" content=\"https:\/\/www.pmpf.rs.gov.br\/secretaria-de-saude\/2025\/12\/16\/secretaria-de-saude-realiza-adequacao-da-lista-municipal-de-medicamentos\/\" \/>\n<meta property=\"og:site_name\" content=\"Secretaria de Sa\u00fade\" \/>\n<meta property=\"article:published_time\" content=\"2025-12-16T11:40:15+00:00\" \/>\n<meta property=\"article:modified_time\" content=\"2025-12-16T11:40:23+00:00\" \/>\n<meta name=\"author\" content=\"lilicrivello\" \/>\n<meta name=\"twitter:card\" content=\"summary_large_image\" \/>\n<meta name=\"twitter:label1\" content=\"Escrito por\" \/>\n\t<meta name=\"twitter:data1\" content=\"lilicrivello\" \/>\n\t<meta name=\"twitter:label2\" content=\"Est. tempo de leitura\" \/>\n\t<meta name=\"twitter:data2\" content=\"3 minutos\" \/>\n<script type=\"application\/ld+json\" class=\"yoast-schema-graph\">{\"@context\":\"https:\/\/schema.org\",\"@graph\":[{\"@type\":\"WebPage\",\"@id\":\"https:\/\/www.pmpf.rs.gov.br\/secretaria-de-saude\/2025\/12\/16\/secretaria-de-saude-realiza-adequacao-da-lista-municipal-de-medicamentos\/\",\"url\":\"https:\/\/www.pmpf.rs.gov.br\/secretaria-de-saude\/2025\/12\/16\/secretaria-de-saude-realiza-adequacao-da-lista-municipal-de-medicamentos\/\",\"name\":\"Secretaria de Sa\u00fade realiza adequa\u00e7\u00e3o da lista municipal de medicamentos - Secretaria de Sa\u00fade\",\"isPartOf\":{\"@id\":\"https:\/\/www.pmpf.rs.gov.br\/secretaria-de-saude\/#website\"},\"datePublished\":\"2025-12-16T11:40:15+00:00\",\"dateModified\":\"2025-12-16T11:40:23+00:00\",\"author\":{\"@id\":\"https:\/\/www.pmpf.rs.gov.br\/secretaria-de-saude\/#\/schema\/person\/6e93b0ab2174b69f691ac4f278ba2d0a\"},\"breadcrumb\":{\"@id\":\"https:\/\/www.pmpf.rs.gov.br\/secretaria-de-saude\/2025\/12\/16\/secretaria-de-saude-realiza-adequacao-da-lista-municipal-de-medicamentos\/#breadcrumb\"},\"inLanguage\":\"pt-BR\",\"potentialAction\":[{\"@type\":\"ReadAction\",\"target\":[\"https:\/\/www.pmpf.rs.gov.br\/secretaria-de-saude\/2025\/12\/16\/secretaria-de-saude-realiza-adequacao-da-lista-municipal-de-medicamentos\/\"]}]},{\"@type\":\"BreadcrumbList\",\"@id\":\"https:\/\/www.pmpf.rs.gov.br\/secretaria-de-saude\/2025\/12\/16\/secretaria-de-saude-realiza-adequacao-da-lista-municipal-de-medicamentos\/#breadcrumb\",\"itemListElement\":[{\"@type\":\"ListItem\",\"position\":1,\"name\":\"In\u00edcio\",\"item\":\"https:\/\/www.pmpf.rs.gov.br\/secretaria-de-saude\/\"},{\"@type\":\"ListItem\",\"position\":2,\"name\":\"Secretaria de Sa\u00fade realiza adequa\u00e7\u00e3o da lista municipal de medicamentos\"}]},{\"@type\":\"WebSite\",\"@id\":\"https:\/\/www.pmpf.rs.gov.br\/secretaria-de-saude\/#website\",\"url\":\"https:\/\/www.pmpf.rs.gov.br\/secretaria-de-saude\/\",\"name\":\"Secretaria de Sa\u00fade\",\"description\":\"S\u00f3 mais um site Prefeitura de Passo Fundo\",\"potentialAction\":[{\"@type\":\"SearchAction\",\"target\":{\"@type\":\"EntryPoint\",\"urlTemplate\":\"https:\/\/www.pmpf.rs.gov.br\/secretaria-de-saude\/?s={search_term_string}\"},\"query-input\":{\"@type\":\"PropertyValueSpecification\",\"valueRequired\":true,\"valueName\":\"search_term_string\"}}],\"inLanguage\":\"pt-BR\"},{\"@type\":\"Person\",\"@id\":\"https:\/\/www.pmpf.rs.gov.br\/secretaria-de-saude\/#\/schema\/person\/6e93b0ab2174b69f691ac4f278ba2d0a\",\"name\":\"lilicrivello\",\"image\":{\"@type\":\"ImageObject\",\"inLanguage\":\"pt-BR\",\"@id\":\"https:\/\/www.pmpf.rs.gov.br\/secretaria-de-saude\/#\/schema\/person\/image\/\",\"url\":\"https:\/\/secure.gravatar.com\/avatar\/0b546b667388f8edb7b67d70a57b5e46?s=96&d=mm&r=g\",\"contentUrl\":\"https:\/\/secure.gravatar.com\/avatar\/0b546b667388f8edb7b67d70a57b5e46?s=96&d=mm&r=g\",\"caption\":\"lilicrivello\"},\"url\":\"https:\/\/www.pmpf.rs.gov.br\/secretaria-de-saude\/author\/lilicrivello\/\"}]}<\/script>\n<!-- \/ Yoast SEO plugin. -->","yoast_head_json":{"title":"Secretaria de Sa\u00fade realiza adequa\u00e7\u00e3o da lista municipal de medicamentos - Secretaria de Sa\u00fade","robots":{"index":"index","follow":"follow","max-snippet":"max-snippet:-1","max-image-preview":"max-image-preview:large","max-video-preview":"max-video-preview:-1"},"canonical":"https:\/\/www.pmpf.rs.gov.br\/secretaria-de-saude\/2025\/12\/16\/secretaria-de-saude-realiza-adequacao-da-lista-municipal-de-medicamentos\/","og_locale":"pt_BR","og_type":"article","og_title":"Secretaria de Sa\u00fade realiza adequa\u00e7\u00e3o da lista municipal de medicamentos - Secretaria de Sa\u00fade","og_description":"A Secretaria de Sa\u00fade de Passo Fundo est\u00e1 realizando a revis\u00e3o e atualiza\u00e7\u00e3o da Rela\u00e7\u00e3o Municipal de Medicamentos Essenciais (REMUME), com o objetivo de aprimorar a oferta de medicamentos na rede p\u00fablica. [&hellip;]","og_url":"https:\/\/www.pmpf.rs.gov.br\/secretaria-de-saude\/2025\/12\/16\/secretaria-de-saude-realiza-adequacao-da-lista-municipal-de-medicamentos\/","og_site_name":"Secretaria de Sa\u00fade","article_published_time":"2025-12-16T11:40:15+00:00","article_modified_time":"2025-12-16T11:40:23+00:00","author":"lilicrivello","twitter_card":"summary_large_image","twitter_misc":{"Escrito por":"lilicrivello","Est. tempo de leitura":"3 minutos"},"schema":{"@context":"https:\/\/schema.org","@graph":[{"@type":"WebPage","@id":"https:\/\/www.pmpf.rs.gov.br\/secretaria-de-saude\/2025\/12\/16\/secretaria-de-saude-realiza-adequacao-da-lista-municipal-de-medicamentos\/","url":"https:\/\/www.pmpf.rs.gov.br\/secretaria-de-saude\/2025\/12\/16\/secretaria-de-saude-realiza-adequacao-da-lista-municipal-de-medicamentos\/","name":"Secretaria de Sa\u00fade realiza adequa\u00e7\u00e3o da lista municipal de medicamentos - Secretaria de Sa\u00fade","isPartOf":{"@id":"https:\/\/www.pmpf.rs.gov.br\/secretaria-de-saude\/#website"},"datePublished":"2025-12-16T11:40:15+00:00","dateModified":"2025-12-16T11:40:23+00:00","author":{"@id":"https:\/\/www.pmpf.rs.gov.br\/secretaria-de-saude\/#\/schema\/person\/6e93b0ab2174b69f691ac4f278ba2d0a"},"breadcrumb":{"@id":"https:\/\/www.pmpf.rs.gov.br\/secretaria-de-saude\/2025\/12\/16\/secretaria-de-saude-realiza-adequacao-da-lista-municipal-de-medicamentos\/#breadcrumb"},"inLanguage":"pt-BR","potentialAction":[{"@type":"ReadAction","target":["https:\/\/www.pmpf.rs.gov.br\/secretaria-de-saude\/2025\/12\/16\/secretaria-de-saude-realiza-adequacao-da-lista-municipal-de-medicamentos\/"]}]},{"@type":"BreadcrumbList","@id":"https:\/\/www.pmpf.rs.gov.br\/secretaria-de-saude\/2025\/12\/16\/secretaria-de-saude-realiza-adequacao-da-lista-municipal-de-medicamentos\/#breadcrumb","itemListElement":[{"@type":"ListItem","position":1,"name":"In\u00edcio","item":"https:\/\/www.pmpf.rs.gov.br\/secretaria-de-saude\/"},{"@type":"ListItem","position":2,"name":"Secretaria de Sa\u00fade realiza adequa\u00e7\u00e3o da lista municipal de medicamentos"}]},{"@type":"WebSite","@id":"https:\/\/www.pmpf.rs.gov.br\/secretaria-de-saude\/#website","url":"https:\/\/www.pmpf.rs.gov.br\/secretaria-de-saude\/","name":"Secretaria de Sa\u00fade","description":"S\u00f3 mais um site Prefeitura de Passo Fundo","potentialAction":[{"@type":"SearchAction","target":{"@type":"EntryPoint","urlTemplate":"https:\/\/www.pmpf.rs.gov.br\/secretaria-de-saude\/?s={search_term_string}"},"query-input":{"@type":"PropertyValueSpecification","valueRequired":true,"valueName":"search_term_string"}}],"inLanguage":"pt-BR"},{"@type":"Person","@id":"https:\/\/www.pmpf.rs.gov.br\/secretaria-de-saude\/#\/schema\/person\/6e93b0ab2174b69f691ac4f278ba2d0a","name":"lilicrivello","image":{"@type":"ImageObject","inLanguage":"pt-BR","@id":"https:\/\/www.pmpf.rs.gov.br\/secretaria-de-saude\/#\/schema\/person\/image\/","url":"https:\/\/secure.gravatar.com\/avatar\/0b546b667388f8edb7b67d70a57b5e46?s=96&d=mm&r=g","contentUrl":"https:\/\/secure.gravatar.com\/avatar\/0b546b667388f8edb7b67d70a57b5e46?s=96&d=mm&r=g","caption":"lilicrivello"},"url":"https:\/\/www.pmpf.rs.gov.br\/secretaria-de-saude\/author\/lilicrivello\/"}]}},"_links":{"self":[{"href":"https:\/\/www.pmpf.rs.gov.br\/secretaria-de-saude\/wp-json\/wp\/v2\/posts\/4849"}],"collection":[{"href":"https:\/\/www.pmpf.rs.gov.br\/secretaria-de-saude\/wp-json\/wp\/v2\/posts"}],"about":[{"href":"https:\/\/www.pmpf.rs.gov.br\/secretaria-de-saude\/wp-json\/wp\/v2\/types\/post"}],"author":[{"embeddable":true,"href":"https:\/\/www.pmpf.rs.gov.br\/secretaria-de-saude\/wp-json\/wp\/v2\/users\/24"}],"replies":[{"embeddable":true,"href":"https:\/\/www.pmpf.rs.gov.br\/secretaria-de-saude\/wp-json\/wp\/v2\/comments?post=4849"}],"version-history":[{"count":1,"href":"https:\/\/www.pmpf.rs.gov.br\/secretaria-de-saude\/wp-json\/wp\/v2\/posts\/4849\/revisions"}],"predecessor-version":[{"id":4850,"href":"https:\/\/www.pmpf.rs.gov.br\/secretaria-de-saude\/wp-json\/wp\/v2\/posts\/4849\/revisions\/4850"}],"wp:attachment":[{"href":"https:\/\/www.pmpf.rs.gov.br\/secretaria-de-saude\/wp-json\/wp\/v2\/media?parent=4849"}],"wp:term":[{"taxonomy":"category","embeddable":true,"href":"https:\/\/www.pmpf.rs.gov.br\/secretaria-de-saude\/wp-json\/wp\/v2\/categories?post=4849"},{"taxonomy":"post_tag","embeddable":true,"href":"https:\/\/www.pmpf.rs.gov.br\/secretaria-de-saude\/wp-json\/wp\/v2\/tags?post=4849"}],"curies":[{"name":"wp","href":"https:\/\/api.w.org\/{rel}","templated":true}]}}