{"id":4818,"date":"2025-12-05T10:31:24","date_gmt":"2025-12-05T13:31:24","guid":{"rendered":"https:\/\/www.pmpf.rs.gov.br\/secretaria-de-saude\/?p=4818"},"modified":"2025-12-05T10:31:25","modified_gmt":"2025-12-05T13:31:25","slug":"prefeitura-recebe-doses-contra-o-vsr-e-inicia-vacinacao-de-gestantes-na-proxima-terca-feira","status":"publish","type":"post","link":"https:\/\/www.pmpf.rs.gov.br\/secretaria-de-saude\/2025\/12\/05\/prefeitura-recebe-doses-contra-o-vsr-e-inicia-vacinacao-de-gestantes-na-proxima-terca-feira\/","title":{"rendered":"Prefeitura recebe doses contra o VSR e inicia vacina\u00e7\u00e3o de gestantes na pr\u00f3xima ter\u00e7a-feira"},"content":{"rendered":"\n<p><\/p>\n\n\n\n<p>A Prefeitura de Passo Fundo recebeu nesta sexta-feira (5), 710 doses da vacina contra o v\u00edrus sincicial respirat\u00f3rio (VSR). O imunizante \u00e9 destinado exclusivamente a gestantes a partir da 28\u00aa semana, com o objetivo de proteger os beb\u00eas contra a bronquiolite, doen\u00e7a que pode causar quadros graves nos primeiros meses de vida.<\/p>\n\n\n\n<p>A estrat\u00e9gia segue a orienta\u00e7\u00e3o do Minist\u00e9rio da Sa\u00fade e busca garantir que os rec\u00e9m-nascidos j\u00e1 venham ao mundo imunizados, reduzindo o risco de infec\u00e7\u00f5es respirat\u00f3rias, interna\u00e7\u00f5es e complica\u00e7\u00f5es. A dose pode ser aplicada a partir da 28\u00aa semana de gesta\u00e7\u00e3o, independentemente da idade, peso ou hist\u00f3rico vacinal da gestante.<\/p>\n\n\n\n<p>O pico de produ\u00e7\u00e3o de anticorpos ocorre cerca de 15 dias ap\u00f3s a aplica\u00e7\u00e3o, sendo transferidos pela placenta e protegendo o beb\u00ea por at\u00e9 seis meses ap\u00f3s o nascimento.<\/p>\n\n\n\n<p>A vacina ser\u00e1 aplicada em dose \u00fanica e de forma totalmente gratuita e estar\u00e1 dispon\u00edvel a partir de ter\u00e7a-feira (9), enquanto durarem os estoques.<\/p>\n\n\n\n<p>Locais de vacina\u00e7\u00e3o<br>Devido ao quantitativo inicial de doses, o Munic\u00edpio definiu oito unidades de refer\u00eancia para aplica\u00e7\u00e3o do imunizante:<br>Cais Boqueir\u00e3o<br>Cais S\u00e3o Crist\u00f3v\u00e3o<br>Cais H\u00edpica<br>Cais Vila Luiza<br>UBS Petr\u00f3polis<br>ESF Adirbal Corralo<br>UBS Annes<br>ESF Zachia<\/p>\n\n\n\n<p>Hor\u00e1rios de atendimento<br>Cais<br>Segunda a sexta-feira: 8h \u00e0s 18h30<br>S\u00e1bado: 8h \u00e0s 11h30<\/p>\n\n\n\n<p>UBS e ESF<br>Segunda a sexta-feira: 8h \u00e0s 11h30 e 13h \u00e0s 16h30.<\/p>\n","protected":false},"excerpt":{"rendered":"<p>Imuniza\u00e7\u00e3o protege rec\u00e9m-nascidos contra bronquiolite nos primeiros seis meses de vida<\/p>\n","protected":false},"author":24,"featured_media":4819,"comment_status":"closed","ping_status":"closed","sticky":false,"template":"","format":"standard","meta":{"footnotes":""},"categories":[1],"tags":[],"class_list":["post-4818","post","type-post","status-publish","format-standard","has-post-thumbnail","hentry","category-sem-categoria"],"yoast_head":"<!-- This site is optimized with the Yoast SEO plugin v23.8 - https:\/\/yoast.com\/wordpress\/plugins\/seo\/ -->\n<title>Prefeitura recebe doses contra o VSR e inicia vacina\u00e7\u00e3o de gestantes na pr\u00f3xima ter\u00e7a-feira - Secretaria de Sa\u00fade<\/title>\n<meta name=\"robots\" content=\"index, follow, max-snippet:-1, max-image-preview:large, max-video-preview:-1\" \/>\n<link rel=\"canonical\" href=\"https:\/\/www.pmpf.rs.gov.br\/secretaria-de-saude\/2025\/12\/05\/prefeitura-recebe-doses-contra-o-vsr-e-inicia-vacinacao-de-gestantes-na-proxima-terca-feira\/\" \/>\n<meta property=\"og:locale\" content=\"pt_BR\" \/>\n<meta property=\"og:type\" content=\"article\" \/>\n<meta property=\"og:title\" content=\"Prefeitura recebe doses contra o VSR e inicia vacina\u00e7\u00e3o de gestantes na pr\u00f3xima ter\u00e7a-feira - Secretaria de Sa\u00fade\" \/>\n<meta property=\"og:description\" content=\"Imuniza\u00e7\u00e3o protege rec\u00e9m-nascidos contra bronquiolite nos primeiros seis meses de vida\" \/>\n<meta property=\"og:url\" content=\"https:\/\/www.pmpf.rs.gov.br\/secretaria-de-saude\/2025\/12\/05\/prefeitura-recebe-doses-contra-o-vsr-e-inicia-vacinacao-de-gestantes-na-proxima-terca-feira\/\" \/>\n<meta property=\"og:site_name\" content=\"Secretaria de Sa\u00fade\" \/>\n<meta property=\"article:published_time\" content=\"2025-12-05T13:31:24+00:00\" \/>\n<meta property=\"article:modified_time\" content=\"2025-12-05T13:31:25+00:00\" \/>\n<meta name=\"author\" content=\"lilicrivello\" \/>\n<meta name=\"twitter:card\" content=\"summary_large_image\" \/>\n<meta name=\"twitter:label1\" content=\"Escrito por\" \/>\n\t<meta name=\"twitter:data1\" content=\"lilicrivello\" \/>\n\t<meta name=\"twitter:label2\" content=\"Est. tempo de leitura\" \/>\n\t<meta name=\"twitter:data2\" content=\"1 minuto\" \/>\n<script type=\"application\/ld+json\" class=\"yoast-schema-graph\">{\"@context\":\"https:\/\/schema.org\",\"@graph\":[{\"@type\":\"WebPage\",\"@id\":\"https:\/\/www.pmpf.rs.gov.br\/secretaria-de-saude\/2025\/12\/05\/prefeitura-recebe-doses-contra-o-vsr-e-inicia-vacinacao-de-gestantes-na-proxima-terca-feira\/\",\"url\":\"https:\/\/www.pmpf.rs.gov.br\/secretaria-de-saude\/2025\/12\/05\/prefeitura-recebe-doses-contra-o-vsr-e-inicia-vacinacao-de-gestantes-na-proxima-terca-feira\/\",\"name\":\"Prefeitura recebe doses contra o VSR e inicia vacina\u00e7\u00e3o de gestantes na pr\u00f3xima ter\u00e7a-feira - Secretaria de Sa\u00fade\",\"isPartOf\":{\"@id\":\"https:\/\/www.pmpf.rs.gov.br\/secretaria-de-saude\/#website\"},\"primaryImageOfPage\":{\"@id\":\"https:\/\/www.pmpf.rs.gov.br\/secretaria-de-saude\/2025\/12\/05\/prefeitura-recebe-doses-contra-o-vsr-e-inicia-vacinacao-de-gestantes-na-proxima-terca-feira\/#primaryimage\"},\"image\":{\"@id\":\"https:\/\/www.pmpf.rs.gov.br\/secretaria-de-saude\/2025\/12\/05\/prefeitura-recebe-doses-contra-o-vsr-e-inicia-vacinacao-de-gestantes-na-proxima-terca-feira\/#primaryimage\"},\"thumbnailUrl\":\"https:\/\/www.pmpf.rs.gov.br\/secretaria-de-saude\/wp-content\/uploads\/sites\/50\/2025\/12\/252bbae0-7954-4429-944f-c3f9fdda497c.jpeg\",\"datePublished\":\"2025-12-05T13:31:24+00:00\",\"dateModified\":\"2025-12-05T13:31:25+00:00\",\"author\":{\"@id\":\"https:\/\/www.pmpf.rs.gov.br\/secretaria-de-saude\/#\/schema\/person\/6e93b0ab2174b69f691ac4f278ba2d0a\"},\"breadcrumb\":{\"@id\":\"https:\/\/www.pmpf.rs.gov.br\/secretaria-de-saude\/2025\/12\/05\/prefeitura-recebe-doses-contra-o-vsr-e-inicia-vacinacao-de-gestantes-na-proxima-terca-feira\/#breadcrumb\"},\"inLanguage\":\"pt-BR\",\"potentialAction\":[{\"@type\":\"ReadAction\",\"target\":[\"https:\/\/www.pmpf.rs.gov.br\/secretaria-de-saude\/2025\/12\/05\/prefeitura-recebe-doses-contra-o-vsr-e-inicia-vacinacao-de-gestantes-na-proxima-terca-feira\/\"]}]},{\"@type\":\"ImageObject\",\"inLanguage\":\"pt-BR\",\"@id\":\"https:\/\/www.pmpf.rs.gov.br\/secretaria-de-saude\/2025\/12\/05\/prefeitura-recebe-doses-contra-o-vsr-e-inicia-vacinacao-de-gestantes-na-proxima-terca-feira\/#primaryimage\",\"url\":\"https:\/\/www.pmpf.rs.gov.br\/secretaria-de-saude\/wp-content\/uploads\/sites\/50\/2025\/12\/252bbae0-7954-4429-944f-c3f9fdda497c.jpeg\",\"contentUrl\":\"https:\/\/www.pmpf.rs.gov.br\/secretaria-de-saude\/wp-content\/uploads\/sites\/50\/2025\/12\/252bbae0-7954-4429-944f-c3f9fdda497c.jpeg\",\"width\":768,\"height\":354},{\"@type\":\"BreadcrumbList\",\"@id\":\"https:\/\/www.pmpf.rs.gov.br\/secretaria-de-saude\/2025\/12\/05\/prefeitura-recebe-doses-contra-o-vsr-e-inicia-vacinacao-de-gestantes-na-proxima-terca-feira\/#breadcrumb\",\"itemListElement\":[{\"@type\":\"ListItem\",\"position\":1,\"name\":\"In\u00edcio\",\"item\":\"https:\/\/www.pmpf.rs.gov.br\/secretaria-de-saude\/\"},{\"@type\":\"ListItem\",\"position\":2,\"name\":\"Prefeitura recebe doses contra o VSR e inicia vacina\u00e7\u00e3o de gestantes na pr\u00f3xima ter\u00e7a-feira\"}]},{\"@type\":\"WebSite\",\"@id\":\"https:\/\/www.pmpf.rs.gov.br\/secretaria-de-saude\/#website\",\"url\":\"https:\/\/www.pmpf.rs.gov.br\/secretaria-de-saude\/\",\"name\":\"Secretaria de Sa\u00fade\",\"description\":\"S\u00f3 mais um site Prefeitura de Passo Fundo\",\"potentialAction\":[{\"@type\":\"SearchAction\",\"target\":{\"@type\":\"EntryPoint\",\"urlTemplate\":\"https:\/\/www.pmpf.rs.gov.br\/secretaria-de-saude\/?s={search_term_string}\"},\"query-input\":{\"@type\":\"PropertyValueSpecification\",\"valueRequired\":true,\"valueName\":\"search_term_string\"}}],\"inLanguage\":\"pt-BR\"},{\"@type\":\"Person\",\"@id\":\"https:\/\/www.pmpf.rs.gov.br\/secretaria-de-saude\/#\/schema\/person\/6e93b0ab2174b69f691ac4f278ba2d0a\",\"name\":\"lilicrivello\",\"image\":{\"@type\":\"ImageObject\",\"inLanguage\":\"pt-BR\",\"@id\":\"https:\/\/www.pmpf.rs.gov.br\/secretaria-de-saude\/#\/schema\/person\/image\/\",\"url\":\"https:\/\/secure.gravatar.com\/avatar\/0b546b667388f8edb7b67d70a57b5e46?s=96&d=mm&r=g\",\"contentUrl\":\"https:\/\/secure.gravatar.com\/avatar\/0b546b667388f8edb7b67d70a57b5e46?s=96&d=mm&r=g\",\"caption\":\"lilicrivello\"},\"url\":\"https:\/\/www.pmpf.rs.gov.br\/secretaria-de-saude\/author\/lilicrivello\/\"}]}<\/script>\n<!-- \/ Yoast SEO plugin. -->","yoast_head_json":{"title":"Prefeitura recebe doses contra o VSR e inicia vacina\u00e7\u00e3o de gestantes na pr\u00f3xima ter\u00e7a-feira - Secretaria de Sa\u00fade","robots":{"index":"index","follow":"follow","max-snippet":"max-snippet:-1","max-image-preview":"max-image-preview:large","max-video-preview":"max-video-preview:-1"},"canonical":"https:\/\/www.pmpf.rs.gov.br\/secretaria-de-saude\/2025\/12\/05\/prefeitura-recebe-doses-contra-o-vsr-e-inicia-vacinacao-de-gestantes-na-proxima-terca-feira\/","og_locale":"pt_BR","og_type":"article","og_title":"Prefeitura recebe doses contra o VSR e inicia vacina\u00e7\u00e3o de gestantes na pr\u00f3xima ter\u00e7a-feira - Secretaria de Sa\u00fade","og_description":"Imuniza\u00e7\u00e3o protege rec\u00e9m-nascidos contra bronquiolite nos primeiros seis meses de vida","og_url":"https:\/\/www.pmpf.rs.gov.br\/secretaria-de-saude\/2025\/12\/05\/prefeitura-recebe-doses-contra-o-vsr-e-inicia-vacinacao-de-gestantes-na-proxima-terca-feira\/","og_site_name":"Secretaria de Sa\u00fade","article_published_time":"2025-12-05T13:31:24+00:00","article_modified_time":"2025-12-05T13:31:25+00:00","author":"lilicrivello","twitter_card":"summary_large_image","twitter_misc":{"Escrito por":"lilicrivello","Est. tempo de leitura":"1 minuto"},"schema":{"@context":"https:\/\/schema.org","@graph":[{"@type":"WebPage","@id":"https:\/\/www.pmpf.rs.gov.br\/secretaria-de-saude\/2025\/12\/05\/prefeitura-recebe-doses-contra-o-vsr-e-inicia-vacinacao-de-gestantes-na-proxima-terca-feira\/","url":"https:\/\/www.pmpf.rs.gov.br\/secretaria-de-saude\/2025\/12\/05\/prefeitura-recebe-doses-contra-o-vsr-e-inicia-vacinacao-de-gestantes-na-proxima-terca-feira\/","name":"Prefeitura recebe doses contra o VSR e inicia vacina\u00e7\u00e3o de gestantes na pr\u00f3xima ter\u00e7a-feira - Secretaria de Sa\u00fade","isPartOf":{"@id":"https:\/\/www.pmpf.rs.gov.br\/secretaria-de-saude\/#website"},"primaryImageOfPage":{"@id":"https:\/\/www.pmpf.rs.gov.br\/secretaria-de-saude\/2025\/12\/05\/prefeitura-recebe-doses-contra-o-vsr-e-inicia-vacinacao-de-gestantes-na-proxima-terca-feira\/#primaryimage"},"image":{"@id":"https:\/\/www.pmpf.rs.gov.br\/secretaria-de-saude\/2025\/12\/05\/prefeitura-recebe-doses-contra-o-vsr-e-inicia-vacinacao-de-gestantes-na-proxima-terca-feira\/#primaryimage"},"thumbnailUrl":"https:\/\/www.pmpf.rs.gov.br\/secretaria-de-saude\/wp-content\/uploads\/sites\/50\/2025\/12\/252bbae0-7954-4429-944f-c3f9fdda497c.jpeg","datePublished":"2025-12-05T13:31:24+00:00","dateModified":"2025-12-05T13:31:25+00:00","author":{"@id":"https:\/\/www.pmpf.rs.gov.br\/secretaria-de-saude\/#\/schema\/person\/6e93b0ab2174b69f691ac4f278ba2d0a"},"breadcrumb":{"@id":"https:\/\/www.pmpf.rs.gov.br\/secretaria-de-saude\/2025\/12\/05\/prefeitura-recebe-doses-contra-o-vsr-e-inicia-vacinacao-de-gestantes-na-proxima-terca-feira\/#breadcrumb"},"inLanguage":"pt-BR","potentialAction":[{"@type":"ReadAction","target":["https:\/\/www.pmpf.rs.gov.br\/secretaria-de-saude\/2025\/12\/05\/prefeitura-recebe-doses-contra-o-vsr-e-inicia-vacinacao-de-gestantes-na-proxima-terca-feira\/"]}]},{"@type":"ImageObject","inLanguage":"pt-BR","@id":"https:\/\/www.pmpf.rs.gov.br\/secretaria-de-saude\/2025\/12\/05\/prefeitura-recebe-doses-contra-o-vsr-e-inicia-vacinacao-de-gestantes-na-proxima-terca-feira\/#primaryimage","url":"https:\/\/www.pmpf.rs.gov.br\/secretaria-de-saude\/wp-content\/uploads\/sites\/50\/2025\/12\/252bbae0-7954-4429-944f-c3f9fdda497c.jpeg","contentUrl":"https:\/\/www.pmpf.rs.gov.br\/secretaria-de-saude\/wp-content\/uploads\/sites\/50\/2025\/12\/252bbae0-7954-4429-944f-c3f9fdda497c.jpeg","width":768,"height":354},{"@type":"BreadcrumbList","@id":"https:\/\/www.pmpf.rs.gov.br\/secretaria-de-saude\/2025\/12\/05\/prefeitura-recebe-doses-contra-o-vsr-e-inicia-vacinacao-de-gestantes-na-proxima-terca-feira\/#breadcrumb","itemListElement":[{"@type":"ListItem","position":1,"name":"In\u00edcio","item":"https:\/\/www.pmpf.rs.gov.br\/secretaria-de-saude\/"},{"@type":"ListItem","position":2,"name":"Prefeitura recebe doses contra o VSR e inicia vacina\u00e7\u00e3o de gestantes na pr\u00f3xima ter\u00e7a-feira"}]},{"@type":"WebSite","@id":"https:\/\/www.pmpf.rs.gov.br\/secretaria-de-saude\/#website","url":"https:\/\/www.pmpf.rs.gov.br\/secretaria-de-saude\/","name":"Secretaria de Sa\u00fade","description":"S\u00f3 mais um site Prefeitura de Passo Fundo","potentialAction":[{"@type":"SearchAction","target":{"@type":"EntryPoint","urlTemplate":"https:\/\/www.pmpf.rs.gov.br\/secretaria-de-saude\/?s={search_term_string}"},"query-input":{"@type":"PropertyValueSpecification","valueRequired":true,"valueName":"search_term_string"}}],"inLanguage":"pt-BR"},{"@type":"Person","@id":"https:\/\/www.pmpf.rs.gov.br\/secretaria-de-saude\/#\/schema\/person\/6e93b0ab2174b69f691ac4f278ba2d0a","name":"lilicrivello","image":{"@type":"ImageObject","inLanguage":"pt-BR","@id":"https:\/\/www.pmpf.rs.gov.br\/secretaria-de-saude\/#\/schema\/person\/image\/","url":"https:\/\/secure.gravatar.com\/avatar\/0b546b667388f8edb7b67d70a57b5e46?s=96&d=mm&r=g","contentUrl":"https:\/\/secure.gravatar.com\/avatar\/0b546b667388f8edb7b67d70a57b5e46?s=96&d=mm&r=g","caption":"lilicrivello"},"url":"https:\/\/www.pmpf.rs.gov.br\/secretaria-de-saude\/author\/lilicrivello\/"}]}},"_links":{"self":[{"href":"https:\/\/www.pmpf.rs.gov.br\/secretaria-de-saude\/wp-json\/wp\/v2\/posts\/4818"}],"collection":[{"href":"https:\/\/www.pmpf.rs.gov.br\/secretaria-de-saude\/wp-json\/wp\/v2\/posts"}],"about":[{"href":"https:\/\/www.pmpf.rs.gov.br\/secretaria-de-saude\/wp-json\/wp\/v2\/types\/post"}],"author":[{"embeddable":true,"href":"https:\/\/www.pmpf.rs.gov.br\/secretaria-de-saude\/wp-json\/wp\/v2\/users\/24"}],"replies":[{"embeddable":true,"href":"https:\/\/www.pmpf.rs.gov.br\/secretaria-de-saude\/wp-json\/wp\/v2\/comments?post=4818"}],"version-history":[{"count":1,"href":"https:\/\/www.pmpf.rs.gov.br\/secretaria-de-saude\/wp-json\/wp\/v2\/posts\/4818\/revisions"}],"predecessor-version":[{"id":4820,"href":"https:\/\/www.pmpf.rs.gov.br\/secretaria-de-saude\/wp-json\/wp\/v2\/posts\/4818\/revisions\/4820"}],"wp:featuredmedia":[{"embeddable":true,"href":"https:\/\/www.pmpf.rs.gov.br\/secretaria-de-saude\/wp-json\/wp\/v2\/media\/4819"}],"wp:attachment":[{"href":"https:\/\/www.pmpf.rs.gov.br\/secretaria-de-saude\/wp-json\/wp\/v2\/media?parent=4818"}],"wp:term":[{"taxonomy":"category","embeddable":true,"href":"https:\/\/www.pmpf.rs.gov.br\/secretaria-de-saude\/wp-json\/wp\/v2\/categories?post=4818"},{"taxonomy":"post_tag","embeddable":true,"href":"https:\/\/www.pmpf.rs.gov.br\/secretaria-de-saude\/wp-json\/wp\/v2\/tags?post=4818"}],"curies":[{"name":"wp","href":"https:\/\/api.w.org\/{rel}","templated":true}]}}