{"id":4809,"date":"2025-12-03T08:01:46","date_gmt":"2025-12-03T11:01:46","guid":{"rendered":"https:\/\/www.pmpf.rs.gov.br\/secretaria-de-saude\/?p=4809"},"modified":"2025-12-03T08:01:51","modified_gmt":"2025-12-03T11:01:51","slug":"prefeitura-entrega-novo-espaco-do-centro-de-referencia-da-saude-da-mulher-e-saude-lgbti","status":"publish","type":"post","link":"https:\/\/www.pmpf.rs.gov.br\/secretaria-de-saude\/2025\/12\/03\/prefeitura-entrega-novo-espaco-do-centro-de-referencia-da-saude-da-mulher-e-saude-lgbti\/","title":{"rendered":"Prefeitura entrega novo espa\u00e7o do Centro de Refer\u00eancia da Sa\u00fade da Mulher e Sa\u00fade LGBTI+"},"content":{"rendered":"\n<p><\/p>\n\n\n\n<p>A Prefeitura de Passo Fundo entregou \u00e0 popula\u00e7\u00e3o o novo espa\u00e7o do Centro de Refer\u00eancia de Sa\u00fade da Mulher e do Centro de Refer\u00eancia de Sa\u00fade LGBTI+, que agora passam a atender no terceiro andar da Rua Ant\u00f4nio Ara\u00fajo, n\u00ba 1151. O local abriga, tamb\u00e9m, o Centro P\u00f3s-Covid e o Centro de Refer\u00eancia de Sa\u00fade do Idoso, reunindo em um mesmo endere\u00e7o servi\u00e7os especializados fundamentais para o cuidado integral da popula\u00e7\u00e3o.<\/p>\n\n\n\n<p>A secret\u00e1ria adjunta de Sa\u00fade, Caroline Gosch, destacou que a mudan\u00e7a representa mais do que um novo endere\u00e7o: simboliza um avan\u00e7o no compromisso do Munic\u00edpio com o cuidado integral e humanizado. \u201cContinuamos atuando na mesma linha de servi\u00e7os, com nossas ginecologistas trabalhando no pr\u00e9-natal de alto risco, no diagn\u00f3stico e cuidado ao c\u00e2ncer de colo de \u00fatero e no planejamento familiar voltado \u00e0 anticoncep\u00e7\u00e3o de longa dura\u00e7\u00e3o. Tamb\u00e9m seguimos atendendo o programa municipal Meu Beb\u00ea, Meu Tesouro, que hoje acompanha 500 mulheres em alta vulnerabilidade na Aten\u00e7\u00e3o Prim\u00e1ria\u201d, explicou.<\/p>\n\n\n\n<p>No Centro de Refer\u00eancia de Sa\u00fade da Mulher, seguem sendo ofertados atendimentos especializados para gestantes de alto risco, planejamento familiar \u2014 especialmente nos casos que envolvem anticoncep\u00e7\u00e3o de longa dura\u00e7\u00e3o \u2014 e diagn\u00f3stico e acompanhamento de c\u00e2ncer de colo de \u00fatero, sempre mediante encaminhamento da Aten\u00e7\u00e3o Prim\u00e1ria \u00e0 Sa\u00fade.<\/p>\n\n\n\n<p>O espa\u00e7o tamb\u00e9m abriga o Programa Meu Beb\u00ea, Meu Tesouro, que acompanha gestantes em situa\u00e7\u00e3o de vulnerabilidade e seus beb\u00eas at\u00e9 o primeiro ano de vida. Atualmente, mais de 500 mulheres fazem parte do programa, fortalecendo o cuidado cont\u00ednuo e preventivo na rede municipal.<\/p>\n\n\n\n<p>J\u00e1 o Centro de Refer\u00eancia de Sa\u00fade LGBTI+ oferece atendimento especializado com equipe multiprofissional composta por assistente social, enfermeiro, psic\u00f3logo, nutricionista, psiquiatra, endocrinologista, m\u00e9dico generalista e ginecologista. O servi\u00e7o trabalha com uma abordagem inclusiva, sens\u00edvel \u00e0s diferentes realidades vividas pela popula\u00e7\u00e3o LGBTI+, com foco na elimina\u00e7\u00e3o de barreiras de acesso e de qualquer forma de preconceito ou discrimina\u00e7\u00e3o.<\/p>\n\n\n\n<p>Caroline frisou que a entrega do novo espa\u00e7o materializa um projeto constru\u00eddo com dedica\u00e7\u00e3o e foco na qualidade do cuidado. \u201cAqui passa a funcionar tamb\u00e9m o novo espa\u00e7o do Centro de Refer\u00eancia de Sa\u00fade LGBTI+, resultado da soma de esfor\u00e7os e de um grande investimento p\u00fablico para garantir que esse local seja inaugurado e entregue \u00e0 nossa comunidade. Reafirmamos o nosso compromisso com o cuidado de todas as pessoas, com a diversidade e com um atendimento que as fa\u00e7a sentir-se protegidas, seguras e acolhidas\u201d, afirmou.<\/p>\n\n\n\n<p>O investimento realizado pelo Munic\u00edpio garantiu uma reforma completa em toda a estrutura, ampliando ambientes, modernizando salas de atendimento e oferecendo mais conforto e privacidade \u00e0s pessoas que utilizam diariamente esses servi\u00e7os.<\/p>\n","protected":false},"excerpt":{"rendered":"<p>Estrutura reformada amplia qualidade do atendimento especializado e refor\u00e7a compromisso com o cuidado humanizado<\/p>\n","protected":false},"author":24,"featured_media":4810,"comment_status":"closed","ping_status":"closed","sticky":false,"template":"","format":"standard","meta":{"footnotes":""},"categories":[1],"tags":[],"class_list":["post-4809","post","type-post","status-publish","format-standard","has-post-thumbnail","hentry","category-sem-categoria"],"yoast_head":"<!-- This site is optimized with the Yoast SEO plugin v23.8 - https:\/\/yoast.com\/wordpress\/plugins\/seo\/ -->\n<title>Prefeitura entrega novo espa\u00e7o do Centro de Refer\u00eancia da Sa\u00fade da Mulher e Sa\u00fade LGBTI+ - Secretaria de Sa\u00fade<\/title>\n<meta name=\"robots\" content=\"index, follow, max-snippet:-1, max-image-preview:large, max-video-preview:-1\" \/>\n<link rel=\"canonical\" href=\"https:\/\/www.pmpf.rs.gov.br\/secretaria-de-saude\/2025\/12\/03\/prefeitura-entrega-novo-espaco-do-centro-de-referencia-da-saude-da-mulher-e-saude-lgbti\/\" \/>\n<meta property=\"og:locale\" content=\"pt_BR\" \/>\n<meta property=\"og:type\" content=\"article\" \/>\n<meta property=\"og:title\" content=\"Prefeitura entrega novo espa\u00e7o do Centro de Refer\u00eancia da Sa\u00fade da Mulher e Sa\u00fade LGBTI+ - Secretaria de Sa\u00fade\" \/>\n<meta property=\"og:description\" content=\"Estrutura reformada amplia qualidade do atendimento especializado e refor\u00e7a compromisso com o cuidado humanizado\" \/>\n<meta property=\"og:url\" content=\"https:\/\/www.pmpf.rs.gov.br\/secretaria-de-saude\/2025\/12\/03\/prefeitura-entrega-novo-espaco-do-centro-de-referencia-da-saude-da-mulher-e-saude-lgbti\/\" \/>\n<meta property=\"og:site_name\" content=\"Secretaria de Sa\u00fade\" \/>\n<meta property=\"article:published_time\" content=\"2025-12-03T11:01:46+00:00\" \/>\n<meta property=\"article:modified_time\" content=\"2025-12-03T11:01:51+00:00\" \/>\n<meta name=\"author\" content=\"lilicrivello\" \/>\n<meta name=\"twitter:card\" content=\"summary_large_image\" \/>\n<meta name=\"twitter:label1\" content=\"Escrito por\" \/>\n\t<meta name=\"twitter:data1\" content=\"lilicrivello\" \/>\n\t<meta name=\"twitter:label2\" content=\"Est. tempo de leitura\" \/>\n\t<meta name=\"twitter:data2\" content=\"2 minutos\" \/>\n<script type=\"application\/ld+json\" class=\"yoast-schema-graph\">{\"@context\":\"https:\/\/schema.org\",\"@graph\":[{\"@type\":\"WebPage\",\"@id\":\"https:\/\/www.pmpf.rs.gov.br\/secretaria-de-saude\/2025\/12\/03\/prefeitura-entrega-novo-espaco-do-centro-de-referencia-da-saude-da-mulher-e-saude-lgbti\/\",\"url\":\"https:\/\/www.pmpf.rs.gov.br\/secretaria-de-saude\/2025\/12\/03\/prefeitura-entrega-novo-espaco-do-centro-de-referencia-da-saude-da-mulher-e-saude-lgbti\/\",\"name\":\"Prefeitura entrega novo espa\u00e7o do Centro de Refer\u00eancia da Sa\u00fade da Mulher e Sa\u00fade LGBTI+ - Secretaria de Sa\u00fade\",\"isPartOf\":{\"@id\":\"https:\/\/www.pmpf.rs.gov.br\/secretaria-de-saude\/#website\"},\"primaryImageOfPage\":{\"@id\":\"https:\/\/www.pmpf.rs.gov.br\/secretaria-de-saude\/2025\/12\/03\/prefeitura-entrega-novo-espaco-do-centro-de-referencia-da-saude-da-mulher-e-saude-lgbti\/#primaryimage\"},\"image\":{\"@id\":\"https:\/\/www.pmpf.rs.gov.br\/secretaria-de-saude\/2025\/12\/03\/prefeitura-entrega-novo-espaco-do-centro-de-referencia-da-saude-da-mulher-e-saude-lgbti\/#primaryimage\"},\"thumbnailUrl\":\"https:\/\/www.pmpf.rs.gov.br\/secretaria-de-saude\/wp-content\/uploads\/sites\/50\/2025\/12\/Captura-de-tela-2025-12-03-080045.png\",\"datePublished\":\"2025-12-03T11:01:46+00:00\",\"dateModified\":\"2025-12-03T11:01:51+00:00\",\"author\":{\"@id\":\"https:\/\/www.pmpf.rs.gov.br\/secretaria-de-saude\/#\/schema\/person\/6e93b0ab2174b69f691ac4f278ba2d0a\"},\"breadcrumb\":{\"@id\":\"https:\/\/www.pmpf.rs.gov.br\/secretaria-de-saude\/2025\/12\/03\/prefeitura-entrega-novo-espaco-do-centro-de-referencia-da-saude-da-mulher-e-saude-lgbti\/#breadcrumb\"},\"inLanguage\":\"pt-BR\",\"potentialAction\":[{\"@type\":\"ReadAction\",\"target\":[\"https:\/\/www.pmpf.rs.gov.br\/secretaria-de-saude\/2025\/12\/03\/prefeitura-entrega-novo-espaco-do-centro-de-referencia-da-saude-da-mulher-e-saude-lgbti\/\"]}]},{\"@type\":\"ImageObject\",\"inLanguage\":\"pt-BR\",\"@id\":\"https:\/\/www.pmpf.rs.gov.br\/secretaria-de-saude\/2025\/12\/03\/prefeitura-entrega-novo-espaco-do-centro-de-referencia-da-saude-da-mulher-e-saude-lgbti\/#primaryimage\",\"url\":\"https:\/\/www.pmpf.rs.gov.br\/secretaria-de-saude\/wp-content\/uploads\/sites\/50\/2025\/12\/Captura-de-tela-2025-12-03-080045.png\",\"contentUrl\":\"https:\/\/www.pmpf.rs.gov.br\/secretaria-de-saude\/wp-content\/uploads\/sites\/50\/2025\/12\/Captura-de-tela-2025-12-03-080045.png\",\"width\":1037,\"height\":675},{\"@type\":\"BreadcrumbList\",\"@id\":\"https:\/\/www.pmpf.rs.gov.br\/secretaria-de-saude\/2025\/12\/03\/prefeitura-entrega-novo-espaco-do-centro-de-referencia-da-saude-da-mulher-e-saude-lgbti\/#breadcrumb\",\"itemListElement\":[{\"@type\":\"ListItem\",\"position\":1,\"name\":\"In\u00edcio\",\"item\":\"https:\/\/www.pmpf.rs.gov.br\/secretaria-de-saude\/\"},{\"@type\":\"ListItem\",\"position\":2,\"name\":\"Prefeitura entrega novo espa\u00e7o do Centro de Refer\u00eancia da Sa\u00fade da Mulher e Sa\u00fade LGBTI+\"}]},{\"@type\":\"WebSite\",\"@id\":\"https:\/\/www.pmpf.rs.gov.br\/secretaria-de-saude\/#website\",\"url\":\"https:\/\/www.pmpf.rs.gov.br\/secretaria-de-saude\/\",\"name\":\"Secretaria de Sa\u00fade\",\"description\":\"S\u00f3 mais um site Prefeitura de Passo Fundo\",\"potentialAction\":[{\"@type\":\"SearchAction\",\"target\":{\"@type\":\"EntryPoint\",\"urlTemplate\":\"https:\/\/www.pmpf.rs.gov.br\/secretaria-de-saude\/?s={search_term_string}\"},\"query-input\":{\"@type\":\"PropertyValueSpecification\",\"valueRequired\":true,\"valueName\":\"search_term_string\"}}],\"inLanguage\":\"pt-BR\"},{\"@type\":\"Person\",\"@id\":\"https:\/\/www.pmpf.rs.gov.br\/secretaria-de-saude\/#\/schema\/person\/6e93b0ab2174b69f691ac4f278ba2d0a\",\"name\":\"lilicrivello\",\"image\":{\"@type\":\"ImageObject\",\"inLanguage\":\"pt-BR\",\"@id\":\"https:\/\/www.pmpf.rs.gov.br\/secretaria-de-saude\/#\/schema\/person\/image\/\",\"url\":\"https:\/\/secure.gravatar.com\/avatar\/0b546b667388f8edb7b67d70a57b5e46?s=96&d=mm&r=g\",\"contentUrl\":\"https:\/\/secure.gravatar.com\/avatar\/0b546b667388f8edb7b67d70a57b5e46?s=96&d=mm&r=g\",\"caption\":\"lilicrivello\"},\"url\":\"https:\/\/www.pmpf.rs.gov.br\/secretaria-de-saude\/author\/lilicrivello\/\"}]}<\/script>\n<!-- \/ Yoast SEO plugin. -->","yoast_head_json":{"title":"Prefeitura entrega novo espa\u00e7o do Centro de Refer\u00eancia da Sa\u00fade da Mulher e Sa\u00fade LGBTI+ - Secretaria de Sa\u00fade","robots":{"index":"index","follow":"follow","max-snippet":"max-snippet:-1","max-image-preview":"max-image-preview:large","max-video-preview":"max-video-preview:-1"},"canonical":"https:\/\/www.pmpf.rs.gov.br\/secretaria-de-saude\/2025\/12\/03\/prefeitura-entrega-novo-espaco-do-centro-de-referencia-da-saude-da-mulher-e-saude-lgbti\/","og_locale":"pt_BR","og_type":"article","og_title":"Prefeitura entrega novo espa\u00e7o do Centro de Refer\u00eancia da Sa\u00fade da Mulher e Sa\u00fade LGBTI+ - Secretaria de Sa\u00fade","og_description":"Estrutura reformada amplia qualidade do atendimento especializado e refor\u00e7a compromisso com o cuidado humanizado","og_url":"https:\/\/www.pmpf.rs.gov.br\/secretaria-de-saude\/2025\/12\/03\/prefeitura-entrega-novo-espaco-do-centro-de-referencia-da-saude-da-mulher-e-saude-lgbti\/","og_site_name":"Secretaria de Sa\u00fade","article_published_time":"2025-12-03T11:01:46+00:00","article_modified_time":"2025-12-03T11:01:51+00:00","author":"lilicrivello","twitter_card":"summary_large_image","twitter_misc":{"Escrito por":"lilicrivello","Est. tempo de leitura":"2 minutos"},"schema":{"@context":"https:\/\/schema.org","@graph":[{"@type":"WebPage","@id":"https:\/\/www.pmpf.rs.gov.br\/secretaria-de-saude\/2025\/12\/03\/prefeitura-entrega-novo-espaco-do-centro-de-referencia-da-saude-da-mulher-e-saude-lgbti\/","url":"https:\/\/www.pmpf.rs.gov.br\/secretaria-de-saude\/2025\/12\/03\/prefeitura-entrega-novo-espaco-do-centro-de-referencia-da-saude-da-mulher-e-saude-lgbti\/","name":"Prefeitura entrega novo espa\u00e7o do Centro de Refer\u00eancia da Sa\u00fade da Mulher e Sa\u00fade LGBTI+ - Secretaria de Sa\u00fade","isPartOf":{"@id":"https:\/\/www.pmpf.rs.gov.br\/secretaria-de-saude\/#website"},"primaryImageOfPage":{"@id":"https:\/\/www.pmpf.rs.gov.br\/secretaria-de-saude\/2025\/12\/03\/prefeitura-entrega-novo-espaco-do-centro-de-referencia-da-saude-da-mulher-e-saude-lgbti\/#primaryimage"},"image":{"@id":"https:\/\/www.pmpf.rs.gov.br\/secretaria-de-saude\/2025\/12\/03\/prefeitura-entrega-novo-espaco-do-centro-de-referencia-da-saude-da-mulher-e-saude-lgbti\/#primaryimage"},"thumbnailUrl":"https:\/\/www.pmpf.rs.gov.br\/secretaria-de-saude\/wp-content\/uploads\/sites\/50\/2025\/12\/Captura-de-tela-2025-12-03-080045.png","datePublished":"2025-12-03T11:01:46+00:00","dateModified":"2025-12-03T11:01:51+00:00","author":{"@id":"https:\/\/www.pmpf.rs.gov.br\/secretaria-de-saude\/#\/schema\/person\/6e93b0ab2174b69f691ac4f278ba2d0a"},"breadcrumb":{"@id":"https:\/\/www.pmpf.rs.gov.br\/secretaria-de-saude\/2025\/12\/03\/prefeitura-entrega-novo-espaco-do-centro-de-referencia-da-saude-da-mulher-e-saude-lgbti\/#breadcrumb"},"inLanguage":"pt-BR","potentialAction":[{"@type":"ReadAction","target":["https:\/\/www.pmpf.rs.gov.br\/secretaria-de-saude\/2025\/12\/03\/prefeitura-entrega-novo-espaco-do-centro-de-referencia-da-saude-da-mulher-e-saude-lgbti\/"]}]},{"@type":"ImageObject","inLanguage":"pt-BR","@id":"https:\/\/www.pmpf.rs.gov.br\/secretaria-de-saude\/2025\/12\/03\/prefeitura-entrega-novo-espaco-do-centro-de-referencia-da-saude-da-mulher-e-saude-lgbti\/#primaryimage","url":"https:\/\/www.pmpf.rs.gov.br\/secretaria-de-saude\/wp-content\/uploads\/sites\/50\/2025\/12\/Captura-de-tela-2025-12-03-080045.png","contentUrl":"https:\/\/www.pmpf.rs.gov.br\/secretaria-de-saude\/wp-content\/uploads\/sites\/50\/2025\/12\/Captura-de-tela-2025-12-03-080045.png","width":1037,"height":675},{"@type":"BreadcrumbList","@id":"https:\/\/www.pmpf.rs.gov.br\/secretaria-de-saude\/2025\/12\/03\/prefeitura-entrega-novo-espaco-do-centro-de-referencia-da-saude-da-mulher-e-saude-lgbti\/#breadcrumb","itemListElement":[{"@type":"ListItem","position":1,"name":"In\u00edcio","item":"https:\/\/www.pmpf.rs.gov.br\/secretaria-de-saude\/"},{"@type":"ListItem","position":2,"name":"Prefeitura entrega novo espa\u00e7o do Centro de Refer\u00eancia da Sa\u00fade da Mulher e Sa\u00fade LGBTI+"}]},{"@type":"WebSite","@id":"https:\/\/www.pmpf.rs.gov.br\/secretaria-de-saude\/#website","url":"https:\/\/www.pmpf.rs.gov.br\/secretaria-de-saude\/","name":"Secretaria de Sa\u00fade","description":"S\u00f3 mais um site Prefeitura de Passo Fundo","potentialAction":[{"@type":"SearchAction","target":{"@type":"EntryPoint","urlTemplate":"https:\/\/www.pmpf.rs.gov.br\/secretaria-de-saude\/?s={search_term_string}"},"query-input":{"@type":"PropertyValueSpecification","valueRequired":true,"valueName":"search_term_string"}}],"inLanguage":"pt-BR"},{"@type":"Person","@id":"https:\/\/www.pmpf.rs.gov.br\/secretaria-de-saude\/#\/schema\/person\/6e93b0ab2174b69f691ac4f278ba2d0a","name":"lilicrivello","image":{"@type":"ImageObject","inLanguage":"pt-BR","@id":"https:\/\/www.pmpf.rs.gov.br\/secretaria-de-saude\/#\/schema\/person\/image\/","url":"https:\/\/secure.gravatar.com\/avatar\/0b546b667388f8edb7b67d70a57b5e46?s=96&d=mm&r=g","contentUrl":"https:\/\/secure.gravatar.com\/avatar\/0b546b667388f8edb7b67d70a57b5e46?s=96&d=mm&r=g","caption":"lilicrivello"},"url":"https:\/\/www.pmpf.rs.gov.br\/secretaria-de-saude\/author\/lilicrivello\/"}]}},"_links":{"self":[{"href":"https:\/\/www.pmpf.rs.gov.br\/secretaria-de-saude\/wp-json\/wp\/v2\/posts\/4809"}],"collection":[{"href":"https:\/\/www.pmpf.rs.gov.br\/secretaria-de-saude\/wp-json\/wp\/v2\/posts"}],"about":[{"href":"https:\/\/www.pmpf.rs.gov.br\/secretaria-de-saude\/wp-json\/wp\/v2\/types\/post"}],"author":[{"embeddable":true,"href":"https:\/\/www.pmpf.rs.gov.br\/secretaria-de-saude\/wp-json\/wp\/v2\/users\/24"}],"replies":[{"embeddable":true,"href":"https:\/\/www.pmpf.rs.gov.br\/secretaria-de-saude\/wp-json\/wp\/v2\/comments?post=4809"}],"version-history":[{"count":1,"href":"https:\/\/www.pmpf.rs.gov.br\/secretaria-de-saude\/wp-json\/wp\/v2\/posts\/4809\/revisions"}],"predecessor-version":[{"id":4811,"href":"https:\/\/www.pmpf.rs.gov.br\/secretaria-de-saude\/wp-json\/wp\/v2\/posts\/4809\/revisions\/4811"}],"wp:featuredmedia":[{"embeddable":true,"href":"https:\/\/www.pmpf.rs.gov.br\/secretaria-de-saude\/wp-json\/wp\/v2\/media\/4810"}],"wp:attachment":[{"href":"https:\/\/www.pmpf.rs.gov.br\/secretaria-de-saude\/wp-json\/wp\/v2\/media?parent=4809"}],"wp:term":[{"taxonomy":"category","embeddable":true,"href":"https:\/\/www.pmpf.rs.gov.br\/secretaria-de-saude\/wp-json\/wp\/v2\/categories?post=4809"},{"taxonomy":"post_tag","embeddable":true,"href":"https:\/\/www.pmpf.rs.gov.br\/secretaria-de-saude\/wp-json\/wp\/v2\/tags?post=4809"}],"curies":[{"name":"wp","href":"https:\/\/api.w.org\/{rel}","templated":true}]}}