{"id":4804,"date":"2025-11-28T08:29:38","date_gmt":"2025-11-28T11:29:38","guid":{"rendered":"https:\/\/www.pmpf.rs.gov.br\/secretaria-de-saude\/?p=4804"},"modified":"2025-11-28T08:29:43","modified_gmt":"2025-11-28T11:29:43","slug":"impacto-do-diabetes-na-saude-humana-mobiliza-capacitacao-com-agentes-comunitarios-de-saude-em-passo-fundo","status":"publish","type":"post","link":"https:\/\/www.pmpf.rs.gov.br\/secretaria-de-saude\/2025\/11\/28\/impacto-do-diabetes-na-saude-humana-mobiliza-capacitacao-com-agentes-comunitarios-de-saude-em-passo-fundo\/","title":{"rendered":"Impacto do diabetes na sa\u00fade humana mobiliza capacita\u00e7\u00e3o com agentes comunit\u00e1rios de sa\u00fade em Passo Fundo"},"content":{"rendered":"\n<p><strong><br><br><\/strong>Com objetivo de conscientiza\u00e7\u00e3o sobre o novembro azul e o impacto do diabetes na sa\u00fade, o Instituto M\u00e9deri promoveu uma capacita\u00e7\u00e3o para agentes comunit\u00e1rios de sa\u00fade de Passo Fundo nessa quarta-feira (26). A atividade foi realizada em parceria com a Secretaria Municipal de Sa\u00fade, no audit\u00f3rio do campus II da Universidade de Passo Fundo (UPF).<\/p>\n\n\n\n<p>A atividade, que teve como tema o impacto da diabetes e o papel estrat\u00e9gico do agente de sa\u00fade, foi ministrada pela m\u00e9dica do Instituto M\u00e9deri, Dra. Karla Cortez. A forma\u00e7\u00e3o apresentou o papel estrat\u00e9gico dos profissionais no aux\u00edlio \u00e0 sa\u00fade municipal, esclareceu os tratamentos e avan\u00e7os na \u00e1rea para melhorar a qualidade de vida e fomentou a import\u00e2ncia de orientar os pacientes de maneira simples e como os agentes podem ser uma ferramenta poderosa para promover a sa\u00fade.<\/p>\n\n\n\n<p>De acordo com a m\u00e9dica do Instituto M\u00e9deri, Dra. Karla Cortez, a capacita\u00e7\u00e3o para os agentes comunit\u00e1rios de sa\u00fade \u00e9 fundamental em virtude da atua\u00e7\u00e3o nas Unidades B\u00e1sicas de Sa\u00fade (UBS) do munic\u00edpio, sendo um forte elo entre o sistema de sa\u00fade e a comunidade pois esses profissionais s\u00e3o a \u201cporta de entrada\u201d para o sistema de sa\u00fade, com visitas domiciliares e identifica\u00e7\u00e3o de situa\u00e7\u00f5es e poss\u00edveis complica\u00e7\u00f5es.<\/p>\n\n\n\n<p>\u201cS\u00e3o eles que orientam sobre preven\u00e7\u00e3o de doen\u00e7as e conectam a comunidade com as equipes de sa\u00fade. Ent\u00e3o, uma capacita\u00e7\u00e3o como essa vem a contribuir para que eles estejam atualizados e cada vez mais capacitados para prestar esse servi\u00e7o \u00e0 comunidade\u201d, enfatizou.<br><br>Os agentes comunit\u00e1rios de sa\u00fade tamb\u00e9m obtiveram um workshop com orienta\u00e7\u00f5es pertinentes para auxiliar em sua rotina di\u00e1ria e seu fluxo de trabalho, tendo acesso a maneira de orientar os pacientes para um estilo de vida mais saud\u00e1vel e pr\u00e1ticas que podem ser realizadas no dia a dia que tem um impacto significativamente positivo na sa\u00fade da popula\u00e7\u00e3o.<\/p>\n\n\n\n<p>A agente comunit\u00e1ria de sa\u00fade de Passo Fundo, Rosimar Ara\u00fajo de Sousa, afirmou que o momento foi oportuno para o esclarecimento de d\u00favidas comuns do dia a dia, principalmente as que surgem do contato com as pessoas.&nbsp;&nbsp; \u201cA diabetes \u00e9 uma doen\u00e7a bem silenciosa, ent\u00e3o, a cada dia tem casos novos. A gente j\u00e1 teve v\u00e1rias capacita\u00e7\u00f5es, mas sempre tem algo novo para se aprender, eu acho bem importante\u201d, pontuou.<\/p>\n\n\n\n<p><strong>O impacto no cotidiano<br><\/strong>Segundo a Dra. Karla, a capacita\u00e7\u00e3o tamb\u00e9m aprofundou como o diabetes impacta no cotidiano, na qualidade de vida e sa\u00fade emocional dos pacientes. \u201cMais do que as estat\u00edsticas que apresentamos, exploramos as medidas essenciais para o controle da doen\u00e7a, minimizando o risco de complica\u00e7\u00f5es graves, como retinopatia, nefropatia e problemas cardiovasculares\u201d, declarou a m\u00e9dica.<\/p>\n","protected":false},"excerpt":{"rendered":"<p>\u00a0\u00a0Em parceria com Secretaria de Sa\u00fade de Passo Fundo, Instituto M\u00e9deri promoveu atividade estrat\u00e9gica com profissionais que s\u00e3o \u201cporta de entrada\u201d no acesso \u00e0 sa\u00fade municipal<\/p>\n","protected":false},"author":24,"featured_media":4805,"comment_status":"closed","ping_status":"closed","sticky":false,"template":"","format":"standard","meta":{"footnotes":""},"categories":[1],"tags":[],"class_list":["post-4804","post","type-post","status-publish","format-standard","has-post-thumbnail","hentry","category-sem-categoria"],"yoast_head":"<!-- This site is optimized with the Yoast SEO plugin v23.8 - https:\/\/yoast.com\/wordpress\/plugins\/seo\/ -->\n<title>Impacto do diabetes na sa\u00fade humana mobiliza capacita\u00e7\u00e3o com agentes comunit\u00e1rios de sa\u00fade em Passo Fundo - Secretaria de Sa\u00fade<\/title>\n<meta name=\"robots\" content=\"index, follow, max-snippet:-1, max-image-preview:large, max-video-preview:-1\" \/>\n<link rel=\"canonical\" href=\"https:\/\/www.pmpf.rs.gov.br\/secretaria-de-saude\/2025\/11\/28\/impacto-do-diabetes-na-saude-humana-mobiliza-capacitacao-com-agentes-comunitarios-de-saude-em-passo-fundo\/\" \/>\n<meta property=\"og:locale\" content=\"pt_BR\" \/>\n<meta property=\"og:type\" content=\"article\" \/>\n<meta property=\"og:title\" content=\"Impacto do diabetes na sa\u00fade humana mobiliza capacita\u00e7\u00e3o com agentes comunit\u00e1rios de sa\u00fade em Passo Fundo - Secretaria de Sa\u00fade\" \/>\n<meta property=\"og:description\" content=\"\u00a0\u00a0Em parceria com Secretaria de Sa\u00fade de Passo Fundo, Instituto M\u00e9deri promoveu atividade estrat\u00e9gica com profissionais que s\u00e3o \u201cporta de entrada\u201d no acesso \u00e0 sa\u00fade municipal\" \/>\n<meta property=\"og:url\" content=\"https:\/\/www.pmpf.rs.gov.br\/secretaria-de-saude\/2025\/11\/28\/impacto-do-diabetes-na-saude-humana-mobiliza-capacitacao-com-agentes-comunitarios-de-saude-em-passo-fundo\/\" \/>\n<meta property=\"og:site_name\" content=\"Secretaria de Sa\u00fade\" \/>\n<meta property=\"article:published_time\" content=\"2025-11-28T11:29:38+00:00\" \/>\n<meta property=\"article:modified_time\" content=\"2025-11-28T11:29:43+00:00\" \/>\n<meta name=\"author\" content=\"lilicrivello\" \/>\n<meta name=\"twitter:card\" content=\"summary_large_image\" \/>\n<meta name=\"twitter:label1\" content=\"Escrito por\" \/>\n\t<meta name=\"twitter:data1\" content=\"lilicrivello\" \/>\n\t<meta name=\"twitter:label2\" content=\"Est. tempo de leitura\" \/>\n\t<meta name=\"twitter:data2\" content=\"2 minutos\" \/>\n<script type=\"application\/ld+json\" class=\"yoast-schema-graph\">{\"@context\":\"https:\/\/schema.org\",\"@graph\":[{\"@type\":\"WebPage\",\"@id\":\"https:\/\/www.pmpf.rs.gov.br\/secretaria-de-saude\/2025\/11\/28\/impacto-do-diabetes-na-saude-humana-mobiliza-capacitacao-com-agentes-comunitarios-de-saude-em-passo-fundo\/\",\"url\":\"https:\/\/www.pmpf.rs.gov.br\/secretaria-de-saude\/2025\/11\/28\/impacto-do-diabetes-na-saude-humana-mobiliza-capacitacao-com-agentes-comunitarios-de-saude-em-passo-fundo\/\",\"name\":\"Impacto do diabetes na sa\u00fade humana mobiliza capacita\u00e7\u00e3o com agentes comunit\u00e1rios de sa\u00fade em Passo Fundo - Secretaria de Sa\u00fade\",\"isPartOf\":{\"@id\":\"https:\/\/www.pmpf.rs.gov.br\/secretaria-de-saude\/#website\"},\"primaryImageOfPage\":{\"@id\":\"https:\/\/www.pmpf.rs.gov.br\/secretaria-de-saude\/2025\/11\/28\/impacto-do-diabetes-na-saude-humana-mobiliza-capacitacao-com-agentes-comunitarios-de-saude-em-passo-fundo\/#primaryimage\"},\"image\":{\"@id\":\"https:\/\/www.pmpf.rs.gov.br\/secretaria-de-saude\/2025\/11\/28\/impacto-do-diabetes-na-saude-humana-mobiliza-capacitacao-com-agentes-comunitarios-de-saude-em-passo-fundo\/#primaryimage\"},\"thumbnailUrl\":\"https:\/\/www.pmpf.rs.gov.br\/secretaria-de-saude\/wp-content\/uploads\/sites\/50\/2025\/11\/Instituto-Mederi-Capacitacao-para-agentes-2.jpeg\",\"datePublished\":\"2025-11-28T11:29:38+00:00\",\"dateModified\":\"2025-11-28T11:29:43+00:00\",\"author\":{\"@id\":\"https:\/\/www.pmpf.rs.gov.br\/secretaria-de-saude\/#\/schema\/person\/6e93b0ab2174b69f691ac4f278ba2d0a\"},\"breadcrumb\":{\"@id\":\"https:\/\/www.pmpf.rs.gov.br\/secretaria-de-saude\/2025\/11\/28\/impacto-do-diabetes-na-saude-humana-mobiliza-capacitacao-com-agentes-comunitarios-de-saude-em-passo-fundo\/#breadcrumb\"},\"inLanguage\":\"pt-BR\",\"potentialAction\":[{\"@type\":\"ReadAction\",\"target\":[\"https:\/\/www.pmpf.rs.gov.br\/secretaria-de-saude\/2025\/11\/28\/impacto-do-diabetes-na-saude-humana-mobiliza-capacitacao-com-agentes-comunitarios-de-saude-em-passo-fundo\/\"]}]},{\"@type\":\"ImageObject\",\"inLanguage\":\"pt-BR\",\"@id\":\"https:\/\/www.pmpf.rs.gov.br\/secretaria-de-saude\/2025\/11\/28\/impacto-do-diabetes-na-saude-humana-mobiliza-capacitacao-com-agentes-comunitarios-de-saude-em-passo-fundo\/#primaryimage\",\"url\":\"https:\/\/www.pmpf.rs.gov.br\/secretaria-de-saude\/wp-content\/uploads\/sites\/50\/2025\/11\/Instituto-Mederi-Capacitacao-para-agentes-2.jpeg\",\"contentUrl\":\"https:\/\/www.pmpf.rs.gov.br\/secretaria-de-saude\/wp-content\/uploads\/sites\/50\/2025\/11\/Instituto-Mederi-Capacitacao-para-agentes-2.jpeg\",\"width\":1600,\"height\":1066},{\"@type\":\"BreadcrumbList\",\"@id\":\"https:\/\/www.pmpf.rs.gov.br\/secretaria-de-saude\/2025\/11\/28\/impacto-do-diabetes-na-saude-humana-mobiliza-capacitacao-com-agentes-comunitarios-de-saude-em-passo-fundo\/#breadcrumb\",\"itemListElement\":[{\"@type\":\"ListItem\",\"position\":1,\"name\":\"In\u00edcio\",\"item\":\"https:\/\/www.pmpf.rs.gov.br\/secretaria-de-saude\/\"},{\"@type\":\"ListItem\",\"position\":2,\"name\":\"Impacto do diabetes na sa\u00fade humana mobiliza capacita\u00e7\u00e3o com agentes comunit\u00e1rios de sa\u00fade em Passo Fundo\"}]},{\"@type\":\"WebSite\",\"@id\":\"https:\/\/www.pmpf.rs.gov.br\/secretaria-de-saude\/#website\",\"url\":\"https:\/\/www.pmpf.rs.gov.br\/secretaria-de-saude\/\",\"name\":\"Secretaria de Sa\u00fade\",\"description\":\"S\u00f3 mais um site Prefeitura de Passo Fundo\",\"potentialAction\":[{\"@type\":\"SearchAction\",\"target\":{\"@type\":\"EntryPoint\",\"urlTemplate\":\"https:\/\/www.pmpf.rs.gov.br\/secretaria-de-saude\/?s={search_term_string}\"},\"query-input\":{\"@type\":\"PropertyValueSpecification\",\"valueRequired\":true,\"valueName\":\"search_term_string\"}}],\"inLanguage\":\"pt-BR\"},{\"@type\":\"Person\",\"@id\":\"https:\/\/www.pmpf.rs.gov.br\/secretaria-de-saude\/#\/schema\/person\/6e93b0ab2174b69f691ac4f278ba2d0a\",\"name\":\"lilicrivello\",\"image\":{\"@type\":\"ImageObject\",\"inLanguage\":\"pt-BR\",\"@id\":\"https:\/\/www.pmpf.rs.gov.br\/secretaria-de-saude\/#\/schema\/person\/image\/\",\"url\":\"https:\/\/secure.gravatar.com\/avatar\/0b546b667388f8edb7b67d70a57b5e46?s=96&d=mm&r=g\",\"contentUrl\":\"https:\/\/secure.gravatar.com\/avatar\/0b546b667388f8edb7b67d70a57b5e46?s=96&d=mm&r=g\",\"caption\":\"lilicrivello\"},\"url\":\"https:\/\/www.pmpf.rs.gov.br\/secretaria-de-saude\/author\/lilicrivello\/\"}]}<\/script>\n<!-- \/ Yoast SEO plugin. -->","yoast_head_json":{"title":"Impacto do diabetes na sa\u00fade humana mobiliza capacita\u00e7\u00e3o com agentes comunit\u00e1rios de sa\u00fade em Passo Fundo - Secretaria de Sa\u00fade","robots":{"index":"index","follow":"follow","max-snippet":"max-snippet:-1","max-image-preview":"max-image-preview:large","max-video-preview":"max-video-preview:-1"},"canonical":"https:\/\/www.pmpf.rs.gov.br\/secretaria-de-saude\/2025\/11\/28\/impacto-do-diabetes-na-saude-humana-mobiliza-capacitacao-com-agentes-comunitarios-de-saude-em-passo-fundo\/","og_locale":"pt_BR","og_type":"article","og_title":"Impacto do diabetes na sa\u00fade humana mobiliza capacita\u00e7\u00e3o com agentes comunit\u00e1rios de sa\u00fade em Passo Fundo - Secretaria de Sa\u00fade","og_description":"\u00a0\u00a0Em parceria com Secretaria de Sa\u00fade de Passo Fundo, Instituto M\u00e9deri promoveu atividade estrat\u00e9gica com profissionais que s\u00e3o \u201cporta de entrada\u201d no acesso \u00e0 sa\u00fade municipal","og_url":"https:\/\/www.pmpf.rs.gov.br\/secretaria-de-saude\/2025\/11\/28\/impacto-do-diabetes-na-saude-humana-mobiliza-capacitacao-com-agentes-comunitarios-de-saude-em-passo-fundo\/","og_site_name":"Secretaria de Sa\u00fade","article_published_time":"2025-11-28T11:29:38+00:00","article_modified_time":"2025-11-28T11:29:43+00:00","author":"lilicrivello","twitter_card":"summary_large_image","twitter_misc":{"Escrito por":"lilicrivello","Est. tempo de leitura":"2 minutos"},"schema":{"@context":"https:\/\/schema.org","@graph":[{"@type":"WebPage","@id":"https:\/\/www.pmpf.rs.gov.br\/secretaria-de-saude\/2025\/11\/28\/impacto-do-diabetes-na-saude-humana-mobiliza-capacitacao-com-agentes-comunitarios-de-saude-em-passo-fundo\/","url":"https:\/\/www.pmpf.rs.gov.br\/secretaria-de-saude\/2025\/11\/28\/impacto-do-diabetes-na-saude-humana-mobiliza-capacitacao-com-agentes-comunitarios-de-saude-em-passo-fundo\/","name":"Impacto do diabetes na sa\u00fade humana mobiliza capacita\u00e7\u00e3o com agentes comunit\u00e1rios de sa\u00fade em Passo Fundo - Secretaria de Sa\u00fade","isPartOf":{"@id":"https:\/\/www.pmpf.rs.gov.br\/secretaria-de-saude\/#website"},"primaryImageOfPage":{"@id":"https:\/\/www.pmpf.rs.gov.br\/secretaria-de-saude\/2025\/11\/28\/impacto-do-diabetes-na-saude-humana-mobiliza-capacitacao-com-agentes-comunitarios-de-saude-em-passo-fundo\/#primaryimage"},"image":{"@id":"https:\/\/www.pmpf.rs.gov.br\/secretaria-de-saude\/2025\/11\/28\/impacto-do-diabetes-na-saude-humana-mobiliza-capacitacao-com-agentes-comunitarios-de-saude-em-passo-fundo\/#primaryimage"},"thumbnailUrl":"https:\/\/www.pmpf.rs.gov.br\/secretaria-de-saude\/wp-content\/uploads\/sites\/50\/2025\/11\/Instituto-Mederi-Capacitacao-para-agentes-2.jpeg","datePublished":"2025-11-28T11:29:38+00:00","dateModified":"2025-11-28T11:29:43+00:00","author":{"@id":"https:\/\/www.pmpf.rs.gov.br\/secretaria-de-saude\/#\/schema\/person\/6e93b0ab2174b69f691ac4f278ba2d0a"},"breadcrumb":{"@id":"https:\/\/www.pmpf.rs.gov.br\/secretaria-de-saude\/2025\/11\/28\/impacto-do-diabetes-na-saude-humana-mobiliza-capacitacao-com-agentes-comunitarios-de-saude-em-passo-fundo\/#breadcrumb"},"inLanguage":"pt-BR","potentialAction":[{"@type":"ReadAction","target":["https:\/\/www.pmpf.rs.gov.br\/secretaria-de-saude\/2025\/11\/28\/impacto-do-diabetes-na-saude-humana-mobiliza-capacitacao-com-agentes-comunitarios-de-saude-em-passo-fundo\/"]}]},{"@type":"ImageObject","inLanguage":"pt-BR","@id":"https:\/\/www.pmpf.rs.gov.br\/secretaria-de-saude\/2025\/11\/28\/impacto-do-diabetes-na-saude-humana-mobiliza-capacitacao-com-agentes-comunitarios-de-saude-em-passo-fundo\/#primaryimage","url":"https:\/\/www.pmpf.rs.gov.br\/secretaria-de-saude\/wp-content\/uploads\/sites\/50\/2025\/11\/Instituto-Mederi-Capacitacao-para-agentes-2.jpeg","contentUrl":"https:\/\/www.pmpf.rs.gov.br\/secretaria-de-saude\/wp-content\/uploads\/sites\/50\/2025\/11\/Instituto-Mederi-Capacitacao-para-agentes-2.jpeg","width":1600,"height":1066},{"@type":"BreadcrumbList","@id":"https:\/\/www.pmpf.rs.gov.br\/secretaria-de-saude\/2025\/11\/28\/impacto-do-diabetes-na-saude-humana-mobiliza-capacitacao-com-agentes-comunitarios-de-saude-em-passo-fundo\/#breadcrumb","itemListElement":[{"@type":"ListItem","position":1,"name":"In\u00edcio","item":"https:\/\/www.pmpf.rs.gov.br\/secretaria-de-saude\/"},{"@type":"ListItem","position":2,"name":"Impacto do diabetes na sa\u00fade humana mobiliza capacita\u00e7\u00e3o com agentes comunit\u00e1rios de sa\u00fade em Passo Fundo"}]},{"@type":"WebSite","@id":"https:\/\/www.pmpf.rs.gov.br\/secretaria-de-saude\/#website","url":"https:\/\/www.pmpf.rs.gov.br\/secretaria-de-saude\/","name":"Secretaria de Sa\u00fade","description":"S\u00f3 mais um site Prefeitura de Passo Fundo","potentialAction":[{"@type":"SearchAction","target":{"@type":"EntryPoint","urlTemplate":"https:\/\/www.pmpf.rs.gov.br\/secretaria-de-saude\/?s={search_term_string}"},"query-input":{"@type":"PropertyValueSpecification","valueRequired":true,"valueName":"search_term_string"}}],"inLanguage":"pt-BR"},{"@type":"Person","@id":"https:\/\/www.pmpf.rs.gov.br\/secretaria-de-saude\/#\/schema\/person\/6e93b0ab2174b69f691ac4f278ba2d0a","name":"lilicrivello","image":{"@type":"ImageObject","inLanguage":"pt-BR","@id":"https:\/\/www.pmpf.rs.gov.br\/secretaria-de-saude\/#\/schema\/person\/image\/","url":"https:\/\/secure.gravatar.com\/avatar\/0b546b667388f8edb7b67d70a57b5e46?s=96&d=mm&r=g","contentUrl":"https:\/\/secure.gravatar.com\/avatar\/0b546b667388f8edb7b67d70a57b5e46?s=96&d=mm&r=g","caption":"lilicrivello"},"url":"https:\/\/www.pmpf.rs.gov.br\/secretaria-de-saude\/author\/lilicrivello\/"}]}},"_links":{"self":[{"href":"https:\/\/www.pmpf.rs.gov.br\/secretaria-de-saude\/wp-json\/wp\/v2\/posts\/4804"}],"collection":[{"href":"https:\/\/www.pmpf.rs.gov.br\/secretaria-de-saude\/wp-json\/wp\/v2\/posts"}],"about":[{"href":"https:\/\/www.pmpf.rs.gov.br\/secretaria-de-saude\/wp-json\/wp\/v2\/types\/post"}],"author":[{"embeddable":true,"href":"https:\/\/www.pmpf.rs.gov.br\/secretaria-de-saude\/wp-json\/wp\/v2\/users\/24"}],"replies":[{"embeddable":true,"href":"https:\/\/www.pmpf.rs.gov.br\/secretaria-de-saude\/wp-json\/wp\/v2\/comments?post=4804"}],"version-history":[{"count":1,"href":"https:\/\/www.pmpf.rs.gov.br\/secretaria-de-saude\/wp-json\/wp\/v2\/posts\/4804\/revisions"}],"predecessor-version":[{"id":4806,"href":"https:\/\/www.pmpf.rs.gov.br\/secretaria-de-saude\/wp-json\/wp\/v2\/posts\/4804\/revisions\/4806"}],"wp:featuredmedia":[{"embeddable":true,"href":"https:\/\/www.pmpf.rs.gov.br\/secretaria-de-saude\/wp-json\/wp\/v2\/media\/4805"}],"wp:attachment":[{"href":"https:\/\/www.pmpf.rs.gov.br\/secretaria-de-saude\/wp-json\/wp\/v2\/media?parent=4804"}],"wp:term":[{"taxonomy":"category","embeddable":true,"href":"https:\/\/www.pmpf.rs.gov.br\/secretaria-de-saude\/wp-json\/wp\/v2\/categories?post=4804"},{"taxonomy":"post_tag","embeddable":true,"href":"https:\/\/www.pmpf.rs.gov.br\/secretaria-de-saude\/wp-json\/wp\/v2\/tags?post=4804"}],"curies":[{"name":"wp","href":"https:\/\/api.w.org\/{rel}","templated":true}]}}