{"id":4780,"date":"2025-11-26T09:35:45","date_gmt":"2025-11-26T12:35:45","guid":{"rendered":"https:\/\/www.pmpf.rs.gov.br\/secretaria-de-saude\/?p=4780"},"modified":"2025-11-26T09:36:00","modified_gmt":"2025-11-26T12:36:00","slug":"prefeitura-reforca-combate-ao-aedes-aegypti-com-servico-gratuito-de-cacambas-para-familias-em-situacao-de-vulnerabilidade","status":"publish","type":"post","link":"https:\/\/www.pmpf.rs.gov.br\/secretaria-de-saude\/2025\/11\/26\/prefeitura-reforca-combate-ao-aedes-aegypti-com-servico-gratuito-de-cacambas-para-familias-em-situacao-de-vulnerabilidade\/","title":{"rendered":"Prefeitura refor\u00e7a combate ao Aedes aegypti com servi\u00e7o gratuito de ca\u00e7ambas para fam\u00edlias em situa\u00e7\u00e3o de vulnerabilidade"},"content":{"rendered":"\n<p><\/p>\n\n\n\n<p>A Prefeitura de Passo Fundo, por meio da Secretaria de Sa\u00fade, mant\u00e9m um servi\u00e7o gratuito de disponibiliza\u00e7\u00e3o de ca\u00e7ambas estacion\u00e1rias para fam\u00edlias que n\u00e3o t\u00eam condi\u00e7\u00f5es de arcar com a contrata\u00e7\u00e3o particular, para fortalecer as a\u00e7\u00f5es de preven\u00e7\u00e3o \u00e0 dengue e reduzir os riscos de prolifera\u00e7\u00e3o do Aedes aegypti. A iniciativa \u00e9 acionada pela pr\u00f3pria equipe de Vigil\u00e2ncia em Sa\u00fade durante as visitas domiciliares realizadas pelos agentes de endemias.<\/p>\n\n\n\n<p>O servi\u00e7o funciona a partir da identifica\u00e7\u00e3o, pelos agentes, de resid\u00eancias onde h\u00e1 grande ac\u00famulo de lixo, entulho ou materiais que possam se tornar criadouros do mosquito transmissor da dengue, zika e chikungunya. Quando a fam\u00edlia n\u00e3o possui recursos para contratar um tele-entulho, o munic\u00edpio encaminha uma ca\u00e7amba estacion\u00e1ria ao local. Ela permanece na resid\u00eancia at\u00e9 ser preenchida, e posteriormente \u00e9 recolhida pela empresa respons\u00e1vel.<\/p>\n\n\n\n<p>A coordenadora de Vigil\u00e2ncia em Sa\u00fade, Marisa Zanatta, destaca que a a\u00e7\u00e3o tem sido fundamental para ampliar a capacidade de preven\u00e7\u00e3o e colaborar com a limpeza urbana. As ca\u00e7ambas estacion\u00e1rias foram um passo a mais que demos. A Secretaria de Servi\u00e7os Gerais j\u00e1 realiza esse tipo de servi\u00e7o, mas desde setembro de 2024 tamb\u00e9m passamos a disponibilizar pela Vigil\u00e2ncia Ambiental em Sa\u00fade. Durante as visitas, os agentes identificam situa\u00e7\u00f5es de risco, muito lixo e entulho. Para fam\u00edlias carentes, quando h\u00e1 risco para prolifera\u00e7\u00e3o do mosquito e elas n\u00e3o podem contratar um tele-entulho, n\u00f3s enviamos a ca\u00e7amba. Ela fica at\u00e9 encher e, depois, a empresa faz o recolhimento. \u00c9 um servi\u00e7o que ajudou bastante na limpeza de modo geral e tem sido muito importante para a popula\u00e7\u00e3o\u201d, explica.<\/p>\n\n\n\n<p>Marisa refor\u00e7a que, apesar do apoio do munic\u00edpio, o combate ao mosquito depende principalmente da colabora\u00e7\u00e3o de cada morador. \u201c\u00c9 claro que precisamos continuar focando que cada pessoa deve fazer a sua parte. Este servi\u00e7o \u00e9 algo a mais que estamos oferecendo para ajudar quem realmente precisa\u201d, completa.<\/p>\n\n\n\n<p>A Secretaria de Sa\u00fade orienta que a popula\u00e7\u00e3o continue atenta aos cuidados b\u00e1sicos: eliminar \u00e1gua parada, manter p\u00e1tios limpos, descartar corretamente res\u00edduos e acionar os agentes de endemias sempre que necess\u00e1rio.<\/p>\n","protected":false},"excerpt":{"rendered":"<p>A Prefeitura de Passo Fundo, por meio da Secretaria de Sa\u00fade, mant\u00e9m um servi\u00e7o gratuito de disponibiliza\u00e7\u00e3o de ca\u00e7ambas estacion\u00e1rias para fam\u00edlias que n\u00e3o t\u00eam condi\u00e7\u00f5es de arcar com a contrata\u00e7\u00e3o particular, [&hellip;]<\/p>\n","protected":false},"author":24,"featured_media":4781,"comment_status":"closed","ping_status":"closed","sticky":false,"template":"","format":"standard","meta":{"footnotes":""},"categories":[1],"tags":[],"class_list":["post-4780","post","type-post","status-publish","format-standard","has-post-thumbnail","hentry","category-sem-categoria"],"yoast_head":"<!-- This site is optimized with the Yoast SEO plugin v23.8 - https:\/\/yoast.com\/wordpress\/plugins\/seo\/ -->\n<title>Prefeitura refor\u00e7a combate ao Aedes aegypti com servi\u00e7o gratuito de ca\u00e7ambas para fam\u00edlias em situa\u00e7\u00e3o de vulnerabilidade - Secretaria de Sa\u00fade<\/title>\n<meta name=\"robots\" content=\"index, follow, max-snippet:-1, max-image-preview:large, max-video-preview:-1\" \/>\n<link rel=\"canonical\" href=\"https:\/\/www.pmpf.rs.gov.br\/secretaria-de-saude\/2025\/11\/26\/prefeitura-reforca-combate-ao-aedes-aegypti-com-servico-gratuito-de-cacambas-para-familias-em-situacao-de-vulnerabilidade\/\" \/>\n<meta property=\"og:locale\" content=\"pt_BR\" \/>\n<meta property=\"og:type\" content=\"article\" \/>\n<meta property=\"og:title\" content=\"Prefeitura refor\u00e7a combate ao Aedes aegypti com servi\u00e7o gratuito de ca\u00e7ambas para fam\u00edlias em situa\u00e7\u00e3o de vulnerabilidade - Secretaria de Sa\u00fade\" \/>\n<meta property=\"og:description\" content=\"A Prefeitura de Passo Fundo, por meio da Secretaria de Sa\u00fade, mant\u00e9m um servi\u00e7o gratuito de disponibiliza\u00e7\u00e3o de ca\u00e7ambas estacion\u00e1rias para fam\u00edlias que n\u00e3o t\u00eam condi\u00e7\u00f5es de arcar com a contrata\u00e7\u00e3o particular, [&hellip;]\" \/>\n<meta property=\"og:url\" content=\"https:\/\/www.pmpf.rs.gov.br\/secretaria-de-saude\/2025\/11\/26\/prefeitura-reforca-combate-ao-aedes-aegypti-com-servico-gratuito-de-cacambas-para-familias-em-situacao-de-vulnerabilidade\/\" \/>\n<meta property=\"og:site_name\" content=\"Secretaria de Sa\u00fade\" \/>\n<meta property=\"article:published_time\" content=\"2025-11-26T12:35:45+00:00\" \/>\n<meta property=\"article:modified_time\" content=\"2025-11-26T12:36:00+00:00\" \/>\n<meta name=\"author\" content=\"lilicrivello\" \/>\n<meta name=\"twitter:card\" content=\"summary_large_image\" \/>\n<meta name=\"twitter:label1\" content=\"Escrito por\" \/>\n\t<meta name=\"twitter:data1\" content=\"lilicrivello\" \/>\n\t<meta name=\"twitter:label2\" content=\"Est. tempo de leitura\" \/>\n\t<meta name=\"twitter:data2\" content=\"2 minutos\" \/>\n<script type=\"application\/ld+json\" class=\"yoast-schema-graph\">{\"@context\":\"https:\/\/schema.org\",\"@graph\":[{\"@type\":\"WebPage\",\"@id\":\"https:\/\/www.pmpf.rs.gov.br\/secretaria-de-saude\/2025\/11\/26\/prefeitura-reforca-combate-ao-aedes-aegypti-com-servico-gratuito-de-cacambas-para-familias-em-situacao-de-vulnerabilidade\/\",\"url\":\"https:\/\/www.pmpf.rs.gov.br\/secretaria-de-saude\/2025\/11\/26\/prefeitura-reforca-combate-ao-aedes-aegypti-com-servico-gratuito-de-cacambas-para-familias-em-situacao-de-vulnerabilidade\/\",\"name\":\"Prefeitura refor\u00e7a combate ao Aedes aegypti com servi\u00e7o gratuito de ca\u00e7ambas para fam\u00edlias em situa\u00e7\u00e3o de vulnerabilidade - Secretaria de Sa\u00fade\",\"isPartOf\":{\"@id\":\"https:\/\/www.pmpf.rs.gov.br\/secretaria-de-saude\/#website\"},\"primaryImageOfPage\":{\"@id\":\"https:\/\/www.pmpf.rs.gov.br\/secretaria-de-saude\/2025\/11\/26\/prefeitura-reforca-combate-ao-aedes-aegypti-com-servico-gratuito-de-cacambas-para-familias-em-situacao-de-vulnerabilidade\/#primaryimage\"},\"image\":{\"@id\":\"https:\/\/www.pmpf.rs.gov.br\/secretaria-de-saude\/2025\/11\/26\/prefeitura-reforca-combate-ao-aedes-aegypti-com-servico-gratuito-de-cacambas-para-familias-em-situacao-de-vulnerabilidade\/#primaryimage\"},\"thumbnailUrl\":\"https:\/\/www.pmpf.rs.gov.br\/secretaria-de-saude\/wp-content\/uploads\/sites\/50\/2025\/11\/WhatsApp-Image-2025-11-25-at-11.03.03.jpeg\",\"datePublished\":\"2025-11-26T12:35:45+00:00\",\"dateModified\":\"2025-11-26T12:36:00+00:00\",\"author\":{\"@id\":\"https:\/\/www.pmpf.rs.gov.br\/secretaria-de-saude\/#\/schema\/person\/6e93b0ab2174b69f691ac4f278ba2d0a\"},\"breadcrumb\":{\"@id\":\"https:\/\/www.pmpf.rs.gov.br\/secretaria-de-saude\/2025\/11\/26\/prefeitura-reforca-combate-ao-aedes-aegypti-com-servico-gratuito-de-cacambas-para-familias-em-situacao-de-vulnerabilidade\/#breadcrumb\"},\"inLanguage\":\"pt-BR\",\"potentialAction\":[{\"@type\":\"ReadAction\",\"target\":[\"https:\/\/www.pmpf.rs.gov.br\/secretaria-de-saude\/2025\/11\/26\/prefeitura-reforca-combate-ao-aedes-aegypti-com-servico-gratuito-de-cacambas-para-familias-em-situacao-de-vulnerabilidade\/\"]}]},{\"@type\":\"ImageObject\",\"inLanguage\":\"pt-BR\",\"@id\":\"https:\/\/www.pmpf.rs.gov.br\/secretaria-de-saude\/2025\/11\/26\/prefeitura-reforca-combate-ao-aedes-aegypti-com-servico-gratuito-de-cacambas-para-familias-em-situacao-de-vulnerabilidade\/#primaryimage\",\"url\":\"https:\/\/www.pmpf.rs.gov.br\/secretaria-de-saude\/wp-content\/uploads\/sites\/50\/2025\/11\/WhatsApp-Image-2025-11-25-at-11.03.03.jpeg\",\"contentUrl\":\"https:\/\/www.pmpf.rs.gov.br\/secretaria-de-saude\/wp-content\/uploads\/sites\/50\/2025\/11\/WhatsApp-Image-2025-11-25-at-11.03.03.jpeg\",\"width\":1599,\"height\":899},{\"@type\":\"BreadcrumbList\",\"@id\":\"https:\/\/www.pmpf.rs.gov.br\/secretaria-de-saude\/2025\/11\/26\/prefeitura-reforca-combate-ao-aedes-aegypti-com-servico-gratuito-de-cacambas-para-familias-em-situacao-de-vulnerabilidade\/#breadcrumb\",\"itemListElement\":[{\"@type\":\"ListItem\",\"position\":1,\"name\":\"In\u00edcio\",\"item\":\"https:\/\/www.pmpf.rs.gov.br\/secretaria-de-saude\/\"},{\"@type\":\"ListItem\",\"position\":2,\"name\":\"Prefeitura refor\u00e7a combate ao Aedes aegypti com servi\u00e7o gratuito de ca\u00e7ambas para fam\u00edlias em situa\u00e7\u00e3o de vulnerabilidade\"}]},{\"@type\":\"WebSite\",\"@id\":\"https:\/\/www.pmpf.rs.gov.br\/secretaria-de-saude\/#website\",\"url\":\"https:\/\/www.pmpf.rs.gov.br\/secretaria-de-saude\/\",\"name\":\"Secretaria de Sa\u00fade\",\"description\":\"S\u00f3 mais um site Prefeitura de Passo Fundo\",\"potentialAction\":[{\"@type\":\"SearchAction\",\"target\":{\"@type\":\"EntryPoint\",\"urlTemplate\":\"https:\/\/www.pmpf.rs.gov.br\/secretaria-de-saude\/?s={search_term_string}\"},\"query-input\":{\"@type\":\"PropertyValueSpecification\",\"valueRequired\":true,\"valueName\":\"search_term_string\"}}],\"inLanguage\":\"pt-BR\"},{\"@type\":\"Person\",\"@id\":\"https:\/\/www.pmpf.rs.gov.br\/secretaria-de-saude\/#\/schema\/person\/6e93b0ab2174b69f691ac4f278ba2d0a\",\"name\":\"lilicrivello\",\"image\":{\"@type\":\"ImageObject\",\"inLanguage\":\"pt-BR\",\"@id\":\"https:\/\/www.pmpf.rs.gov.br\/secretaria-de-saude\/#\/schema\/person\/image\/\",\"url\":\"https:\/\/secure.gravatar.com\/avatar\/0b546b667388f8edb7b67d70a57b5e46?s=96&d=mm&r=g\",\"contentUrl\":\"https:\/\/secure.gravatar.com\/avatar\/0b546b667388f8edb7b67d70a57b5e46?s=96&d=mm&r=g\",\"caption\":\"lilicrivello\"},\"url\":\"https:\/\/www.pmpf.rs.gov.br\/secretaria-de-saude\/author\/lilicrivello\/\"}]}<\/script>\n<!-- \/ Yoast SEO plugin. -->","yoast_head_json":{"title":"Prefeitura refor\u00e7a combate ao Aedes aegypti com servi\u00e7o gratuito de ca\u00e7ambas para fam\u00edlias em situa\u00e7\u00e3o de vulnerabilidade - Secretaria de Sa\u00fade","robots":{"index":"index","follow":"follow","max-snippet":"max-snippet:-1","max-image-preview":"max-image-preview:large","max-video-preview":"max-video-preview:-1"},"canonical":"https:\/\/www.pmpf.rs.gov.br\/secretaria-de-saude\/2025\/11\/26\/prefeitura-reforca-combate-ao-aedes-aegypti-com-servico-gratuito-de-cacambas-para-familias-em-situacao-de-vulnerabilidade\/","og_locale":"pt_BR","og_type":"article","og_title":"Prefeitura refor\u00e7a combate ao Aedes aegypti com servi\u00e7o gratuito de ca\u00e7ambas para fam\u00edlias em situa\u00e7\u00e3o de vulnerabilidade - Secretaria de Sa\u00fade","og_description":"A Prefeitura de Passo Fundo, por meio da Secretaria de Sa\u00fade, mant\u00e9m um servi\u00e7o gratuito de disponibiliza\u00e7\u00e3o de ca\u00e7ambas estacion\u00e1rias para fam\u00edlias que n\u00e3o t\u00eam condi\u00e7\u00f5es de arcar com a contrata\u00e7\u00e3o particular, [&hellip;]","og_url":"https:\/\/www.pmpf.rs.gov.br\/secretaria-de-saude\/2025\/11\/26\/prefeitura-reforca-combate-ao-aedes-aegypti-com-servico-gratuito-de-cacambas-para-familias-em-situacao-de-vulnerabilidade\/","og_site_name":"Secretaria de Sa\u00fade","article_published_time":"2025-11-26T12:35:45+00:00","article_modified_time":"2025-11-26T12:36:00+00:00","author":"lilicrivello","twitter_card":"summary_large_image","twitter_misc":{"Escrito por":"lilicrivello","Est. tempo de leitura":"2 minutos"},"schema":{"@context":"https:\/\/schema.org","@graph":[{"@type":"WebPage","@id":"https:\/\/www.pmpf.rs.gov.br\/secretaria-de-saude\/2025\/11\/26\/prefeitura-reforca-combate-ao-aedes-aegypti-com-servico-gratuito-de-cacambas-para-familias-em-situacao-de-vulnerabilidade\/","url":"https:\/\/www.pmpf.rs.gov.br\/secretaria-de-saude\/2025\/11\/26\/prefeitura-reforca-combate-ao-aedes-aegypti-com-servico-gratuito-de-cacambas-para-familias-em-situacao-de-vulnerabilidade\/","name":"Prefeitura refor\u00e7a combate ao Aedes aegypti com servi\u00e7o gratuito de ca\u00e7ambas para fam\u00edlias em situa\u00e7\u00e3o de vulnerabilidade - Secretaria de Sa\u00fade","isPartOf":{"@id":"https:\/\/www.pmpf.rs.gov.br\/secretaria-de-saude\/#website"},"primaryImageOfPage":{"@id":"https:\/\/www.pmpf.rs.gov.br\/secretaria-de-saude\/2025\/11\/26\/prefeitura-reforca-combate-ao-aedes-aegypti-com-servico-gratuito-de-cacambas-para-familias-em-situacao-de-vulnerabilidade\/#primaryimage"},"image":{"@id":"https:\/\/www.pmpf.rs.gov.br\/secretaria-de-saude\/2025\/11\/26\/prefeitura-reforca-combate-ao-aedes-aegypti-com-servico-gratuito-de-cacambas-para-familias-em-situacao-de-vulnerabilidade\/#primaryimage"},"thumbnailUrl":"https:\/\/www.pmpf.rs.gov.br\/secretaria-de-saude\/wp-content\/uploads\/sites\/50\/2025\/11\/WhatsApp-Image-2025-11-25-at-11.03.03.jpeg","datePublished":"2025-11-26T12:35:45+00:00","dateModified":"2025-11-26T12:36:00+00:00","author":{"@id":"https:\/\/www.pmpf.rs.gov.br\/secretaria-de-saude\/#\/schema\/person\/6e93b0ab2174b69f691ac4f278ba2d0a"},"breadcrumb":{"@id":"https:\/\/www.pmpf.rs.gov.br\/secretaria-de-saude\/2025\/11\/26\/prefeitura-reforca-combate-ao-aedes-aegypti-com-servico-gratuito-de-cacambas-para-familias-em-situacao-de-vulnerabilidade\/#breadcrumb"},"inLanguage":"pt-BR","potentialAction":[{"@type":"ReadAction","target":["https:\/\/www.pmpf.rs.gov.br\/secretaria-de-saude\/2025\/11\/26\/prefeitura-reforca-combate-ao-aedes-aegypti-com-servico-gratuito-de-cacambas-para-familias-em-situacao-de-vulnerabilidade\/"]}]},{"@type":"ImageObject","inLanguage":"pt-BR","@id":"https:\/\/www.pmpf.rs.gov.br\/secretaria-de-saude\/2025\/11\/26\/prefeitura-reforca-combate-ao-aedes-aegypti-com-servico-gratuito-de-cacambas-para-familias-em-situacao-de-vulnerabilidade\/#primaryimage","url":"https:\/\/www.pmpf.rs.gov.br\/secretaria-de-saude\/wp-content\/uploads\/sites\/50\/2025\/11\/WhatsApp-Image-2025-11-25-at-11.03.03.jpeg","contentUrl":"https:\/\/www.pmpf.rs.gov.br\/secretaria-de-saude\/wp-content\/uploads\/sites\/50\/2025\/11\/WhatsApp-Image-2025-11-25-at-11.03.03.jpeg","width":1599,"height":899},{"@type":"BreadcrumbList","@id":"https:\/\/www.pmpf.rs.gov.br\/secretaria-de-saude\/2025\/11\/26\/prefeitura-reforca-combate-ao-aedes-aegypti-com-servico-gratuito-de-cacambas-para-familias-em-situacao-de-vulnerabilidade\/#breadcrumb","itemListElement":[{"@type":"ListItem","position":1,"name":"In\u00edcio","item":"https:\/\/www.pmpf.rs.gov.br\/secretaria-de-saude\/"},{"@type":"ListItem","position":2,"name":"Prefeitura refor\u00e7a combate ao Aedes aegypti com servi\u00e7o gratuito de ca\u00e7ambas para fam\u00edlias em situa\u00e7\u00e3o de vulnerabilidade"}]},{"@type":"WebSite","@id":"https:\/\/www.pmpf.rs.gov.br\/secretaria-de-saude\/#website","url":"https:\/\/www.pmpf.rs.gov.br\/secretaria-de-saude\/","name":"Secretaria de Sa\u00fade","description":"S\u00f3 mais um site Prefeitura de Passo Fundo","potentialAction":[{"@type":"SearchAction","target":{"@type":"EntryPoint","urlTemplate":"https:\/\/www.pmpf.rs.gov.br\/secretaria-de-saude\/?s={search_term_string}"},"query-input":{"@type":"PropertyValueSpecification","valueRequired":true,"valueName":"search_term_string"}}],"inLanguage":"pt-BR"},{"@type":"Person","@id":"https:\/\/www.pmpf.rs.gov.br\/secretaria-de-saude\/#\/schema\/person\/6e93b0ab2174b69f691ac4f278ba2d0a","name":"lilicrivello","image":{"@type":"ImageObject","inLanguage":"pt-BR","@id":"https:\/\/www.pmpf.rs.gov.br\/secretaria-de-saude\/#\/schema\/person\/image\/","url":"https:\/\/secure.gravatar.com\/avatar\/0b546b667388f8edb7b67d70a57b5e46?s=96&d=mm&r=g","contentUrl":"https:\/\/secure.gravatar.com\/avatar\/0b546b667388f8edb7b67d70a57b5e46?s=96&d=mm&r=g","caption":"lilicrivello"},"url":"https:\/\/www.pmpf.rs.gov.br\/secretaria-de-saude\/author\/lilicrivello\/"}]}},"_links":{"self":[{"href":"https:\/\/www.pmpf.rs.gov.br\/secretaria-de-saude\/wp-json\/wp\/v2\/posts\/4780"}],"collection":[{"href":"https:\/\/www.pmpf.rs.gov.br\/secretaria-de-saude\/wp-json\/wp\/v2\/posts"}],"about":[{"href":"https:\/\/www.pmpf.rs.gov.br\/secretaria-de-saude\/wp-json\/wp\/v2\/types\/post"}],"author":[{"embeddable":true,"href":"https:\/\/www.pmpf.rs.gov.br\/secretaria-de-saude\/wp-json\/wp\/v2\/users\/24"}],"replies":[{"embeddable":true,"href":"https:\/\/www.pmpf.rs.gov.br\/secretaria-de-saude\/wp-json\/wp\/v2\/comments?post=4780"}],"version-history":[{"count":1,"href":"https:\/\/www.pmpf.rs.gov.br\/secretaria-de-saude\/wp-json\/wp\/v2\/posts\/4780\/revisions"}],"predecessor-version":[{"id":4782,"href":"https:\/\/www.pmpf.rs.gov.br\/secretaria-de-saude\/wp-json\/wp\/v2\/posts\/4780\/revisions\/4782"}],"wp:featuredmedia":[{"embeddable":true,"href":"https:\/\/www.pmpf.rs.gov.br\/secretaria-de-saude\/wp-json\/wp\/v2\/media\/4781"}],"wp:attachment":[{"href":"https:\/\/www.pmpf.rs.gov.br\/secretaria-de-saude\/wp-json\/wp\/v2\/media?parent=4780"}],"wp:term":[{"taxonomy":"category","embeddable":true,"href":"https:\/\/www.pmpf.rs.gov.br\/secretaria-de-saude\/wp-json\/wp\/v2\/categories?post=4780"},{"taxonomy":"post_tag","embeddable":true,"href":"https:\/\/www.pmpf.rs.gov.br\/secretaria-de-saude\/wp-json\/wp\/v2\/tags?post=4780"}],"curies":[{"name":"wp","href":"https:\/\/api.w.org\/{rel}","templated":true}]}}