{"id":4756,"date":"2025-11-19T10:05:25","date_gmt":"2025-11-19T13:05:25","guid":{"rendered":"https:\/\/www.pmpf.rs.gov.br\/secretaria-de-saude\/?p=4756"},"modified":"2025-11-19T10:05:29","modified_gmt":"2025-11-19T13:05:29","slug":"prefeitura-promove-acao-em-alusao-ao-novembro-azul","status":"publish","type":"post","link":"https:\/\/www.pmpf.rs.gov.br\/secretaria-de-saude\/2025\/11\/19\/prefeitura-promove-acao-em-alusao-ao-novembro-azul\/","title":{"rendered":"Prefeitura promove a\u00e7\u00e3o em alus\u00e3o ao Novembro Azul"},"content":{"rendered":"\n<p><\/p>\n\n\n\n<p>A Prefeitura de Passo Fundo promover\u00e1 um dia especial de mobiliza\u00e7\u00e3o em todas as unidades de Aten\u00e7\u00e3o Prim\u00e1ria \u00e0 Sa\u00fade na quinta-feira (27), em alus\u00e3o ao Novembro Azul. A iniciativa visa refor\u00e7ar a import\u00e2ncia dos cuidados preventivos entre os homens e estimular a detec\u00e7\u00e3o precoce de doen\u00e7as, especialmente o c\u00e2ncer de pr\u00f3stata.<\/p>\n\n\n\n<p>Durante a tarde do dia 27, as unidades de sa\u00fade do munic\u00edpio v\u00e3o oferecer orienta\u00e7\u00f5es sobre sa\u00fade preventiva para homens, avalia\u00e7\u00e3o b\u00e1sica de sa\u00fade, como press\u00e3o arterial e glicemia, esclarecimento de d\u00favidas sobre o c\u00e2ncer de pr\u00f3stata, incluindo como reconhecer sinais de alerta, incentivo \u00e0 realiza\u00e7\u00e3o de exames quando indicados, fortalecimento do v\u00ednculo entre os homens e os servi\u00e7os do SUS, com promo\u00e7\u00e3o de um atendimento acolhedor e acess\u00edvel.<\/p>\n\n\n\n<p>A estrat\u00e9gia adotada busca tornar o Novembro Azul mais do que uma campanha pontual, transformando-o em momento de reflex\u00e3o sobre a sa\u00fade integral do homem. Para o secret\u00e1rio de Sa\u00fade, Diego Farias, essa mobiliza\u00e7\u00e3o \u00e9 fundamental. \u201cO Novembro Azul representa mais do que uma campanha. \u00c9 um momento de colocar a sa\u00fade do homem em pauta de forma ampla. E as unidades de sa\u00fade s\u00e3o espa\u00e7os seguros para dialogar, para cuidar n\u00e3o s\u00f3 da pr\u00f3stata, mas de toda a sa\u00fade masculina. A detec\u00e7\u00e3o precoce salva vidas, mas tamb\u00e9m queremos estimular h\u00e1bitos saud\u00e1veis, alimenta\u00e7\u00e3o, exerc\u00edcios, acompanhamento m\u00e9dico regular, porque a preven\u00e7\u00e3o \u00e9 uma pol\u00edtica p\u00fablica cont\u00ednua\u201d, aponta o secret\u00e1rio.<\/p>\n\n\n\n<p>A campanha Novembro Azul, de origem internacional, tornou-se no Brasil um momento crucial para a conscientiza\u00e7\u00e3o sobre a sa\u00fade masculina. Segundo o Minist\u00e9rio da Sa\u00fade, a data remete ao diagn\u00f3stico precoce do c\u00e2ncer de pr\u00f3stata, que \u00e9 um dos tipos mais comuns entre os homens. De acordo com dados do Minist\u00e9rio, muitos homens ainda n\u00e3o realizam exames de rotina, o que pode atrasar a identifica\u00e7\u00e3o de doen\u00e7as graves. Para a preven\u00e7\u00e3o, a pasta recomenda n\u00e3o apenas a vigil\u00e2ncia prost\u00e1tica, mas tamb\u00e9m a ado\u00e7\u00e3o de h\u00e1bitos saud\u00e1veis, como pr\u00e1tica de atividade f\u00edsica, dieta equilibrada, controle de peso e aten\u00e7\u00e3o \u00e0 sa\u00fade mental. Al\u00e9m disso, o Minist\u00e9rio refor\u00e7a que sinais como dificuldade para urinar, jato urin\u00e1rio fraco, necessidade frequente de ir ao banheiro ou presen\u00e7a de sangue na urina s\u00e3o indicativos para buscar avalia\u00e7\u00e3o m\u00e9dica.<\/p>\n\n\n\n<p>O secret\u00e1rio refor\u00e7a ainda que o cuidado com o homem deve durar o ano todo , o Novembro Azul \u00e9 um ponto de partida, n\u00e3o um fim. \u201cTer um dia concentrado de a\u00e7\u00f5es nas unidades vai facilitar o acesso, refor\u00e7ar a import\u00e2ncia do v\u00ednculo com o SUS e permitir que a gente escute os homens, entenda suas dificuldades e oriente de forma humanizada\u201d, declara Farias.<\/p>\n\n\n\n<p>O c\u00e2ncer de pr\u00f3stata pode n\u00e3o apresentar sintomas nas fases iniciais, o que torna o diagn\u00f3stico precoce um grande aliado da cura. Conforme o Minist\u00e9rio da Sa\u00fade, mesmo sem sinais, homens de determinados grupos (por exemplo, com hist\u00f3rico familiar) devem conversar com profissionais de sa\u00fade sobre os exames mais adequados.<\/p>\n","protected":false},"excerpt":{"rendered":"<p>A Prefeitura de Passo Fundo promover\u00e1 um dia especial de mobiliza\u00e7\u00e3o em todas as unidades de Aten\u00e7\u00e3o Prim\u00e1ria \u00e0 Sa\u00fade na quinta-feira (27), em alus\u00e3o ao Novembro Azul. A iniciativa visa refor\u00e7ar [&hellip;]<\/p>\n","protected":false},"author":24,"featured_media":4757,"comment_status":"closed","ping_status":"closed","sticky":false,"template":"","format":"standard","meta":{"footnotes":""},"categories":[1],"tags":[],"class_list":["post-4756","post","type-post","status-publish","format-standard","has-post-thumbnail","hentry","category-sem-categoria"],"yoast_head":"<!-- This site is optimized with the Yoast SEO plugin v23.8 - https:\/\/yoast.com\/wordpress\/plugins\/seo\/ -->\n<title>Prefeitura promove a\u00e7\u00e3o em alus\u00e3o ao Novembro Azul - Secretaria de Sa\u00fade<\/title>\n<meta name=\"robots\" content=\"index, follow, max-snippet:-1, max-image-preview:large, max-video-preview:-1\" \/>\n<link rel=\"canonical\" href=\"https:\/\/www.pmpf.rs.gov.br\/secretaria-de-saude\/2025\/11\/19\/prefeitura-promove-acao-em-alusao-ao-novembro-azul\/\" \/>\n<meta property=\"og:locale\" content=\"pt_BR\" \/>\n<meta property=\"og:type\" content=\"article\" \/>\n<meta property=\"og:title\" content=\"Prefeitura promove a\u00e7\u00e3o em alus\u00e3o ao Novembro Azul - Secretaria de Sa\u00fade\" \/>\n<meta property=\"og:description\" content=\"A Prefeitura de Passo Fundo promover\u00e1 um dia especial de mobiliza\u00e7\u00e3o em todas as unidades de Aten\u00e7\u00e3o Prim\u00e1ria \u00e0 Sa\u00fade na quinta-feira (27), em alus\u00e3o ao Novembro Azul. A iniciativa visa refor\u00e7ar [&hellip;]\" \/>\n<meta property=\"og:url\" content=\"https:\/\/www.pmpf.rs.gov.br\/secretaria-de-saude\/2025\/11\/19\/prefeitura-promove-acao-em-alusao-ao-novembro-azul\/\" \/>\n<meta property=\"og:site_name\" content=\"Secretaria de Sa\u00fade\" \/>\n<meta property=\"article:published_time\" content=\"2025-11-19T13:05:25+00:00\" \/>\n<meta property=\"article:modified_time\" content=\"2025-11-19T13:05:29+00:00\" \/>\n<meta name=\"author\" content=\"lilicrivello\" \/>\n<meta name=\"twitter:card\" content=\"summary_large_image\" \/>\n<meta name=\"twitter:label1\" content=\"Escrito por\" \/>\n\t<meta name=\"twitter:data1\" content=\"lilicrivello\" \/>\n\t<meta name=\"twitter:label2\" content=\"Est. tempo de leitura\" \/>\n\t<meta name=\"twitter:data2\" content=\"3 minutos\" \/>\n<script type=\"application\/ld+json\" class=\"yoast-schema-graph\">{\"@context\":\"https:\/\/schema.org\",\"@graph\":[{\"@type\":\"WebPage\",\"@id\":\"https:\/\/www.pmpf.rs.gov.br\/secretaria-de-saude\/2025\/11\/19\/prefeitura-promove-acao-em-alusao-ao-novembro-azul\/\",\"url\":\"https:\/\/www.pmpf.rs.gov.br\/secretaria-de-saude\/2025\/11\/19\/prefeitura-promove-acao-em-alusao-ao-novembro-azul\/\",\"name\":\"Prefeitura promove a\u00e7\u00e3o em alus\u00e3o ao Novembro Azul - Secretaria de Sa\u00fade\",\"isPartOf\":{\"@id\":\"https:\/\/www.pmpf.rs.gov.br\/secretaria-de-saude\/#website\"},\"primaryImageOfPage\":{\"@id\":\"https:\/\/www.pmpf.rs.gov.br\/secretaria-de-saude\/2025\/11\/19\/prefeitura-promove-acao-em-alusao-ao-novembro-azul\/#primaryimage\"},\"image\":{\"@id\":\"https:\/\/www.pmpf.rs.gov.br\/secretaria-de-saude\/2025\/11\/19\/prefeitura-promove-acao-em-alusao-ao-novembro-azul\/#primaryimage\"},\"thumbnailUrl\":\"https:\/\/www.pmpf.rs.gov.br\/secretaria-de-saude\/wp-content\/uploads\/sites\/50\/2025\/11\/Captura-de-tela-2025-11-19-100507.png\",\"datePublished\":\"2025-11-19T13:05:25+00:00\",\"dateModified\":\"2025-11-19T13:05:29+00:00\",\"author\":{\"@id\":\"https:\/\/www.pmpf.rs.gov.br\/secretaria-de-saude\/#\/schema\/person\/6e93b0ab2174b69f691ac4f278ba2d0a\"},\"breadcrumb\":{\"@id\":\"https:\/\/www.pmpf.rs.gov.br\/secretaria-de-saude\/2025\/11\/19\/prefeitura-promove-acao-em-alusao-ao-novembro-azul\/#breadcrumb\"},\"inLanguage\":\"pt-BR\",\"potentialAction\":[{\"@type\":\"ReadAction\",\"target\":[\"https:\/\/www.pmpf.rs.gov.br\/secretaria-de-saude\/2025\/11\/19\/prefeitura-promove-acao-em-alusao-ao-novembro-azul\/\"]}]},{\"@type\":\"ImageObject\",\"inLanguage\":\"pt-BR\",\"@id\":\"https:\/\/www.pmpf.rs.gov.br\/secretaria-de-saude\/2025\/11\/19\/prefeitura-promove-acao-em-alusao-ao-novembro-azul\/#primaryimage\",\"url\":\"https:\/\/www.pmpf.rs.gov.br\/secretaria-de-saude\/wp-content\/uploads\/sites\/50\/2025\/11\/Captura-de-tela-2025-11-19-100507.png\",\"contentUrl\":\"https:\/\/www.pmpf.rs.gov.br\/secretaria-de-saude\/wp-content\/uploads\/sites\/50\/2025\/11\/Captura-de-tela-2025-11-19-100507.png\",\"width\":398,\"height\":637},{\"@type\":\"BreadcrumbList\",\"@id\":\"https:\/\/www.pmpf.rs.gov.br\/secretaria-de-saude\/2025\/11\/19\/prefeitura-promove-acao-em-alusao-ao-novembro-azul\/#breadcrumb\",\"itemListElement\":[{\"@type\":\"ListItem\",\"position\":1,\"name\":\"In\u00edcio\",\"item\":\"https:\/\/www.pmpf.rs.gov.br\/secretaria-de-saude\/\"},{\"@type\":\"ListItem\",\"position\":2,\"name\":\"Prefeitura promove a\u00e7\u00e3o em alus\u00e3o ao Novembro Azul\"}]},{\"@type\":\"WebSite\",\"@id\":\"https:\/\/www.pmpf.rs.gov.br\/secretaria-de-saude\/#website\",\"url\":\"https:\/\/www.pmpf.rs.gov.br\/secretaria-de-saude\/\",\"name\":\"Secretaria de Sa\u00fade\",\"description\":\"S\u00f3 mais um site Prefeitura de Passo Fundo\",\"potentialAction\":[{\"@type\":\"SearchAction\",\"target\":{\"@type\":\"EntryPoint\",\"urlTemplate\":\"https:\/\/www.pmpf.rs.gov.br\/secretaria-de-saude\/?s={search_term_string}\"},\"query-input\":{\"@type\":\"PropertyValueSpecification\",\"valueRequired\":true,\"valueName\":\"search_term_string\"}}],\"inLanguage\":\"pt-BR\"},{\"@type\":\"Person\",\"@id\":\"https:\/\/www.pmpf.rs.gov.br\/secretaria-de-saude\/#\/schema\/person\/6e93b0ab2174b69f691ac4f278ba2d0a\",\"name\":\"lilicrivello\",\"image\":{\"@type\":\"ImageObject\",\"inLanguage\":\"pt-BR\",\"@id\":\"https:\/\/www.pmpf.rs.gov.br\/secretaria-de-saude\/#\/schema\/person\/image\/\",\"url\":\"https:\/\/secure.gravatar.com\/avatar\/0b546b667388f8edb7b67d70a57b5e46?s=96&d=mm&r=g\",\"contentUrl\":\"https:\/\/secure.gravatar.com\/avatar\/0b546b667388f8edb7b67d70a57b5e46?s=96&d=mm&r=g\",\"caption\":\"lilicrivello\"},\"url\":\"https:\/\/www.pmpf.rs.gov.br\/secretaria-de-saude\/author\/lilicrivello\/\"}]}<\/script>\n<!-- \/ Yoast SEO plugin. -->","yoast_head_json":{"title":"Prefeitura promove a\u00e7\u00e3o em alus\u00e3o ao Novembro Azul - Secretaria de Sa\u00fade","robots":{"index":"index","follow":"follow","max-snippet":"max-snippet:-1","max-image-preview":"max-image-preview:large","max-video-preview":"max-video-preview:-1"},"canonical":"https:\/\/www.pmpf.rs.gov.br\/secretaria-de-saude\/2025\/11\/19\/prefeitura-promove-acao-em-alusao-ao-novembro-azul\/","og_locale":"pt_BR","og_type":"article","og_title":"Prefeitura promove a\u00e7\u00e3o em alus\u00e3o ao Novembro Azul - Secretaria de Sa\u00fade","og_description":"A Prefeitura de Passo Fundo promover\u00e1 um dia especial de mobiliza\u00e7\u00e3o em todas as unidades de Aten\u00e7\u00e3o Prim\u00e1ria \u00e0 Sa\u00fade na quinta-feira (27), em alus\u00e3o ao Novembro Azul. A iniciativa visa refor\u00e7ar [&hellip;]","og_url":"https:\/\/www.pmpf.rs.gov.br\/secretaria-de-saude\/2025\/11\/19\/prefeitura-promove-acao-em-alusao-ao-novembro-azul\/","og_site_name":"Secretaria de Sa\u00fade","article_published_time":"2025-11-19T13:05:25+00:00","article_modified_time":"2025-11-19T13:05:29+00:00","author":"lilicrivello","twitter_card":"summary_large_image","twitter_misc":{"Escrito por":"lilicrivello","Est. tempo de leitura":"3 minutos"},"schema":{"@context":"https:\/\/schema.org","@graph":[{"@type":"WebPage","@id":"https:\/\/www.pmpf.rs.gov.br\/secretaria-de-saude\/2025\/11\/19\/prefeitura-promove-acao-em-alusao-ao-novembro-azul\/","url":"https:\/\/www.pmpf.rs.gov.br\/secretaria-de-saude\/2025\/11\/19\/prefeitura-promove-acao-em-alusao-ao-novembro-azul\/","name":"Prefeitura promove a\u00e7\u00e3o em alus\u00e3o ao Novembro Azul - Secretaria de Sa\u00fade","isPartOf":{"@id":"https:\/\/www.pmpf.rs.gov.br\/secretaria-de-saude\/#website"},"primaryImageOfPage":{"@id":"https:\/\/www.pmpf.rs.gov.br\/secretaria-de-saude\/2025\/11\/19\/prefeitura-promove-acao-em-alusao-ao-novembro-azul\/#primaryimage"},"image":{"@id":"https:\/\/www.pmpf.rs.gov.br\/secretaria-de-saude\/2025\/11\/19\/prefeitura-promove-acao-em-alusao-ao-novembro-azul\/#primaryimage"},"thumbnailUrl":"https:\/\/www.pmpf.rs.gov.br\/secretaria-de-saude\/wp-content\/uploads\/sites\/50\/2025\/11\/Captura-de-tela-2025-11-19-100507.png","datePublished":"2025-11-19T13:05:25+00:00","dateModified":"2025-11-19T13:05:29+00:00","author":{"@id":"https:\/\/www.pmpf.rs.gov.br\/secretaria-de-saude\/#\/schema\/person\/6e93b0ab2174b69f691ac4f278ba2d0a"},"breadcrumb":{"@id":"https:\/\/www.pmpf.rs.gov.br\/secretaria-de-saude\/2025\/11\/19\/prefeitura-promove-acao-em-alusao-ao-novembro-azul\/#breadcrumb"},"inLanguage":"pt-BR","potentialAction":[{"@type":"ReadAction","target":["https:\/\/www.pmpf.rs.gov.br\/secretaria-de-saude\/2025\/11\/19\/prefeitura-promove-acao-em-alusao-ao-novembro-azul\/"]}]},{"@type":"ImageObject","inLanguage":"pt-BR","@id":"https:\/\/www.pmpf.rs.gov.br\/secretaria-de-saude\/2025\/11\/19\/prefeitura-promove-acao-em-alusao-ao-novembro-azul\/#primaryimage","url":"https:\/\/www.pmpf.rs.gov.br\/secretaria-de-saude\/wp-content\/uploads\/sites\/50\/2025\/11\/Captura-de-tela-2025-11-19-100507.png","contentUrl":"https:\/\/www.pmpf.rs.gov.br\/secretaria-de-saude\/wp-content\/uploads\/sites\/50\/2025\/11\/Captura-de-tela-2025-11-19-100507.png","width":398,"height":637},{"@type":"BreadcrumbList","@id":"https:\/\/www.pmpf.rs.gov.br\/secretaria-de-saude\/2025\/11\/19\/prefeitura-promove-acao-em-alusao-ao-novembro-azul\/#breadcrumb","itemListElement":[{"@type":"ListItem","position":1,"name":"In\u00edcio","item":"https:\/\/www.pmpf.rs.gov.br\/secretaria-de-saude\/"},{"@type":"ListItem","position":2,"name":"Prefeitura promove a\u00e7\u00e3o em alus\u00e3o ao Novembro Azul"}]},{"@type":"WebSite","@id":"https:\/\/www.pmpf.rs.gov.br\/secretaria-de-saude\/#website","url":"https:\/\/www.pmpf.rs.gov.br\/secretaria-de-saude\/","name":"Secretaria de Sa\u00fade","description":"S\u00f3 mais um site Prefeitura de Passo Fundo","potentialAction":[{"@type":"SearchAction","target":{"@type":"EntryPoint","urlTemplate":"https:\/\/www.pmpf.rs.gov.br\/secretaria-de-saude\/?s={search_term_string}"},"query-input":{"@type":"PropertyValueSpecification","valueRequired":true,"valueName":"search_term_string"}}],"inLanguage":"pt-BR"},{"@type":"Person","@id":"https:\/\/www.pmpf.rs.gov.br\/secretaria-de-saude\/#\/schema\/person\/6e93b0ab2174b69f691ac4f278ba2d0a","name":"lilicrivello","image":{"@type":"ImageObject","inLanguage":"pt-BR","@id":"https:\/\/www.pmpf.rs.gov.br\/secretaria-de-saude\/#\/schema\/person\/image\/","url":"https:\/\/secure.gravatar.com\/avatar\/0b546b667388f8edb7b67d70a57b5e46?s=96&d=mm&r=g","contentUrl":"https:\/\/secure.gravatar.com\/avatar\/0b546b667388f8edb7b67d70a57b5e46?s=96&d=mm&r=g","caption":"lilicrivello"},"url":"https:\/\/www.pmpf.rs.gov.br\/secretaria-de-saude\/author\/lilicrivello\/"}]}},"_links":{"self":[{"href":"https:\/\/www.pmpf.rs.gov.br\/secretaria-de-saude\/wp-json\/wp\/v2\/posts\/4756"}],"collection":[{"href":"https:\/\/www.pmpf.rs.gov.br\/secretaria-de-saude\/wp-json\/wp\/v2\/posts"}],"about":[{"href":"https:\/\/www.pmpf.rs.gov.br\/secretaria-de-saude\/wp-json\/wp\/v2\/types\/post"}],"author":[{"embeddable":true,"href":"https:\/\/www.pmpf.rs.gov.br\/secretaria-de-saude\/wp-json\/wp\/v2\/users\/24"}],"replies":[{"embeddable":true,"href":"https:\/\/www.pmpf.rs.gov.br\/secretaria-de-saude\/wp-json\/wp\/v2\/comments?post=4756"}],"version-history":[{"count":1,"href":"https:\/\/www.pmpf.rs.gov.br\/secretaria-de-saude\/wp-json\/wp\/v2\/posts\/4756\/revisions"}],"predecessor-version":[{"id":4758,"href":"https:\/\/www.pmpf.rs.gov.br\/secretaria-de-saude\/wp-json\/wp\/v2\/posts\/4756\/revisions\/4758"}],"wp:featuredmedia":[{"embeddable":true,"href":"https:\/\/www.pmpf.rs.gov.br\/secretaria-de-saude\/wp-json\/wp\/v2\/media\/4757"}],"wp:attachment":[{"href":"https:\/\/www.pmpf.rs.gov.br\/secretaria-de-saude\/wp-json\/wp\/v2\/media?parent=4756"}],"wp:term":[{"taxonomy":"category","embeddable":true,"href":"https:\/\/www.pmpf.rs.gov.br\/secretaria-de-saude\/wp-json\/wp\/v2\/categories?post=4756"},{"taxonomy":"post_tag","embeddable":true,"href":"https:\/\/www.pmpf.rs.gov.br\/secretaria-de-saude\/wp-json\/wp\/v2\/tags?post=4756"}],"curies":[{"name":"wp","href":"https:\/\/api.w.org\/{rel}","templated":true}]}}