{"id":4749,"date":"2025-11-12T09:10:44","date_gmt":"2025-11-12T12:10:44","guid":{"rendered":"https:\/\/www.pmpf.rs.gov.br\/secretaria-de-saude\/?p=4749"},"modified":"2025-11-12T09:10:48","modified_gmt":"2025-11-12T12:10:48","slug":"prefeitura-reforca-prevencao-da-dengue","status":"publish","type":"post","link":"https:\/\/www.pmpf.rs.gov.br\/secretaria-de-saude\/2025\/11\/12\/prefeitura-reforca-prevencao-da-dengue\/","title":{"rendered":"Prefeitura refor\u00e7a preven\u00e7\u00e3o da dengue"},"content":{"rendered":"\n<p><\/p>\n\n\n\n<p>A Prefeitura de Passo Fundo, por meio da Secretaria de Sa\u00fade, refor\u00e7a o alerta para que a popula\u00e7\u00e3o intensifique os cuidados contra o mosquito Aedes aegypti, transmissor da dengue, zika e chikungunya. O calor favorece a reprodu\u00e7\u00e3o e a circula\u00e7\u00e3o do vetor, por isso, este \u00e9 o momento de redobrar a aten\u00e7\u00e3o com os locais que acumulam \u00e1gua.<\/p>\n\n\n\n<p>A chefe do N\u00facleo de Vigil\u00e2ncia Ambiental, Iv\u00e2nia Silvestrin, destaca que o per\u00edodo exige aten\u00e7\u00e3o e participa\u00e7\u00e3o de toda a comunidade. \u201cTodo dia \u00e9 dia de combater a dengue, e a partir de agora devemos estar ainda mais em alerta com a chegada de dias mais quentes. \u00c9 essencial n\u00e3o permitir a exposi\u00e7\u00e3o de materiais prop\u00edcios \u00e0 forma\u00e7\u00e3o de focos do mosquito, ou seja, eliminar toda e qualquer \u00e1gua parada\u201d, orienta Iv\u00e2nia.<\/p>\n\n\n\n<p>Nesta ter\u00e7a-feira (11), as equipes concentraram esfor\u00e7os na a\u00e7\u00e3o p\u00f3s-Finados, realizando uma vistoria detalhada nos cemit\u00e9rios da cidade. No Cemit\u00e9rio da Petr\u00f3polis, por exemplo, 35 sacos de res\u00edduos foram retirados, muitos deles contendo recipientes com ac\u00famulo de \u00e1gua. \u201cPrecisamos alertar a popula\u00e7\u00e3o sobre os riscos do calor e da \u00e1gua parada, pois \u00e9 nesse ambiente que o mosquito se multiplica\u201d, acrescenta a chefe da Vigil\u00e2ncia Ambiental.<\/p>\n\n\n\n<p>Atualmente, o munic\u00edpio conta com 52 Agentes de Combate \u00e0s Endemias, que realizam visitas di\u00e1rias aos im\u00f3veis. Em per\u00edodos sem chuva, o trabalho pode chegar a cerca de 12 mil visitas mensais. Iv\u00e2nia explica que ainda h\u00e1 resist\u00eancia por parte de alguns moradores em permitir a entrada dos agentes. \u201c\u00c9 importante abrir as portas para a equipe, pois o trabalho deles \u00e9 essencial para identificar e eliminar poss\u00edveis criadouros\u201d, refor\u00e7a.<\/p>\n\n\n\n<p>Al\u00e9m da rotina de vistorias, a Vigil\u00e2ncia Ambiental realiza a\u00e7\u00f5es educativas e preventivas em conjunto com o Programa Sa\u00fade na Escola, que leva informa\u00e7\u00f5es sobre a dengue para estudantes e fam\u00edlias. Na pr\u00f3xima quinta-feira (13\/11), a Secretaria promover\u00e1 uma capacita\u00e7\u00e3o para profissionais da rede municipal, incluindo enfermeiros, gerentes, agentes comunit\u00e1rios de sa\u00fade e agentes de combate \u00e0s endemias, \u00e0s 13h30, na C\u00e2mara de Vereadores.<\/p>\n\n\n\n<p>Apesar da redu\u00e7\u00e3o de casos em rela\u00e7\u00e3o ao mesmo per\u00edodo do ver\u00e3o passado, resultado das a\u00e7\u00f5es preventivas, Iv\u00e2nia alerta que o risco volta a crescer com o calor. \u201cTivemos um per\u00edodo de baixas temperaturas que reduziu a circula\u00e7\u00e3o do mosquito. Agora, conforme for aumentando a temperatura, ele volta a se reproduzir e os casos tendem a subir. Estamos trabalhando para garantir ainda mais a redu\u00e7\u00e3o de casos, mas precisamos da colabora\u00e7\u00e3o da comunidade\u201d, afirma.<\/p>\n\n\n\n<p>Os principais cuidados para evitar a prolifera\u00e7\u00e3o do mosquito s\u00e3o: eliminar \u00e1gua parada de vasos, pneus, garrafas e outros recipientes; manter caixas d\u2019\u00e1gua, ton\u00e9is e barris tampados; limpar calhas e ralos com frequ\u00eancia; descartar corretamente o lixo dom\u00e9stico e n\u00e3o acumular entulho; manter piscinas limpas e tratadas; evitar o cultivo de brom\u00e9lias ou plantas que acumulem \u00e1gua nos vasos; guardar pneus em locais cobertos e protegidos da chuva. \u201cA preven\u00e7\u00e3o \u00e9 o caminho mais eficaz. Cada morador \u00e9 respons\u00e1vel pelo seu espa\u00e7o, e cada atitude faz diferen\u00e7a na luta contra a dengue\u201d, finaliza Iv\u00e2nia.<\/p>\n","protected":false},"excerpt":{"rendered":"<p>Vigil\u00e2ncia Ambiental orienta popula\u00e7\u00e3o a eliminar \u00e1gua parada e manter cuidados constantes para evitar a prolifera\u00e7\u00e3o do Aedes aegypti<\/p>\n","protected":false},"author":24,"featured_media":4750,"comment_status":"closed","ping_status":"closed","sticky":false,"template":"","format":"standard","meta":{"footnotes":""},"categories":[1],"tags":[],"class_list":["post-4749","post","type-post","status-publish","format-standard","has-post-thumbnail","hentry","category-sem-categoria"],"yoast_head":"<!-- This site is optimized with the Yoast SEO plugin v23.8 - https:\/\/yoast.com\/wordpress\/plugins\/seo\/ -->\n<title>Prefeitura refor\u00e7a preven\u00e7\u00e3o da dengue - Secretaria de Sa\u00fade<\/title>\n<meta name=\"robots\" content=\"index, follow, max-snippet:-1, max-image-preview:large, max-video-preview:-1\" \/>\n<link rel=\"canonical\" href=\"https:\/\/www.pmpf.rs.gov.br\/secretaria-de-saude\/2025\/11\/12\/prefeitura-reforca-prevencao-da-dengue\/\" \/>\n<meta property=\"og:locale\" content=\"pt_BR\" \/>\n<meta property=\"og:type\" content=\"article\" \/>\n<meta property=\"og:title\" content=\"Prefeitura refor\u00e7a preven\u00e7\u00e3o da dengue - Secretaria de Sa\u00fade\" \/>\n<meta property=\"og:description\" content=\"Vigil\u00e2ncia Ambiental orienta popula\u00e7\u00e3o a eliminar \u00e1gua parada e manter cuidados constantes para evitar a prolifera\u00e7\u00e3o do Aedes aegypti\" \/>\n<meta property=\"og:url\" content=\"https:\/\/www.pmpf.rs.gov.br\/secretaria-de-saude\/2025\/11\/12\/prefeitura-reforca-prevencao-da-dengue\/\" \/>\n<meta property=\"og:site_name\" content=\"Secretaria de Sa\u00fade\" \/>\n<meta property=\"article:published_time\" content=\"2025-11-12T12:10:44+00:00\" \/>\n<meta property=\"article:modified_time\" content=\"2025-11-12T12:10:48+00:00\" \/>\n<meta name=\"author\" content=\"lilicrivello\" \/>\n<meta name=\"twitter:card\" content=\"summary_large_image\" \/>\n<meta name=\"twitter:label1\" content=\"Escrito por\" \/>\n\t<meta name=\"twitter:data1\" content=\"lilicrivello\" \/>\n\t<meta name=\"twitter:label2\" content=\"Est. tempo de leitura\" \/>\n\t<meta name=\"twitter:data2\" content=\"3 minutos\" \/>\n<script type=\"application\/ld+json\" class=\"yoast-schema-graph\">{\"@context\":\"https:\/\/schema.org\",\"@graph\":[{\"@type\":\"WebPage\",\"@id\":\"https:\/\/www.pmpf.rs.gov.br\/secretaria-de-saude\/2025\/11\/12\/prefeitura-reforca-prevencao-da-dengue\/\",\"url\":\"https:\/\/www.pmpf.rs.gov.br\/secretaria-de-saude\/2025\/11\/12\/prefeitura-reforca-prevencao-da-dengue\/\",\"name\":\"Prefeitura refor\u00e7a preven\u00e7\u00e3o da dengue - Secretaria de Sa\u00fade\",\"isPartOf\":{\"@id\":\"https:\/\/www.pmpf.rs.gov.br\/secretaria-de-saude\/#website\"},\"primaryImageOfPage\":{\"@id\":\"https:\/\/www.pmpf.rs.gov.br\/secretaria-de-saude\/2025\/11\/12\/prefeitura-reforca-prevencao-da-dengue\/#primaryimage\"},\"image\":{\"@id\":\"https:\/\/www.pmpf.rs.gov.br\/secretaria-de-saude\/2025\/11\/12\/prefeitura-reforca-prevencao-da-dengue\/#primaryimage\"},\"thumbnailUrl\":\"https:\/\/www.pmpf.rs.gov.br\/secretaria-de-saude\/wp-content\/uploads\/sites\/50\/2025\/11\/WhatsApp-Image-2025-11-12-at-08.33.23-2.jpeg\",\"datePublished\":\"2025-11-12T12:10:44+00:00\",\"dateModified\":\"2025-11-12T12:10:48+00:00\",\"author\":{\"@id\":\"https:\/\/www.pmpf.rs.gov.br\/secretaria-de-saude\/#\/schema\/person\/6e93b0ab2174b69f691ac4f278ba2d0a\"},\"breadcrumb\":{\"@id\":\"https:\/\/www.pmpf.rs.gov.br\/secretaria-de-saude\/2025\/11\/12\/prefeitura-reforca-prevencao-da-dengue\/#breadcrumb\"},\"inLanguage\":\"pt-BR\",\"potentialAction\":[{\"@type\":\"ReadAction\",\"target\":[\"https:\/\/www.pmpf.rs.gov.br\/secretaria-de-saude\/2025\/11\/12\/prefeitura-reforca-prevencao-da-dengue\/\"]}]},{\"@type\":\"ImageObject\",\"inLanguage\":\"pt-BR\",\"@id\":\"https:\/\/www.pmpf.rs.gov.br\/secretaria-de-saude\/2025\/11\/12\/prefeitura-reforca-prevencao-da-dengue\/#primaryimage\",\"url\":\"https:\/\/www.pmpf.rs.gov.br\/secretaria-de-saude\/wp-content\/uploads\/sites\/50\/2025\/11\/WhatsApp-Image-2025-11-12-at-08.33.23-2.jpeg\",\"contentUrl\":\"https:\/\/www.pmpf.rs.gov.br\/secretaria-de-saude\/wp-content\/uploads\/sites\/50\/2025\/11\/WhatsApp-Image-2025-11-12-at-08.33.23-2.jpeg\",\"width\":960,\"height\":803},{\"@type\":\"BreadcrumbList\",\"@id\":\"https:\/\/www.pmpf.rs.gov.br\/secretaria-de-saude\/2025\/11\/12\/prefeitura-reforca-prevencao-da-dengue\/#breadcrumb\",\"itemListElement\":[{\"@type\":\"ListItem\",\"position\":1,\"name\":\"In\u00edcio\",\"item\":\"https:\/\/www.pmpf.rs.gov.br\/secretaria-de-saude\/\"},{\"@type\":\"ListItem\",\"position\":2,\"name\":\"Prefeitura refor\u00e7a preven\u00e7\u00e3o da dengue\"}]},{\"@type\":\"WebSite\",\"@id\":\"https:\/\/www.pmpf.rs.gov.br\/secretaria-de-saude\/#website\",\"url\":\"https:\/\/www.pmpf.rs.gov.br\/secretaria-de-saude\/\",\"name\":\"Secretaria de Sa\u00fade\",\"description\":\"S\u00f3 mais um site Prefeitura de Passo Fundo\",\"potentialAction\":[{\"@type\":\"SearchAction\",\"target\":{\"@type\":\"EntryPoint\",\"urlTemplate\":\"https:\/\/www.pmpf.rs.gov.br\/secretaria-de-saude\/?s={search_term_string}\"},\"query-input\":{\"@type\":\"PropertyValueSpecification\",\"valueRequired\":true,\"valueName\":\"search_term_string\"}}],\"inLanguage\":\"pt-BR\"},{\"@type\":\"Person\",\"@id\":\"https:\/\/www.pmpf.rs.gov.br\/secretaria-de-saude\/#\/schema\/person\/6e93b0ab2174b69f691ac4f278ba2d0a\",\"name\":\"lilicrivello\",\"image\":{\"@type\":\"ImageObject\",\"inLanguage\":\"pt-BR\",\"@id\":\"https:\/\/www.pmpf.rs.gov.br\/secretaria-de-saude\/#\/schema\/person\/image\/\",\"url\":\"https:\/\/secure.gravatar.com\/avatar\/0b546b667388f8edb7b67d70a57b5e46?s=96&d=mm&r=g\",\"contentUrl\":\"https:\/\/secure.gravatar.com\/avatar\/0b546b667388f8edb7b67d70a57b5e46?s=96&d=mm&r=g\",\"caption\":\"lilicrivello\"},\"url\":\"https:\/\/www.pmpf.rs.gov.br\/secretaria-de-saude\/author\/lilicrivello\/\"}]}<\/script>\n<!-- \/ Yoast SEO plugin. -->","yoast_head_json":{"title":"Prefeitura refor\u00e7a preven\u00e7\u00e3o da dengue - Secretaria de Sa\u00fade","robots":{"index":"index","follow":"follow","max-snippet":"max-snippet:-1","max-image-preview":"max-image-preview:large","max-video-preview":"max-video-preview:-1"},"canonical":"https:\/\/www.pmpf.rs.gov.br\/secretaria-de-saude\/2025\/11\/12\/prefeitura-reforca-prevencao-da-dengue\/","og_locale":"pt_BR","og_type":"article","og_title":"Prefeitura refor\u00e7a preven\u00e7\u00e3o da dengue - Secretaria de Sa\u00fade","og_description":"Vigil\u00e2ncia Ambiental orienta popula\u00e7\u00e3o a eliminar \u00e1gua parada e manter cuidados constantes para evitar a prolifera\u00e7\u00e3o do Aedes aegypti","og_url":"https:\/\/www.pmpf.rs.gov.br\/secretaria-de-saude\/2025\/11\/12\/prefeitura-reforca-prevencao-da-dengue\/","og_site_name":"Secretaria de Sa\u00fade","article_published_time":"2025-11-12T12:10:44+00:00","article_modified_time":"2025-11-12T12:10:48+00:00","author":"lilicrivello","twitter_card":"summary_large_image","twitter_misc":{"Escrito por":"lilicrivello","Est. tempo de leitura":"3 minutos"},"schema":{"@context":"https:\/\/schema.org","@graph":[{"@type":"WebPage","@id":"https:\/\/www.pmpf.rs.gov.br\/secretaria-de-saude\/2025\/11\/12\/prefeitura-reforca-prevencao-da-dengue\/","url":"https:\/\/www.pmpf.rs.gov.br\/secretaria-de-saude\/2025\/11\/12\/prefeitura-reforca-prevencao-da-dengue\/","name":"Prefeitura refor\u00e7a preven\u00e7\u00e3o da dengue - Secretaria de Sa\u00fade","isPartOf":{"@id":"https:\/\/www.pmpf.rs.gov.br\/secretaria-de-saude\/#website"},"primaryImageOfPage":{"@id":"https:\/\/www.pmpf.rs.gov.br\/secretaria-de-saude\/2025\/11\/12\/prefeitura-reforca-prevencao-da-dengue\/#primaryimage"},"image":{"@id":"https:\/\/www.pmpf.rs.gov.br\/secretaria-de-saude\/2025\/11\/12\/prefeitura-reforca-prevencao-da-dengue\/#primaryimage"},"thumbnailUrl":"https:\/\/www.pmpf.rs.gov.br\/secretaria-de-saude\/wp-content\/uploads\/sites\/50\/2025\/11\/WhatsApp-Image-2025-11-12-at-08.33.23-2.jpeg","datePublished":"2025-11-12T12:10:44+00:00","dateModified":"2025-11-12T12:10:48+00:00","author":{"@id":"https:\/\/www.pmpf.rs.gov.br\/secretaria-de-saude\/#\/schema\/person\/6e93b0ab2174b69f691ac4f278ba2d0a"},"breadcrumb":{"@id":"https:\/\/www.pmpf.rs.gov.br\/secretaria-de-saude\/2025\/11\/12\/prefeitura-reforca-prevencao-da-dengue\/#breadcrumb"},"inLanguage":"pt-BR","potentialAction":[{"@type":"ReadAction","target":["https:\/\/www.pmpf.rs.gov.br\/secretaria-de-saude\/2025\/11\/12\/prefeitura-reforca-prevencao-da-dengue\/"]}]},{"@type":"ImageObject","inLanguage":"pt-BR","@id":"https:\/\/www.pmpf.rs.gov.br\/secretaria-de-saude\/2025\/11\/12\/prefeitura-reforca-prevencao-da-dengue\/#primaryimage","url":"https:\/\/www.pmpf.rs.gov.br\/secretaria-de-saude\/wp-content\/uploads\/sites\/50\/2025\/11\/WhatsApp-Image-2025-11-12-at-08.33.23-2.jpeg","contentUrl":"https:\/\/www.pmpf.rs.gov.br\/secretaria-de-saude\/wp-content\/uploads\/sites\/50\/2025\/11\/WhatsApp-Image-2025-11-12-at-08.33.23-2.jpeg","width":960,"height":803},{"@type":"BreadcrumbList","@id":"https:\/\/www.pmpf.rs.gov.br\/secretaria-de-saude\/2025\/11\/12\/prefeitura-reforca-prevencao-da-dengue\/#breadcrumb","itemListElement":[{"@type":"ListItem","position":1,"name":"In\u00edcio","item":"https:\/\/www.pmpf.rs.gov.br\/secretaria-de-saude\/"},{"@type":"ListItem","position":2,"name":"Prefeitura refor\u00e7a preven\u00e7\u00e3o da dengue"}]},{"@type":"WebSite","@id":"https:\/\/www.pmpf.rs.gov.br\/secretaria-de-saude\/#website","url":"https:\/\/www.pmpf.rs.gov.br\/secretaria-de-saude\/","name":"Secretaria de Sa\u00fade","description":"S\u00f3 mais um site Prefeitura de Passo Fundo","potentialAction":[{"@type":"SearchAction","target":{"@type":"EntryPoint","urlTemplate":"https:\/\/www.pmpf.rs.gov.br\/secretaria-de-saude\/?s={search_term_string}"},"query-input":{"@type":"PropertyValueSpecification","valueRequired":true,"valueName":"search_term_string"}}],"inLanguage":"pt-BR"},{"@type":"Person","@id":"https:\/\/www.pmpf.rs.gov.br\/secretaria-de-saude\/#\/schema\/person\/6e93b0ab2174b69f691ac4f278ba2d0a","name":"lilicrivello","image":{"@type":"ImageObject","inLanguage":"pt-BR","@id":"https:\/\/www.pmpf.rs.gov.br\/secretaria-de-saude\/#\/schema\/person\/image\/","url":"https:\/\/secure.gravatar.com\/avatar\/0b546b667388f8edb7b67d70a57b5e46?s=96&d=mm&r=g","contentUrl":"https:\/\/secure.gravatar.com\/avatar\/0b546b667388f8edb7b67d70a57b5e46?s=96&d=mm&r=g","caption":"lilicrivello"},"url":"https:\/\/www.pmpf.rs.gov.br\/secretaria-de-saude\/author\/lilicrivello\/"}]}},"_links":{"self":[{"href":"https:\/\/www.pmpf.rs.gov.br\/secretaria-de-saude\/wp-json\/wp\/v2\/posts\/4749"}],"collection":[{"href":"https:\/\/www.pmpf.rs.gov.br\/secretaria-de-saude\/wp-json\/wp\/v2\/posts"}],"about":[{"href":"https:\/\/www.pmpf.rs.gov.br\/secretaria-de-saude\/wp-json\/wp\/v2\/types\/post"}],"author":[{"embeddable":true,"href":"https:\/\/www.pmpf.rs.gov.br\/secretaria-de-saude\/wp-json\/wp\/v2\/users\/24"}],"replies":[{"embeddable":true,"href":"https:\/\/www.pmpf.rs.gov.br\/secretaria-de-saude\/wp-json\/wp\/v2\/comments?post=4749"}],"version-history":[{"count":1,"href":"https:\/\/www.pmpf.rs.gov.br\/secretaria-de-saude\/wp-json\/wp\/v2\/posts\/4749\/revisions"}],"predecessor-version":[{"id":4751,"href":"https:\/\/www.pmpf.rs.gov.br\/secretaria-de-saude\/wp-json\/wp\/v2\/posts\/4749\/revisions\/4751"}],"wp:featuredmedia":[{"embeddable":true,"href":"https:\/\/www.pmpf.rs.gov.br\/secretaria-de-saude\/wp-json\/wp\/v2\/media\/4750"}],"wp:attachment":[{"href":"https:\/\/www.pmpf.rs.gov.br\/secretaria-de-saude\/wp-json\/wp\/v2\/media?parent=4749"}],"wp:term":[{"taxonomy":"category","embeddable":true,"href":"https:\/\/www.pmpf.rs.gov.br\/secretaria-de-saude\/wp-json\/wp\/v2\/categories?post=4749"},{"taxonomy":"post_tag","embeddable":true,"href":"https:\/\/www.pmpf.rs.gov.br\/secretaria-de-saude\/wp-json\/wp\/v2\/tags?post=4749"}],"curies":[{"name":"wp","href":"https:\/\/api.w.org\/{rel}","templated":true}]}}