{"id":4689,"date":"2025-10-20T10:17:22","date_gmt":"2025-10-20T13:17:22","guid":{"rendered":"https:\/\/www.pmpf.rs.gov.br\/secretaria-de-saude\/?p=4689"},"modified":"2025-10-20T10:17:23","modified_gmt":"2025-10-20T13:17:23","slug":"dia-d-de-vacinacao-aplica-cerca-de-1-300-doses-em-passo-fundo","status":"publish","type":"post","link":"https:\/\/www.pmpf.rs.gov.br\/secretaria-de-saude\/2025\/10\/20\/dia-d-de-vacinacao-aplica-cerca-de-1-300-doses-em-passo-fundo\/","title":{"rendered":"Dia D de Vacina\u00e7\u00e3o aplica cerca de 1.300 doses em Passo Fundo"},"content":{"rendered":"\n<p><\/p>\n\n\n\n<p>A Prefeitura de Passo Fundo, por meio da Secretaria Municipal de Sa\u00fade, realizou no s\u00e1bado (18) o Dia D de Vacina\u00e7\u00e3o, com o objetivo de ampliar a cobertura vacinal e garantir a atualiza\u00e7\u00e3o das carteiras de imuniza\u00e7\u00e3o da popula\u00e7\u00e3o. A a\u00e7\u00e3o ocorreu em 26 unidades de sa\u00fade, das 8h \u00e0s 17h, e resultou na aplica\u00e7\u00e3o de 1.372 doses de vacinas.<\/p>\n\n\n\n<p>Durante o dia, 1.112 crian\u00e7as e adolescentes menores de 15 anos compareceram \u00e0s unidades, sendo 839 vacinados. J\u00e1 entre os maiores de 15 anos, 254 pessoas procuraram os postos e 164 receberam alguma vacina.<\/p>\n\n\n\n<p>A coordenadora de Vigil\u00e2ncia em Sa\u00fade, Marisa Zanatta, avaliou positivamente a mobiliza\u00e7\u00e3o. \u201cO Dia D foi uma oportunidade importante para refor\u00e7ar a prote\u00e7\u00e3o da nossa popula\u00e7\u00e3o contra doen\u00e7as imunopreven\u00edveis. Seguimos trabalhando para reduzir o n\u00famero de pessoas com vacinas em atraso e garantir que todos estejam com o esquema vacinal completo\u201d, destacou.<\/p>\n\n\n\n<p>Durante a mobiliza\u00e7\u00e3o, todas as vacinas do Calend\u00e1rio Nacional de Vacina\u00e7\u00e3o estiveram dispon\u00edveis, em uma a\u00e7\u00e3o articulada pelo Minist\u00e9rio da Sa\u00fade e executada pelos munic\u00edpios. Al\u00e9m da atualiza\u00e7\u00e3o vacinal, as fam\u00edlias tamb\u00e9m puderam solicitar o comprovante de situa\u00e7\u00e3o vacinal, exigido para matr\u00edcula e rematr\u00edcula escolar.<\/p>\n\n\n\n<p>Paralelamente ao Dia D de Vacina\u00e7\u00e3o, as unidades tamb\u00e9m realizaram atendimentos voltados \u00e0s mulheres, dentro da programa\u00e7\u00e3o do Outubro Rosa, com coleta de citopatol\u00f3gico, exame cl\u00ednico das mamas, encaminhamentos para mamografia, testes r\u00e1pidos e orienta\u00e7\u00f5es em sa\u00fade.<\/p>\n","protected":false},"excerpt":{"rendered":"<p>A\u00e7\u00e3o mobilizou 26 unidades de sa\u00fade e atualizou carteiras de vacina\u00e7\u00e3o de crian\u00e7as e adolescentes<\/p>\n","protected":false},"author":24,"featured_media":4690,"comment_status":"closed","ping_status":"closed","sticky":false,"template":"","format":"standard","meta":{"footnotes":""},"categories":[1],"tags":[],"class_list":["post-4689","post","type-post","status-publish","format-standard","has-post-thumbnail","hentry","category-sem-categoria"],"yoast_head":"<!-- This site is optimized with the Yoast SEO plugin v23.8 - https:\/\/yoast.com\/wordpress\/plugins\/seo\/ -->\n<title>Dia D de Vacina\u00e7\u00e3o aplica cerca de 1.300 doses em Passo Fundo - Secretaria de Sa\u00fade<\/title>\n<meta name=\"robots\" content=\"index, follow, max-snippet:-1, max-image-preview:large, max-video-preview:-1\" \/>\n<link rel=\"canonical\" href=\"https:\/\/www.pmpf.rs.gov.br\/secretaria-de-saude\/2025\/10\/20\/dia-d-de-vacinacao-aplica-cerca-de-1-300-doses-em-passo-fundo\/\" \/>\n<meta property=\"og:locale\" content=\"pt_BR\" \/>\n<meta property=\"og:type\" content=\"article\" \/>\n<meta property=\"og:title\" content=\"Dia D de Vacina\u00e7\u00e3o aplica cerca de 1.300 doses em Passo Fundo - Secretaria de Sa\u00fade\" \/>\n<meta property=\"og:description\" content=\"A\u00e7\u00e3o mobilizou 26 unidades de sa\u00fade e atualizou carteiras de vacina\u00e7\u00e3o de crian\u00e7as e adolescentes\" \/>\n<meta property=\"og:url\" content=\"https:\/\/www.pmpf.rs.gov.br\/secretaria-de-saude\/2025\/10\/20\/dia-d-de-vacinacao-aplica-cerca-de-1-300-doses-em-passo-fundo\/\" \/>\n<meta property=\"og:site_name\" content=\"Secretaria de Sa\u00fade\" \/>\n<meta property=\"article:published_time\" content=\"2025-10-20T13:17:22+00:00\" \/>\n<meta property=\"article:modified_time\" content=\"2025-10-20T13:17:23+00:00\" \/>\n<meta name=\"author\" content=\"lilicrivello\" \/>\n<meta name=\"twitter:card\" content=\"summary_large_image\" \/>\n<meta name=\"twitter:label1\" content=\"Escrito por\" \/>\n\t<meta name=\"twitter:data1\" content=\"lilicrivello\" \/>\n\t<meta name=\"twitter:label2\" content=\"Est. tempo de leitura\" \/>\n\t<meta name=\"twitter:data2\" content=\"1 minuto\" \/>\n<script type=\"application\/ld+json\" class=\"yoast-schema-graph\">{\"@context\":\"https:\/\/schema.org\",\"@graph\":[{\"@type\":\"WebPage\",\"@id\":\"https:\/\/www.pmpf.rs.gov.br\/secretaria-de-saude\/2025\/10\/20\/dia-d-de-vacinacao-aplica-cerca-de-1-300-doses-em-passo-fundo\/\",\"url\":\"https:\/\/www.pmpf.rs.gov.br\/secretaria-de-saude\/2025\/10\/20\/dia-d-de-vacinacao-aplica-cerca-de-1-300-doses-em-passo-fundo\/\",\"name\":\"Dia D de Vacina\u00e7\u00e3o aplica cerca de 1.300 doses em Passo Fundo - Secretaria de Sa\u00fade\",\"isPartOf\":{\"@id\":\"https:\/\/www.pmpf.rs.gov.br\/secretaria-de-saude\/#website\"},\"primaryImageOfPage\":{\"@id\":\"https:\/\/www.pmpf.rs.gov.br\/secretaria-de-saude\/2025\/10\/20\/dia-d-de-vacinacao-aplica-cerca-de-1-300-doses-em-passo-fundo\/#primaryimage\"},\"image\":{\"@id\":\"https:\/\/www.pmpf.rs.gov.br\/secretaria-de-saude\/2025\/10\/20\/dia-d-de-vacinacao-aplica-cerca-de-1-300-doses-em-passo-fundo\/#primaryimage\"},\"thumbnailUrl\":\"https:\/\/www.pmpf.rs.gov.br\/secretaria-de-saude\/wp-content\/uploads\/sites\/50\/2025\/10\/WhatsApp-Image-2025-10-18-at-18.08.49.jpeg\",\"datePublished\":\"2025-10-20T13:17:22+00:00\",\"dateModified\":\"2025-10-20T13:17:23+00:00\",\"author\":{\"@id\":\"https:\/\/www.pmpf.rs.gov.br\/secretaria-de-saude\/#\/schema\/person\/6e93b0ab2174b69f691ac4f278ba2d0a\"},\"breadcrumb\":{\"@id\":\"https:\/\/www.pmpf.rs.gov.br\/secretaria-de-saude\/2025\/10\/20\/dia-d-de-vacinacao-aplica-cerca-de-1-300-doses-em-passo-fundo\/#breadcrumb\"},\"inLanguage\":\"pt-BR\",\"potentialAction\":[{\"@type\":\"ReadAction\",\"target\":[\"https:\/\/www.pmpf.rs.gov.br\/secretaria-de-saude\/2025\/10\/20\/dia-d-de-vacinacao-aplica-cerca-de-1-300-doses-em-passo-fundo\/\"]}]},{\"@type\":\"ImageObject\",\"inLanguage\":\"pt-BR\",\"@id\":\"https:\/\/www.pmpf.rs.gov.br\/secretaria-de-saude\/2025\/10\/20\/dia-d-de-vacinacao-aplica-cerca-de-1-300-doses-em-passo-fundo\/#primaryimage\",\"url\":\"https:\/\/www.pmpf.rs.gov.br\/secretaria-de-saude\/wp-content\/uploads\/sites\/50\/2025\/10\/WhatsApp-Image-2025-10-18-at-18.08.49.jpeg\",\"contentUrl\":\"https:\/\/www.pmpf.rs.gov.br\/secretaria-de-saude\/wp-content\/uploads\/sites\/50\/2025\/10\/WhatsApp-Image-2025-10-18-at-18.08.49.jpeg\",\"width\":1200,\"height\":1600},{\"@type\":\"BreadcrumbList\",\"@id\":\"https:\/\/www.pmpf.rs.gov.br\/secretaria-de-saude\/2025\/10\/20\/dia-d-de-vacinacao-aplica-cerca-de-1-300-doses-em-passo-fundo\/#breadcrumb\",\"itemListElement\":[{\"@type\":\"ListItem\",\"position\":1,\"name\":\"In\u00edcio\",\"item\":\"https:\/\/www.pmpf.rs.gov.br\/secretaria-de-saude\/\"},{\"@type\":\"ListItem\",\"position\":2,\"name\":\"Dia D de Vacina\u00e7\u00e3o aplica cerca de 1.300 doses em Passo Fundo\"}]},{\"@type\":\"WebSite\",\"@id\":\"https:\/\/www.pmpf.rs.gov.br\/secretaria-de-saude\/#website\",\"url\":\"https:\/\/www.pmpf.rs.gov.br\/secretaria-de-saude\/\",\"name\":\"Secretaria de Sa\u00fade\",\"description\":\"S\u00f3 mais um site Prefeitura de Passo Fundo\",\"potentialAction\":[{\"@type\":\"SearchAction\",\"target\":{\"@type\":\"EntryPoint\",\"urlTemplate\":\"https:\/\/www.pmpf.rs.gov.br\/secretaria-de-saude\/?s={search_term_string}\"},\"query-input\":{\"@type\":\"PropertyValueSpecification\",\"valueRequired\":true,\"valueName\":\"search_term_string\"}}],\"inLanguage\":\"pt-BR\"},{\"@type\":\"Person\",\"@id\":\"https:\/\/www.pmpf.rs.gov.br\/secretaria-de-saude\/#\/schema\/person\/6e93b0ab2174b69f691ac4f278ba2d0a\",\"name\":\"lilicrivello\",\"image\":{\"@type\":\"ImageObject\",\"inLanguage\":\"pt-BR\",\"@id\":\"https:\/\/www.pmpf.rs.gov.br\/secretaria-de-saude\/#\/schema\/person\/image\/\",\"url\":\"https:\/\/secure.gravatar.com\/avatar\/0b546b667388f8edb7b67d70a57b5e46?s=96&d=mm&r=g\",\"contentUrl\":\"https:\/\/secure.gravatar.com\/avatar\/0b546b667388f8edb7b67d70a57b5e46?s=96&d=mm&r=g\",\"caption\":\"lilicrivello\"},\"url\":\"https:\/\/www.pmpf.rs.gov.br\/secretaria-de-saude\/author\/lilicrivello\/\"}]}<\/script>\n<!-- \/ Yoast SEO plugin. -->","yoast_head_json":{"title":"Dia D de Vacina\u00e7\u00e3o aplica cerca de 1.300 doses em Passo Fundo - Secretaria de Sa\u00fade","robots":{"index":"index","follow":"follow","max-snippet":"max-snippet:-1","max-image-preview":"max-image-preview:large","max-video-preview":"max-video-preview:-1"},"canonical":"https:\/\/www.pmpf.rs.gov.br\/secretaria-de-saude\/2025\/10\/20\/dia-d-de-vacinacao-aplica-cerca-de-1-300-doses-em-passo-fundo\/","og_locale":"pt_BR","og_type":"article","og_title":"Dia D de Vacina\u00e7\u00e3o aplica cerca de 1.300 doses em Passo Fundo - Secretaria de Sa\u00fade","og_description":"A\u00e7\u00e3o mobilizou 26 unidades de sa\u00fade e atualizou carteiras de vacina\u00e7\u00e3o de crian\u00e7as e adolescentes","og_url":"https:\/\/www.pmpf.rs.gov.br\/secretaria-de-saude\/2025\/10\/20\/dia-d-de-vacinacao-aplica-cerca-de-1-300-doses-em-passo-fundo\/","og_site_name":"Secretaria de Sa\u00fade","article_published_time":"2025-10-20T13:17:22+00:00","article_modified_time":"2025-10-20T13:17:23+00:00","author":"lilicrivello","twitter_card":"summary_large_image","twitter_misc":{"Escrito por":"lilicrivello","Est. tempo de leitura":"1 minuto"},"schema":{"@context":"https:\/\/schema.org","@graph":[{"@type":"WebPage","@id":"https:\/\/www.pmpf.rs.gov.br\/secretaria-de-saude\/2025\/10\/20\/dia-d-de-vacinacao-aplica-cerca-de-1-300-doses-em-passo-fundo\/","url":"https:\/\/www.pmpf.rs.gov.br\/secretaria-de-saude\/2025\/10\/20\/dia-d-de-vacinacao-aplica-cerca-de-1-300-doses-em-passo-fundo\/","name":"Dia D de Vacina\u00e7\u00e3o aplica cerca de 1.300 doses em Passo Fundo - Secretaria de Sa\u00fade","isPartOf":{"@id":"https:\/\/www.pmpf.rs.gov.br\/secretaria-de-saude\/#website"},"primaryImageOfPage":{"@id":"https:\/\/www.pmpf.rs.gov.br\/secretaria-de-saude\/2025\/10\/20\/dia-d-de-vacinacao-aplica-cerca-de-1-300-doses-em-passo-fundo\/#primaryimage"},"image":{"@id":"https:\/\/www.pmpf.rs.gov.br\/secretaria-de-saude\/2025\/10\/20\/dia-d-de-vacinacao-aplica-cerca-de-1-300-doses-em-passo-fundo\/#primaryimage"},"thumbnailUrl":"https:\/\/www.pmpf.rs.gov.br\/secretaria-de-saude\/wp-content\/uploads\/sites\/50\/2025\/10\/WhatsApp-Image-2025-10-18-at-18.08.49.jpeg","datePublished":"2025-10-20T13:17:22+00:00","dateModified":"2025-10-20T13:17:23+00:00","author":{"@id":"https:\/\/www.pmpf.rs.gov.br\/secretaria-de-saude\/#\/schema\/person\/6e93b0ab2174b69f691ac4f278ba2d0a"},"breadcrumb":{"@id":"https:\/\/www.pmpf.rs.gov.br\/secretaria-de-saude\/2025\/10\/20\/dia-d-de-vacinacao-aplica-cerca-de-1-300-doses-em-passo-fundo\/#breadcrumb"},"inLanguage":"pt-BR","potentialAction":[{"@type":"ReadAction","target":["https:\/\/www.pmpf.rs.gov.br\/secretaria-de-saude\/2025\/10\/20\/dia-d-de-vacinacao-aplica-cerca-de-1-300-doses-em-passo-fundo\/"]}]},{"@type":"ImageObject","inLanguage":"pt-BR","@id":"https:\/\/www.pmpf.rs.gov.br\/secretaria-de-saude\/2025\/10\/20\/dia-d-de-vacinacao-aplica-cerca-de-1-300-doses-em-passo-fundo\/#primaryimage","url":"https:\/\/www.pmpf.rs.gov.br\/secretaria-de-saude\/wp-content\/uploads\/sites\/50\/2025\/10\/WhatsApp-Image-2025-10-18-at-18.08.49.jpeg","contentUrl":"https:\/\/www.pmpf.rs.gov.br\/secretaria-de-saude\/wp-content\/uploads\/sites\/50\/2025\/10\/WhatsApp-Image-2025-10-18-at-18.08.49.jpeg","width":1200,"height":1600},{"@type":"BreadcrumbList","@id":"https:\/\/www.pmpf.rs.gov.br\/secretaria-de-saude\/2025\/10\/20\/dia-d-de-vacinacao-aplica-cerca-de-1-300-doses-em-passo-fundo\/#breadcrumb","itemListElement":[{"@type":"ListItem","position":1,"name":"In\u00edcio","item":"https:\/\/www.pmpf.rs.gov.br\/secretaria-de-saude\/"},{"@type":"ListItem","position":2,"name":"Dia D de Vacina\u00e7\u00e3o aplica cerca de 1.300 doses em Passo Fundo"}]},{"@type":"WebSite","@id":"https:\/\/www.pmpf.rs.gov.br\/secretaria-de-saude\/#website","url":"https:\/\/www.pmpf.rs.gov.br\/secretaria-de-saude\/","name":"Secretaria de Sa\u00fade","description":"S\u00f3 mais um site Prefeitura de Passo Fundo","potentialAction":[{"@type":"SearchAction","target":{"@type":"EntryPoint","urlTemplate":"https:\/\/www.pmpf.rs.gov.br\/secretaria-de-saude\/?s={search_term_string}"},"query-input":{"@type":"PropertyValueSpecification","valueRequired":true,"valueName":"search_term_string"}}],"inLanguage":"pt-BR"},{"@type":"Person","@id":"https:\/\/www.pmpf.rs.gov.br\/secretaria-de-saude\/#\/schema\/person\/6e93b0ab2174b69f691ac4f278ba2d0a","name":"lilicrivello","image":{"@type":"ImageObject","inLanguage":"pt-BR","@id":"https:\/\/www.pmpf.rs.gov.br\/secretaria-de-saude\/#\/schema\/person\/image\/","url":"https:\/\/secure.gravatar.com\/avatar\/0b546b667388f8edb7b67d70a57b5e46?s=96&d=mm&r=g","contentUrl":"https:\/\/secure.gravatar.com\/avatar\/0b546b667388f8edb7b67d70a57b5e46?s=96&d=mm&r=g","caption":"lilicrivello"},"url":"https:\/\/www.pmpf.rs.gov.br\/secretaria-de-saude\/author\/lilicrivello\/"}]}},"_links":{"self":[{"href":"https:\/\/www.pmpf.rs.gov.br\/secretaria-de-saude\/wp-json\/wp\/v2\/posts\/4689"}],"collection":[{"href":"https:\/\/www.pmpf.rs.gov.br\/secretaria-de-saude\/wp-json\/wp\/v2\/posts"}],"about":[{"href":"https:\/\/www.pmpf.rs.gov.br\/secretaria-de-saude\/wp-json\/wp\/v2\/types\/post"}],"author":[{"embeddable":true,"href":"https:\/\/www.pmpf.rs.gov.br\/secretaria-de-saude\/wp-json\/wp\/v2\/users\/24"}],"replies":[{"embeddable":true,"href":"https:\/\/www.pmpf.rs.gov.br\/secretaria-de-saude\/wp-json\/wp\/v2\/comments?post=4689"}],"version-history":[{"count":1,"href":"https:\/\/www.pmpf.rs.gov.br\/secretaria-de-saude\/wp-json\/wp\/v2\/posts\/4689\/revisions"}],"predecessor-version":[{"id":4691,"href":"https:\/\/www.pmpf.rs.gov.br\/secretaria-de-saude\/wp-json\/wp\/v2\/posts\/4689\/revisions\/4691"}],"wp:featuredmedia":[{"embeddable":true,"href":"https:\/\/www.pmpf.rs.gov.br\/secretaria-de-saude\/wp-json\/wp\/v2\/media\/4690"}],"wp:attachment":[{"href":"https:\/\/www.pmpf.rs.gov.br\/secretaria-de-saude\/wp-json\/wp\/v2\/media?parent=4689"}],"wp:term":[{"taxonomy":"category","embeddable":true,"href":"https:\/\/www.pmpf.rs.gov.br\/secretaria-de-saude\/wp-json\/wp\/v2\/categories?post=4689"},{"taxonomy":"post_tag","embeddable":true,"href":"https:\/\/www.pmpf.rs.gov.br\/secretaria-de-saude\/wp-json\/wp\/v2\/tags?post=4689"}],"curies":[{"name":"wp","href":"https:\/\/api.w.org\/{rel}","templated":true}]}}