{"id":4595,"date":"2025-08-05T11:22:48","date_gmt":"2025-08-05T14:22:48","guid":{"rendered":"https:\/\/www.pmpf.rs.gov.br\/secretaria-de-saude\/?p=4595"},"modified":"2025-08-05T11:22:58","modified_gmt":"2025-08-05T14:22:58","slug":"prefeitura-anuncia-investimento-de-r-25-milhoes-na-qualificacao-das-unidades-de-saude-de-passo-fundo","status":"publish","type":"post","link":"https:\/\/www.pmpf.rs.gov.br\/secretaria-de-saude\/2025\/08\/05\/prefeitura-anuncia-investimento-de-r-25-milhoes-na-qualificacao-das-unidades-de-saude-de-passo-fundo\/","title":{"rendered":"Prefeitura anuncia investimento de R$ 25 milh\u00f5es na qualifica\u00e7\u00e3o das unidades de sa\u00fade de Passo Fundo"},"content":{"rendered":"\n<p><\/p>\n\n\n\n<p>A Prefeitura de Passo Fundo anunciou nesta ter\u00e7a-feira (5) um novo pacote de obras com foco na qualifica\u00e7\u00e3o das estruturas f\u00edsicas das unidades de sa\u00fade do munic\u00edpio. O plano contempla reformas, amplia\u00e7\u00f5es e a constru\u00e7\u00e3o de duas novas Unidades B\u00e1sicas de Sa\u00fade (UBSs), com um investimento estimado em mais de R$ 25 milh\u00f5es.<\/p>\n\n\n\n<p>A iniciativa, articulada pela Secretaria de Sa\u00fade em conjunto com a Secretaria de Planejamento (Seplan), tem como objetivo fortalecer os servi\u00e7os p\u00fablicos de sa\u00fade e oferecer um atendimento mais humanizado \u00e0 popula\u00e7\u00e3o.<\/p>\n\n\n\n<p>Para o prefeito Pedro Almeida, o investimento refor\u00e7a o compromisso da gest\u00e3o com a sa\u00fade p\u00fablica de qualidade. \u201cEstamos realizando um esfor\u00e7o cont\u00ednuo para qualificar a infraestrutura dos nossos servi\u00e7os de sa\u00fade. Essas melhorias impactam diretamente na vida das pessoas e no trabalho dos nossos profissionais, promovendo ambientes eficientes e acolhedores\u201d, destacou o prefeito.<\/p>\n\n\n\n<p>O secret\u00e1rio de Sa\u00fade, Dr. Diego Farias, destaca que o pacote de obras \u00e9 resultado de um diagn\u00f3stico minucioso realizado em todas as unidades. \u201cO pacote de obras da sa\u00fade \u00e9 mais uma das a\u00e7\u00f5es da Prefeitura visando melhorias nas estruturas das UBSs, ESFs e CAIS do nosso munic\u00edpio. Essa qualifica\u00e7\u00e3o envolve reformas e amplia\u00e7\u00f5es de setores para melhor acolher a comunidade passo-fundense\u201d, explicou.<\/p>\n\n\n\n<p>A proposta segue modelo semelhante ao adotado anteriormente na \u00e1rea da Educa\u00e7\u00e3o, com um levantamento t\u00e9cnico detalhado, incluindo vistorias em 53 pr\u00e9dios de sa\u00fade e a an\u00e1lise de 496 demandas, classificadas conforme o grau de urg\u00eancia. Segundo o secret\u00e1rio, essas demandas foram distribu\u00eddas em tr\u00eas ciclos de execu\u00e7\u00e3o, com prazos de conclus\u00e3o at\u00e9 agosto de 2026, 2027 e 2028, respectivamente.<\/p>\n\n\n\n<p>\u201cFizemos esse trabalho de diagn\u00f3stico t\u00e9cnico, que gerou cerca de 600 demandas, das quais 496 ser\u00e3o contempladas nesse plano. H\u00e1 a\u00e7\u00f5es de menor complexidade, como manuten\u00e7\u00e3o e pequenas melhorias, que ser\u00e3o executadas de forma mais imediata, e outras de maior complexidade, que exigem projetos e licita\u00e7\u00f5es espec\u00edficas\u201d, detalhou o secret\u00e1rio de Planejamento, Giezi Schneider.<\/p>\n\n\n\n<p>A primeira etapa, que se inicia ainda em agosto, contempla 178 interven\u00e7\u00f5es em 41 unidades. Entre elas, est\u00e3o reformas completas nos CAIS Boqueir\u00e3o e H\u00edpica e na ESF Valinhos. As etapas seguintes v\u00e3o contemplar, entre outras, o CAIS Fragomeni, CAIS Luiza, UBS Jer\u00f4nimo Coelho e UBS Santo Ant\u00f4nio da Pedreira.<\/p>\n\n\n\n<p>O pacote tamb\u00e9m prev\u00ea a constru\u00e7\u00e3o de duas novas UBSs: uma no bairro Nossa Senhora Aparecida e outra no bairro Maggi de C\u00e9saro, ambas j\u00e1 em fase de licita\u00e7\u00e3o. Al\u00e9m disso, todas as unidades de sa\u00fade passar\u00e3o por melhorias na identidade visual interna e externa, com o objetivo de garantir mais padroniza\u00e7\u00e3o e acolhimento.<\/p>\n","protected":false},"excerpt":{"rendered":"<p>Obras incluem reformas, amplia\u00e7\u00f5es e constru\u00e7\u00e3o de duas novas UBSs<\/p>\n","protected":false},"author":24,"featured_media":4596,"comment_status":"closed","ping_status":"closed","sticky":false,"template":"","format":"standard","meta":{"footnotes":""},"categories":[1],"tags":[],"class_list":["post-4595","post","type-post","status-publish","format-standard","has-post-thumbnail","hentry","category-sem-categoria"],"yoast_head":"<!-- This site is optimized with the Yoast SEO plugin v23.8 - https:\/\/yoast.com\/wordpress\/plugins\/seo\/ -->\n<title>Prefeitura anuncia investimento de R$ 25 milh\u00f5es na qualifica\u00e7\u00e3o das unidades de sa\u00fade de Passo Fundo - Secretaria de Sa\u00fade<\/title>\n<meta name=\"robots\" content=\"index, follow, max-snippet:-1, max-image-preview:large, max-video-preview:-1\" \/>\n<link rel=\"canonical\" href=\"https:\/\/www.pmpf.rs.gov.br\/secretaria-de-saude\/2025\/08\/05\/prefeitura-anuncia-investimento-de-r-25-milhoes-na-qualificacao-das-unidades-de-saude-de-passo-fundo\/\" \/>\n<meta property=\"og:locale\" content=\"pt_BR\" \/>\n<meta property=\"og:type\" content=\"article\" \/>\n<meta property=\"og:title\" content=\"Prefeitura anuncia investimento de R$ 25 milh\u00f5es na qualifica\u00e7\u00e3o das unidades de sa\u00fade de Passo Fundo - Secretaria de Sa\u00fade\" \/>\n<meta property=\"og:description\" content=\"Obras incluem reformas, amplia\u00e7\u00f5es e constru\u00e7\u00e3o de duas novas UBSs\" \/>\n<meta property=\"og:url\" content=\"https:\/\/www.pmpf.rs.gov.br\/secretaria-de-saude\/2025\/08\/05\/prefeitura-anuncia-investimento-de-r-25-milhoes-na-qualificacao-das-unidades-de-saude-de-passo-fundo\/\" \/>\n<meta property=\"og:site_name\" content=\"Secretaria de Sa\u00fade\" \/>\n<meta property=\"article:published_time\" content=\"2025-08-05T14:22:48+00:00\" \/>\n<meta property=\"article:modified_time\" content=\"2025-08-05T14:22:58+00:00\" \/>\n<meta name=\"author\" content=\"lilicrivello\" \/>\n<meta name=\"twitter:card\" content=\"summary_large_image\" \/>\n<meta name=\"twitter:label1\" content=\"Escrito por\" \/>\n\t<meta name=\"twitter:data1\" content=\"lilicrivello\" \/>\n\t<meta name=\"twitter:label2\" content=\"Est. tempo de leitura\" \/>\n\t<meta name=\"twitter:data2\" content=\"2 minutos\" \/>\n<script type=\"application\/ld+json\" class=\"yoast-schema-graph\">{\"@context\":\"https:\/\/schema.org\",\"@graph\":[{\"@type\":\"WebPage\",\"@id\":\"https:\/\/www.pmpf.rs.gov.br\/secretaria-de-saude\/2025\/08\/05\/prefeitura-anuncia-investimento-de-r-25-milhoes-na-qualificacao-das-unidades-de-saude-de-passo-fundo\/\",\"url\":\"https:\/\/www.pmpf.rs.gov.br\/secretaria-de-saude\/2025\/08\/05\/prefeitura-anuncia-investimento-de-r-25-milhoes-na-qualificacao-das-unidades-de-saude-de-passo-fundo\/\",\"name\":\"Prefeitura anuncia investimento de R$ 25 milh\u00f5es na qualifica\u00e7\u00e3o das unidades de sa\u00fade de Passo Fundo - Secretaria de Sa\u00fade\",\"isPartOf\":{\"@id\":\"https:\/\/www.pmpf.rs.gov.br\/secretaria-de-saude\/#website\"},\"primaryImageOfPage\":{\"@id\":\"https:\/\/www.pmpf.rs.gov.br\/secretaria-de-saude\/2025\/08\/05\/prefeitura-anuncia-investimento-de-r-25-milhoes-na-qualificacao-das-unidades-de-saude-de-passo-fundo\/#primaryimage\"},\"image\":{\"@id\":\"https:\/\/www.pmpf.rs.gov.br\/secretaria-de-saude\/2025\/08\/05\/prefeitura-anuncia-investimento-de-r-25-milhoes-na-qualificacao-das-unidades-de-saude-de-passo-fundo\/#primaryimage\"},\"thumbnailUrl\":\"https:\/\/www.pmpf.rs.gov.br\/secretaria-de-saude\/wp-content\/uploads\/sites\/50\/2025\/08\/MSF03884-scaled.jpg\",\"datePublished\":\"2025-08-05T14:22:48+00:00\",\"dateModified\":\"2025-08-05T14:22:58+00:00\",\"author\":{\"@id\":\"https:\/\/www.pmpf.rs.gov.br\/secretaria-de-saude\/#\/schema\/person\/6e93b0ab2174b69f691ac4f278ba2d0a\"},\"breadcrumb\":{\"@id\":\"https:\/\/www.pmpf.rs.gov.br\/secretaria-de-saude\/2025\/08\/05\/prefeitura-anuncia-investimento-de-r-25-milhoes-na-qualificacao-das-unidades-de-saude-de-passo-fundo\/#breadcrumb\"},\"inLanguage\":\"pt-BR\",\"potentialAction\":[{\"@type\":\"ReadAction\",\"target\":[\"https:\/\/www.pmpf.rs.gov.br\/secretaria-de-saude\/2025\/08\/05\/prefeitura-anuncia-investimento-de-r-25-milhoes-na-qualificacao-das-unidades-de-saude-de-passo-fundo\/\"]}]},{\"@type\":\"ImageObject\",\"inLanguage\":\"pt-BR\",\"@id\":\"https:\/\/www.pmpf.rs.gov.br\/secretaria-de-saude\/2025\/08\/05\/prefeitura-anuncia-investimento-de-r-25-milhoes-na-qualificacao-das-unidades-de-saude-de-passo-fundo\/#primaryimage\",\"url\":\"https:\/\/www.pmpf.rs.gov.br\/secretaria-de-saude\/wp-content\/uploads\/sites\/50\/2025\/08\/MSF03884-scaled.jpg\",\"contentUrl\":\"https:\/\/www.pmpf.rs.gov.br\/secretaria-de-saude\/wp-content\/uploads\/sites\/50\/2025\/08\/MSF03884-scaled.jpg\",\"width\":2560,\"height\":1707},{\"@type\":\"BreadcrumbList\",\"@id\":\"https:\/\/www.pmpf.rs.gov.br\/secretaria-de-saude\/2025\/08\/05\/prefeitura-anuncia-investimento-de-r-25-milhoes-na-qualificacao-das-unidades-de-saude-de-passo-fundo\/#breadcrumb\",\"itemListElement\":[{\"@type\":\"ListItem\",\"position\":1,\"name\":\"In\u00edcio\",\"item\":\"https:\/\/www.pmpf.rs.gov.br\/secretaria-de-saude\/\"},{\"@type\":\"ListItem\",\"position\":2,\"name\":\"Prefeitura anuncia investimento de R$ 25 milh\u00f5es na qualifica\u00e7\u00e3o das unidades de sa\u00fade de Passo Fundo\"}]},{\"@type\":\"WebSite\",\"@id\":\"https:\/\/www.pmpf.rs.gov.br\/secretaria-de-saude\/#website\",\"url\":\"https:\/\/www.pmpf.rs.gov.br\/secretaria-de-saude\/\",\"name\":\"Secretaria de Sa\u00fade\",\"description\":\"S\u00f3 mais um site Prefeitura de Passo Fundo\",\"potentialAction\":[{\"@type\":\"SearchAction\",\"target\":{\"@type\":\"EntryPoint\",\"urlTemplate\":\"https:\/\/www.pmpf.rs.gov.br\/secretaria-de-saude\/?s={search_term_string}\"},\"query-input\":{\"@type\":\"PropertyValueSpecification\",\"valueRequired\":true,\"valueName\":\"search_term_string\"}}],\"inLanguage\":\"pt-BR\"},{\"@type\":\"Person\",\"@id\":\"https:\/\/www.pmpf.rs.gov.br\/secretaria-de-saude\/#\/schema\/person\/6e93b0ab2174b69f691ac4f278ba2d0a\",\"name\":\"lilicrivello\",\"image\":{\"@type\":\"ImageObject\",\"inLanguage\":\"pt-BR\",\"@id\":\"https:\/\/www.pmpf.rs.gov.br\/secretaria-de-saude\/#\/schema\/person\/image\/\",\"url\":\"https:\/\/secure.gravatar.com\/avatar\/0b546b667388f8edb7b67d70a57b5e46?s=96&d=mm&r=g\",\"contentUrl\":\"https:\/\/secure.gravatar.com\/avatar\/0b546b667388f8edb7b67d70a57b5e46?s=96&d=mm&r=g\",\"caption\":\"lilicrivello\"},\"url\":\"https:\/\/www.pmpf.rs.gov.br\/secretaria-de-saude\/author\/lilicrivello\/\"}]}<\/script>\n<!-- \/ Yoast SEO plugin. -->","yoast_head_json":{"title":"Prefeitura anuncia investimento de R$ 25 milh\u00f5es na qualifica\u00e7\u00e3o das unidades de sa\u00fade de Passo Fundo - Secretaria de Sa\u00fade","robots":{"index":"index","follow":"follow","max-snippet":"max-snippet:-1","max-image-preview":"max-image-preview:large","max-video-preview":"max-video-preview:-1"},"canonical":"https:\/\/www.pmpf.rs.gov.br\/secretaria-de-saude\/2025\/08\/05\/prefeitura-anuncia-investimento-de-r-25-milhoes-na-qualificacao-das-unidades-de-saude-de-passo-fundo\/","og_locale":"pt_BR","og_type":"article","og_title":"Prefeitura anuncia investimento de R$ 25 milh\u00f5es na qualifica\u00e7\u00e3o das unidades de sa\u00fade de Passo Fundo - Secretaria de Sa\u00fade","og_description":"Obras incluem reformas, amplia\u00e7\u00f5es e constru\u00e7\u00e3o de duas novas UBSs","og_url":"https:\/\/www.pmpf.rs.gov.br\/secretaria-de-saude\/2025\/08\/05\/prefeitura-anuncia-investimento-de-r-25-milhoes-na-qualificacao-das-unidades-de-saude-de-passo-fundo\/","og_site_name":"Secretaria de Sa\u00fade","article_published_time":"2025-08-05T14:22:48+00:00","article_modified_time":"2025-08-05T14:22:58+00:00","author":"lilicrivello","twitter_card":"summary_large_image","twitter_misc":{"Escrito por":"lilicrivello","Est. tempo de leitura":"2 minutos"},"schema":{"@context":"https:\/\/schema.org","@graph":[{"@type":"WebPage","@id":"https:\/\/www.pmpf.rs.gov.br\/secretaria-de-saude\/2025\/08\/05\/prefeitura-anuncia-investimento-de-r-25-milhoes-na-qualificacao-das-unidades-de-saude-de-passo-fundo\/","url":"https:\/\/www.pmpf.rs.gov.br\/secretaria-de-saude\/2025\/08\/05\/prefeitura-anuncia-investimento-de-r-25-milhoes-na-qualificacao-das-unidades-de-saude-de-passo-fundo\/","name":"Prefeitura anuncia investimento de R$ 25 milh\u00f5es na qualifica\u00e7\u00e3o das unidades de sa\u00fade de Passo Fundo - Secretaria de Sa\u00fade","isPartOf":{"@id":"https:\/\/www.pmpf.rs.gov.br\/secretaria-de-saude\/#website"},"primaryImageOfPage":{"@id":"https:\/\/www.pmpf.rs.gov.br\/secretaria-de-saude\/2025\/08\/05\/prefeitura-anuncia-investimento-de-r-25-milhoes-na-qualificacao-das-unidades-de-saude-de-passo-fundo\/#primaryimage"},"image":{"@id":"https:\/\/www.pmpf.rs.gov.br\/secretaria-de-saude\/2025\/08\/05\/prefeitura-anuncia-investimento-de-r-25-milhoes-na-qualificacao-das-unidades-de-saude-de-passo-fundo\/#primaryimage"},"thumbnailUrl":"https:\/\/www.pmpf.rs.gov.br\/secretaria-de-saude\/wp-content\/uploads\/sites\/50\/2025\/08\/MSF03884-scaled.jpg","datePublished":"2025-08-05T14:22:48+00:00","dateModified":"2025-08-05T14:22:58+00:00","author":{"@id":"https:\/\/www.pmpf.rs.gov.br\/secretaria-de-saude\/#\/schema\/person\/6e93b0ab2174b69f691ac4f278ba2d0a"},"breadcrumb":{"@id":"https:\/\/www.pmpf.rs.gov.br\/secretaria-de-saude\/2025\/08\/05\/prefeitura-anuncia-investimento-de-r-25-milhoes-na-qualificacao-das-unidades-de-saude-de-passo-fundo\/#breadcrumb"},"inLanguage":"pt-BR","potentialAction":[{"@type":"ReadAction","target":["https:\/\/www.pmpf.rs.gov.br\/secretaria-de-saude\/2025\/08\/05\/prefeitura-anuncia-investimento-de-r-25-milhoes-na-qualificacao-das-unidades-de-saude-de-passo-fundo\/"]}]},{"@type":"ImageObject","inLanguage":"pt-BR","@id":"https:\/\/www.pmpf.rs.gov.br\/secretaria-de-saude\/2025\/08\/05\/prefeitura-anuncia-investimento-de-r-25-milhoes-na-qualificacao-das-unidades-de-saude-de-passo-fundo\/#primaryimage","url":"https:\/\/www.pmpf.rs.gov.br\/secretaria-de-saude\/wp-content\/uploads\/sites\/50\/2025\/08\/MSF03884-scaled.jpg","contentUrl":"https:\/\/www.pmpf.rs.gov.br\/secretaria-de-saude\/wp-content\/uploads\/sites\/50\/2025\/08\/MSF03884-scaled.jpg","width":2560,"height":1707},{"@type":"BreadcrumbList","@id":"https:\/\/www.pmpf.rs.gov.br\/secretaria-de-saude\/2025\/08\/05\/prefeitura-anuncia-investimento-de-r-25-milhoes-na-qualificacao-das-unidades-de-saude-de-passo-fundo\/#breadcrumb","itemListElement":[{"@type":"ListItem","position":1,"name":"In\u00edcio","item":"https:\/\/www.pmpf.rs.gov.br\/secretaria-de-saude\/"},{"@type":"ListItem","position":2,"name":"Prefeitura anuncia investimento de R$ 25 milh\u00f5es na qualifica\u00e7\u00e3o das unidades de sa\u00fade de Passo Fundo"}]},{"@type":"WebSite","@id":"https:\/\/www.pmpf.rs.gov.br\/secretaria-de-saude\/#website","url":"https:\/\/www.pmpf.rs.gov.br\/secretaria-de-saude\/","name":"Secretaria de Sa\u00fade","description":"S\u00f3 mais um site Prefeitura de Passo Fundo","potentialAction":[{"@type":"SearchAction","target":{"@type":"EntryPoint","urlTemplate":"https:\/\/www.pmpf.rs.gov.br\/secretaria-de-saude\/?s={search_term_string}"},"query-input":{"@type":"PropertyValueSpecification","valueRequired":true,"valueName":"search_term_string"}}],"inLanguage":"pt-BR"},{"@type":"Person","@id":"https:\/\/www.pmpf.rs.gov.br\/secretaria-de-saude\/#\/schema\/person\/6e93b0ab2174b69f691ac4f278ba2d0a","name":"lilicrivello","image":{"@type":"ImageObject","inLanguage":"pt-BR","@id":"https:\/\/www.pmpf.rs.gov.br\/secretaria-de-saude\/#\/schema\/person\/image\/","url":"https:\/\/secure.gravatar.com\/avatar\/0b546b667388f8edb7b67d70a57b5e46?s=96&d=mm&r=g","contentUrl":"https:\/\/secure.gravatar.com\/avatar\/0b546b667388f8edb7b67d70a57b5e46?s=96&d=mm&r=g","caption":"lilicrivello"},"url":"https:\/\/www.pmpf.rs.gov.br\/secretaria-de-saude\/author\/lilicrivello\/"}]}},"_links":{"self":[{"href":"https:\/\/www.pmpf.rs.gov.br\/secretaria-de-saude\/wp-json\/wp\/v2\/posts\/4595"}],"collection":[{"href":"https:\/\/www.pmpf.rs.gov.br\/secretaria-de-saude\/wp-json\/wp\/v2\/posts"}],"about":[{"href":"https:\/\/www.pmpf.rs.gov.br\/secretaria-de-saude\/wp-json\/wp\/v2\/types\/post"}],"author":[{"embeddable":true,"href":"https:\/\/www.pmpf.rs.gov.br\/secretaria-de-saude\/wp-json\/wp\/v2\/users\/24"}],"replies":[{"embeddable":true,"href":"https:\/\/www.pmpf.rs.gov.br\/secretaria-de-saude\/wp-json\/wp\/v2\/comments?post=4595"}],"version-history":[{"count":1,"href":"https:\/\/www.pmpf.rs.gov.br\/secretaria-de-saude\/wp-json\/wp\/v2\/posts\/4595\/revisions"}],"predecessor-version":[{"id":4597,"href":"https:\/\/www.pmpf.rs.gov.br\/secretaria-de-saude\/wp-json\/wp\/v2\/posts\/4595\/revisions\/4597"}],"wp:featuredmedia":[{"embeddable":true,"href":"https:\/\/www.pmpf.rs.gov.br\/secretaria-de-saude\/wp-json\/wp\/v2\/media\/4596"}],"wp:attachment":[{"href":"https:\/\/www.pmpf.rs.gov.br\/secretaria-de-saude\/wp-json\/wp\/v2\/media?parent=4595"}],"wp:term":[{"taxonomy":"category","embeddable":true,"href":"https:\/\/www.pmpf.rs.gov.br\/secretaria-de-saude\/wp-json\/wp\/v2\/categories?post=4595"},{"taxonomy":"post_tag","embeddable":true,"href":"https:\/\/www.pmpf.rs.gov.br\/secretaria-de-saude\/wp-json\/wp\/v2\/tags?post=4595"}],"curies":[{"name":"wp","href":"https:\/\/api.w.org\/{rel}","templated":true}]}}