{"id":4329,"date":"2025-02-27T16:23:48","date_gmt":"2025-02-27T19:23:48","guid":{"rendered":"https:\/\/www.pmpf.rs.gov.br\/secretaria-de-saude\/?p=4329"},"modified":"2025-02-27T16:23:53","modified_gmt":"2025-02-27T19:23:53","slug":"capacitacao-reforca-orientacoes-sobre-a-dengue-para-profissionais-da-rede-municipal-de-saude","status":"publish","type":"post","link":"https:\/\/www.pmpf.rs.gov.br\/secretaria-de-saude\/2025\/02\/27\/capacitacao-reforca-orientacoes-sobre-a-dengue-para-profissionais-da-rede-municipal-de-saude\/","title":{"rendered":"Capacita\u00e7\u00e3o refor\u00e7a orienta\u00e7\u00f5es sobre a dengue para profissionais da rede municipal de sa\u00fade"},"content":{"rendered":"\n<p><\/p>\n\n\n\n<p>A Prefeitura de Passo Fundo realizou, nesta quinta-feira (27), uma capacita\u00e7\u00e3o voltada para m\u00e9dicos, enfermeiros e t\u00e9cnicos de enfermagem da rede municipal, para refor\u00e7ar o conhecimento e a prepara\u00e7\u00e3o dos profissionais da sa\u00fade no enfrentamento \u00e0 dengue. O encontro aconteceu na Universidade Federal da Fronteira Sul (UFFS), a partir das 16h, e contou com mais de 100 inscritos.<\/p>\n\n\n\n<p>A capacita\u00e7\u00e3o abordou diagn\u00f3stico, manejo cl\u00ednico, fluxos de atendimento, notifica\u00e7\u00f5es e tratamento da doen\u00e7a. O objetivo \u00e9 garantir que os profissionais possam identificar rapidamente os casos suspeitos que chegam \u00e0s unidades de sa\u00fade, proporcionando diagn\u00f3stico e tratamento imediato. Al\u00e9m disso, foi refor\u00e7ada a import\u00e2ncia do combate ao mosquito transmissor, o Aedes aegypti, e as medidas preventivas para evitar a prolifera\u00e7\u00e3o do vetor.<\/p>\n\n\n\n<p>De acordo com a coordenadora de Vigil\u00e2ncia em Sa\u00fade, Marisa Zanatta, treinamentos com as equipes acontecem periodicamente e s\u00e3o fundamentais para manter o grupo de atendimento preparado. \u201cA dengue \u00e9 uma doen\u00e7a que exige aten\u00e7\u00e3o cont\u00ednua. Essa capacita\u00e7\u00e3o refor\u00e7a os fluxos de atendimento e a import\u00e2ncia da notifica\u00e7\u00e3o, garantindo que nossos profissionais estejam sempre atualizados para lidar com os casos da melhor forma poss\u00edvel\u201d, destaca.<\/p>\n\n\n\n<p>O secret\u00e1rio de Sa\u00fade, Dr. Diego Farias, refor\u00e7a a import\u00e2ncia da qualifica\u00e7\u00e3o cont\u00ednua dos profissionais para um atendimento \u00e1gil e eficiente. \u201cNosso foco \u00e9 fortalecer a rede de aten\u00e7\u00e3o para que todos os casos sejam identificados e tratados o mais r\u00e1pido poss\u00edvel. A dengue \u00e9 uma doen\u00e7a que exige vigil\u00e2ncia constante, e contar com uma equipe bem preparada faz toda a diferen\u00e7a no enfrentamento da doen\u00e7a\u201d, pontua.<\/p>\n\n\n\n<p>A Prefeitura segue intensificando as a\u00e7\u00f5es de combate \u00e0 dengue, tanto na capacita\u00e7\u00e3o dos profissionais de sa\u00fade quanto nas atividades de conscientiza\u00e7\u00e3o e elimina\u00e7\u00e3o de focos do mosquito. A popula\u00e7\u00e3o tamb\u00e9m tem papel fundamental nessa luta, adotando medidas preventivas simples, como eliminar recipientes com \u00e1gua parada e manter os quintais limpos.<\/p>\n","protected":false},"excerpt":{"rendered":"<p>A Prefeitura de Passo Fundo realizou, nesta quinta-feira (27), uma capacita\u00e7\u00e3o voltada para m\u00e9dicos, enfermeiros e t\u00e9cnicos de enfermagem da rede municipal, para refor\u00e7ar o conhecimento e a prepara\u00e7\u00e3o dos profissionais da [&hellip;]<\/p>\n","protected":false},"author":24,"featured_media":4330,"comment_status":"closed","ping_status":"closed","sticky":false,"template":"","format":"standard","meta":{"footnotes":""},"categories":[1],"tags":[],"class_list":["post-4329","post","type-post","status-publish","format-standard","has-post-thumbnail","hentry","category-sem-categoria"],"yoast_head":"<!-- This site is optimized with the Yoast SEO plugin v23.8 - https:\/\/yoast.com\/wordpress\/plugins\/seo\/ -->\n<title>Capacita\u00e7\u00e3o refor\u00e7a orienta\u00e7\u00f5es sobre a dengue para profissionais da rede municipal de sa\u00fade - Secretaria de Sa\u00fade<\/title>\n<meta name=\"robots\" content=\"index, follow, max-snippet:-1, max-image-preview:large, max-video-preview:-1\" \/>\n<link rel=\"canonical\" href=\"https:\/\/www.pmpf.rs.gov.br\/secretaria-de-saude\/2025\/02\/27\/capacitacao-reforca-orientacoes-sobre-a-dengue-para-profissionais-da-rede-municipal-de-saude\/\" \/>\n<meta property=\"og:locale\" content=\"pt_BR\" \/>\n<meta property=\"og:type\" content=\"article\" \/>\n<meta property=\"og:title\" content=\"Capacita\u00e7\u00e3o refor\u00e7a orienta\u00e7\u00f5es sobre a dengue para profissionais da rede municipal de sa\u00fade - Secretaria de Sa\u00fade\" \/>\n<meta property=\"og:description\" content=\"A Prefeitura de Passo Fundo realizou, nesta quinta-feira (27), uma capacita\u00e7\u00e3o voltada para m\u00e9dicos, enfermeiros e t\u00e9cnicos de enfermagem da rede municipal, para refor\u00e7ar o conhecimento e a prepara\u00e7\u00e3o dos profissionais da [&hellip;]\" \/>\n<meta property=\"og:url\" content=\"https:\/\/www.pmpf.rs.gov.br\/secretaria-de-saude\/2025\/02\/27\/capacitacao-reforca-orientacoes-sobre-a-dengue-para-profissionais-da-rede-municipal-de-saude\/\" \/>\n<meta property=\"og:site_name\" content=\"Secretaria de Sa\u00fade\" \/>\n<meta property=\"article:published_time\" content=\"2025-02-27T19:23:48+00:00\" \/>\n<meta property=\"article:modified_time\" content=\"2025-02-27T19:23:53+00:00\" \/>\n<meta name=\"author\" content=\"lilicrivello\" \/>\n<meta name=\"twitter:card\" content=\"summary_large_image\" \/>\n<meta name=\"twitter:label1\" content=\"Escrito por\" \/>\n\t<meta name=\"twitter:data1\" content=\"lilicrivello\" \/>\n\t<meta name=\"twitter:label2\" content=\"Est. tempo de leitura\" \/>\n\t<meta name=\"twitter:data2\" content=\"2 minutos\" \/>\n<script type=\"application\/ld+json\" class=\"yoast-schema-graph\">{\"@context\":\"https:\/\/schema.org\",\"@graph\":[{\"@type\":\"WebPage\",\"@id\":\"https:\/\/www.pmpf.rs.gov.br\/secretaria-de-saude\/2025\/02\/27\/capacitacao-reforca-orientacoes-sobre-a-dengue-para-profissionais-da-rede-municipal-de-saude\/\",\"url\":\"https:\/\/www.pmpf.rs.gov.br\/secretaria-de-saude\/2025\/02\/27\/capacitacao-reforca-orientacoes-sobre-a-dengue-para-profissionais-da-rede-municipal-de-saude\/\",\"name\":\"Capacita\u00e7\u00e3o refor\u00e7a orienta\u00e7\u00f5es sobre a dengue para profissionais da rede municipal de sa\u00fade - Secretaria de Sa\u00fade\",\"isPartOf\":{\"@id\":\"https:\/\/www.pmpf.rs.gov.br\/secretaria-de-saude\/#website\"},\"primaryImageOfPage\":{\"@id\":\"https:\/\/www.pmpf.rs.gov.br\/secretaria-de-saude\/2025\/02\/27\/capacitacao-reforca-orientacoes-sobre-a-dengue-para-profissionais-da-rede-municipal-de-saude\/#primaryimage\"},\"image\":{\"@id\":\"https:\/\/www.pmpf.rs.gov.br\/secretaria-de-saude\/2025\/02\/27\/capacitacao-reforca-orientacoes-sobre-a-dengue-para-profissionais-da-rede-municipal-de-saude\/#primaryimage\"},\"thumbnailUrl\":\"https:\/\/www.pmpf.rs.gov.br\/secretaria-de-saude\/wp-content\/uploads\/sites\/50\/2025\/02\/WhatsApp-Image-2025-02-27-at-16.21.13.jpeg\",\"datePublished\":\"2025-02-27T19:23:48+00:00\",\"dateModified\":\"2025-02-27T19:23:53+00:00\",\"author\":{\"@id\":\"https:\/\/www.pmpf.rs.gov.br\/secretaria-de-saude\/#\/schema\/person\/6e93b0ab2174b69f691ac4f278ba2d0a\"},\"breadcrumb\":{\"@id\":\"https:\/\/www.pmpf.rs.gov.br\/secretaria-de-saude\/2025\/02\/27\/capacitacao-reforca-orientacoes-sobre-a-dengue-para-profissionais-da-rede-municipal-de-saude\/#breadcrumb\"},\"inLanguage\":\"pt-BR\",\"potentialAction\":[{\"@type\":\"ReadAction\",\"target\":[\"https:\/\/www.pmpf.rs.gov.br\/secretaria-de-saude\/2025\/02\/27\/capacitacao-reforca-orientacoes-sobre-a-dengue-para-profissionais-da-rede-municipal-de-saude\/\"]}]},{\"@type\":\"ImageObject\",\"inLanguage\":\"pt-BR\",\"@id\":\"https:\/\/www.pmpf.rs.gov.br\/secretaria-de-saude\/2025\/02\/27\/capacitacao-reforca-orientacoes-sobre-a-dengue-para-profissionais-da-rede-municipal-de-saude\/#primaryimage\",\"url\":\"https:\/\/www.pmpf.rs.gov.br\/secretaria-de-saude\/wp-content\/uploads\/sites\/50\/2025\/02\/WhatsApp-Image-2025-02-27-at-16.21.13.jpeg\",\"contentUrl\":\"https:\/\/www.pmpf.rs.gov.br\/secretaria-de-saude\/wp-content\/uploads\/sites\/50\/2025\/02\/WhatsApp-Image-2025-02-27-at-16.21.13.jpeg\",\"width\":1600,\"height\":1200},{\"@type\":\"BreadcrumbList\",\"@id\":\"https:\/\/www.pmpf.rs.gov.br\/secretaria-de-saude\/2025\/02\/27\/capacitacao-reforca-orientacoes-sobre-a-dengue-para-profissionais-da-rede-municipal-de-saude\/#breadcrumb\",\"itemListElement\":[{\"@type\":\"ListItem\",\"position\":1,\"name\":\"In\u00edcio\",\"item\":\"https:\/\/www.pmpf.rs.gov.br\/secretaria-de-saude\/\"},{\"@type\":\"ListItem\",\"position\":2,\"name\":\"Capacita\u00e7\u00e3o refor\u00e7a orienta\u00e7\u00f5es sobre a dengue para profissionais da rede municipal de sa\u00fade\"}]},{\"@type\":\"WebSite\",\"@id\":\"https:\/\/www.pmpf.rs.gov.br\/secretaria-de-saude\/#website\",\"url\":\"https:\/\/www.pmpf.rs.gov.br\/secretaria-de-saude\/\",\"name\":\"Secretaria de Sa\u00fade\",\"description\":\"S\u00f3 mais um site Prefeitura de Passo Fundo\",\"potentialAction\":[{\"@type\":\"SearchAction\",\"target\":{\"@type\":\"EntryPoint\",\"urlTemplate\":\"https:\/\/www.pmpf.rs.gov.br\/secretaria-de-saude\/?s={search_term_string}\"},\"query-input\":{\"@type\":\"PropertyValueSpecification\",\"valueRequired\":true,\"valueName\":\"search_term_string\"}}],\"inLanguage\":\"pt-BR\"},{\"@type\":\"Person\",\"@id\":\"https:\/\/www.pmpf.rs.gov.br\/secretaria-de-saude\/#\/schema\/person\/6e93b0ab2174b69f691ac4f278ba2d0a\",\"name\":\"lilicrivello\",\"image\":{\"@type\":\"ImageObject\",\"inLanguage\":\"pt-BR\",\"@id\":\"https:\/\/www.pmpf.rs.gov.br\/secretaria-de-saude\/#\/schema\/person\/image\/\",\"url\":\"https:\/\/secure.gravatar.com\/avatar\/0b546b667388f8edb7b67d70a57b5e46?s=96&d=mm&r=g\",\"contentUrl\":\"https:\/\/secure.gravatar.com\/avatar\/0b546b667388f8edb7b67d70a57b5e46?s=96&d=mm&r=g\",\"caption\":\"lilicrivello\"},\"url\":\"https:\/\/www.pmpf.rs.gov.br\/secretaria-de-saude\/author\/lilicrivello\/\"}]}<\/script>\n<!-- \/ Yoast SEO plugin. -->","yoast_head_json":{"title":"Capacita\u00e7\u00e3o refor\u00e7a orienta\u00e7\u00f5es sobre a dengue para profissionais da rede municipal de sa\u00fade - Secretaria de Sa\u00fade","robots":{"index":"index","follow":"follow","max-snippet":"max-snippet:-1","max-image-preview":"max-image-preview:large","max-video-preview":"max-video-preview:-1"},"canonical":"https:\/\/www.pmpf.rs.gov.br\/secretaria-de-saude\/2025\/02\/27\/capacitacao-reforca-orientacoes-sobre-a-dengue-para-profissionais-da-rede-municipal-de-saude\/","og_locale":"pt_BR","og_type":"article","og_title":"Capacita\u00e7\u00e3o refor\u00e7a orienta\u00e7\u00f5es sobre a dengue para profissionais da rede municipal de sa\u00fade - Secretaria de Sa\u00fade","og_description":"A Prefeitura de Passo Fundo realizou, nesta quinta-feira (27), uma capacita\u00e7\u00e3o voltada para m\u00e9dicos, enfermeiros e t\u00e9cnicos de enfermagem da rede municipal, para refor\u00e7ar o conhecimento e a prepara\u00e7\u00e3o dos profissionais da [&hellip;]","og_url":"https:\/\/www.pmpf.rs.gov.br\/secretaria-de-saude\/2025\/02\/27\/capacitacao-reforca-orientacoes-sobre-a-dengue-para-profissionais-da-rede-municipal-de-saude\/","og_site_name":"Secretaria de Sa\u00fade","article_published_time":"2025-02-27T19:23:48+00:00","article_modified_time":"2025-02-27T19:23:53+00:00","author":"lilicrivello","twitter_card":"summary_large_image","twitter_misc":{"Escrito por":"lilicrivello","Est. tempo de leitura":"2 minutos"},"schema":{"@context":"https:\/\/schema.org","@graph":[{"@type":"WebPage","@id":"https:\/\/www.pmpf.rs.gov.br\/secretaria-de-saude\/2025\/02\/27\/capacitacao-reforca-orientacoes-sobre-a-dengue-para-profissionais-da-rede-municipal-de-saude\/","url":"https:\/\/www.pmpf.rs.gov.br\/secretaria-de-saude\/2025\/02\/27\/capacitacao-reforca-orientacoes-sobre-a-dengue-para-profissionais-da-rede-municipal-de-saude\/","name":"Capacita\u00e7\u00e3o refor\u00e7a orienta\u00e7\u00f5es sobre a dengue para profissionais da rede municipal de sa\u00fade - Secretaria de Sa\u00fade","isPartOf":{"@id":"https:\/\/www.pmpf.rs.gov.br\/secretaria-de-saude\/#website"},"primaryImageOfPage":{"@id":"https:\/\/www.pmpf.rs.gov.br\/secretaria-de-saude\/2025\/02\/27\/capacitacao-reforca-orientacoes-sobre-a-dengue-para-profissionais-da-rede-municipal-de-saude\/#primaryimage"},"image":{"@id":"https:\/\/www.pmpf.rs.gov.br\/secretaria-de-saude\/2025\/02\/27\/capacitacao-reforca-orientacoes-sobre-a-dengue-para-profissionais-da-rede-municipal-de-saude\/#primaryimage"},"thumbnailUrl":"https:\/\/www.pmpf.rs.gov.br\/secretaria-de-saude\/wp-content\/uploads\/sites\/50\/2025\/02\/WhatsApp-Image-2025-02-27-at-16.21.13.jpeg","datePublished":"2025-02-27T19:23:48+00:00","dateModified":"2025-02-27T19:23:53+00:00","author":{"@id":"https:\/\/www.pmpf.rs.gov.br\/secretaria-de-saude\/#\/schema\/person\/6e93b0ab2174b69f691ac4f278ba2d0a"},"breadcrumb":{"@id":"https:\/\/www.pmpf.rs.gov.br\/secretaria-de-saude\/2025\/02\/27\/capacitacao-reforca-orientacoes-sobre-a-dengue-para-profissionais-da-rede-municipal-de-saude\/#breadcrumb"},"inLanguage":"pt-BR","potentialAction":[{"@type":"ReadAction","target":["https:\/\/www.pmpf.rs.gov.br\/secretaria-de-saude\/2025\/02\/27\/capacitacao-reforca-orientacoes-sobre-a-dengue-para-profissionais-da-rede-municipal-de-saude\/"]}]},{"@type":"ImageObject","inLanguage":"pt-BR","@id":"https:\/\/www.pmpf.rs.gov.br\/secretaria-de-saude\/2025\/02\/27\/capacitacao-reforca-orientacoes-sobre-a-dengue-para-profissionais-da-rede-municipal-de-saude\/#primaryimage","url":"https:\/\/www.pmpf.rs.gov.br\/secretaria-de-saude\/wp-content\/uploads\/sites\/50\/2025\/02\/WhatsApp-Image-2025-02-27-at-16.21.13.jpeg","contentUrl":"https:\/\/www.pmpf.rs.gov.br\/secretaria-de-saude\/wp-content\/uploads\/sites\/50\/2025\/02\/WhatsApp-Image-2025-02-27-at-16.21.13.jpeg","width":1600,"height":1200},{"@type":"BreadcrumbList","@id":"https:\/\/www.pmpf.rs.gov.br\/secretaria-de-saude\/2025\/02\/27\/capacitacao-reforca-orientacoes-sobre-a-dengue-para-profissionais-da-rede-municipal-de-saude\/#breadcrumb","itemListElement":[{"@type":"ListItem","position":1,"name":"In\u00edcio","item":"https:\/\/www.pmpf.rs.gov.br\/secretaria-de-saude\/"},{"@type":"ListItem","position":2,"name":"Capacita\u00e7\u00e3o refor\u00e7a orienta\u00e7\u00f5es sobre a dengue para profissionais da rede municipal de sa\u00fade"}]},{"@type":"WebSite","@id":"https:\/\/www.pmpf.rs.gov.br\/secretaria-de-saude\/#website","url":"https:\/\/www.pmpf.rs.gov.br\/secretaria-de-saude\/","name":"Secretaria de Sa\u00fade","description":"S\u00f3 mais um site Prefeitura de Passo Fundo","potentialAction":[{"@type":"SearchAction","target":{"@type":"EntryPoint","urlTemplate":"https:\/\/www.pmpf.rs.gov.br\/secretaria-de-saude\/?s={search_term_string}"},"query-input":{"@type":"PropertyValueSpecification","valueRequired":true,"valueName":"search_term_string"}}],"inLanguage":"pt-BR"},{"@type":"Person","@id":"https:\/\/www.pmpf.rs.gov.br\/secretaria-de-saude\/#\/schema\/person\/6e93b0ab2174b69f691ac4f278ba2d0a","name":"lilicrivello","image":{"@type":"ImageObject","inLanguage":"pt-BR","@id":"https:\/\/www.pmpf.rs.gov.br\/secretaria-de-saude\/#\/schema\/person\/image\/","url":"https:\/\/secure.gravatar.com\/avatar\/0b546b667388f8edb7b67d70a57b5e46?s=96&d=mm&r=g","contentUrl":"https:\/\/secure.gravatar.com\/avatar\/0b546b667388f8edb7b67d70a57b5e46?s=96&d=mm&r=g","caption":"lilicrivello"},"url":"https:\/\/www.pmpf.rs.gov.br\/secretaria-de-saude\/author\/lilicrivello\/"}]}},"_links":{"self":[{"href":"https:\/\/www.pmpf.rs.gov.br\/secretaria-de-saude\/wp-json\/wp\/v2\/posts\/4329"}],"collection":[{"href":"https:\/\/www.pmpf.rs.gov.br\/secretaria-de-saude\/wp-json\/wp\/v2\/posts"}],"about":[{"href":"https:\/\/www.pmpf.rs.gov.br\/secretaria-de-saude\/wp-json\/wp\/v2\/types\/post"}],"author":[{"embeddable":true,"href":"https:\/\/www.pmpf.rs.gov.br\/secretaria-de-saude\/wp-json\/wp\/v2\/users\/24"}],"replies":[{"embeddable":true,"href":"https:\/\/www.pmpf.rs.gov.br\/secretaria-de-saude\/wp-json\/wp\/v2\/comments?post=4329"}],"version-history":[{"count":1,"href":"https:\/\/www.pmpf.rs.gov.br\/secretaria-de-saude\/wp-json\/wp\/v2\/posts\/4329\/revisions"}],"predecessor-version":[{"id":4331,"href":"https:\/\/www.pmpf.rs.gov.br\/secretaria-de-saude\/wp-json\/wp\/v2\/posts\/4329\/revisions\/4331"}],"wp:featuredmedia":[{"embeddable":true,"href":"https:\/\/www.pmpf.rs.gov.br\/secretaria-de-saude\/wp-json\/wp\/v2\/media\/4330"}],"wp:attachment":[{"href":"https:\/\/www.pmpf.rs.gov.br\/secretaria-de-saude\/wp-json\/wp\/v2\/media?parent=4329"}],"wp:term":[{"taxonomy":"category","embeddable":true,"href":"https:\/\/www.pmpf.rs.gov.br\/secretaria-de-saude\/wp-json\/wp\/v2\/categories?post=4329"},{"taxonomy":"post_tag","embeddable":true,"href":"https:\/\/www.pmpf.rs.gov.br\/secretaria-de-saude\/wp-json\/wp\/v2\/tags?post=4329"}],"curies":[{"name":"wp","href":"https:\/\/api.w.org\/{rel}","templated":true}]}}