{"id":4257,"date":"2024-12-27T15:13:33","date_gmt":"2024-12-27T18:13:33","guid":{"rendered":"https:\/\/www.pmpf.rs.gov.br\/secretaria-de-saude\/?p=4257"},"modified":"2024-12-27T16:31:59","modified_gmt":"2024-12-27T19:31:59","slug":"prefeito-pedro-define-novos-gestores-para-a-area-da-saude","status":"publish","type":"post","link":"https:\/\/www.pmpf.rs.gov.br\/secretaria-de-saude\/2024\/12\/27\/prefeito-pedro-define-novos-gestores-para-a-area-da-saude\/","title":{"rendered":"Prefeito Pedro define novos gestores para a \u00e1rea da sa\u00fade"},"content":{"rendered":"\n<p><\/p>\n\n\n\n<p>O prefeito Pedro Almeida anunciou, nesta sexta-feira (27), nomea\u00e7\u00f5es estrat\u00e9gicas para fortalecer ainda mais os servi\u00e7os de sa\u00fade prestados \u00e0 popula\u00e7\u00e3o. As defini\u00e7\u00f5es refor\u00e7am o compromisso do munic\u00edpio com a humaniza\u00e7\u00e3o, a qualidade e a efici\u00eancia no atendimento \u00e0 sa\u00fade p\u00fablica.<\/p>\n\n\n\n<p>O prefeito nomeou como o novo secret\u00e1rio de Sa\u00fade, o m\u00e9dico Diego Farias, cargo fundamental na articula\u00e7\u00e3o de pol\u00edticas e na condu\u00e7\u00e3o de a\u00e7\u00f5es que promovam o bem-estar da comunidade. No Hospital Beneficente C\u00e9sar Santos (HBCS), Lu\u00eds Schneiders segue como diretor-geral, liderando as melhorias para manter o atendimento hospitalar. O novo diretor t\u00e9cnico do HBCS ser\u00e1 Matheus Schmechel, enquanto \u00e0 frente do Hospital Dia da Crian\u00e7a ficar\u00e1 Caroline Barbiero, garantindo aten\u00e7\u00e3o especializada \u00e0s crian\u00e7as do munic\u00edpio.<\/p>\n\n\n\n<p>\u201cA sa\u00fade \u00e9 uma prioridade para o nosso governo. Essas mudan\u00e7as refletem nosso empenho em oferecer uma gest\u00e3o mais eficiente e servi\u00e7os de excel\u00eancia para a popula\u00e7\u00e3o de Passo Fundo, fortalecendo as a\u00e7\u00f5es preventivas e ampliando o acesso aos servi\u00e7os\u201d, destacou o prefeito.<\/p>\n\n\n\n<p>O Dr. Diego refor\u00e7ou o compromisso com a amplia\u00e7\u00e3o das pol\u00edticas p\u00fablicas de sa\u00fade no munic\u00edpio. \u201cMe sinto honrado pelo convite do Prefeito Pedro e sei do tamanho do desafio que \u00e9 gerir a rede municipal de sa\u00fade. Da mesma forma que estou preparado para esse desafio e pretendo fortalecer a rede de sa\u00fade, come\u00e7ando pelo reconhecimento de seus profissionais e qualifica\u00e7\u00e3o dos servi\u00e7os. Como tenho uma viv\u00eancia importante no dia a dia da unidade de sa\u00fade, acredito que posso contribuir para que al\u00e9m dos profissionais, as pessoas possam ter uma melhor experi\u00eancia quando necessitarem dos servi\u00e7os\u201d, destacou o secret\u00e1rio.<\/p>\n\n\n\n<p>Desde que assumiu a Dire\u00e7\u00e3o-Geral do Hospital Municipal, Lu\u00eds Schneiders vem promovendo melhorias na gest\u00e3o e a\u00e7\u00f5es de qualifica\u00e7\u00e3o do ambiente de trabalho para proporcionar aos pacientes cuidado, acolhimento e resolutividade. Ao ser reconduzido ao cargo, expressou gratid\u00e3o pela confian\u00e7a recebida do prefeito Pedro Almeida. \u201cNestes sete meses \u00e0 frente do hospital, constru\u00edmos junto com os colaboradores o Planejamento Estrat\u00e9gico, com a\u00e7\u00f5es programadas at\u00e9 o ano de 2030, potencializamos a educa\u00e7\u00e3o continuada para os funcion\u00e1rios nas \u00e1reas do conhecimento e reconhecimento aos profissionais e articula novos servi\u00e7os e novas pactua\u00e7\u00f5es com a Secretaria Estadual de Sa\u00fade, buscando al\u00e9m de novas ofertas, uma melhor sustentabilidade nas a\u00e7\u00f5es com novas fontes de financiamento\u201d, frisou Schneiders.<\/p>\n\n\n\n<p>Com especializa\u00e7\u00f5es em Gest\u00e3o da Qualidade e Seguran\u00e7a em Sa\u00fade Hospitalar e Epidemiologia Gerencial, Schneiders aplicar\u00e1 seus conhecimentos para liderar a institui\u00e7\u00e3o com efici\u00eancia, transpar\u00eancia e inova\u00e7\u00e3o. Seu compromisso com a qualidade na gest\u00e3o e a humaniza\u00e7\u00e3o dos servi\u00e7os para consolidar o Hospital Beneficente Dr. C\u00e9sar Santos como refer\u00eancia em atendimento seguro e de excel\u00eancia.<\/p>\n\n\n\n<p>Para o novo diretor t\u00e9cnico do HBCS, Matheus Schmechel, integrar a gest\u00e3o do Hospital Beneficente Dr. C\u00e9sar Santos \u00e9 um desafio que exige lideran\u00e7a, atualiza\u00e7\u00e3o constante e compromisso com a sa\u00fade da comunidade. \u201cO hospital \u00e9 refer\u00eancia em atendimento na regi\u00e3o de Passo Fundo\/RS e desempenha papel fundamental na rede p\u00fablica de sa\u00fade. Os principais desafios envolvem a moderniza\u00e7\u00e3o dos processos hospitalares, a qualifica\u00e7\u00e3o da equipe multiprofissional e a amplia\u00e7\u00e3o do acesso a servi\u00e7os de alta complexidade. Al\u00e9m disso, a gest\u00e3o hospitalar enfrenta o desafio cont\u00ednuo de equilibrar demandas crescentes com recursos\u201d, Schmechel.<\/p>\n\n\n\n<p>O m\u00e9dico traz sua experi\u00eancia em pesquisa e pr\u00e1tica cl\u00ednica para promover solu\u00e7\u00f5es inovadoras, fortalecer o atendimento humanizado e consolidar o hospital como um centro de excel\u00eancia no cuidado \u00e0 sa\u00fade da popula\u00e7\u00e3o.<\/p>\n\n\n\n<p>Para o Hospital Dia da Crian\u00e7a, o prefeito nomeou a m\u00e9dica pedi\u00e1trica Caroline Barbiero da Silva, como diretora do Departamento de Gerenciamento M\u00e9dico do HDC. A m\u00e9dica ter\u00e1, entre outras atribui\u00e7\u00f5es, a tarefa de gerenciar os fluxos e as equipes de atendimento, qualificando a presta\u00e7\u00e3o dos servi\u00e7os oferecidos \u00e0 comunidade. \u201cEstar a frente do Hospital Dia da Crian\u00e7a \u00e9 desafiador e muito gratificante. Durante a pr\u00f3xima gest\u00e3o o nosso objetivo \u00e9 oferecer um atendimento diferenciado e integral, com foco na sa\u00fade das nossas crian\u00e7as, com protocolos de atendimento para maior seguran\u00e7a e qualidade em nosso atendimento. Vamos trabalhar para proporcionar um ambiente acolhedor e de excel\u00eancia garantindo que cada paciente receba o cuidado que merece. Queremos melhorar ainda mais o nosso atendimento, identificando e corrigindo as fraquezas e contribuindo com a capacita\u00e7\u00e3o t\u00e9cnica e m\u00e9dica do Hospital Dia da Crian\u00e7a\u201d, explicou ela.<\/p>\n\n\n\n<p><strong>Conhe\u00e7a os gestores<br>Diego Farias<br><\/strong>M\u00e9dico da aten\u00e7\u00e3o b\u00e1sica do munic\u00edpio, pelo Programa Mais M\u00e9dico desde 2018. Diego Teixeira de Farias, possui especializa\u00e7\u00e3o em Aten\u00e7\u00e3o B\u00e1sica pela Universidade Federal de Santa Catarina, fez a forma\u00e7\u00e3o na Ulbra em Canoas, tendo experi\u00eancia em grandes hospitais como Hospital Universit\u00e1rio e HPS naquele munic\u00edpio. Em Passo Fundo, conciliou durante os \u00faltimos 03 anos com o servi\u00e7o na rede de sa\u00fade, a fun\u00e7\u00e3o de Diretor T\u00e9cnico do Hospital Beneficente Dr, C\u00e9sar Santos, onde tamb\u00e9m atuou como plantonista na emerg\u00eancia da institui\u00e7\u00e3o. Diego, possui sua forma\u00e7\u00e3o voltada para a humaniza\u00e7\u00e3o, promo\u00e7\u00e3o e preven\u00e7\u00e3o a sa\u00fade, diretrizes do Sistema \u00danico de Sa\u00fade.<\/p>\n\n\n\n<p><strong>Lu\u00eds Schneiders<br><\/strong>Com vasta experi\u00eancia na gest\u00e3o da sa\u00fade p\u00fablica, estando desde 2005 participando em diversos setores da Secretaria Municipal de Sa\u00fade, Lu\u00eds Schneiders possui uma s\u00f3lida trajet\u00f3ria, tendo atuado como secret\u00e1rio-adjunto de Sa\u00fade entre 2020 e 2023 e, mais recentemente, no Hospital S\u00e3o Vicente de Paulo.<br>Possui diversas forma\u00e7\u00f5es na \u00e1rea de Gest\u00e3o da Sa\u00fade P\u00fablica. Concluiu em dezembro de 2023, no Instituto de Pesquisa e Ensino do Hospital Israelita Albert Einstein, o MBA Executivo em Lideran\u00e7a e Gest\u00e3o da Sa\u00fade P\u00fablica, t\u00edtulo com reconhecimento internacional.<\/p>\n\n\n\n<p><strong>Matheus Schmechel de Almeida<br><\/strong>Possui dupla gradua\u00e7\u00e3o na \u00e1rea da sa\u00fade, sendo graduado em Medicina pela Universidade Federal de Fronteira Sul (UFFS), em Passo Fundo\/RS, (2019) e Biomedicina pelo Instituto Cenecista de Ensino Superior de Santo \u00c2ngelo (IESA), (2011). Sua trajet\u00f3ria profissional inclui experi\u00eancias como analista cl\u00ednico, com atua\u00e7\u00e3o destacada na \u00e1rea de imunologia, e participa\u00e7\u00e3o em projetos de extens\u00e3o voltados ao desenvolvimento sustent\u00e1vel e inclus\u00e3o digital no meio rural. Matheus combina s\u00f3lida forma\u00e7\u00e3o acad\u00eamica com pr\u00e1tica m\u00e9dica e laboratorial, o que refor\u00e7a seu compromisso com a promo\u00e7\u00e3o da sa\u00fade e inova\u00e7\u00e3o.<br>Tamb\u00e9m \u00e9 empres\u00e1rio possuindo experi\u00eancia administrativa e ampla atua\u00e7\u00e3o no setor p\u00fablico e privado e vasta experi\u00eancia no atendimento m\u00e9dico em telemedicina.<br>Sua atua\u00e7\u00e3o no Hospital Beneficente Dr. C\u00e9sar Santos, desde 2019, representa um passo importante na consolida\u00e7\u00e3o de sua carreira, alinhando conhecimento t\u00e9cnico e vis\u00e3o humanit\u00e1ria para contribuir com a sa\u00fade p\u00fablica da regi\u00e3o.<\/p>\n\n\n\n<p><strong>Caroline Barbiero da Silva<br><\/strong>M\u00e9dica Pneumologista Pedi\u00e1trica. Graduada em medicina pela Universidade do Vale do Itaja\u00ed (Univali) em 2014, fez sua especializa\u00e7\u00e3o em pediatria no Hospital de Cl\u00ednicas de Passo Fundo \u2013 Universidade Federal da Fronteira Sul (UFFS) e sub especializa\u00e7\u00e3o em Pneumologia Pedi\u00e1trica na Santa Casa de Miseric\u00f3rdia de Porto Alegre, com aperfei\u00e7oamento em Pneumologia Pedi\u00e1trica na University Hospitals of North Midlands \u2013 Inglaterra. Retornou para Passo Fundo em 2019, atuando como plantonista em pronto atendimento pedi\u00e1trico da Unimed e Pronto atendimento pedi\u00e1trico do Hospital Beneficente Dr C\u00e9sar Santos (atual Hospital Dia da Crian\u00e7a) durante 5 anos, e no \u00faltimo ano, assumindo a fun\u00e7\u00e3o de diretora do Departamento de Gerenciamento M\u00e9dico do HDC. Tamb\u00e9m atuou como docente e coordenadora da cadeira de pediatria da Atitus.<\/p>\n","protected":false},"excerpt":{"rendered":"<p>O prefeito Pedro Almeida anunciou, nesta sexta-feira (27), nomea\u00e7\u00f5es estrat\u00e9gicas para fortalecer ainda mais os servi\u00e7os de sa\u00fade prestados \u00e0 popula\u00e7\u00e3o. As defini\u00e7\u00f5es refor\u00e7am o compromisso do munic\u00edpio com a humaniza\u00e7\u00e3o, a [&hellip;]<\/p>\n","protected":false},"author":24,"featured_media":4258,"comment_status":"closed","ping_status":"closed","sticky":false,"template":"","format":"standard","meta":{"footnotes":""},"categories":[1],"tags":[],"class_list":["post-4257","post","type-post","status-publish","format-standard","has-post-thumbnail","hentry","category-sem-categoria"],"yoast_head":"<!-- This site is optimized with the Yoast SEO plugin v23.8 - https:\/\/yoast.com\/wordpress\/plugins\/seo\/ -->\n<title>Prefeito Pedro define novos gestores para a \u00e1rea da sa\u00fade - Secretaria de Sa\u00fade<\/title>\n<meta name=\"robots\" content=\"index, follow, max-snippet:-1, max-image-preview:large, max-video-preview:-1\" \/>\n<link rel=\"canonical\" href=\"https:\/\/www.pmpf.rs.gov.br\/secretaria-de-saude\/2024\/12\/27\/prefeito-pedro-define-novos-gestores-para-a-area-da-saude\/\" \/>\n<meta property=\"og:locale\" content=\"pt_BR\" \/>\n<meta property=\"og:type\" content=\"article\" \/>\n<meta property=\"og:title\" content=\"Prefeito Pedro define novos gestores para a \u00e1rea da sa\u00fade - Secretaria de Sa\u00fade\" \/>\n<meta property=\"og:description\" content=\"O prefeito Pedro Almeida anunciou, nesta sexta-feira (27), nomea\u00e7\u00f5es estrat\u00e9gicas para fortalecer ainda mais os servi\u00e7os de sa\u00fade prestados \u00e0 popula\u00e7\u00e3o. As defini\u00e7\u00f5es refor\u00e7am o compromisso do munic\u00edpio com a humaniza\u00e7\u00e3o, a [&hellip;]\" \/>\n<meta property=\"og:url\" content=\"https:\/\/www.pmpf.rs.gov.br\/secretaria-de-saude\/2024\/12\/27\/prefeito-pedro-define-novos-gestores-para-a-area-da-saude\/\" \/>\n<meta property=\"og:site_name\" content=\"Secretaria de Sa\u00fade\" \/>\n<meta property=\"article:published_time\" content=\"2024-12-27T18:13:33+00:00\" \/>\n<meta property=\"article:modified_time\" content=\"2024-12-27T19:31:59+00:00\" \/>\n<meta property=\"og:image\" content=\"https:\/\/www.pmpf.rs.gov.br\/secretaria-de-saude\/wp-content\/uploads\/sites\/50\/2024\/12\/WhatsApp-Image-2024-12-27-at-15.11.51.jpeg\" \/>\n\t<meta property=\"og:image:width\" content=\"2560\" \/>\n\t<meta property=\"og:image:height\" content=\"1706\" \/>\n\t<meta property=\"og:image:type\" content=\"image\/jpeg\" \/>\n<meta name=\"author\" content=\"lilicrivello\" \/>\n<meta name=\"twitter:card\" content=\"summary_large_image\" \/>\n<meta name=\"twitter:label1\" content=\"Escrito por\" \/>\n\t<meta name=\"twitter:data1\" content=\"lilicrivello\" \/>\n\t<meta name=\"twitter:label2\" content=\"Est. tempo de leitura\" \/>\n\t<meta name=\"twitter:data2\" content=\"7 minutos\" \/>\n<script type=\"application\/ld+json\" class=\"yoast-schema-graph\">{\"@context\":\"https:\/\/schema.org\",\"@graph\":[{\"@type\":\"WebPage\",\"@id\":\"https:\/\/www.pmpf.rs.gov.br\/secretaria-de-saude\/2024\/12\/27\/prefeito-pedro-define-novos-gestores-para-a-area-da-saude\/\",\"url\":\"https:\/\/www.pmpf.rs.gov.br\/secretaria-de-saude\/2024\/12\/27\/prefeito-pedro-define-novos-gestores-para-a-area-da-saude\/\",\"name\":\"Prefeito Pedro define novos gestores para a \u00e1rea da sa\u00fade - Secretaria de Sa\u00fade\",\"isPartOf\":{\"@id\":\"https:\/\/www.pmpf.rs.gov.br\/secretaria-de-saude\/#website\"},\"primaryImageOfPage\":{\"@id\":\"https:\/\/www.pmpf.rs.gov.br\/secretaria-de-saude\/2024\/12\/27\/prefeito-pedro-define-novos-gestores-para-a-area-da-saude\/#primaryimage\"},\"image\":{\"@id\":\"https:\/\/www.pmpf.rs.gov.br\/secretaria-de-saude\/2024\/12\/27\/prefeito-pedro-define-novos-gestores-para-a-area-da-saude\/#primaryimage\"},\"thumbnailUrl\":\"https:\/\/www.pmpf.rs.gov.br\/secretaria-de-saude\/wp-content\/uploads\/sites\/50\/2024\/12\/WhatsApp-Image-2024-12-27-at-15.11.51.jpeg\",\"datePublished\":\"2024-12-27T18:13:33+00:00\",\"dateModified\":\"2024-12-27T19:31:59+00:00\",\"author\":{\"@id\":\"https:\/\/www.pmpf.rs.gov.br\/secretaria-de-saude\/#\/schema\/person\/6e93b0ab2174b69f691ac4f278ba2d0a\"},\"breadcrumb\":{\"@id\":\"https:\/\/www.pmpf.rs.gov.br\/secretaria-de-saude\/2024\/12\/27\/prefeito-pedro-define-novos-gestores-para-a-area-da-saude\/#breadcrumb\"},\"inLanguage\":\"pt-BR\",\"potentialAction\":[{\"@type\":\"ReadAction\",\"target\":[\"https:\/\/www.pmpf.rs.gov.br\/secretaria-de-saude\/2024\/12\/27\/prefeito-pedro-define-novos-gestores-para-a-area-da-saude\/\"]}]},{\"@type\":\"ImageObject\",\"inLanguage\":\"pt-BR\",\"@id\":\"https:\/\/www.pmpf.rs.gov.br\/secretaria-de-saude\/2024\/12\/27\/prefeito-pedro-define-novos-gestores-para-a-area-da-saude\/#primaryimage\",\"url\":\"https:\/\/www.pmpf.rs.gov.br\/secretaria-de-saude\/wp-content\/uploads\/sites\/50\/2024\/12\/WhatsApp-Image-2024-12-27-at-15.11.51.jpeg\",\"contentUrl\":\"https:\/\/www.pmpf.rs.gov.br\/secretaria-de-saude\/wp-content\/uploads\/sites\/50\/2024\/12\/WhatsApp-Image-2024-12-27-at-15.11.51.jpeg\",\"width\":2560,\"height\":1706},{\"@type\":\"BreadcrumbList\",\"@id\":\"https:\/\/www.pmpf.rs.gov.br\/secretaria-de-saude\/2024\/12\/27\/prefeito-pedro-define-novos-gestores-para-a-area-da-saude\/#breadcrumb\",\"itemListElement\":[{\"@type\":\"ListItem\",\"position\":1,\"name\":\"In\u00edcio\",\"item\":\"https:\/\/www.pmpf.rs.gov.br\/secretaria-de-saude\/\"},{\"@type\":\"ListItem\",\"position\":2,\"name\":\"Prefeito Pedro define novos gestores para a \u00e1rea da sa\u00fade\"}]},{\"@type\":\"WebSite\",\"@id\":\"https:\/\/www.pmpf.rs.gov.br\/secretaria-de-saude\/#website\",\"url\":\"https:\/\/www.pmpf.rs.gov.br\/secretaria-de-saude\/\",\"name\":\"Secretaria de Sa\u00fade\",\"description\":\"S\u00f3 mais um site Prefeitura de Passo Fundo\",\"potentialAction\":[{\"@type\":\"SearchAction\",\"target\":{\"@type\":\"EntryPoint\",\"urlTemplate\":\"https:\/\/www.pmpf.rs.gov.br\/secretaria-de-saude\/?s={search_term_string}\"},\"query-input\":{\"@type\":\"PropertyValueSpecification\",\"valueRequired\":true,\"valueName\":\"search_term_string\"}}],\"inLanguage\":\"pt-BR\"},{\"@type\":\"Person\",\"@id\":\"https:\/\/www.pmpf.rs.gov.br\/secretaria-de-saude\/#\/schema\/person\/6e93b0ab2174b69f691ac4f278ba2d0a\",\"name\":\"lilicrivello\",\"image\":{\"@type\":\"ImageObject\",\"inLanguage\":\"pt-BR\",\"@id\":\"https:\/\/www.pmpf.rs.gov.br\/secretaria-de-saude\/#\/schema\/person\/image\/\",\"url\":\"https:\/\/secure.gravatar.com\/avatar\/0b546b667388f8edb7b67d70a57b5e46?s=96&d=mm&r=g\",\"contentUrl\":\"https:\/\/secure.gravatar.com\/avatar\/0b546b667388f8edb7b67d70a57b5e46?s=96&d=mm&r=g\",\"caption\":\"lilicrivello\"},\"url\":\"https:\/\/www.pmpf.rs.gov.br\/secretaria-de-saude\/author\/lilicrivello\/\"}]}<\/script>\n<!-- \/ Yoast SEO plugin. -->","yoast_head_json":{"title":"Prefeito Pedro define novos gestores para a \u00e1rea da sa\u00fade - Secretaria de Sa\u00fade","robots":{"index":"index","follow":"follow","max-snippet":"max-snippet:-1","max-image-preview":"max-image-preview:large","max-video-preview":"max-video-preview:-1"},"canonical":"https:\/\/www.pmpf.rs.gov.br\/secretaria-de-saude\/2024\/12\/27\/prefeito-pedro-define-novos-gestores-para-a-area-da-saude\/","og_locale":"pt_BR","og_type":"article","og_title":"Prefeito Pedro define novos gestores para a \u00e1rea da sa\u00fade - Secretaria de Sa\u00fade","og_description":"O prefeito Pedro Almeida anunciou, nesta sexta-feira (27), nomea\u00e7\u00f5es estrat\u00e9gicas para fortalecer ainda mais os servi\u00e7os de sa\u00fade prestados \u00e0 popula\u00e7\u00e3o. As defini\u00e7\u00f5es refor\u00e7am o compromisso do munic\u00edpio com a humaniza\u00e7\u00e3o, a [&hellip;]","og_url":"https:\/\/www.pmpf.rs.gov.br\/secretaria-de-saude\/2024\/12\/27\/prefeito-pedro-define-novos-gestores-para-a-area-da-saude\/","og_site_name":"Secretaria de Sa\u00fade","article_published_time":"2024-12-27T18:13:33+00:00","article_modified_time":"2024-12-27T19:31:59+00:00","og_image":[{"width":2560,"height":1706,"url":"https:\/\/www.pmpf.rs.gov.br\/secretaria-de-saude\/wp-content\/uploads\/sites\/50\/2024\/12\/WhatsApp-Image-2024-12-27-at-15.11.51.jpeg","type":"image\/jpeg"}],"author":"lilicrivello","twitter_card":"summary_large_image","twitter_misc":{"Escrito por":"lilicrivello","Est. tempo de leitura":"7 minutos"},"schema":{"@context":"https:\/\/schema.org","@graph":[{"@type":"WebPage","@id":"https:\/\/www.pmpf.rs.gov.br\/secretaria-de-saude\/2024\/12\/27\/prefeito-pedro-define-novos-gestores-para-a-area-da-saude\/","url":"https:\/\/www.pmpf.rs.gov.br\/secretaria-de-saude\/2024\/12\/27\/prefeito-pedro-define-novos-gestores-para-a-area-da-saude\/","name":"Prefeito Pedro define novos gestores para a \u00e1rea da sa\u00fade - Secretaria de Sa\u00fade","isPartOf":{"@id":"https:\/\/www.pmpf.rs.gov.br\/secretaria-de-saude\/#website"},"primaryImageOfPage":{"@id":"https:\/\/www.pmpf.rs.gov.br\/secretaria-de-saude\/2024\/12\/27\/prefeito-pedro-define-novos-gestores-para-a-area-da-saude\/#primaryimage"},"image":{"@id":"https:\/\/www.pmpf.rs.gov.br\/secretaria-de-saude\/2024\/12\/27\/prefeito-pedro-define-novos-gestores-para-a-area-da-saude\/#primaryimage"},"thumbnailUrl":"https:\/\/www.pmpf.rs.gov.br\/secretaria-de-saude\/wp-content\/uploads\/sites\/50\/2024\/12\/WhatsApp-Image-2024-12-27-at-15.11.51.jpeg","datePublished":"2024-12-27T18:13:33+00:00","dateModified":"2024-12-27T19:31:59+00:00","author":{"@id":"https:\/\/www.pmpf.rs.gov.br\/secretaria-de-saude\/#\/schema\/person\/6e93b0ab2174b69f691ac4f278ba2d0a"},"breadcrumb":{"@id":"https:\/\/www.pmpf.rs.gov.br\/secretaria-de-saude\/2024\/12\/27\/prefeito-pedro-define-novos-gestores-para-a-area-da-saude\/#breadcrumb"},"inLanguage":"pt-BR","potentialAction":[{"@type":"ReadAction","target":["https:\/\/www.pmpf.rs.gov.br\/secretaria-de-saude\/2024\/12\/27\/prefeito-pedro-define-novos-gestores-para-a-area-da-saude\/"]}]},{"@type":"ImageObject","inLanguage":"pt-BR","@id":"https:\/\/www.pmpf.rs.gov.br\/secretaria-de-saude\/2024\/12\/27\/prefeito-pedro-define-novos-gestores-para-a-area-da-saude\/#primaryimage","url":"https:\/\/www.pmpf.rs.gov.br\/secretaria-de-saude\/wp-content\/uploads\/sites\/50\/2024\/12\/WhatsApp-Image-2024-12-27-at-15.11.51.jpeg","contentUrl":"https:\/\/www.pmpf.rs.gov.br\/secretaria-de-saude\/wp-content\/uploads\/sites\/50\/2024\/12\/WhatsApp-Image-2024-12-27-at-15.11.51.jpeg","width":2560,"height":1706},{"@type":"BreadcrumbList","@id":"https:\/\/www.pmpf.rs.gov.br\/secretaria-de-saude\/2024\/12\/27\/prefeito-pedro-define-novos-gestores-para-a-area-da-saude\/#breadcrumb","itemListElement":[{"@type":"ListItem","position":1,"name":"In\u00edcio","item":"https:\/\/www.pmpf.rs.gov.br\/secretaria-de-saude\/"},{"@type":"ListItem","position":2,"name":"Prefeito Pedro define novos gestores para a \u00e1rea da sa\u00fade"}]},{"@type":"WebSite","@id":"https:\/\/www.pmpf.rs.gov.br\/secretaria-de-saude\/#website","url":"https:\/\/www.pmpf.rs.gov.br\/secretaria-de-saude\/","name":"Secretaria de Sa\u00fade","description":"S\u00f3 mais um site Prefeitura de Passo Fundo","potentialAction":[{"@type":"SearchAction","target":{"@type":"EntryPoint","urlTemplate":"https:\/\/www.pmpf.rs.gov.br\/secretaria-de-saude\/?s={search_term_string}"},"query-input":{"@type":"PropertyValueSpecification","valueRequired":true,"valueName":"search_term_string"}}],"inLanguage":"pt-BR"},{"@type":"Person","@id":"https:\/\/www.pmpf.rs.gov.br\/secretaria-de-saude\/#\/schema\/person\/6e93b0ab2174b69f691ac4f278ba2d0a","name":"lilicrivello","image":{"@type":"ImageObject","inLanguage":"pt-BR","@id":"https:\/\/www.pmpf.rs.gov.br\/secretaria-de-saude\/#\/schema\/person\/image\/","url":"https:\/\/secure.gravatar.com\/avatar\/0b546b667388f8edb7b67d70a57b5e46?s=96&d=mm&r=g","contentUrl":"https:\/\/secure.gravatar.com\/avatar\/0b546b667388f8edb7b67d70a57b5e46?s=96&d=mm&r=g","caption":"lilicrivello"},"url":"https:\/\/www.pmpf.rs.gov.br\/secretaria-de-saude\/author\/lilicrivello\/"}]}},"_links":{"self":[{"href":"https:\/\/www.pmpf.rs.gov.br\/secretaria-de-saude\/wp-json\/wp\/v2\/posts\/4257"}],"collection":[{"href":"https:\/\/www.pmpf.rs.gov.br\/secretaria-de-saude\/wp-json\/wp\/v2\/posts"}],"about":[{"href":"https:\/\/www.pmpf.rs.gov.br\/secretaria-de-saude\/wp-json\/wp\/v2\/types\/post"}],"author":[{"embeddable":true,"href":"https:\/\/www.pmpf.rs.gov.br\/secretaria-de-saude\/wp-json\/wp\/v2\/users\/24"}],"replies":[{"embeddable":true,"href":"https:\/\/www.pmpf.rs.gov.br\/secretaria-de-saude\/wp-json\/wp\/v2\/comments?post=4257"}],"version-history":[{"count":3,"href":"https:\/\/www.pmpf.rs.gov.br\/secretaria-de-saude\/wp-json\/wp\/v2\/posts\/4257\/revisions"}],"predecessor-version":[{"id":4261,"href":"https:\/\/www.pmpf.rs.gov.br\/secretaria-de-saude\/wp-json\/wp\/v2\/posts\/4257\/revisions\/4261"}],"wp:featuredmedia":[{"embeddable":true,"href":"https:\/\/www.pmpf.rs.gov.br\/secretaria-de-saude\/wp-json\/wp\/v2\/media\/4258"}],"wp:attachment":[{"href":"https:\/\/www.pmpf.rs.gov.br\/secretaria-de-saude\/wp-json\/wp\/v2\/media?parent=4257"}],"wp:term":[{"taxonomy":"category","embeddable":true,"href":"https:\/\/www.pmpf.rs.gov.br\/secretaria-de-saude\/wp-json\/wp\/v2\/categories?post=4257"},{"taxonomy":"post_tag","embeddable":true,"href":"https:\/\/www.pmpf.rs.gov.br\/secretaria-de-saude\/wp-json\/wp\/v2\/tags?post=4257"}],"curies":[{"name":"wp","href":"https:\/\/api.w.org\/{rel}","templated":true}]}}