{"id":4248,"date":"2024-12-19T13:32:56","date_gmt":"2024-12-19T16:32:56","guid":{"rendered":"https:\/\/www.pmpf.rs.gov.br\/secretaria-de-saude\/?p=4248"},"modified":"2024-12-24T10:53:21","modified_gmt":"2024-12-24T13:53:21","slug":"prefeitura-amplia-a-rede-de-saude-com-a-inauguracao-da-ubs-annes","status":"publish","type":"post","link":"https:\/\/www.pmpf.rs.gov.br\/secretaria-de-saude\/2024\/12\/19\/prefeitura-amplia-a-rede-de-saude-com-a-inauguracao-da-ubs-annes\/","title":{"rendered":"Prefeitura amplia a rede de sa\u00fade com a inaugura\u00e7\u00e3o da UBS Annes"},"content":{"rendered":"\n<p><\/p>\n\n\n\n<p>A Prefeitura de Passo Fundo entregou \u00e0 comunidade nesta quinta-feira (19), a nova Unidade B\u00e1sica de Sa\u00fade (UBS) Annes. Localizada na Rua Pont\u00e3o, 458, a unidade denominada Doglas Leonardo dos Santos, chega para refor\u00e7ar a Aten\u00e7\u00e3o B\u00e1sica, com infraestrutura moderna e servi\u00e7os que atendem \u00e0s demandas da popula\u00e7\u00e3o.<\/p>\n\n\n\n<p>Seguindo os moldes da UBS Petr\u00f3polis, a nova UBS traz melhorias que refletem o compromisso da administra\u00e7\u00e3o municipal com a expans\u00e3o e qualifica\u00e7\u00e3o da sa\u00fade p\u00fablica. \u201cEste \u00e9 mais um investimento significativo para garantir que os moradores tenham acesso a um atendimento de qualidade, pr\u00f3ximo de suas casas. Estamos transformando a sa\u00fade p\u00fablica em Passo Fundo para oferecer mais dignidade e cuidado \u00e0 nossa popula\u00e7\u00e3o\u201d, destaca o prefeito Pedro Almeida.<\/p>\n\n\n\n<p>S\u00e3o cinco consult\u00f3rios multiprofissionais, dois consult\u00f3rios odontol\u00f3gicos, uma farm\u00e1cia, sala de vacina, recep\u00e7\u00e3o, sala de espera, sanit\u00e1rios PCD, sala de triagem\/ acolhimento, Sala de atividades em grupo, sala de observa\u00e7\u00e3o, sala de curativos, sala de inala\u00e7\u00e3o, sala de vacinas, farm\u00e1cia, sala de esteriliza\u00e7\u00e3o e expurgo al\u00e9m de ambientes administrativos e salas especializadas para atender \u00e0s demandas da comunidade. Os espa\u00e7os s\u00e3o climatizados e informatizados, garantindo conforto e efici\u00eancia para os pacientes e profissionais. O projeto contempla acessibilidade universal, sendo adaptado para pessoas com defici\u00eancia e restri\u00e7\u00e3o de mobilidade. Possui sistema de monitoramento, sistema de climatiza\u00e7\u00e3o em todos os ambientes, atrav\u00e9s de comando central.<\/p>\n\n\n\n<p>De acordo com a secret\u00e1ria de Sa\u00fade, Cristine Pilati, a nova UBS foi planejada para proporcionar conforto e efic\u00e1cia nos atendimentos, atendendo \u00e0s necessidades da comunidade. \u201cCom capacidade para abrigar at\u00e9 duas equipes de Aten\u00e7\u00e3o B\u00e1sica, a unidade estar\u00e1 equipada para prestar um atendimento ainda mais humanizado e eficiente. Al\u00e9m disso, a equipe inicial j\u00e1 contar\u00e1 com um t\u00e9cnico de enfermagem adicional\u201d, ressalta.<\/p>\n\n\n\n<p>A estrutura moderna permite amplia\u00e7\u00f5es futuras e j\u00e1 tem datas previstas para a oferta de novos servi\u00e7os. A Sala de Vacinas entrar\u00e1 em funcionamento em fevereiro de 2025, enquanto a farm\u00e1cia ser\u00e1 ativada assim que os profissionais aprovados no concurso p\u00fablico forem convocados.<\/p>\n\n\n\n<p>A UBS Annes come\u00e7a atender normalmente na tarde desta quinta-feira. \u201cEssa inaugura\u00e7\u00e3o representa mais um avan\u00e7o no fortalecimento da nossa rede de Aten\u00e7\u00e3o B\u00e1sica, aproximando os servi\u00e7os de sa\u00fade das comunidades e assegurando atendimento de qualidade para todos\u201d, conclui Cristine Pilati.<\/p>\n\n\n\n<p><strong>O homenageado<br><\/strong>Doglas Leonardo dos Santos, nascido em 01\/06\/1980, cresceu na Vila Annes, bairro que sempre foi seu lar e fonte de inspira\u00e7\u00e3o. Desde cedo, sabia que seu destino era ser odont\u00f3logo, e com dedica\u00e7\u00e3o, se formou na UPF em 2006. A carreira profissional de Doglas se consolidou em Pont\u00e3o, mas foi em Passo Fundo, durante a primeira administra\u00e7\u00e3o do prefeito Luciano, que ele se tornou um profissional respeitado, especialmente entre os mais necessitados. Emp\u00e1tico, sempre atento \u00e0 situa\u00e7\u00e3o financeira de seus pacientes, ele conquistou admira\u00e7\u00e3o por sua humanidade, Douglas faleceu em 2021 aos 39 anos.<\/p>\n\n\n\n<p>Seu pai, Edilson dos Santos, emocionado com a homenagem, recordou com orgulho os primeiros passos do filho, que, ainda jovem, acompanhava a constru\u00e7\u00e3o do Ambulat\u00f3rio da Vila Annes, onde come\u00e7ou a atender voluntariamente.<br>\u201cSempre me lembro do carinho com que Douglas exercia seu trabalho, e como ele sempre esteve presente, n\u00e3o s\u00f3 na vida profissional, mas tamb\u00e9m na hist\u00f3ria do bairro e da comunidade, mostrando sua dedica\u00e7\u00e3o desde a inf\u00e2ncia\u201d, ressalta o pai.<\/p>\n","protected":false},"excerpt":{"rendered":"<p>A Prefeitura de Passo Fundo entregou \u00e0 comunidade nesta quinta-feira (19), a nova Unidade B\u00e1sica de Sa\u00fade (UBS) Annes. Localizada na Rua Pont\u00e3o, 458, a unidade denominada Doglas Leonardo dos Santos, chega [&hellip;]<\/p>\n","protected":false},"author":24,"featured_media":4252,"comment_status":"closed","ping_status":"closed","sticky":false,"template":"","format":"standard","meta":{"footnotes":""},"categories":[1],"tags":[],"class_list":["post-4248","post","type-post","status-publish","format-standard","has-post-thumbnail","hentry","category-sem-categoria"],"yoast_head":"<!-- This site is optimized with the Yoast SEO plugin v23.8 - https:\/\/yoast.com\/wordpress\/plugins\/seo\/ -->\n<title>Prefeitura amplia a rede de sa\u00fade com a inaugura\u00e7\u00e3o da UBS Annes - Secretaria de Sa\u00fade<\/title>\n<meta name=\"robots\" content=\"index, follow, max-snippet:-1, max-image-preview:large, max-video-preview:-1\" \/>\n<link rel=\"canonical\" href=\"https:\/\/www.pmpf.rs.gov.br\/secretaria-de-saude\/2024\/12\/19\/prefeitura-amplia-a-rede-de-saude-com-a-inauguracao-da-ubs-annes\/\" \/>\n<meta property=\"og:locale\" content=\"pt_BR\" \/>\n<meta property=\"og:type\" content=\"article\" \/>\n<meta property=\"og:title\" content=\"Prefeitura amplia a rede de sa\u00fade com a inaugura\u00e7\u00e3o da UBS Annes - Secretaria de Sa\u00fade\" \/>\n<meta property=\"og:description\" content=\"A Prefeitura de Passo Fundo entregou \u00e0 comunidade nesta quinta-feira (19), a nova Unidade B\u00e1sica de Sa\u00fade (UBS) Annes. Localizada na Rua Pont\u00e3o, 458, a unidade denominada Doglas Leonardo dos Santos, chega [&hellip;]\" \/>\n<meta property=\"og:url\" content=\"https:\/\/www.pmpf.rs.gov.br\/secretaria-de-saude\/2024\/12\/19\/prefeitura-amplia-a-rede-de-saude-com-a-inauguracao-da-ubs-annes\/\" \/>\n<meta property=\"og:site_name\" content=\"Secretaria de Sa\u00fade\" \/>\n<meta property=\"article:published_time\" content=\"2024-12-19T16:32:56+00:00\" \/>\n<meta property=\"article:modified_time\" content=\"2024-12-24T13:53:21+00:00\" \/>\n<meta property=\"og:image\" content=\"https:\/\/www.pmpf.rs.gov.br\/secretaria-de-saude\/wp-content\/uploads\/sites\/50\/2024\/12\/MSF00660.jpg\" \/>\n\t<meta property=\"og:image:width\" content=\"1200\" \/>\n\t<meta property=\"og:image:height\" content=\"800\" \/>\n\t<meta property=\"og:image:type\" content=\"image\/jpeg\" \/>\n<meta name=\"author\" content=\"lilicrivello\" \/>\n<meta name=\"twitter:card\" content=\"summary_large_image\" \/>\n<meta name=\"twitter:label1\" content=\"Escrito por\" \/>\n\t<meta name=\"twitter:data1\" content=\"lilicrivello\" \/>\n\t<meta name=\"twitter:label2\" content=\"Est. tempo de leitura\" \/>\n\t<meta name=\"twitter:data2\" content=\"3 minutos\" \/>\n<script type=\"application\/ld+json\" class=\"yoast-schema-graph\">{\"@context\":\"https:\/\/schema.org\",\"@graph\":[{\"@type\":\"WebPage\",\"@id\":\"https:\/\/www.pmpf.rs.gov.br\/secretaria-de-saude\/2024\/12\/19\/prefeitura-amplia-a-rede-de-saude-com-a-inauguracao-da-ubs-annes\/\",\"url\":\"https:\/\/www.pmpf.rs.gov.br\/secretaria-de-saude\/2024\/12\/19\/prefeitura-amplia-a-rede-de-saude-com-a-inauguracao-da-ubs-annes\/\",\"name\":\"Prefeitura amplia a rede de sa\u00fade com a inaugura\u00e7\u00e3o da UBS Annes - Secretaria de Sa\u00fade\",\"isPartOf\":{\"@id\":\"https:\/\/www.pmpf.rs.gov.br\/secretaria-de-saude\/#website\"},\"primaryImageOfPage\":{\"@id\":\"https:\/\/www.pmpf.rs.gov.br\/secretaria-de-saude\/2024\/12\/19\/prefeitura-amplia-a-rede-de-saude-com-a-inauguracao-da-ubs-annes\/#primaryimage\"},\"image\":{\"@id\":\"https:\/\/www.pmpf.rs.gov.br\/secretaria-de-saude\/2024\/12\/19\/prefeitura-amplia-a-rede-de-saude-com-a-inauguracao-da-ubs-annes\/#primaryimage\"},\"thumbnailUrl\":\"https:\/\/www.pmpf.rs.gov.br\/secretaria-de-saude\/wp-content\/uploads\/sites\/50\/2024\/12\/MSF00660-2.jpg\",\"datePublished\":\"2024-12-19T16:32:56+00:00\",\"dateModified\":\"2024-12-24T13:53:21+00:00\",\"author\":{\"@id\":\"https:\/\/www.pmpf.rs.gov.br\/secretaria-de-saude\/#\/schema\/person\/6e93b0ab2174b69f691ac4f278ba2d0a\"},\"breadcrumb\":{\"@id\":\"https:\/\/www.pmpf.rs.gov.br\/secretaria-de-saude\/2024\/12\/19\/prefeitura-amplia-a-rede-de-saude-com-a-inauguracao-da-ubs-annes\/#breadcrumb\"},\"inLanguage\":\"pt-BR\",\"potentialAction\":[{\"@type\":\"ReadAction\",\"target\":[\"https:\/\/www.pmpf.rs.gov.br\/secretaria-de-saude\/2024\/12\/19\/prefeitura-amplia-a-rede-de-saude-com-a-inauguracao-da-ubs-annes\/\"]}]},{\"@type\":\"ImageObject\",\"inLanguage\":\"pt-BR\",\"@id\":\"https:\/\/www.pmpf.rs.gov.br\/secretaria-de-saude\/2024\/12\/19\/prefeitura-amplia-a-rede-de-saude-com-a-inauguracao-da-ubs-annes\/#primaryimage\",\"url\":\"https:\/\/www.pmpf.rs.gov.br\/secretaria-de-saude\/wp-content\/uploads\/sites\/50\/2024\/12\/MSF00660-2.jpg\",\"contentUrl\":\"https:\/\/www.pmpf.rs.gov.br\/secretaria-de-saude\/wp-content\/uploads\/sites\/50\/2024\/12\/MSF00660-2.jpg\",\"width\":1024,\"height\":683},{\"@type\":\"BreadcrumbList\",\"@id\":\"https:\/\/www.pmpf.rs.gov.br\/secretaria-de-saude\/2024\/12\/19\/prefeitura-amplia-a-rede-de-saude-com-a-inauguracao-da-ubs-annes\/#breadcrumb\",\"itemListElement\":[{\"@type\":\"ListItem\",\"position\":1,\"name\":\"In\u00edcio\",\"item\":\"https:\/\/www.pmpf.rs.gov.br\/secretaria-de-saude\/\"},{\"@type\":\"ListItem\",\"position\":2,\"name\":\"Prefeitura amplia a rede de sa\u00fade com a inaugura\u00e7\u00e3o da UBS Annes\"}]},{\"@type\":\"WebSite\",\"@id\":\"https:\/\/www.pmpf.rs.gov.br\/secretaria-de-saude\/#website\",\"url\":\"https:\/\/www.pmpf.rs.gov.br\/secretaria-de-saude\/\",\"name\":\"Secretaria de Sa\u00fade\",\"description\":\"S\u00f3 mais um site Prefeitura de Passo Fundo\",\"potentialAction\":[{\"@type\":\"SearchAction\",\"target\":{\"@type\":\"EntryPoint\",\"urlTemplate\":\"https:\/\/www.pmpf.rs.gov.br\/secretaria-de-saude\/?s={search_term_string}\"},\"query-input\":{\"@type\":\"PropertyValueSpecification\",\"valueRequired\":true,\"valueName\":\"search_term_string\"}}],\"inLanguage\":\"pt-BR\"},{\"@type\":\"Person\",\"@id\":\"https:\/\/www.pmpf.rs.gov.br\/secretaria-de-saude\/#\/schema\/person\/6e93b0ab2174b69f691ac4f278ba2d0a\",\"name\":\"lilicrivello\",\"image\":{\"@type\":\"ImageObject\",\"inLanguage\":\"pt-BR\",\"@id\":\"https:\/\/www.pmpf.rs.gov.br\/secretaria-de-saude\/#\/schema\/person\/image\/\",\"url\":\"https:\/\/secure.gravatar.com\/avatar\/0b546b667388f8edb7b67d70a57b5e46?s=96&d=mm&r=g\",\"contentUrl\":\"https:\/\/secure.gravatar.com\/avatar\/0b546b667388f8edb7b67d70a57b5e46?s=96&d=mm&r=g\",\"caption\":\"lilicrivello\"},\"url\":\"https:\/\/www.pmpf.rs.gov.br\/secretaria-de-saude\/author\/lilicrivello\/\"}]}<\/script>\n<!-- \/ Yoast SEO plugin. -->","yoast_head_json":{"title":"Prefeitura amplia a rede de sa\u00fade com a inaugura\u00e7\u00e3o da UBS Annes - Secretaria de Sa\u00fade","robots":{"index":"index","follow":"follow","max-snippet":"max-snippet:-1","max-image-preview":"max-image-preview:large","max-video-preview":"max-video-preview:-1"},"canonical":"https:\/\/www.pmpf.rs.gov.br\/secretaria-de-saude\/2024\/12\/19\/prefeitura-amplia-a-rede-de-saude-com-a-inauguracao-da-ubs-annes\/","og_locale":"pt_BR","og_type":"article","og_title":"Prefeitura amplia a rede de sa\u00fade com a inaugura\u00e7\u00e3o da UBS Annes - Secretaria de Sa\u00fade","og_description":"A Prefeitura de Passo Fundo entregou \u00e0 comunidade nesta quinta-feira (19), a nova Unidade B\u00e1sica de Sa\u00fade (UBS) Annes. Localizada na Rua Pont\u00e3o, 458, a unidade denominada Doglas Leonardo dos Santos, chega [&hellip;]","og_url":"https:\/\/www.pmpf.rs.gov.br\/secretaria-de-saude\/2024\/12\/19\/prefeitura-amplia-a-rede-de-saude-com-a-inauguracao-da-ubs-annes\/","og_site_name":"Secretaria de Sa\u00fade","article_published_time":"2024-12-19T16:32:56+00:00","article_modified_time":"2024-12-24T13:53:21+00:00","og_image":[{"width":1200,"height":800,"url":"https:\/\/www.pmpf.rs.gov.br\/secretaria-de-saude\/wp-content\/uploads\/sites\/50\/2024\/12\/MSF00660.jpg","type":"image\/jpeg"}],"author":"lilicrivello","twitter_card":"summary_large_image","twitter_misc":{"Escrito por":"lilicrivello","Est. tempo de leitura":"3 minutos"},"schema":{"@context":"https:\/\/schema.org","@graph":[{"@type":"WebPage","@id":"https:\/\/www.pmpf.rs.gov.br\/secretaria-de-saude\/2024\/12\/19\/prefeitura-amplia-a-rede-de-saude-com-a-inauguracao-da-ubs-annes\/","url":"https:\/\/www.pmpf.rs.gov.br\/secretaria-de-saude\/2024\/12\/19\/prefeitura-amplia-a-rede-de-saude-com-a-inauguracao-da-ubs-annes\/","name":"Prefeitura amplia a rede de sa\u00fade com a inaugura\u00e7\u00e3o da UBS Annes - Secretaria de Sa\u00fade","isPartOf":{"@id":"https:\/\/www.pmpf.rs.gov.br\/secretaria-de-saude\/#website"},"primaryImageOfPage":{"@id":"https:\/\/www.pmpf.rs.gov.br\/secretaria-de-saude\/2024\/12\/19\/prefeitura-amplia-a-rede-de-saude-com-a-inauguracao-da-ubs-annes\/#primaryimage"},"image":{"@id":"https:\/\/www.pmpf.rs.gov.br\/secretaria-de-saude\/2024\/12\/19\/prefeitura-amplia-a-rede-de-saude-com-a-inauguracao-da-ubs-annes\/#primaryimage"},"thumbnailUrl":"https:\/\/www.pmpf.rs.gov.br\/secretaria-de-saude\/wp-content\/uploads\/sites\/50\/2024\/12\/MSF00660-2.jpg","datePublished":"2024-12-19T16:32:56+00:00","dateModified":"2024-12-24T13:53:21+00:00","author":{"@id":"https:\/\/www.pmpf.rs.gov.br\/secretaria-de-saude\/#\/schema\/person\/6e93b0ab2174b69f691ac4f278ba2d0a"},"breadcrumb":{"@id":"https:\/\/www.pmpf.rs.gov.br\/secretaria-de-saude\/2024\/12\/19\/prefeitura-amplia-a-rede-de-saude-com-a-inauguracao-da-ubs-annes\/#breadcrumb"},"inLanguage":"pt-BR","potentialAction":[{"@type":"ReadAction","target":["https:\/\/www.pmpf.rs.gov.br\/secretaria-de-saude\/2024\/12\/19\/prefeitura-amplia-a-rede-de-saude-com-a-inauguracao-da-ubs-annes\/"]}]},{"@type":"ImageObject","inLanguage":"pt-BR","@id":"https:\/\/www.pmpf.rs.gov.br\/secretaria-de-saude\/2024\/12\/19\/prefeitura-amplia-a-rede-de-saude-com-a-inauguracao-da-ubs-annes\/#primaryimage","url":"https:\/\/www.pmpf.rs.gov.br\/secretaria-de-saude\/wp-content\/uploads\/sites\/50\/2024\/12\/MSF00660-2.jpg","contentUrl":"https:\/\/www.pmpf.rs.gov.br\/secretaria-de-saude\/wp-content\/uploads\/sites\/50\/2024\/12\/MSF00660-2.jpg","width":1024,"height":683},{"@type":"BreadcrumbList","@id":"https:\/\/www.pmpf.rs.gov.br\/secretaria-de-saude\/2024\/12\/19\/prefeitura-amplia-a-rede-de-saude-com-a-inauguracao-da-ubs-annes\/#breadcrumb","itemListElement":[{"@type":"ListItem","position":1,"name":"In\u00edcio","item":"https:\/\/www.pmpf.rs.gov.br\/secretaria-de-saude\/"},{"@type":"ListItem","position":2,"name":"Prefeitura amplia a rede de sa\u00fade com a inaugura\u00e7\u00e3o da UBS Annes"}]},{"@type":"WebSite","@id":"https:\/\/www.pmpf.rs.gov.br\/secretaria-de-saude\/#website","url":"https:\/\/www.pmpf.rs.gov.br\/secretaria-de-saude\/","name":"Secretaria de Sa\u00fade","description":"S\u00f3 mais um site Prefeitura de Passo Fundo","potentialAction":[{"@type":"SearchAction","target":{"@type":"EntryPoint","urlTemplate":"https:\/\/www.pmpf.rs.gov.br\/secretaria-de-saude\/?s={search_term_string}"},"query-input":{"@type":"PropertyValueSpecification","valueRequired":true,"valueName":"search_term_string"}}],"inLanguage":"pt-BR"},{"@type":"Person","@id":"https:\/\/www.pmpf.rs.gov.br\/secretaria-de-saude\/#\/schema\/person\/6e93b0ab2174b69f691ac4f278ba2d0a","name":"lilicrivello","image":{"@type":"ImageObject","inLanguage":"pt-BR","@id":"https:\/\/www.pmpf.rs.gov.br\/secretaria-de-saude\/#\/schema\/person\/image\/","url":"https:\/\/secure.gravatar.com\/avatar\/0b546b667388f8edb7b67d70a57b5e46?s=96&d=mm&r=g","contentUrl":"https:\/\/secure.gravatar.com\/avatar\/0b546b667388f8edb7b67d70a57b5e46?s=96&d=mm&r=g","caption":"lilicrivello"},"url":"https:\/\/www.pmpf.rs.gov.br\/secretaria-de-saude\/author\/lilicrivello\/"}]}},"_links":{"self":[{"href":"https:\/\/www.pmpf.rs.gov.br\/secretaria-de-saude\/wp-json\/wp\/v2\/posts\/4248"}],"collection":[{"href":"https:\/\/www.pmpf.rs.gov.br\/secretaria-de-saude\/wp-json\/wp\/v2\/posts"}],"about":[{"href":"https:\/\/www.pmpf.rs.gov.br\/secretaria-de-saude\/wp-json\/wp\/v2\/types\/post"}],"author":[{"embeddable":true,"href":"https:\/\/www.pmpf.rs.gov.br\/secretaria-de-saude\/wp-json\/wp\/v2\/users\/24"}],"replies":[{"embeddable":true,"href":"https:\/\/www.pmpf.rs.gov.br\/secretaria-de-saude\/wp-json\/wp\/v2\/comments?post=4248"}],"version-history":[{"count":1,"href":"https:\/\/www.pmpf.rs.gov.br\/secretaria-de-saude\/wp-json\/wp\/v2\/posts\/4248\/revisions"}],"predecessor-version":[{"id":4250,"href":"https:\/\/www.pmpf.rs.gov.br\/secretaria-de-saude\/wp-json\/wp\/v2\/posts\/4248\/revisions\/4250"}],"wp:featuredmedia":[{"embeddable":true,"href":"https:\/\/www.pmpf.rs.gov.br\/secretaria-de-saude\/wp-json\/wp\/v2\/media\/4252"}],"wp:attachment":[{"href":"https:\/\/www.pmpf.rs.gov.br\/secretaria-de-saude\/wp-json\/wp\/v2\/media?parent=4248"}],"wp:term":[{"taxonomy":"category","embeddable":true,"href":"https:\/\/www.pmpf.rs.gov.br\/secretaria-de-saude\/wp-json\/wp\/v2\/categories?post=4248"},{"taxonomy":"post_tag","embeddable":true,"href":"https:\/\/www.pmpf.rs.gov.br\/secretaria-de-saude\/wp-json\/wp\/v2\/tags?post=4248"}],"curies":[{"name":"wp","href":"https:\/\/api.w.org\/{rel}","templated":true}]}}