{"id":4229,"date":"2024-12-10T09:21:01","date_gmt":"2024-12-10T12:21:01","guid":{"rendered":"https:\/\/www.pmpf.rs.gov.br\/secretaria-de-saude\/?p=4229"},"modified":"2024-12-10T09:21:06","modified_gmt":"2024-12-10T12:21:06","slug":"prefeitura-promove-capacitacao-de-agentes-para-reforcar-combate-a-dengue","status":"publish","type":"post","link":"https:\/\/www.pmpf.rs.gov.br\/secretaria-de-saude\/2024\/12\/10\/prefeitura-promove-capacitacao-de-agentes-para-reforcar-combate-a-dengue\/","title":{"rendered":"Prefeitura promove capacita\u00e7\u00e3o de agentes para refor\u00e7ar combate \u00e0 dengue"},"content":{"rendered":"\n<p><\/p>\n\n\n\n<p>A Prefeitura de Passo Fundo est\u00e1 intensificando as a\u00e7\u00f5es de preven\u00e7\u00e3o e controle da dengue. Em parceria com a 6\u00aa Coordenadoria Regional de Sa\u00fade (6\u00aa CRS), a Coordenadoria de Vigil\u00e2ncia em Sa\u00fade e o N\u00facleo de Vigil\u00e2ncia Ambiental em Sa\u00fade promoveram, nesta semana, uma capacita\u00e7\u00e3o direcionada aos Agentes Comunit\u00e1rios de Sa\u00fade (ACS) e Agentes de Combate a Endemias (ACE).<\/p>\n\n\n\n<p>O treinamento, realizado ao longo desta segunda-feira (9), contou com palestras ministradas por profissionais especializados da Vigil\u00e2ncia Ambiental da 6\u00aa CRS. Mais de 120 agentes participaram da a\u00e7\u00e3o, que teve como objetivo refor\u00e7ar o conhecimento e atualizar as pr\u00e1ticas de controle e preven\u00e7\u00e3o da dengue.<\/p>\n\n\n\n<p>Al\u00e9m dessa capacita\u00e7\u00e3o, j\u00e1 est\u00e1 agendado para segunda-feira (16), um novo treinamento exclusivo para os Agentes de Combate a Endemias, que ser\u00e1 realizado durante todo o dia em parceria com a 6\u00aa CRS.<\/p>\n\n\n\n<p>Segundo a secret\u00e1ria de Sa\u00fade, Cristine Pilati, a capacita\u00e7\u00e3o \u00e9 essencial para preparar os agentes no enfrentamento \u00e0 dengue, especialmente no ver\u00e3o. &#8220;Essa a\u00e7\u00e3o refor\u00e7a o compromisso da prefeitura em proteger a sa\u00fade da popula\u00e7\u00e3o. Os agentes desempenham um papel fundamental na orienta\u00e7\u00e3o dos moradores e na elimina\u00e7\u00e3o dos focos do mosquito. Queremos que eles estejam preparados para agir de forma eficiente e integrada com a comunidade&#8221;, apontou a secret\u00e1ria.<\/p>\n\n\n\n<p><strong>Cuidado com as brom\u00e9lias<br><\/strong>Uma preocupa\u00e7\u00e3o destacada durante a capacita\u00e7\u00e3o foi a presen\u00e7a de brom\u00e9lias nos jardins das resid\u00eancias. De acordo com os t\u00e9cnicos, essas plantas acumulam \u00e1gua e se tornam criadouros ideais para o mosquito transmissor da dengue. Os agentes foram orientados a refor\u00e7ar junto \u00e0 popula\u00e7\u00e3o a necessidade de remover as brom\u00e9lias de \u00e1reas externas.<\/p>\n\n\n\n<p><strong>Processo seletivo em andamento<br><\/strong>Outro ponto relevante mencionado pela Secretaria de Sa\u00fade \u00e9 o processo seletivo em andamento para a contrata\u00e7\u00e3o de novos profissionais para as equipes. O processo, que contou com grande ades\u00e3o, dever\u00e1 ser conclu\u00eddo at\u00e9 o final deste m\u00eas, ampliando o n\u00famero de agentes atuantes no munic\u00edpio.<\/p>\n\n\n\n<p><strong>Cuidados indispens\u00e1veis<br><\/strong>A popula\u00e7\u00e3o deve continuar atenta \u00e0s medidas de preven\u00e7\u00e3o, como evitar o ac\u00famulo de \u00e1gua em recipientes, tampar caixas d\u2019\u00e1gua, manter calhas limpas e eliminar qualquer objeto que possa acumular \u00e1gua. \u201cA capacita\u00e7\u00e3o demonstra o compromisso da Prefeitura de Passo Fundo em intensificar o combate \u00e0 dengue, atuando de forma integrada e preventiva para proteger a sa\u00fade da popula\u00e7\u00e3o\u201d, frisa a secret\u00e1ria.<\/p>\n","protected":false},"excerpt":{"rendered":"<p>A Prefeitura de Passo Fundo est\u00e1 intensificando as a\u00e7\u00f5es de preven\u00e7\u00e3o e controle da dengue. Em parceria com a 6\u00aa Coordenadoria Regional de Sa\u00fade (6\u00aa CRS), a Coordenadoria de Vigil\u00e2ncia em Sa\u00fade [&hellip;]<\/p>\n","protected":false},"author":24,"featured_media":4230,"comment_status":"closed","ping_status":"closed","sticky":false,"template":"","format":"standard","meta":{"footnotes":""},"categories":[1],"tags":[],"class_list":["post-4229","post","type-post","status-publish","format-standard","has-post-thumbnail","hentry","category-sem-categoria"],"yoast_head":"<!-- This site is optimized with the Yoast SEO plugin v23.8 - https:\/\/yoast.com\/wordpress\/plugins\/seo\/ -->\n<title>Prefeitura promove capacita\u00e7\u00e3o de agentes para refor\u00e7ar combate \u00e0 dengue - Secretaria de Sa\u00fade<\/title>\n<meta name=\"robots\" content=\"index, follow, max-snippet:-1, max-image-preview:large, max-video-preview:-1\" \/>\n<link rel=\"canonical\" href=\"https:\/\/www.pmpf.rs.gov.br\/secretaria-de-saude\/2024\/12\/10\/prefeitura-promove-capacitacao-de-agentes-para-reforcar-combate-a-dengue\/\" \/>\n<meta property=\"og:locale\" content=\"pt_BR\" \/>\n<meta property=\"og:type\" content=\"article\" \/>\n<meta property=\"og:title\" content=\"Prefeitura promove capacita\u00e7\u00e3o de agentes para refor\u00e7ar combate \u00e0 dengue - Secretaria de Sa\u00fade\" \/>\n<meta property=\"og:description\" content=\"A Prefeitura de Passo Fundo est\u00e1 intensificando as a\u00e7\u00f5es de preven\u00e7\u00e3o e controle da dengue. Em parceria com a 6\u00aa Coordenadoria Regional de Sa\u00fade (6\u00aa CRS), a Coordenadoria de Vigil\u00e2ncia em Sa\u00fade [&hellip;]\" \/>\n<meta property=\"og:url\" content=\"https:\/\/www.pmpf.rs.gov.br\/secretaria-de-saude\/2024\/12\/10\/prefeitura-promove-capacitacao-de-agentes-para-reforcar-combate-a-dengue\/\" \/>\n<meta property=\"og:site_name\" content=\"Secretaria de Sa\u00fade\" \/>\n<meta property=\"article:published_time\" content=\"2024-12-10T12:21:01+00:00\" \/>\n<meta property=\"article:modified_time\" content=\"2024-12-10T12:21:06+00:00\" \/>\n<meta name=\"author\" content=\"lilicrivello\" \/>\n<meta name=\"twitter:card\" content=\"summary_large_image\" \/>\n<meta name=\"twitter:label1\" content=\"Escrito por\" \/>\n\t<meta name=\"twitter:data1\" content=\"lilicrivello\" \/>\n\t<meta name=\"twitter:label2\" content=\"Est. tempo de leitura\" \/>\n\t<meta name=\"twitter:data2\" content=\"2 minutos\" \/>\n<script type=\"application\/ld+json\" class=\"yoast-schema-graph\">{\"@context\":\"https:\/\/schema.org\",\"@graph\":[{\"@type\":\"WebPage\",\"@id\":\"https:\/\/www.pmpf.rs.gov.br\/secretaria-de-saude\/2024\/12\/10\/prefeitura-promove-capacitacao-de-agentes-para-reforcar-combate-a-dengue\/\",\"url\":\"https:\/\/www.pmpf.rs.gov.br\/secretaria-de-saude\/2024\/12\/10\/prefeitura-promove-capacitacao-de-agentes-para-reforcar-combate-a-dengue\/\",\"name\":\"Prefeitura promove capacita\u00e7\u00e3o de agentes para refor\u00e7ar combate \u00e0 dengue - Secretaria de Sa\u00fade\",\"isPartOf\":{\"@id\":\"https:\/\/www.pmpf.rs.gov.br\/secretaria-de-saude\/#website\"},\"primaryImageOfPage\":{\"@id\":\"https:\/\/www.pmpf.rs.gov.br\/secretaria-de-saude\/2024\/12\/10\/prefeitura-promove-capacitacao-de-agentes-para-reforcar-combate-a-dengue\/#primaryimage\"},\"image\":{\"@id\":\"https:\/\/www.pmpf.rs.gov.br\/secretaria-de-saude\/2024\/12\/10\/prefeitura-promove-capacitacao-de-agentes-para-reforcar-combate-a-dengue\/#primaryimage\"},\"thumbnailUrl\":\"https:\/\/www.pmpf.rs.gov.br\/secretaria-de-saude\/wp-content\/uploads\/sites\/50\/2024\/12\/WhatsApp-Image-2024-12-10-at-09.18.01.jpeg\",\"datePublished\":\"2024-12-10T12:21:01+00:00\",\"dateModified\":\"2024-12-10T12:21:06+00:00\",\"author\":{\"@id\":\"https:\/\/www.pmpf.rs.gov.br\/secretaria-de-saude\/#\/schema\/person\/6e93b0ab2174b69f691ac4f278ba2d0a\"},\"breadcrumb\":{\"@id\":\"https:\/\/www.pmpf.rs.gov.br\/secretaria-de-saude\/2024\/12\/10\/prefeitura-promove-capacitacao-de-agentes-para-reforcar-combate-a-dengue\/#breadcrumb\"},\"inLanguage\":\"pt-BR\",\"potentialAction\":[{\"@type\":\"ReadAction\",\"target\":[\"https:\/\/www.pmpf.rs.gov.br\/secretaria-de-saude\/2024\/12\/10\/prefeitura-promove-capacitacao-de-agentes-para-reforcar-combate-a-dengue\/\"]}]},{\"@type\":\"ImageObject\",\"inLanguage\":\"pt-BR\",\"@id\":\"https:\/\/www.pmpf.rs.gov.br\/secretaria-de-saude\/2024\/12\/10\/prefeitura-promove-capacitacao-de-agentes-para-reforcar-combate-a-dengue\/#primaryimage\",\"url\":\"https:\/\/www.pmpf.rs.gov.br\/secretaria-de-saude\/wp-content\/uploads\/sites\/50\/2024\/12\/WhatsApp-Image-2024-12-10-at-09.18.01.jpeg\",\"contentUrl\":\"https:\/\/www.pmpf.rs.gov.br\/secretaria-de-saude\/wp-content\/uploads\/sites\/50\/2024\/12\/WhatsApp-Image-2024-12-10-at-09.18.01.jpeg\",\"width\":1600,\"height\":1200},{\"@type\":\"BreadcrumbList\",\"@id\":\"https:\/\/www.pmpf.rs.gov.br\/secretaria-de-saude\/2024\/12\/10\/prefeitura-promove-capacitacao-de-agentes-para-reforcar-combate-a-dengue\/#breadcrumb\",\"itemListElement\":[{\"@type\":\"ListItem\",\"position\":1,\"name\":\"In\u00edcio\",\"item\":\"https:\/\/www.pmpf.rs.gov.br\/secretaria-de-saude\/\"},{\"@type\":\"ListItem\",\"position\":2,\"name\":\"Prefeitura promove capacita\u00e7\u00e3o de agentes para refor\u00e7ar combate \u00e0 dengue\"}]},{\"@type\":\"WebSite\",\"@id\":\"https:\/\/www.pmpf.rs.gov.br\/secretaria-de-saude\/#website\",\"url\":\"https:\/\/www.pmpf.rs.gov.br\/secretaria-de-saude\/\",\"name\":\"Secretaria de Sa\u00fade\",\"description\":\"S\u00f3 mais um site Prefeitura de Passo Fundo\",\"potentialAction\":[{\"@type\":\"SearchAction\",\"target\":{\"@type\":\"EntryPoint\",\"urlTemplate\":\"https:\/\/www.pmpf.rs.gov.br\/secretaria-de-saude\/?s={search_term_string}\"},\"query-input\":{\"@type\":\"PropertyValueSpecification\",\"valueRequired\":true,\"valueName\":\"search_term_string\"}}],\"inLanguage\":\"pt-BR\"},{\"@type\":\"Person\",\"@id\":\"https:\/\/www.pmpf.rs.gov.br\/secretaria-de-saude\/#\/schema\/person\/6e93b0ab2174b69f691ac4f278ba2d0a\",\"name\":\"lilicrivello\",\"image\":{\"@type\":\"ImageObject\",\"inLanguage\":\"pt-BR\",\"@id\":\"https:\/\/www.pmpf.rs.gov.br\/secretaria-de-saude\/#\/schema\/person\/image\/\",\"url\":\"https:\/\/secure.gravatar.com\/avatar\/0b546b667388f8edb7b67d70a57b5e46?s=96&d=mm&r=g\",\"contentUrl\":\"https:\/\/secure.gravatar.com\/avatar\/0b546b667388f8edb7b67d70a57b5e46?s=96&d=mm&r=g\",\"caption\":\"lilicrivello\"},\"url\":\"https:\/\/www.pmpf.rs.gov.br\/secretaria-de-saude\/author\/lilicrivello\/\"}]}<\/script>\n<!-- \/ Yoast SEO plugin. -->","yoast_head_json":{"title":"Prefeitura promove capacita\u00e7\u00e3o de agentes para refor\u00e7ar combate \u00e0 dengue - Secretaria de Sa\u00fade","robots":{"index":"index","follow":"follow","max-snippet":"max-snippet:-1","max-image-preview":"max-image-preview:large","max-video-preview":"max-video-preview:-1"},"canonical":"https:\/\/www.pmpf.rs.gov.br\/secretaria-de-saude\/2024\/12\/10\/prefeitura-promove-capacitacao-de-agentes-para-reforcar-combate-a-dengue\/","og_locale":"pt_BR","og_type":"article","og_title":"Prefeitura promove capacita\u00e7\u00e3o de agentes para refor\u00e7ar combate \u00e0 dengue - Secretaria de Sa\u00fade","og_description":"A Prefeitura de Passo Fundo est\u00e1 intensificando as a\u00e7\u00f5es de preven\u00e7\u00e3o e controle da dengue. Em parceria com a 6\u00aa Coordenadoria Regional de Sa\u00fade (6\u00aa CRS), a Coordenadoria de Vigil\u00e2ncia em Sa\u00fade [&hellip;]","og_url":"https:\/\/www.pmpf.rs.gov.br\/secretaria-de-saude\/2024\/12\/10\/prefeitura-promove-capacitacao-de-agentes-para-reforcar-combate-a-dengue\/","og_site_name":"Secretaria de Sa\u00fade","article_published_time":"2024-12-10T12:21:01+00:00","article_modified_time":"2024-12-10T12:21:06+00:00","author":"lilicrivello","twitter_card":"summary_large_image","twitter_misc":{"Escrito por":"lilicrivello","Est. tempo de leitura":"2 minutos"},"schema":{"@context":"https:\/\/schema.org","@graph":[{"@type":"WebPage","@id":"https:\/\/www.pmpf.rs.gov.br\/secretaria-de-saude\/2024\/12\/10\/prefeitura-promove-capacitacao-de-agentes-para-reforcar-combate-a-dengue\/","url":"https:\/\/www.pmpf.rs.gov.br\/secretaria-de-saude\/2024\/12\/10\/prefeitura-promove-capacitacao-de-agentes-para-reforcar-combate-a-dengue\/","name":"Prefeitura promove capacita\u00e7\u00e3o de agentes para refor\u00e7ar combate \u00e0 dengue - Secretaria de Sa\u00fade","isPartOf":{"@id":"https:\/\/www.pmpf.rs.gov.br\/secretaria-de-saude\/#website"},"primaryImageOfPage":{"@id":"https:\/\/www.pmpf.rs.gov.br\/secretaria-de-saude\/2024\/12\/10\/prefeitura-promove-capacitacao-de-agentes-para-reforcar-combate-a-dengue\/#primaryimage"},"image":{"@id":"https:\/\/www.pmpf.rs.gov.br\/secretaria-de-saude\/2024\/12\/10\/prefeitura-promove-capacitacao-de-agentes-para-reforcar-combate-a-dengue\/#primaryimage"},"thumbnailUrl":"https:\/\/www.pmpf.rs.gov.br\/secretaria-de-saude\/wp-content\/uploads\/sites\/50\/2024\/12\/WhatsApp-Image-2024-12-10-at-09.18.01.jpeg","datePublished":"2024-12-10T12:21:01+00:00","dateModified":"2024-12-10T12:21:06+00:00","author":{"@id":"https:\/\/www.pmpf.rs.gov.br\/secretaria-de-saude\/#\/schema\/person\/6e93b0ab2174b69f691ac4f278ba2d0a"},"breadcrumb":{"@id":"https:\/\/www.pmpf.rs.gov.br\/secretaria-de-saude\/2024\/12\/10\/prefeitura-promove-capacitacao-de-agentes-para-reforcar-combate-a-dengue\/#breadcrumb"},"inLanguage":"pt-BR","potentialAction":[{"@type":"ReadAction","target":["https:\/\/www.pmpf.rs.gov.br\/secretaria-de-saude\/2024\/12\/10\/prefeitura-promove-capacitacao-de-agentes-para-reforcar-combate-a-dengue\/"]}]},{"@type":"ImageObject","inLanguage":"pt-BR","@id":"https:\/\/www.pmpf.rs.gov.br\/secretaria-de-saude\/2024\/12\/10\/prefeitura-promove-capacitacao-de-agentes-para-reforcar-combate-a-dengue\/#primaryimage","url":"https:\/\/www.pmpf.rs.gov.br\/secretaria-de-saude\/wp-content\/uploads\/sites\/50\/2024\/12\/WhatsApp-Image-2024-12-10-at-09.18.01.jpeg","contentUrl":"https:\/\/www.pmpf.rs.gov.br\/secretaria-de-saude\/wp-content\/uploads\/sites\/50\/2024\/12\/WhatsApp-Image-2024-12-10-at-09.18.01.jpeg","width":1600,"height":1200},{"@type":"BreadcrumbList","@id":"https:\/\/www.pmpf.rs.gov.br\/secretaria-de-saude\/2024\/12\/10\/prefeitura-promove-capacitacao-de-agentes-para-reforcar-combate-a-dengue\/#breadcrumb","itemListElement":[{"@type":"ListItem","position":1,"name":"In\u00edcio","item":"https:\/\/www.pmpf.rs.gov.br\/secretaria-de-saude\/"},{"@type":"ListItem","position":2,"name":"Prefeitura promove capacita\u00e7\u00e3o de agentes para refor\u00e7ar combate \u00e0 dengue"}]},{"@type":"WebSite","@id":"https:\/\/www.pmpf.rs.gov.br\/secretaria-de-saude\/#website","url":"https:\/\/www.pmpf.rs.gov.br\/secretaria-de-saude\/","name":"Secretaria de Sa\u00fade","description":"S\u00f3 mais um site Prefeitura de Passo Fundo","potentialAction":[{"@type":"SearchAction","target":{"@type":"EntryPoint","urlTemplate":"https:\/\/www.pmpf.rs.gov.br\/secretaria-de-saude\/?s={search_term_string}"},"query-input":{"@type":"PropertyValueSpecification","valueRequired":true,"valueName":"search_term_string"}}],"inLanguage":"pt-BR"},{"@type":"Person","@id":"https:\/\/www.pmpf.rs.gov.br\/secretaria-de-saude\/#\/schema\/person\/6e93b0ab2174b69f691ac4f278ba2d0a","name":"lilicrivello","image":{"@type":"ImageObject","inLanguage":"pt-BR","@id":"https:\/\/www.pmpf.rs.gov.br\/secretaria-de-saude\/#\/schema\/person\/image\/","url":"https:\/\/secure.gravatar.com\/avatar\/0b546b667388f8edb7b67d70a57b5e46?s=96&d=mm&r=g","contentUrl":"https:\/\/secure.gravatar.com\/avatar\/0b546b667388f8edb7b67d70a57b5e46?s=96&d=mm&r=g","caption":"lilicrivello"},"url":"https:\/\/www.pmpf.rs.gov.br\/secretaria-de-saude\/author\/lilicrivello\/"}]}},"_links":{"self":[{"href":"https:\/\/www.pmpf.rs.gov.br\/secretaria-de-saude\/wp-json\/wp\/v2\/posts\/4229"}],"collection":[{"href":"https:\/\/www.pmpf.rs.gov.br\/secretaria-de-saude\/wp-json\/wp\/v2\/posts"}],"about":[{"href":"https:\/\/www.pmpf.rs.gov.br\/secretaria-de-saude\/wp-json\/wp\/v2\/types\/post"}],"author":[{"embeddable":true,"href":"https:\/\/www.pmpf.rs.gov.br\/secretaria-de-saude\/wp-json\/wp\/v2\/users\/24"}],"replies":[{"embeddable":true,"href":"https:\/\/www.pmpf.rs.gov.br\/secretaria-de-saude\/wp-json\/wp\/v2\/comments?post=4229"}],"version-history":[{"count":1,"href":"https:\/\/www.pmpf.rs.gov.br\/secretaria-de-saude\/wp-json\/wp\/v2\/posts\/4229\/revisions"}],"predecessor-version":[{"id":4231,"href":"https:\/\/www.pmpf.rs.gov.br\/secretaria-de-saude\/wp-json\/wp\/v2\/posts\/4229\/revisions\/4231"}],"wp:featuredmedia":[{"embeddable":true,"href":"https:\/\/www.pmpf.rs.gov.br\/secretaria-de-saude\/wp-json\/wp\/v2\/media\/4230"}],"wp:attachment":[{"href":"https:\/\/www.pmpf.rs.gov.br\/secretaria-de-saude\/wp-json\/wp\/v2\/media?parent=4229"}],"wp:term":[{"taxonomy":"category","embeddable":true,"href":"https:\/\/www.pmpf.rs.gov.br\/secretaria-de-saude\/wp-json\/wp\/v2\/categories?post=4229"},{"taxonomy":"post_tag","embeddable":true,"href":"https:\/\/www.pmpf.rs.gov.br\/secretaria-de-saude\/wp-json\/wp\/v2\/tags?post=4229"}],"curies":[{"name":"wp","href":"https:\/\/api.w.org\/{rel}","templated":true}]}}