{"id":4219,"date":"2024-11-29T09:57:25","date_gmt":"2024-11-29T12:57:25","guid":{"rendered":"https:\/\/www.pmpf.rs.gov.br\/secretaria-de-saude\/?p=4219"},"modified":"2024-11-29T10:09:25","modified_gmt":"2024-11-29T13:09:25","slug":"prefeitura-promove-acoes-de-conscientizacao-sobre-hiv-aids-e-combate-a-dengue","status":"publish","type":"post","link":"https:\/\/www.pmpf.rs.gov.br\/secretaria-de-saude\/2024\/11\/29\/prefeitura-promove-acoes-de-conscientizacao-sobre-hiv-aids-e-combate-a-dengue\/","title":{"rendered":"Prefeitura promove a\u00e7\u00f5es de conscientiza\u00e7\u00e3o sobre HIV\/Aids e combate \u00e0 dengue"},"content":{"rendered":"\n<p><\/p>\n\n\n\n<p>A Prefeitura de Passo Fundo, por meio da secretaria de Sa\u00fade, realiza nesta sexta-feira (29), o Dia D de Conscientiza\u00e7\u00e3o sobre o HIV\/Aids e de combate ao mosquito da dengue. A a\u00e7\u00e3o conta com diversas atividades de preven\u00e7\u00e3o e orienta\u00e7\u00e3o, envolvendo todas as unidades de sa\u00fade do munic\u00edpio e um ponto central na Pra\u00e7a Tocchetto.<\/p>\n\n\n\n<p>Durante o dia, as unidades de sa\u00fade disponibilizar\u00e3o testes r\u00e1pidos para HIV, s\u00edfilis e hepatites B e C, al\u00e9m da distribui\u00e7\u00e3o de preservativos e informa\u00e7\u00f5es sobre preven\u00e7\u00e3o ao HIV e ao mosquito Aedes aegypti. Na Pra\u00e7a Tochetto, ser\u00e3o oferecidos autotestes de HIV, orienta\u00e7\u00f5es sobre PEP (Profilaxia P\u00f3s-Exposi\u00e7\u00e3o) e PrEP (Profilaxia Pr\u00e9-Exposi\u00e7\u00e3o), bem como testes r\u00e1pidos para HIV, s\u00edfilis e hepatites.<\/p>\n\n\n\n<p>A coordenadora de Vigil\u00e2ncia em Sa\u00fade, Marisa Zanatta, destacou a import\u00e2ncia da mobiliza\u00e7\u00e3o da comunidade. \u201cQuanto antes tivermos o diagn\u00f3stico, mais eficaz ser\u00e1 o tratamento. Todas as unidades de sa\u00fade est\u00e3o preparadas para realizar os testes r\u00e1pidos, e na sexta-feira, dia 29, a a\u00e7\u00e3o ser\u00e1 ampliada, por livre demanda, na Pra\u00e7a Tochetto e nas unidades de sa\u00fade. Al\u00e9m disso, trabalharemos com orienta\u00e7\u00f5es sobre preven\u00e7\u00e3o e acesso \u00e0 informa\u00e7\u00e3o\u201d, explica.<\/p>\n\n\n\n<p>A transmiss\u00e3o do HIV ocorre principalmente em rela\u00e7\u00f5es sexuais desprotegidas, mas tamb\u00e9m pode acontecer pelo compartilhamento de seringas, materiais perfurocortantes contaminados e pela transmiss\u00e3o vertical, durante gravidez, parto ou amamenta\u00e7\u00e3o. No entanto, evid\u00eancias cient\u00edficas mostram que pessoas com HIV em terapia antirretroviral e com carga viral indetect\u00e1vel h\u00e1 pelo menos seis meses t\u00eam risco negligenci\u00e1vel de transmitir o v\u00edrus.<\/p>\n\n\n\n<p>A a\u00e7\u00e3o integra a campanha Dezembro Vermelho, que busca conscientizar a popula\u00e7\u00e3o sobre as Infec\u00e7\u00f5es Sexualmente Transmiss\u00edveis (ISTs), com foco no HIV\/Aids. Institu\u00edda pela Lei n\u00ba 13.504\/2017, a campanha promove a\u00e7\u00f5es de preven\u00e7\u00e3o, assist\u00eancia e prote\u00e7\u00e3o dos direitos das pessoas que vivem com o v\u00edrus. Em Passo Fundo, as atividades ser\u00e3o intensificadas durante todo o m\u00eas de dezembro, com a oferta di\u00e1ria de testes r\u00e1pidos em todas as unidades de sa\u00fade, conforme o hor\u00e1rio de funcionamento.<\/p>\n\n\n\n<p>A coordenadora do Servi\u00e7o de Atendimento Especializado (SAE), Seila de Abreu, refor\u00e7ou que, al\u00e9m da camisinha, novas estrat\u00e9gias de preven\u00e7\u00e3o ao HIV est\u00e3o dispon\u00edveis no munic\u00edpio, como a PEP e a PrEP.<\/p>\n\n\n\n<p>A PEP, ou Profilaxia P\u00f3s-Exposi\u00e7\u00e3o, consiste no uso de medicamentos antirretrovirais ap\u00f3s uma poss\u00edvel exposi\u00e7\u00e3o ao v\u00edrus, como em casos de viol\u00eancia sexual, rela\u00e7\u00f5es sexuais desprotegidas ou acidentes com materiais perfurocortantes. \u201cEla deve ser iniciada em at\u00e9 72 horas ap\u00f3s a exposi\u00e7\u00e3o e tomada por 28 dias. Est\u00e1 dispon\u00edvel em todas as unidades de sa\u00fade, no SAE e no Hospital Municipal, que tem atendimento 24 horas\u201d, detalha Seila.<\/p>\n\n\n\n<p>J\u00e1 a PrEP, ou Profilaxia Pr\u00e9-Exposi\u00e7\u00e3o, \u00e9 voltada para pessoas que consideram ter alto risco de contrair o HIV, como aquelas com parceiros soropositivos. \u201c\u00c9 uma ferramenta preventiva que oferece mais alternativas de prote\u00e7\u00e3o\u201d, complementa.<\/p>\n\n\n\n<p><strong>Combate \u00e0 dengue \u00e9 prioridade no ver\u00e3o<br><\/strong>Com a proximidade do ver\u00e3o, a preocupa\u00e7\u00e3o com a dengue tamb\u00e9m aumenta. Marisa Zanatta lembra que o mosquito Aedes aegypti encontra no calor e na \u00e1gua parada condi\u00e7\u00f5es ideais para se reproduzir, o que pode levar a um aumento expressivo de casos. \u201cA dengue pode evoluir para quadros graves e levar \u00e0 morte. Por isso, \u00e9 fundamental que todos fa\u00e7am sua parte, eliminando poss\u00edveis criadouros, como \u00e1gua acumulada em vasos, pneus, garrafas e recipientes pequenos\u201d, alerta.<\/p>\n\n\n\n<p>O Dia D ser\u00e1 uma oportunidade de refor\u00e7ar a import\u00e2ncia da preven\u00e7\u00e3o tanto para as ISTs quanto para a dengue, mobilizando a popula\u00e7\u00e3o e promovendo a\u00e7\u00f5es que impactam diretamente na sa\u00fade coletiva.<\/p>\n","protected":false},"excerpt":{"rendered":"<p>A Prefeitura de Passo Fundo, por meio da secretaria de Sa\u00fade, realiza nesta sexta-feira (29), o Dia D de Conscientiza\u00e7\u00e3o sobre o HIV\/Aids e de combate ao mosquito da dengue. A a\u00e7\u00e3o [&hellip;]<\/p>\n","protected":false},"author":24,"featured_media":4221,"comment_status":"closed","ping_status":"closed","sticky":false,"template":"","format":"standard","meta":{"footnotes":""},"categories":[1],"tags":[],"class_list":["post-4219","post","type-post","status-publish","format-standard","has-post-thumbnail","hentry","category-sem-categoria"],"yoast_head":"<!-- This site is optimized with the Yoast SEO plugin v23.8 - https:\/\/yoast.com\/wordpress\/plugins\/seo\/ -->\n<title>Prefeitura promove a\u00e7\u00f5es de conscientiza\u00e7\u00e3o sobre HIV\/Aids e combate \u00e0 dengue - Secretaria de Sa\u00fade<\/title>\n<meta name=\"robots\" content=\"index, follow, max-snippet:-1, max-image-preview:large, max-video-preview:-1\" \/>\n<link rel=\"canonical\" href=\"https:\/\/www.pmpf.rs.gov.br\/secretaria-de-saude\/2024\/11\/29\/prefeitura-promove-acoes-de-conscientizacao-sobre-hiv-aids-e-combate-a-dengue\/\" \/>\n<meta property=\"og:locale\" content=\"pt_BR\" \/>\n<meta property=\"og:type\" content=\"article\" \/>\n<meta property=\"og:title\" content=\"Prefeitura promove a\u00e7\u00f5es de conscientiza\u00e7\u00e3o sobre HIV\/Aids e combate \u00e0 dengue - Secretaria de Sa\u00fade\" \/>\n<meta property=\"og:description\" content=\"A Prefeitura de Passo Fundo, por meio da secretaria de Sa\u00fade, realiza nesta sexta-feira (29), o Dia D de Conscientiza\u00e7\u00e3o sobre o HIV\/Aids e de combate ao mosquito da dengue. A a\u00e7\u00e3o [&hellip;]\" \/>\n<meta property=\"og:url\" content=\"https:\/\/www.pmpf.rs.gov.br\/secretaria-de-saude\/2024\/11\/29\/prefeitura-promove-acoes-de-conscientizacao-sobre-hiv-aids-e-combate-a-dengue\/\" \/>\n<meta property=\"og:site_name\" content=\"Secretaria de Sa\u00fade\" \/>\n<meta property=\"article:published_time\" content=\"2024-11-29T12:57:25+00:00\" \/>\n<meta property=\"article:modified_time\" content=\"2024-11-29T13:09:25+00:00\" \/>\n<meta name=\"author\" content=\"lilicrivello\" \/>\n<meta name=\"twitter:card\" content=\"summary_large_image\" \/>\n<meta name=\"twitter:label1\" content=\"Escrito por\" \/>\n\t<meta name=\"twitter:data1\" content=\"lilicrivello\" \/>\n\t<meta name=\"twitter:label2\" content=\"Est. tempo de leitura\" \/>\n\t<meta name=\"twitter:data2\" content=\"3 minutos\" \/>\n<script type=\"application\/ld+json\" class=\"yoast-schema-graph\">{\"@context\":\"https:\/\/schema.org\",\"@graph\":[{\"@type\":\"WebPage\",\"@id\":\"https:\/\/www.pmpf.rs.gov.br\/secretaria-de-saude\/2024\/11\/29\/prefeitura-promove-acoes-de-conscientizacao-sobre-hiv-aids-e-combate-a-dengue\/\",\"url\":\"https:\/\/www.pmpf.rs.gov.br\/secretaria-de-saude\/2024\/11\/29\/prefeitura-promove-acoes-de-conscientizacao-sobre-hiv-aids-e-combate-a-dengue\/\",\"name\":\"Prefeitura promove a\u00e7\u00f5es de conscientiza\u00e7\u00e3o sobre HIV\/Aids e combate \u00e0 dengue - Secretaria de Sa\u00fade\",\"isPartOf\":{\"@id\":\"https:\/\/www.pmpf.rs.gov.br\/secretaria-de-saude\/#website\"},\"primaryImageOfPage\":{\"@id\":\"https:\/\/www.pmpf.rs.gov.br\/secretaria-de-saude\/2024\/11\/29\/prefeitura-promove-acoes-de-conscientizacao-sobre-hiv-aids-e-combate-a-dengue\/#primaryimage\"},\"image\":{\"@id\":\"https:\/\/www.pmpf.rs.gov.br\/secretaria-de-saude\/2024\/11\/29\/prefeitura-promove-acoes-de-conscientizacao-sobre-hiv-aids-e-combate-a-dengue\/#primaryimage\"},\"thumbnailUrl\":\"https:\/\/www.pmpf.rs.gov.br\/secretaria-de-saude\/wp-content\/uploads\/sites\/50\/2024\/11\/WhatsApp-Image-2024-11-29-at-10.05.16.jpeg\",\"datePublished\":\"2024-11-29T12:57:25+00:00\",\"dateModified\":\"2024-11-29T13:09:25+00:00\",\"author\":{\"@id\":\"https:\/\/www.pmpf.rs.gov.br\/secretaria-de-saude\/#\/schema\/person\/6e93b0ab2174b69f691ac4f278ba2d0a\"},\"breadcrumb\":{\"@id\":\"https:\/\/www.pmpf.rs.gov.br\/secretaria-de-saude\/2024\/11\/29\/prefeitura-promove-acoes-de-conscientizacao-sobre-hiv-aids-e-combate-a-dengue\/#breadcrumb\"},\"inLanguage\":\"pt-BR\",\"potentialAction\":[{\"@type\":\"ReadAction\",\"target\":[\"https:\/\/www.pmpf.rs.gov.br\/secretaria-de-saude\/2024\/11\/29\/prefeitura-promove-acoes-de-conscientizacao-sobre-hiv-aids-e-combate-a-dengue\/\"]}]},{\"@type\":\"ImageObject\",\"inLanguage\":\"pt-BR\",\"@id\":\"https:\/\/www.pmpf.rs.gov.br\/secretaria-de-saude\/2024\/11\/29\/prefeitura-promove-acoes-de-conscientizacao-sobre-hiv-aids-e-combate-a-dengue\/#primaryimage\",\"url\":\"https:\/\/www.pmpf.rs.gov.br\/secretaria-de-saude\/wp-content\/uploads\/sites\/50\/2024\/11\/WhatsApp-Image-2024-11-29-at-10.05.16.jpeg\",\"contentUrl\":\"https:\/\/www.pmpf.rs.gov.br\/secretaria-de-saude\/wp-content\/uploads\/sites\/50\/2024\/11\/WhatsApp-Image-2024-11-29-at-10.05.16.jpeg\",\"width\":1280,\"height\":960},{\"@type\":\"BreadcrumbList\",\"@id\":\"https:\/\/www.pmpf.rs.gov.br\/secretaria-de-saude\/2024\/11\/29\/prefeitura-promove-acoes-de-conscientizacao-sobre-hiv-aids-e-combate-a-dengue\/#breadcrumb\",\"itemListElement\":[{\"@type\":\"ListItem\",\"position\":1,\"name\":\"In\u00edcio\",\"item\":\"https:\/\/www.pmpf.rs.gov.br\/secretaria-de-saude\/\"},{\"@type\":\"ListItem\",\"position\":2,\"name\":\"Prefeitura promove a\u00e7\u00f5es de conscientiza\u00e7\u00e3o sobre HIV\/Aids e combate \u00e0 dengue\"}]},{\"@type\":\"WebSite\",\"@id\":\"https:\/\/www.pmpf.rs.gov.br\/secretaria-de-saude\/#website\",\"url\":\"https:\/\/www.pmpf.rs.gov.br\/secretaria-de-saude\/\",\"name\":\"Secretaria de Sa\u00fade\",\"description\":\"S\u00f3 mais um site Prefeitura de Passo Fundo\",\"potentialAction\":[{\"@type\":\"SearchAction\",\"target\":{\"@type\":\"EntryPoint\",\"urlTemplate\":\"https:\/\/www.pmpf.rs.gov.br\/secretaria-de-saude\/?s={search_term_string}\"},\"query-input\":{\"@type\":\"PropertyValueSpecification\",\"valueRequired\":true,\"valueName\":\"search_term_string\"}}],\"inLanguage\":\"pt-BR\"},{\"@type\":\"Person\",\"@id\":\"https:\/\/www.pmpf.rs.gov.br\/secretaria-de-saude\/#\/schema\/person\/6e93b0ab2174b69f691ac4f278ba2d0a\",\"name\":\"lilicrivello\",\"image\":{\"@type\":\"ImageObject\",\"inLanguage\":\"pt-BR\",\"@id\":\"https:\/\/www.pmpf.rs.gov.br\/secretaria-de-saude\/#\/schema\/person\/image\/\",\"url\":\"https:\/\/secure.gravatar.com\/avatar\/0b546b667388f8edb7b67d70a57b5e46?s=96&d=mm&r=g\",\"contentUrl\":\"https:\/\/secure.gravatar.com\/avatar\/0b546b667388f8edb7b67d70a57b5e46?s=96&d=mm&r=g\",\"caption\":\"lilicrivello\"},\"url\":\"https:\/\/www.pmpf.rs.gov.br\/secretaria-de-saude\/author\/lilicrivello\/\"}]}<\/script>\n<!-- \/ Yoast SEO plugin. -->","yoast_head_json":{"title":"Prefeitura promove a\u00e7\u00f5es de conscientiza\u00e7\u00e3o sobre HIV\/Aids e combate \u00e0 dengue - Secretaria de Sa\u00fade","robots":{"index":"index","follow":"follow","max-snippet":"max-snippet:-1","max-image-preview":"max-image-preview:large","max-video-preview":"max-video-preview:-1"},"canonical":"https:\/\/www.pmpf.rs.gov.br\/secretaria-de-saude\/2024\/11\/29\/prefeitura-promove-acoes-de-conscientizacao-sobre-hiv-aids-e-combate-a-dengue\/","og_locale":"pt_BR","og_type":"article","og_title":"Prefeitura promove a\u00e7\u00f5es de conscientiza\u00e7\u00e3o sobre HIV\/Aids e combate \u00e0 dengue - Secretaria de Sa\u00fade","og_description":"A Prefeitura de Passo Fundo, por meio da secretaria de Sa\u00fade, realiza nesta sexta-feira (29), o Dia D de Conscientiza\u00e7\u00e3o sobre o HIV\/Aids e de combate ao mosquito da dengue. A a\u00e7\u00e3o [&hellip;]","og_url":"https:\/\/www.pmpf.rs.gov.br\/secretaria-de-saude\/2024\/11\/29\/prefeitura-promove-acoes-de-conscientizacao-sobre-hiv-aids-e-combate-a-dengue\/","og_site_name":"Secretaria de Sa\u00fade","article_published_time":"2024-11-29T12:57:25+00:00","article_modified_time":"2024-11-29T13:09:25+00:00","author":"lilicrivello","twitter_card":"summary_large_image","twitter_misc":{"Escrito por":"lilicrivello","Est. tempo de leitura":"3 minutos"},"schema":{"@context":"https:\/\/schema.org","@graph":[{"@type":"WebPage","@id":"https:\/\/www.pmpf.rs.gov.br\/secretaria-de-saude\/2024\/11\/29\/prefeitura-promove-acoes-de-conscientizacao-sobre-hiv-aids-e-combate-a-dengue\/","url":"https:\/\/www.pmpf.rs.gov.br\/secretaria-de-saude\/2024\/11\/29\/prefeitura-promove-acoes-de-conscientizacao-sobre-hiv-aids-e-combate-a-dengue\/","name":"Prefeitura promove a\u00e7\u00f5es de conscientiza\u00e7\u00e3o sobre HIV\/Aids e combate \u00e0 dengue - Secretaria de Sa\u00fade","isPartOf":{"@id":"https:\/\/www.pmpf.rs.gov.br\/secretaria-de-saude\/#website"},"primaryImageOfPage":{"@id":"https:\/\/www.pmpf.rs.gov.br\/secretaria-de-saude\/2024\/11\/29\/prefeitura-promove-acoes-de-conscientizacao-sobre-hiv-aids-e-combate-a-dengue\/#primaryimage"},"image":{"@id":"https:\/\/www.pmpf.rs.gov.br\/secretaria-de-saude\/2024\/11\/29\/prefeitura-promove-acoes-de-conscientizacao-sobre-hiv-aids-e-combate-a-dengue\/#primaryimage"},"thumbnailUrl":"https:\/\/www.pmpf.rs.gov.br\/secretaria-de-saude\/wp-content\/uploads\/sites\/50\/2024\/11\/WhatsApp-Image-2024-11-29-at-10.05.16.jpeg","datePublished":"2024-11-29T12:57:25+00:00","dateModified":"2024-11-29T13:09:25+00:00","author":{"@id":"https:\/\/www.pmpf.rs.gov.br\/secretaria-de-saude\/#\/schema\/person\/6e93b0ab2174b69f691ac4f278ba2d0a"},"breadcrumb":{"@id":"https:\/\/www.pmpf.rs.gov.br\/secretaria-de-saude\/2024\/11\/29\/prefeitura-promove-acoes-de-conscientizacao-sobre-hiv-aids-e-combate-a-dengue\/#breadcrumb"},"inLanguage":"pt-BR","potentialAction":[{"@type":"ReadAction","target":["https:\/\/www.pmpf.rs.gov.br\/secretaria-de-saude\/2024\/11\/29\/prefeitura-promove-acoes-de-conscientizacao-sobre-hiv-aids-e-combate-a-dengue\/"]}]},{"@type":"ImageObject","inLanguage":"pt-BR","@id":"https:\/\/www.pmpf.rs.gov.br\/secretaria-de-saude\/2024\/11\/29\/prefeitura-promove-acoes-de-conscientizacao-sobre-hiv-aids-e-combate-a-dengue\/#primaryimage","url":"https:\/\/www.pmpf.rs.gov.br\/secretaria-de-saude\/wp-content\/uploads\/sites\/50\/2024\/11\/WhatsApp-Image-2024-11-29-at-10.05.16.jpeg","contentUrl":"https:\/\/www.pmpf.rs.gov.br\/secretaria-de-saude\/wp-content\/uploads\/sites\/50\/2024\/11\/WhatsApp-Image-2024-11-29-at-10.05.16.jpeg","width":1280,"height":960},{"@type":"BreadcrumbList","@id":"https:\/\/www.pmpf.rs.gov.br\/secretaria-de-saude\/2024\/11\/29\/prefeitura-promove-acoes-de-conscientizacao-sobre-hiv-aids-e-combate-a-dengue\/#breadcrumb","itemListElement":[{"@type":"ListItem","position":1,"name":"In\u00edcio","item":"https:\/\/www.pmpf.rs.gov.br\/secretaria-de-saude\/"},{"@type":"ListItem","position":2,"name":"Prefeitura promove a\u00e7\u00f5es de conscientiza\u00e7\u00e3o sobre HIV\/Aids e combate \u00e0 dengue"}]},{"@type":"WebSite","@id":"https:\/\/www.pmpf.rs.gov.br\/secretaria-de-saude\/#website","url":"https:\/\/www.pmpf.rs.gov.br\/secretaria-de-saude\/","name":"Secretaria de Sa\u00fade","description":"S\u00f3 mais um site Prefeitura de Passo Fundo","potentialAction":[{"@type":"SearchAction","target":{"@type":"EntryPoint","urlTemplate":"https:\/\/www.pmpf.rs.gov.br\/secretaria-de-saude\/?s={search_term_string}"},"query-input":{"@type":"PropertyValueSpecification","valueRequired":true,"valueName":"search_term_string"}}],"inLanguage":"pt-BR"},{"@type":"Person","@id":"https:\/\/www.pmpf.rs.gov.br\/secretaria-de-saude\/#\/schema\/person\/6e93b0ab2174b69f691ac4f278ba2d0a","name":"lilicrivello","image":{"@type":"ImageObject","inLanguage":"pt-BR","@id":"https:\/\/www.pmpf.rs.gov.br\/secretaria-de-saude\/#\/schema\/person\/image\/","url":"https:\/\/secure.gravatar.com\/avatar\/0b546b667388f8edb7b67d70a57b5e46?s=96&d=mm&r=g","contentUrl":"https:\/\/secure.gravatar.com\/avatar\/0b546b667388f8edb7b67d70a57b5e46?s=96&d=mm&r=g","caption":"lilicrivello"},"url":"https:\/\/www.pmpf.rs.gov.br\/secretaria-de-saude\/author\/lilicrivello\/"}]}},"_links":{"self":[{"href":"https:\/\/www.pmpf.rs.gov.br\/secretaria-de-saude\/wp-json\/wp\/v2\/posts\/4219"}],"collection":[{"href":"https:\/\/www.pmpf.rs.gov.br\/secretaria-de-saude\/wp-json\/wp\/v2\/posts"}],"about":[{"href":"https:\/\/www.pmpf.rs.gov.br\/secretaria-de-saude\/wp-json\/wp\/v2\/types\/post"}],"author":[{"embeddable":true,"href":"https:\/\/www.pmpf.rs.gov.br\/secretaria-de-saude\/wp-json\/wp\/v2\/users\/24"}],"replies":[{"embeddable":true,"href":"https:\/\/www.pmpf.rs.gov.br\/secretaria-de-saude\/wp-json\/wp\/v2\/comments?post=4219"}],"version-history":[{"count":1,"href":"https:\/\/www.pmpf.rs.gov.br\/secretaria-de-saude\/wp-json\/wp\/v2\/posts\/4219\/revisions"}],"predecessor-version":[{"id":4220,"href":"https:\/\/www.pmpf.rs.gov.br\/secretaria-de-saude\/wp-json\/wp\/v2\/posts\/4219\/revisions\/4220"}],"wp:featuredmedia":[{"embeddable":true,"href":"https:\/\/www.pmpf.rs.gov.br\/secretaria-de-saude\/wp-json\/wp\/v2\/media\/4221"}],"wp:attachment":[{"href":"https:\/\/www.pmpf.rs.gov.br\/secretaria-de-saude\/wp-json\/wp\/v2\/media?parent=4219"}],"wp:term":[{"taxonomy":"category","embeddable":true,"href":"https:\/\/www.pmpf.rs.gov.br\/secretaria-de-saude\/wp-json\/wp\/v2\/categories?post=4219"},{"taxonomy":"post_tag","embeddable":true,"href":"https:\/\/www.pmpf.rs.gov.br\/secretaria-de-saude\/wp-json\/wp\/v2\/tags?post=4219"}],"curies":[{"name":"wp","href":"https:\/\/api.w.org\/{rel}","templated":true}]}}