{"id":4205,"date":"2024-11-08T15:48:07","date_gmt":"2024-11-08T18:48:07","guid":{"rendered":"https:\/\/www.pmpf.rs.gov.br\/secretaria-de-saude\/?p=4205"},"modified":"2024-11-08T15:48:09","modified_gmt":"2024-11-08T18:48:09","slug":"prefeitura-promove-dia-d-do-novembro-azul-neste-sabado","status":"publish","type":"post","link":"https:\/\/www.pmpf.rs.gov.br\/secretaria-de-saude\/2024\/11\/08\/prefeitura-promove-dia-d-do-novembro-azul-neste-sabado\/","title":{"rendered":"Prefeitura promove Dia D do Novembro Azul neste s\u00e1bado"},"content":{"rendered":"\n<p><\/p>\n\n\n\n<p>A Prefeitura de Passo Fundo realiza, neste s\u00e1bado (9), o Dia D da campanha Novembro Azul, dedicado \u00e0 conscientiza\u00e7\u00e3o sobre a sa\u00fade masculina e \u00e0 preven\u00e7\u00e3o e detec\u00e7\u00e3o precoce do c\u00e2ncer de pr\u00f3stata. Todas as Unidades de Sa\u00fade do munic\u00edpio estar\u00e3o abertas para receber os homens interessados em realizar exames e receber orienta\u00e7\u00f5es de sa\u00fade, das 8h \u00e0s 12h e das 13h \u00e0s 17h.<\/p>\n\n\n\n<p>Durante todo o m\u00eas, a Secretaria de Sa\u00fade tem promovido a\u00e7\u00f5es educativas e preventivas, mas este s\u00e1bado marca o ponto alto da campanha. O objetivo \u00e9 refor\u00e7ar a import\u00e2ncia do diagn\u00f3stico precoce e incentivar a busca por atendimento m\u00e9dico regular.<\/p>\n\n\n\n<p>A Secret\u00e1ria de Sa\u00fade, Cristine Pilati, destaca a relev\u00e2ncia do evento: \u201cAmanh\u00e3 \u00e9 uma grande oportunidade para que os homens priorizem sua sa\u00fade, aproveitando os servi\u00e7os e exames oferecidos em nossas unidades. Queremos que eles quebrem barreiras e entendam que a preven\u00e7\u00e3o \u00e9 o melhor caminho para garantir qualidade de vida e um tratamento eficaz em caso de diagn\u00f3stico precoce\u201d, afirmou.<\/p>\n\n\n\n<p>A campanha Novembro Azul busca conscientizar e facilitar o acesso \u00e0 sa\u00fade masculina, promovendo a import\u00e2ncia do autocuidado e de uma rotina de acompanhamento m\u00e9dico regular.<\/p>\n","protected":false},"excerpt":{"rendered":"<p>A Prefeitura de Passo Fundo realiza, neste s\u00e1bado (9), o Dia D da campanha Novembro Azul, dedicado \u00e0 conscientiza\u00e7\u00e3o sobre a sa\u00fade masculina e \u00e0 preven\u00e7\u00e3o e detec\u00e7\u00e3o precoce do c\u00e2ncer de [&hellip;]<\/p>\n","protected":false},"author":24,"featured_media":0,"comment_status":"closed","ping_status":"closed","sticky":false,"template":"","format":"standard","meta":{"footnotes":""},"categories":[1],"tags":[],"class_list":["post-4205","post","type-post","status-publish","format-standard","hentry","category-sem-categoria"],"yoast_head":"<!-- This site is optimized with the Yoast SEO plugin v23.8 - https:\/\/yoast.com\/wordpress\/plugins\/seo\/ -->\n<title>Prefeitura promove Dia D do Novembro Azul neste s\u00e1bado - Secretaria de Sa\u00fade<\/title>\n<meta name=\"robots\" content=\"index, follow, max-snippet:-1, max-image-preview:large, max-video-preview:-1\" \/>\n<link rel=\"canonical\" href=\"https:\/\/www.pmpf.rs.gov.br\/secretaria-de-saude\/2024\/11\/08\/prefeitura-promove-dia-d-do-novembro-azul-neste-sabado\/\" \/>\n<meta property=\"og:locale\" content=\"pt_BR\" \/>\n<meta property=\"og:type\" content=\"article\" \/>\n<meta property=\"og:title\" content=\"Prefeitura promove Dia D do Novembro Azul neste s\u00e1bado - Secretaria de Sa\u00fade\" \/>\n<meta property=\"og:description\" content=\"A Prefeitura de Passo Fundo realiza, neste s\u00e1bado (9), o Dia D da campanha Novembro Azul, dedicado \u00e0 conscientiza\u00e7\u00e3o sobre a sa\u00fade masculina e \u00e0 preven\u00e7\u00e3o e detec\u00e7\u00e3o precoce do c\u00e2ncer de [&hellip;]\" \/>\n<meta property=\"og:url\" content=\"https:\/\/www.pmpf.rs.gov.br\/secretaria-de-saude\/2024\/11\/08\/prefeitura-promove-dia-d-do-novembro-azul-neste-sabado\/\" \/>\n<meta property=\"og:site_name\" content=\"Secretaria de Sa\u00fade\" \/>\n<meta property=\"article:published_time\" content=\"2024-11-08T18:48:07+00:00\" \/>\n<meta property=\"article:modified_time\" content=\"2024-11-08T18:48:09+00:00\" \/>\n<meta name=\"author\" content=\"lilicrivello\" \/>\n<meta name=\"twitter:card\" content=\"summary_large_image\" \/>\n<meta name=\"twitter:label1\" content=\"Escrito por\" \/>\n\t<meta name=\"twitter:data1\" content=\"lilicrivello\" \/>\n\t<meta name=\"twitter:label2\" content=\"Est. tempo de leitura\" \/>\n\t<meta name=\"twitter:data2\" content=\"1 minuto\" \/>\n<script type=\"application\/ld+json\" class=\"yoast-schema-graph\">{\"@context\":\"https:\/\/schema.org\",\"@graph\":[{\"@type\":\"WebPage\",\"@id\":\"https:\/\/www.pmpf.rs.gov.br\/secretaria-de-saude\/2024\/11\/08\/prefeitura-promove-dia-d-do-novembro-azul-neste-sabado\/\",\"url\":\"https:\/\/www.pmpf.rs.gov.br\/secretaria-de-saude\/2024\/11\/08\/prefeitura-promove-dia-d-do-novembro-azul-neste-sabado\/\",\"name\":\"Prefeitura promove Dia D do Novembro Azul neste s\u00e1bado - Secretaria de Sa\u00fade\",\"isPartOf\":{\"@id\":\"https:\/\/www.pmpf.rs.gov.br\/secretaria-de-saude\/#website\"},\"datePublished\":\"2024-11-08T18:48:07+00:00\",\"dateModified\":\"2024-11-08T18:48:09+00:00\",\"author\":{\"@id\":\"https:\/\/www.pmpf.rs.gov.br\/secretaria-de-saude\/#\/schema\/person\/6e93b0ab2174b69f691ac4f278ba2d0a\"},\"breadcrumb\":{\"@id\":\"https:\/\/www.pmpf.rs.gov.br\/secretaria-de-saude\/2024\/11\/08\/prefeitura-promove-dia-d-do-novembro-azul-neste-sabado\/#breadcrumb\"},\"inLanguage\":\"pt-BR\",\"potentialAction\":[{\"@type\":\"ReadAction\",\"target\":[\"https:\/\/www.pmpf.rs.gov.br\/secretaria-de-saude\/2024\/11\/08\/prefeitura-promove-dia-d-do-novembro-azul-neste-sabado\/\"]}]},{\"@type\":\"BreadcrumbList\",\"@id\":\"https:\/\/www.pmpf.rs.gov.br\/secretaria-de-saude\/2024\/11\/08\/prefeitura-promove-dia-d-do-novembro-azul-neste-sabado\/#breadcrumb\",\"itemListElement\":[{\"@type\":\"ListItem\",\"position\":1,\"name\":\"In\u00edcio\",\"item\":\"https:\/\/www.pmpf.rs.gov.br\/secretaria-de-saude\/\"},{\"@type\":\"ListItem\",\"position\":2,\"name\":\"Prefeitura promove Dia D do Novembro Azul neste s\u00e1bado\"}]},{\"@type\":\"WebSite\",\"@id\":\"https:\/\/www.pmpf.rs.gov.br\/secretaria-de-saude\/#website\",\"url\":\"https:\/\/www.pmpf.rs.gov.br\/secretaria-de-saude\/\",\"name\":\"Secretaria de Sa\u00fade\",\"description\":\"S\u00f3 mais um site Prefeitura de Passo Fundo\",\"potentialAction\":[{\"@type\":\"SearchAction\",\"target\":{\"@type\":\"EntryPoint\",\"urlTemplate\":\"https:\/\/www.pmpf.rs.gov.br\/secretaria-de-saude\/?s={search_term_string}\"},\"query-input\":{\"@type\":\"PropertyValueSpecification\",\"valueRequired\":true,\"valueName\":\"search_term_string\"}}],\"inLanguage\":\"pt-BR\"},{\"@type\":\"Person\",\"@id\":\"https:\/\/www.pmpf.rs.gov.br\/secretaria-de-saude\/#\/schema\/person\/6e93b0ab2174b69f691ac4f278ba2d0a\",\"name\":\"lilicrivello\",\"image\":{\"@type\":\"ImageObject\",\"inLanguage\":\"pt-BR\",\"@id\":\"https:\/\/www.pmpf.rs.gov.br\/secretaria-de-saude\/#\/schema\/person\/image\/\",\"url\":\"https:\/\/secure.gravatar.com\/avatar\/0b546b667388f8edb7b67d70a57b5e46?s=96&d=mm&r=g\",\"contentUrl\":\"https:\/\/secure.gravatar.com\/avatar\/0b546b667388f8edb7b67d70a57b5e46?s=96&d=mm&r=g\",\"caption\":\"lilicrivello\"},\"url\":\"https:\/\/www.pmpf.rs.gov.br\/secretaria-de-saude\/author\/lilicrivello\/\"}]}<\/script>\n<!-- \/ Yoast SEO plugin. -->","yoast_head_json":{"title":"Prefeitura promove Dia D do Novembro Azul neste s\u00e1bado - Secretaria de Sa\u00fade","robots":{"index":"index","follow":"follow","max-snippet":"max-snippet:-1","max-image-preview":"max-image-preview:large","max-video-preview":"max-video-preview:-1"},"canonical":"https:\/\/www.pmpf.rs.gov.br\/secretaria-de-saude\/2024\/11\/08\/prefeitura-promove-dia-d-do-novembro-azul-neste-sabado\/","og_locale":"pt_BR","og_type":"article","og_title":"Prefeitura promove Dia D do Novembro Azul neste s\u00e1bado - Secretaria de Sa\u00fade","og_description":"A Prefeitura de Passo Fundo realiza, neste s\u00e1bado (9), o Dia D da campanha Novembro Azul, dedicado \u00e0 conscientiza\u00e7\u00e3o sobre a sa\u00fade masculina e \u00e0 preven\u00e7\u00e3o e detec\u00e7\u00e3o precoce do c\u00e2ncer de [&hellip;]","og_url":"https:\/\/www.pmpf.rs.gov.br\/secretaria-de-saude\/2024\/11\/08\/prefeitura-promove-dia-d-do-novembro-azul-neste-sabado\/","og_site_name":"Secretaria de Sa\u00fade","article_published_time":"2024-11-08T18:48:07+00:00","article_modified_time":"2024-11-08T18:48:09+00:00","author":"lilicrivello","twitter_card":"summary_large_image","twitter_misc":{"Escrito por":"lilicrivello","Est. tempo de leitura":"1 minuto"},"schema":{"@context":"https:\/\/schema.org","@graph":[{"@type":"WebPage","@id":"https:\/\/www.pmpf.rs.gov.br\/secretaria-de-saude\/2024\/11\/08\/prefeitura-promove-dia-d-do-novembro-azul-neste-sabado\/","url":"https:\/\/www.pmpf.rs.gov.br\/secretaria-de-saude\/2024\/11\/08\/prefeitura-promove-dia-d-do-novembro-azul-neste-sabado\/","name":"Prefeitura promove Dia D do Novembro Azul neste s\u00e1bado - Secretaria de Sa\u00fade","isPartOf":{"@id":"https:\/\/www.pmpf.rs.gov.br\/secretaria-de-saude\/#website"},"datePublished":"2024-11-08T18:48:07+00:00","dateModified":"2024-11-08T18:48:09+00:00","author":{"@id":"https:\/\/www.pmpf.rs.gov.br\/secretaria-de-saude\/#\/schema\/person\/6e93b0ab2174b69f691ac4f278ba2d0a"},"breadcrumb":{"@id":"https:\/\/www.pmpf.rs.gov.br\/secretaria-de-saude\/2024\/11\/08\/prefeitura-promove-dia-d-do-novembro-azul-neste-sabado\/#breadcrumb"},"inLanguage":"pt-BR","potentialAction":[{"@type":"ReadAction","target":["https:\/\/www.pmpf.rs.gov.br\/secretaria-de-saude\/2024\/11\/08\/prefeitura-promove-dia-d-do-novembro-azul-neste-sabado\/"]}]},{"@type":"BreadcrumbList","@id":"https:\/\/www.pmpf.rs.gov.br\/secretaria-de-saude\/2024\/11\/08\/prefeitura-promove-dia-d-do-novembro-azul-neste-sabado\/#breadcrumb","itemListElement":[{"@type":"ListItem","position":1,"name":"In\u00edcio","item":"https:\/\/www.pmpf.rs.gov.br\/secretaria-de-saude\/"},{"@type":"ListItem","position":2,"name":"Prefeitura promove Dia D do Novembro Azul neste s\u00e1bado"}]},{"@type":"WebSite","@id":"https:\/\/www.pmpf.rs.gov.br\/secretaria-de-saude\/#website","url":"https:\/\/www.pmpf.rs.gov.br\/secretaria-de-saude\/","name":"Secretaria de Sa\u00fade","description":"S\u00f3 mais um site Prefeitura de Passo Fundo","potentialAction":[{"@type":"SearchAction","target":{"@type":"EntryPoint","urlTemplate":"https:\/\/www.pmpf.rs.gov.br\/secretaria-de-saude\/?s={search_term_string}"},"query-input":{"@type":"PropertyValueSpecification","valueRequired":true,"valueName":"search_term_string"}}],"inLanguage":"pt-BR"},{"@type":"Person","@id":"https:\/\/www.pmpf.rs.gov.br\/secretaria-de-saude\/#\/schema\/person\/6e93b0ab2174b69f691ac4f278ba2d0a","name":"lilicrivello","image":{"@type":"ImageObject","inLanguage":"pt-BR","@id":"https:\/\/www.pmpf.rs.gov.br\/secretaria-de-saude\/#\/schema\/person\/image\/","url":"https:\/\/secure.gravatar.com\/avatar\/0b546b667388f8edb7b67d70a57b5e46?s=96&d=mm&r=g","contentUrl":"https:\/\/secure.gravatar.com\/avatar\/0b546b667388f8edb7b67d70a57b5e46?s=96&d=mm&r=g","caption":"lilicrivello"},"url":"https:\/\/www.pmpf.rs.gov.br\/secretaria-de-saude\/author\/lilicrivello\/"}]}},"_links":{"self":[{"href":"https:\/\/www.pmpf.rs.gov.br\/secretaria-de-saude\/wp-json\/wp\/v2\/posts\/4205"}],"collection":[{"href":"https:\/\/www.pmpf.rs.gov.br\/secretaria-de-saude\/wp-json\/wp\/v2\/posts"}],"about":[{"href":"https:\/\/www.pmpf.rs.gov.br\/secretaria-de-saude\/wp-json\/wp\/v2\/types\/post"}],"author":[{"embeddable":true,"href":"https:\/\/www.pmpf.rs.gov.br\/secretaria-de-saude\/wp-json\/wp\/v2\/users\/24"}],"replies":[{"embeddable":true,"href":"https:\/\/www.pmpf.rs.gov.br\/secretaria-de-saude\/wp-json\/wp\/v2\/comments?post=4205"}],"version-history":[{"count":1,"href":"https:\/\/www.pmpf.rs.gov.br\/secretaria-de-saude\/wp-json\/wp\/v2\/posts\/4205\/revisions"}],"predecessor-version":[{"id":4206,"href":"https:\/\/www.pmpf.rs.gov.br\/secretaria-de-saude\/wp-json\/wp\/v2\/posts\/4205\/revisions\/4206"}],"wp:attachment":[{"href":"https:\/\/www.pmpf.rs.gov.br\/secretaria-de-saude\/wp-json\/wp\/v2\/media?parent=4205"}],"wp:term":[{"taxonomy":"category","embeddable":true,"href":"https:\/\/www.pmpf.rs.gov.br\/secretaria-de-saude\/wp-json\/wp\/v2\/categories?post=4205"},{"taxonomy":"post_tag","embeddable":true,"href":"https:\/\/www.pmpf.rs.gov.br\/secretaria-de-saude\/wp-json\/wp\/v2\/tags?post=4205"}],"curies":[{"name":"wp","href":"https:\/\/api.w.org\/{rel}","templated":true}]}}