{"id":4043,"date":"2024-05-31T15:58:55","date_gmt":"2024-05-31T18:58:55","guid":{"rendered":"https:\/\/www.pmpf.rs.gov.br\/secretaria-de-saude\/?p=4043"},"modified":"2024-05-31T15:58:57","modified_gmt":"2024-05-31T18:58:57","slug":"estado-confirma-dois-obitos-por-dengue-em-passo-fundo","status":"publish","type":"post","link":"https:\/\/www.pmpf.rs.gov.br\/secretaria-de-saude\/2024\/05\/31\/estado-confirma-dois-obitos-por-dengue-em-passo-fundo\/","title":{"rendered":"Estado confirma dois \u00f3bitos por dengue em Passo Fundo"},"content":{"rendered":"\n<p>O Governo do Estado confirmou, por meio do laborat\u00f3rio central de an\u00e1lises, nesta sexta-feira (31), dois \u00f3bitos por dengue em Passo Fundo. As v\u00edtimas s\u00e3o duas idosas, de 62 e 86 anos. O munic\u00edpio registra, at\u00e9 o momento, 1.716 casos confirmados da doen\u00e7a e 698 em investiga\u00e7\u00e3o, apresentando uma incid\u00eancia de 1.264,2 casos prov\u00e1veis de dengue para cada 100 mil habitantes. A faixa et\u00e1ria com maior n\u00famero de casos confirmados est\u00e1 entre 40 e 49 anos.<\/p>\n\n\n\n<p>De acordo com a Secret\u00e1ria de Sa\u00fade, Cristine Pilati, os \u00f3bitos ocorreram no m\u00eas de maio. \u201c\u00c9 uma not\u00edcia preocupante, pois n\u00e3o hav\u00edamos registrado nenhuma fatalidade este ano. Queremos refor\u00e7ar com toda a popula\u00e7\u00e3o os cuidados necess\u00e1rios, especialmente aproveitando que este final de semana n\u00e3o ter\u00e1 chuva, para revisar os cuidados nos domic\u00edlios, principalmente em vasos de plantas, potinhos de \u00e1gua e recipientes para animais\u201d, esclareceu a secret\u00e1ria.<\/p>\n\n\n\n<p>A Prefeitura tem desempenhado um papel crucial na identifica\u00e7\u00e3o e conten\u00e7\u00e3o dos focos do mosquito Aedes aegypti, respons\u00e1vel pela transmiss\u00e3o da dengue no munic\u00edpio. Para tanto, foram colocados mais agentes de combate \u00e0s endemias, realizadas mais visitas domiciliares, verifica\u00e7\u00e3o dos im\u00f3veis e orienta\u00e7\u00e3o aos moradores.<\/p>\n\n\n\n<p>Foram realizadas pulveriza\u00e7\u00f5es com inseticida contra o mosquito Aedes aegypti no entorno das resid\u00eancias com casos confirmados, al\u00e9m de campanhas de conscientiza\u00e7\u00e3o sobre os cuidados que devem ser adotados pela comunidade. Al\u00e9m disso, notifica\u00e7\u00f5es e multas foram aplicadas aos propriet\u00e1rios de im\u00f3veis que n\u00e3o tomarem os cuidados necess\u00e1rios. A gest\u00e3o municipal tamb\u00e9m ampliou a limpeza urbana e o descarte correto com o programa Cidade Limpa e a disponibiliza\u00e7\u00e3o de cont\u00eaineres m\u00f3veis nos bairros.<\/p>\n\n\n\n<p>A situa\u00e7\u00e3o em Passo Fundo exige a colabora\u00e7\u00e3o de todos os moradores. A popula\u00e7\u00e3o deve fazer a sua parte, verificando e mantendo limpo o p\u00e1tio de suas resid\u00eancias, realizando o descarte correto de res\u00edduos, eliminando \u00e1gua parada e poss\u00edveis criadouros, evitando o uso de automedica\u00e7\u00e3o e, em caso de sintomas, procurando aux\u00edlio m\u00e9dico.<\/p>\n","protected":false},"excerpt":{"rendered":"<p>As v\u00edtimas s\u00e3o duas idosas de 62 e 86 anos<\/p>\n","protected":false},"author":24,"featured_media":4044,"comment_status":"closed","ping_status":"closed","sticky":false,"template":"","format":"standard","meta":{"footnotes":""},"categories":[1],"tags":[],"class_list":["post-4043","post","type-post","status-publish","format-standard","has-post-thumbnail","hentry","category-sem-categoria"],"yoast_head":"<!-- This site is optimized with the Yoast SEO plugin v23.8 - https:\/\/yoast.com\/wordpress\/plugins\/seo\/ -->\n<title>Estado confirma dois \u00f3bitos por dengue em Passo Fundo - Secretaria de Sa\u00fade<\/title>\n<meta name=\"robots\" content=\"index, follow, max-snippet:-1, max-image-preview:large, max-video-preview:-1\" \/>\n<link rel=\"canonical\" href=\"https:\/\/www.pmpf.rs.gov.br\/secretaria-de-saude\/2024\/05\/31\/estado-confirma-dois-obitos-por-dengue-em-passo-fundo\/\" \/>\n<meta property=\"og:locale\" content=\"pt_BR\" \/>\n<meta property=\"og:type\" content=\"article\" \/>\n<meta property=\"og:title\" content=\"Estado confirma dois \u00f3bitos por dengue em Passo Fundo - Secretaria de Sa\u00fade\" \/>\n<meta property=\"og:description\" content=\"As v\u00edtimas s\u00e3o duas idosas de 62 e 86 anos\" \/>\n<meta property=\"og:url\" content=\"https:\/\/www.pmpf.rs.gov.br\/secretaria-de-saude\/2024\/05\/31\/estado-confirma-dois-obitos-por-dengue-em-passo-fundo\/\" \/>\n<meta property=\"og:site_name\" content=\"Secretaria de Sa\u00fade\" \/>\n<meta property=\"article:published_time\" content=\"2024-05-31T18:58:55+00:00\" \/>\n<meta property=\"article:modified_time\" content=\"2024-05-31T18:58:57+00:00\" \/>\n<meta name=\"author\" content=\"lilicrivello\" \/>\n<meta name=\"twitter:card\" content=\"summary_large_image\" \/>\n<meta name=\"twitter:label1\" content=\"Escrito por\" \/>\n\t<meta name=\"twitter:data1\" content=\"lilicrivello\" \/>\n\t<meta name=\"twitter:label2\" content=\"Est. tempo de leitura\" \/>\n\t<meta name=\"twitter:data2\" content=\"2 minutos\" \/>\n<script type=\"application\/ld+json\" class=\"yoast-schema-graph\">{\"@context\":\"https:\/\/schema.org\",\"@graph\":[{\"@type\":\"WebPage\",\"@id\":\"https:\/\/www.pmpf.rs.gov.br\/secretaria-de-saude\/2024\/05\/31\/estado-confirma-dois-obitos-por-dengue-em-passo-fundo\/\",\"url\":\"https:\/\/www.pmpf.rs.gov.br\/secretaria-de-saude\/2024\/05\/31\/estado-confirma-dois-obitos-por-dengue-em-passo-fundo\/\",\"name\":\"Estado confirma dois \u00f3bitos por dengue em Passo Fundo - Secretaria de Sa\u00fade\",\"isPartOf\":{\"@id\":\"https:\/\/www.pmpf.rs.gov.br\/secretaria-de-saude\/#website\"},\"primaryImageOfPage\":{\"@id\":\"https:\/\/www.pmpf.rs.gov.br\/secretaria-de-saude\/2024\/05\/31\/estado-confirma-dois-obitos-por-dengue-em-passo-fundo\/#primaryimage\"},\"image\":{\"@id\":\"https:\/\/www.pmpf.rs.gov.br\/secretaria-de-saude\/2024\/05\/31\/estado-confirma-dois-obitos-por-dengue-em-passo-fundo\/#primaryimage\"},\"thumbnailUrl\":\"https:\/\/www.pmpf.rs.gov.br\/secretaria-de-saude\/wp-content\/uploads\/sites\/50\/2024\/05\/MSF05162-scaled.jpg\",\"datePublished\":\"2024-05-31T18:58:55+00:00\",\"dateModified\":\"2024-05-31T18:58:57+00:00\",\"author\":{\"@id\":\"https:\/\/www.pmpf.rs.gov.br\/secretaria-de-saude\/#\/schema\/person\/6e93b0ab2174b69f691ac4f278ba2d0a\"},\"breadcrumb\":{\"@id\":\"https:\/\/www.pmpf.rs.gov.br\/secretaria-de-saude\/2024\/05\/31\/estado-confirma-dois-obitos-por-dengue-em-passo-fundo\/#breadcrumb\"},\"inLanguage\":\"pt-BR\",\"potentialAction\":[{\"@type\":\"ReadAction\",\"target\":[\"https:\/\/www.pmpf.rs.gov.br\/secretaria-de-saude\/2024\/05\/31\/estado-confirma-dois-obitos-por-dengue-em-passo-fundo\/\"]}]},{\"@type\":\"ImageObject\",\"inLanguage\":\"pt-BR\",\"@id\":\"https:\/\/www.pmpf.rs.gov.br\/secretaria-de-saude\/2024\/05\/31\/estado-confirma-dois-obitos-por-dengue-em-passo-fundo\/#primaryimage\",\"url\":\"https:\/\/www.pmpf.rs.gov.br\/secretaria-de-saude\/wp-content\/uploads\/sites\/50\/2024\/05\/MSF05162-scaled.jpg\",\"contentUrl\":\"https:\/\/www.pmpf.rs.gov.br\/secretaria-de-saude\/wp-content\/uploads\/sites\/50\/2024\/05\/MSF05162-scaled.jpg\",\"width\":2560,\"height\":1707},{\"@type\":\"BreadcrumbList\",\"@id\":\"https:\/\/www.pmpf.rs.gov.br\/secretaria-de-saude\/2024\/05\/31\/estado-confirma-dois-obitos-por-dengue-em-passo-fundo\/#breadcrumb\",\"itemListElement\":[{\"@type\":\"ListItem\",\"position\":1,\"name\":\"In\u00edcio\",\"item\":\"https:\/\/www.pmpf.rs.gov.br\/secretaria-de-saude\/\"},{\"@type\":\"ListItem\",\"position\":2,\"name\":\"Estado confirma dois \u00f3bitos por dengue em Passo Fundo\"}]},{\"@type\":\"WebSite\",\"@id\":\"https:\/\/www.pmpf.rs.gov.br\/secretaria-de-saude\/#website\",\"url\":\"https:\/\/www.pmpf.rs.gov.br\/secretaria-de-saude\/\",\"name\":\"Secretaria de Sa\u00fade\",\"description\":\"S\u00f3 mais um site Prefeitura de Passo Fundo\",\"potentialAction\":[{\"@type\":\"SearchAction\",\"target\":{\"@type\":\"EntryPoint\",\"urlTemplate\":\"https:\/\/www.pmpf.rs.gov.br\/secretaria-de-saude\/?s={search_term_string}\"},\"query-input\":{\"@type\":\"PropertyValueSpecification\",\"valueRequired\":true,\"valueName\":\"search_term_string\"}}],\"inLanguage\":\"pt-BR\"},{\"@type\":\"Person\",\"@id\":\"https:\/\/www.pmpf.rs.gov.br\/secretaria-de-saude\/#\/schema\/person\/6e93b0ab2174b69f691ac4f278ba2d0a\",\"name\":\"lilicrivello\",\"image\":{\"@type\":\"ImageObject\",\"inLanguage\":\"pt-BR\",\"@id\":\"https:\/\/www.pmpf.rs.gov.br\/secretaria-de-saude\/#\/schema\/person\/image\/\",\"url\":\"https:\/\/secure.gravatar.com\/avatar\/0b546b667388f8edb7b67d70a57b5e46?s=96&d=mm&r=g\",\"contentUrl\":\"https:\/\/secure.gravatar.com\/avatar\/0b546b667388f8edb7b67d70a57b5e46?s=96&d=mm&r=g\",\"caption\":\"lilicrivello\"},\"url\":\"https:\/\/www.pmpf.rs.gov.br\/secretaria-de-saude\/author\/lilicrivello\/\"}]}<\/script>\n<!-- \/ Yoast SEO plugin. -->","yoast_head_json":{"title":"Estado confirma dois \u00f3bitos por dengue em Passo Fundo - Secretaria de Sa\u00fade","robots":{"index":"index","follow":"follow","max-snippet":"max-snippet:-1","max-image-preview":"max-image-preview:large","max-video-preview":"max-video-preview:-1"},"canonical":"https:\/\/www.pmpf.rs.gov.br\/secretaria-de-saude\/2024\/05\/31\/estado-confirma-dois-obitos-por-dengue-em-passo-fundo\/","og_locale":"pt_BR","og_type":"article","og_title":"Estado confirma dois \u00f3bitos por dengue em Passo Fundo - Secretaria de Sa\u00fade","og_description":"As v\u00edtimas s\u00e3o duas idosas de 62 e 86 anos","og_url":"https:\/\/www.pmpf.rs.gov.br\/secretaria-de-saude\/2024\/05\/31\/estado-confirma-dois-obitos-por-dengue-em-passo-fundo\/","og_site_name":"Secretaria de Sa\u00fade","article_published_time":"2024-05-31T18:58:55+00:00","article_modified_time":"2024-05-31T18:58:57+00:00","author":"lilicrivello","twitter_card":"summary_large_image","twitter_misc":{"Escrito por":"lilicrivello","Est. tempo de leitura":"2 minutos"},"schema":{"@context":"https:\/\/schema.org","@graph":[{"@type":"WebPage","@id":"https:\/\/www.pmpf.rs.gov.br\/secretaria-de-saude\/2024\/05\/31\/estado-confirma-dois-obitos-por-dengue-em-passo-fundo\/","url":"https:\/\/www.pmpf.rs.gov.br\/secretaria-de-saude\/2024\/05\/31\/estado-confirma-dois-obitos-por-dengue-em-passo-fundo\/","name":"Estado confirma dois \u00f3bitos por dengue em Passo Fundo - Secretaria de Sa\u00fade","isPartOf":{"@id":"https:\/\/www.pmpf.rs.gov.br\/secretaria-de-saude\/#website"},"primaryImageOfPage":{"@id":"https:\/\/www.pmpf.rs.gov.br\/secretaria-de-saude\/2024\/05\/31\/estado-confirma-dois-obitos-por-dengue-em-passo-fundo\/#primaryimage"},"image":{"@id":"https:\/\/www.pmpf.rs.gov.br\/secretaria-de-saude\/2024\/05\/31\/estado-confirma-dois-obitos-por-dengue-em-passo-fundo\/#primaryimage"},"thumbnailUrl":"https:\/\/www.pmpf.rs.gov.br\/secretaria-de-saude\/wp-content\/uploads\/sites\/50\/2024\/05\/MSF05162-scaled.jpg","datePublished":"2024-05-31T18:58:55+00:00","dateModified":"2024-05-31T18:58:57+00:00","author":{"@id":"https:\/\/www.pmpf.rs.gov.br\/secretaria-de-saude\/#\/schema\/person\/6e93b0ab2174b69f691ac4f278ba2d0a"},"breadcrumb":{"@id":"https:\/\/www.pmpf.rs.gov.br\/secretaria-de-saude\/2024\/05\/31\/estado-confirma-dois-obitos-por-dengue-em-passo-fundo\/#breadcrumb"},"inLanguage":"pt-BR","potentialAction":[{"@type":"ReadAction","target":["https:\/\/www.pmpf.rs.gov.br\/secretaria-de-saude\/2024\/05\/31\/estado-confirma-dois-obitos-por-dengue-em-passo-fundo\/"]}]},{"@type":"ImageObject","inLanguage":"pt-BR","@id":"https:\/\/www.pmpf.rs.gov.br\/secretaria-de-saude\/2024\/05\/31\/estado-confirma-dois-obitos-por-dengue-em-passo-fundo\/#primaryimage","url":"https:\/\/www.pmpf.rs.gov.br\/secretaria-de-saude\/wp-content\/uploads\/sites\/50\/2024\/05\/MSF05162-scaled.jpg","contentUrl":"https:\/\/www.pmpf.rs.gov.br\/secretaria-de-saude\/wp-content\/uploads\/sites\/50\/2024\/05\/MSF05162-scaled.jpg","width":2560,"height":1707},{"@type":"BreadcrumbList","@id":"https:\/\/www.pmpf.rs.gov.br\/secretaria-de-saude\/2024\/05\/31\/estado-confirma-dois-obitos-por-dengue-em-passo-fundo\/#breadcrumb","itemListElement":[{"@type":"ListItem","position":1,"name":"In\u00edcio","item":"https:\/\/www.pmpf.rs.gov.br\/secretaria-de-saude\/"},{"@type":"ListItem","position":2,"name":"Estado confirma dois \u00f3bitos por dengue em Passo Fundo"}]},{"@type":"WebSite","@id":"https:\/\/www.pmpf.rs.gov.br\/secretaria-de-saude\/#website","url":"https:\/\/www.pmpf.rs.gov.br\/secretaria-de-saude\/","name":"Secretaria de Sa\u00fade","description":"S\u00f3 mais um site Prefeitura de Passo Fundo","potentialAction":[{"@type":"SearchAction","target":{"@type":"EntryPoint","urlTemplate":"https:\/\/www.pmpf.rs.gov.br\/secretaria-de-saude\/?s={search_term_string}"},"query-input":{"@type":"PropertyValueSpecification","valueRequired":true,"valueName":"search_term_string"}}],"inLanguage":"pt-BR"},{"@type":"Person","@id":"https:\/\/www.pmpf.rs.gov.br\/secretaria-de-saude\/#\/schema\/person\/6e93b0ab2174b69f691ac4f278ba2d0a","name":"lilicrivello","image":{"@type":"ImageObject","inLanguage":"pt-BR","@id":"https:\/\/www.pmpf.rs.gov.br\/secretaria-de-saude\/#\/schema\/person\/image\/","url":"https:\/\/secure.gravatar.com\/avatar\/0b546b667388f8edb7b67d70a57b5e46?s=96&d=mm&r=g","contentUrl":"https:\/\/secure.gravatar.com\/avatar\/0b546b667388f8edb7b67d70a57b5e46?s=96&d=mm&r=g","caption":"lilicrivello"},"url":"https:\/\/www.pmpf.rs.gov.br\/secretaria-de-saude\/author\/lilicrivello\/"}]}},"_links":{"self":[{"href":"https:\/\/www.pmpf.rs.gov.br\/secretaria-de-saude\/wp-json\/wp\/v2\/posts\/4043"}],"collection":[{"href":"https:\/\/www.pmpf.rs.gov.br\/secretaria-de-saude\/wp-json\/wp\/v2\/posts"}],"about":[{"href":"https:\/\/www.pmpf.rs.gov.br\/secretaria-de-saude\/wp-json\/wp\/v2\/types\/post"}],"author":[{"embeddable":true,"href":"https:\/\/www.pmpf.rs.gov.br\/secretaria-de-saude\/wp-json\/wp\/v2\/users\/24"}],"replies":[{"embeddable":true,"href":"https:\/\/www.pmpf.rs.gov.br\/secretaria-de-saude\/wp-json\/wp\/v2\/comments?post=4043"}],"version-history":[{"count":1,"href":"https:\/\/www.pmpf.rs.gov.br\/secretaria-de-saude\/wp-json\/wp\/v2\/posts\/4043\/revisions"}],"predecessor-version":[{"id":4045,"href":"https:\/\/www.pmpf.rs.gov.br\/secretaria-de-saude\/wp-json\/wp\/v2\/posts\/4043\/revisions\/4045"}],"wp:featuredmedia":[{"embeddable":true,"href":"https:\/\/www.pmpf.rs.gov.br\/secretaria-de-saude\/wp-json\/wp\/v2\/media\/4044"}],"wp:attachment":[{"href":"https:\/\/www.pmpf.rs.gov.br\/secretaria-de-saude\/wp-json\/wp\/v2\/media?parent=4043"}],"wp:term":[{"taxonomy":"category","embeddable":true,"href":"https:\/\/www.pmpf.rs.gov.br\/secretaria-de-saude\/wp-json\/wp\/v2\/categories?post=4043"},{"taxonomy":"post_tag","embeddable":true,"href":"https:\/\/www.pmpf.rs.gov.br\/secretaria-de-saude\/wp-json\/wp\/v2\/tags?post=4043"}],"curies":[{"name":"wp","href":"https:\/\/api.w.org\/{rel}","templated":true}]}}