{"id":4040,"date":"2024-05-31T11:24:42","date_gmt":"2024-05-31T14:24:42","guid":{"rendered":"https:\/\/www.pmpf.rs.gov.br\/secretaria-de-saude\/?p=4040"},"modified":"2024-05-31T11:24:48","modified_gmt":"2024-05-31T14:24:48","slug":"operacao-inverno-municipio-busca-reduzir-necessidade-de-procura-pelas-emergencias-dos-hospitais","status":"publish","type":"post","link":"https:\/\/www.pmpf.rs.gov.br\/secretaria-de-saude\/2024\/05\/31\/operacao-inverno-municipio-busca-reduzir-necessidade-de-procura-pelas-emergencias-dos-hospitais\/","title":{"rendered":"Opera\u00e7\u00e3o Inverno: Munic\u00edpio busca reduzir necessidade de procura pelas emerg\u00eancias dos hospitais"},"content":{"rendered":"\n<p>Com a chegada do frio e o aumento das doen\u00e7as respirat\u00f3rias, a Prefeitura est\u00e1 implementando medidas para reduzir a busca pelas emerg\u00eancias dos hospitais. Em reuni\u00e3o realizada no Hospital Municipal, na semana passada, o prefeito Pedro Almeida fez uma avalia\u00e7\u00e3o das a\u00e7\u00f5es de refor\u00e7o das unidades de sa\u00fade, articuladas dentro da chamada Opera\u00e7\u00e3o Inverno.<\/p>\n\n\n\n<p>\u201cPreparamos a nossa rede para este contexto de aumento pela procura dos servi\u00e7os de sa\u00fade no inverno. Uma das alternativas foi estender o hor\u00e1rio de funcionamento de duas unidades para o atendimento da popula\u00e7\u00e3o durante a noite e finais de semana. O objetivo otimizar o atendimento e amenizar filas\u201d, destacou o prefeito.<\/p>\n\n\n\n<p>Ao longo de 2023, o Hospital Municipal realizava, em m\u00e9dia, 188 atendimentos di\u00e1rios. Entre janeiro e metade de maio deste ano, este n\u00famero subiu para 205. Neste momento, j\u00e1 chegaram a ser atendidas 350 pessoas em um \u00fanico dia. O cen\u00e1rio se repete no Hospital Dia da Crian\u00e7a, que prestou, de 1 a 27 de maio, mais de 2,4 mil atendimentos, sendo mais da metade por doen\u00e7as respirat\u00f3rias.<\/p>\n\n\n\n<p>\u201cEstamos vivendo um per\u00edodo do ano em que, historicamente, as doen\u00e7as respirat\u00f3rias incidem em quantidade preocupante. O que torna esse momento at\u00edpico s\u00e3o os altos registros de doen\u00e7as como a Dengue e a H1N1, que apresentam sintomas mais cr\u00edticos e por mais tempo, fazendo com o que o mesmo paciente busque diversas vezes o servi\u00e7o\u201d, explicou o diretor-geral do Hospital Municipal, Lu\u00eds Schneider. Com a alta na busca pelo atendimento, somada \u00e0 crescente gravidade dos quadros que chegam at\u00e9 o hospital, inevitavelmente aumenta o tempo de espera nos casos de menor complexidade.<\/p>\n\n\n\n<p>Para auxiliar na absor\u00e7\u00e3o desta demanda, desde abril, a Prefeitura possui duas unidades com atendimento noturno e nos finais de semana: o Ambulat\u00f3rio de Especialidades, que funciona de segunda a sexta-feira, das 8h \u00e0s 22h, e o Cais S\u00e3o Crist\u00f3v\u00e3o, aberto, al\u00e9m de segunda a sexta-feira, das 8h \u00e0s 22h, nos s\u00e1bados e domingos, das 8h \u00e0s 20h.<\/p>\n\n\n\n<p>Conforme a secret\u00e1ria de Sa\u00fade, a m\u00e9dica Cristine Pilati, durante a noite, a orienta\u00e7\u00e3o \u00e9 que as pessoas que n\u00e3o apresentam casos de urg\u00eancia e emerg\u00eancia se dirijam at\u00e9 estes espa\u00e7os para atendimento. \u201cAs equipes atendem, no per\u00edodo noturno e finais de semana, os pacientes adultos e pedi\u00e1tricos que necessitam de consulta m\u00e9dica de aten\u00e7\u00e3o b\u00e1sica sem a necessidade de agendamento, como em caso de gripe. Ao termos mais esta porta de acesso, buscamos diminuir a sobrecarga nas emerg\u00eancias pelos pacientes de baixa complexidade\u201d, afirmou.<\/p>\n\n\n\n<p>Para o diretor-t\u00e9cnico do Hospital Municipal, o m\u00e9dico Diego Teixeira de Farias, esta medida, aliada \u00e0 conscientiza\u00e7\u00e3o da popula\u00e7\u00e3o, \u00e9 fundamental para assegurar que a unidade hospitalar se dedique aos casos graves. \u201cNesta \u00e9poca, temos a exacerba\u00e7\u00e3o das doen\u00e7as cr\u00f4nicas, como pneumonia, asma grave e a doen\u00e7a pulmonar obstrutiva cr\u00f4nica. A Opera\u00e7\u00e3o Inverno visa, neste per\u00edodo sazonal, que possamos acolher melhor estes pacientes com quadros graves, que demandam mais estrutura e tempo de atendimento\u201d, destacou.<\/p>\n\n\n\n<p>Do total de atendimentos realizados no Hospital Municipal, aproximadamente 70% s\u00e3o enquadrados, dentro da Classifica\u00e7\u00e3o de Risco, nas cores verde ou azul, ou seja, n\u00e3o necessitam dos servi\u00e7os de emerg\u00eancia. \u201cEstes pacientes podem ser atendidos na aten\u00e7\u00e3o b\u00e1sica\u201d, pontuou Diego.<\/p>\n\n\n\n<p><strong>Hospital Dia da Crian\u00e7a<br><\/strong>Sobre o Hospital Dia da Crian\u00e7a, de acordo com Cristine, \u201ccom o objetivo organizar a demanda de pacientes, s\u00e3o priorizados os com maior gravidade, utilizando uma classifica\u00e7\u00e3o de risco que avalia as condi\u00e7\u00f5es e os sinais vitais de cada crian\u00e7a, como febre e respira\u00e7\u00e3o\u201d.<\/p>\n\n\n\n<p>A Prefeitura tamb\u00e9m trabalha para garantir o n\u00famero necess\u00e1rio de profissionais para os servi\u00e7os pedi\u00e1tricos no local. Neste momento, s\u00e3o chamados mais m\u00e9dicos, pediatras, enfermeiros e t\u00e9cnicos em enfermagem para refor\u00e7os nas escalas. \u201cDesde 2022, j\u00e1 foram feitos 25 processos seletivos com foco nas contrata\u00e7\u00f5es para o HDC. O Munic\u00edpio concentra esfor\u00e7os para garantir que, em todos os turnos, haja profissionais para a absor\u00e7\u00e3o da demanda pedi\u00e1trica\u201d, enfatizou a secret\u00e1ria de Sa\u00fade.<\/p>\n","protected":false},"excerpt":{"rendered":"<p>Prefeitura ampliou o hor\u00e1rio de atendimento de duas unidades para absorver o aumento da demanda pelos servi\u00e7os de sa\u00fade<\/p>\n","protected":false},"author":24,"featured_media":4041,"comment_status":"closed","ping_status":"closed","sticky":false,"template":"","format":"standard","meta":{"footnotes":""},"categories":[1],"tags":[],"class_list":["post-4040","post","type-post","status-publish","format-standard","has-post-thumbnail","hentry","category-sem-categoria"],"yoast_head":"<!-- This site is optimized with the Yoast SEO plugin v23.8 - https:\/\/yoast.com\/wordpress\/plugins\/seo\/ -->\n<title>Opera\u00e7\u00e3o Inverno: Munic\u00edpio busca reduzir necessidade de procura pelas emerg\u00eancias dos hospitais - Secretaria de Sa\u00fade<\/title>\n<meta name=\"robots\" content=\"index, follow, max-snippet:-1, max-image-preview:large, max-video-preview:-1\" \/>\n<link rel=\"canonical\" href=\"https:\/\/www.pmpf.rs.gov.br\/secretaria-de-saude\/2024\/05\/31\/operacao-inverno-municipio-busca-reduzir-necessidade-de-procura-pelas-emergencias-dos-hospitais\/\" \/>\n<meta property=\"og:locale\" content=\"pt_BR\" \/>\n<meta property=\"og:type\" content=\"article\" \/>\n<meta property=\"og:title\" content=\"Opera\u00e7\u00e3o Inverno: Munic\u00edpio busca reduzir necessidade de procura pelas emerg\u00eancias dos hospitais - Secretaria de Sa\u00fade\" \/>\n<meta property=\"og:description\" content=\"Prefeitura ampliou o hor\u00e1rio de atendimento de duas unidades para absorver o aumento da demanda pelos servi\u00e7os de sa\u00fade\" \/>\n<meta property=\"og:url\" content=\"https:\/\/www.pmpf.rs.gov.br\/secretaria-de-saude\/2024\/05\/31\/operacao-inverno-municipio-busca-reduzir-necessidade-de-procura-pelas-emergencias-dos-hospitais\/\" \/>\n<meta property=\"og:site_name\" content=\"Secretaria de Sa\u00fade\" \/>\n<meta property=\"article:published_time\" content=\"2024-05-31T14:24:42+00:00\" \/>\n<meta property=\"article:modified_time\" content=\"2024-05-31T14:24:48+00:00\" \/>\n<meta name=\"author\" content=\"lilicrivello\" \/>\n<meta name=\"twitter:card\" content=\"summary_large_image\" \/>\n<meta name=\"twitter:label1\" content=\"Escrito por\" \/>\n\t<meta name=\"twitter:data1\" content=\"lilicrivello\" \/>\n\t<meta name=\"twitter:label2\" content=\"Est. tempo de leitura\" \/>\n\t<meta name=\"twitter:data2\" content=\"4 minutos\" \/>\n<script type=\"application\/ld+json\" class=\"yoast-schema-graph\">{\"@context\":\"https:\/\/schema.org\",\"@graph\":[{\"@type\":\"WebPage\",\"@id\":\"https:\/\/www.pmpf.rs.gov.br\/secretaria-de-saude\/2024\/05\/31\/operacao-inverno-municipio-busca-reduzir-necessidade-de-procura-pelas-emergencias-dos-hospitais\/\",\"url\":\"https:\/\/www.pmpf.rs.gov.br\/secretaria-de-saude\/2024\/05\/31\/operacao-inverno-municipio-busca-reduzir-necessidade-de-procura-pelas-emergencias-dos-hospitais\/\",\"name\":\"Opera\u00e7\u00e3o Inverno: Munic\u00edpio busca reduzir necessidade de procura pelas emerg\u00eancias dos hospitais - Secretaria de Sa\u00fade\",\"isPartOf\":{\"@id\":\"https:\/\/www.pmpf.rs.gov.br\/secretaria-de-saude\/#website\"},\"primaryImageOfPage\":{\"@id\":\"https:\/\/www.pmpf.rs.gov.br\/secretaria-de-saude\/2024\/05\/31\/operacao-inverno-municipio-busca-reduzir-necessidade-de-procura-pelas-emergencias-dos-hospitais\/#primaryimage\"},\"image\":{\"@id\":\"https:\/\/www.pmpf.rs.gov.br\/secretaria-de-saude\/2024\/05\/31\/operacao-inverno-municipio-busca-reduzir-necessidade-de-procura-pelas-emergencias-dos-hospitais\/#primaryimage\"},\"thumbnailUrl\":\"https:\/\/www.pmpf.rs.gov.br\/secretaria-de-saude\/wp-content\/uploads\/sites\/50\/2024\/05\/WhatsApp-Image-2024-05-31-at-11.23.12.jpeg\",\"datePublished\":\"2024-05-31T14:24:42+00:00\",\"dateModified\":\"2024-05-31T14:24:48+00:00\",\"author\":{\"@id\":\"https:\/\/www.pmpf.rs.gov.br\/secretaria-de-saude\/#\/schema\/person\/6e93b0ab2174b69f691ac4f278ba2d0a\"},\"breadcrumb\":{\"@id\":\"https:\/\/www.pmpf.rs.gov.br\/secretaria-de-saude\/2024\/05\/31\/operacao-inverno-municipio-busca-reduzir-necessidade-de-procura-pelas-emergencias-dos-hospitais\/#breadcrumb\"},\"inLanguage\":\"pt-BR\",\"potentialAction\":[{\"@type\":\"ReadAction\",\"target\":[\"https:\/\/www.pmpf.rs.gov.br\/secretaria-de-saude\/2024\/05\/31\/operacao-inverno-municipio-busca-reduzir-necessidade-de-procura-pelas-emergencias-dos-hospitais\/\"]}]},{\"@type\":\"ImageObject\",\"inLanguage\":\"pt-BR\",\"@id\":\"https:\/\/www.pmpf.rs.gov.br\/secretaria-de-saude\/2024\/05\/31\/operacao-inverno-municipio-busca-reduzir-necessidade-de-procura-pelas-emergencias-dos-hospitais\/#primaryimage\",\"url\":\"https:\/\/www.pmpf.rs.gov.br\/secretaria-de-saude\/wp-content\/uploads\/sites\/50\/2024\/05\/WhatsApp-Image-2024-05-31-at-11.23.12.jpeg\",\"contentUrl\":\"https:\/\/www.pmpf.rs.gov.br\/secretaria-de-saude\/wp-content\/uploads\/sites\/50\/2024\/05\/WhatsApp-Image-2024-05-31-at-11.23.12.jpeg\",\"width\":1600,\"height\":1066},{\"@type\":\"BreadcrumbList\",\"@id\":\"https:\/\/www.pmpf.rs.gov.br\/secretaria-de-saude\/2024\/05\/31\/operacao-inverno-municipio-busca-reduzir-necessidade-de-procura-pelas-emergencias-dos-hospitais\/#breadcrumb\",\"itemListElement\":[{\"@type\":\"ListItem\",\"position\":1,\"name\":\"In\u00edcio\",\"item\":\"https:\/\/www.pmpf.rs.gov.br\/secretaria-de-saude\/\"},{\"@type\":\"ListItem\",\"position\":2,\"name\":\"Opera\u00e7\u00e3o Inverno: Munic\u00edpio busca reduzir necessidade de procura pelas emerg\u00eancias dos hospitais\"}]},{\"@type\":\"WebSite\",\"@id\":\"https:\/\/www.pmpf.rs.gov.br\/secretaria-de-saude\/#website\",\"url\":\"https:\/\/www.pmpf.rs.gov.br\/secretaria-de-saude\/\",\"name\":\"Secretaria de Sa\u00fade\",\"description\":\"S\u00f3 mais um site Prefeitura de Passo Fundo\",\"potentialAction\":[{\"@type\":\"SearchAction\",\"target\":{\"@type\":\"EntryPoint\",\"urlTemplate\":\"https:\/\/www.pmpf.rs.gov.br\/secretaria-de-saude\/?s={search_term_string}\"},\"query-input\":{\"@type\":\"PropertyValueSpecification\",\"valueRequired\":true,\"valueName\":\"search_term_string\"}}],\"inLanguage\":\"pt-BR\"},{\"@type\":\"Person\",\"@id\":\"https:\/\/www.pmpf.rs.gov.br\/secretaria-de-saude\/#\/schema\/person\/6e93b0ab2174b69f691ac4f278ba2d0a\",\"name\":\"lilicrivello\",\"image\":{\"@type\":\"ImageObject\",\"inLanguage\":\"pt-BR\",\"@id\":\"https:\/\/www.pmpf.rs.gov.br\/secretaria-de-saude\/#\/schema\/person\/image\/\",\"url\":\"https:\/\/secure.gravatar.com\/avatar\/0b546b667388f8edb7b67d70a57b5e46?s=96&d=mm&r=g\",\"contentUrl\":\"https:\/\/secure.gravatar.com\/avatar\/0b546b667388f8edb7b67d70a57b5e46?s=96&d=mm&r=g\",\"caption\":\"lilicrivello\"},\"url\":\"https:\/\/www.pmpf.rs.gov.br\/secretaria-de-saude\/author\/lilicrivello\/\"}]}<\/script>\n<!-- \/ Yoast SEO plugin. -->","yoast_head_json":{"title":"Opera\u00e7\u00e3o Inverno: Munic\u00edpio busca reduzir necessidade de procura pelas emerg\u00eancias dos hospitais - Secretaria de Sa\u00fade","robots":{"index":"index","follow":"follow","max-snippet":"max-snippet:-1","max-image-preview":"max-image-preview:large","max-video-preview":"max-video-preview:-1"},"canonical":"https:\/\/www.pmpf.rs.gov.br\/secretaria-de-saude\/2024\/05\/31\/operacao-inverno-municipio-busca-reduzir-necessidade-de-procura-pelas-emergencias-dos-hospitais\/","og_locale":"pt_BR","og_type":"article","og_title":"Opera\u00e7\u00e3o Inverno: Munic\u00edpio busca reduzir necessidade de procura pelas emerg\u00eancias dos hospitais - Secretaria de Sa\u00fade","og_description":"Prefeitura ampliou o hor\u00e1rio de atendimento de duas unidades para absorver o aumento da demanda pelos servi\u00e7os de sa\u00fade","og_url":"https:\/\/www.pmpf.rs.gov.br\/secretaria-de-saude\/2024\/05\/31\/operacao-inverno-municipio-busca-reduzir-necessidade-de-procura-pelas-emergencias-dos-hospitais\/","og_site_name":"Secretaria de Sa\u00fade","article_published_time":"2024-05-31T14:24:42+00:00","article_modified_time":"2024-05-31T14:24:48+00:00","author":"lilicrivello","twitter_card":"summary_large_image","twitter_misc":{"Escrito por":"lilicrivello","Est. tempo de leitura":"4 minutos"},"schema":{"@context":"https:\/\/schema.org","@graph":[{"@type":"WebPage","@id":"https:\/\/www.pmpf.rs.gov.br\/secretaria-de-saude\/2024\/05\/31\/operacao-inverno-municipio-busca-reduzir-necessidade-de-procura-pelas-emergencias-dos-hospitais\/","url":"https:\/\/www.pmpf.rs.gov.br\/secretaria-de-saude\/2024\/05\/31\/operacao-inverno-municipio-busca-reduzir-necessidade-de-procura-pelas-emergencias-dos-hospitais\/","name":"Opera\u00e7\u00e3o Inverno: Munic\u00edpio busca reduzir necessidade de procura pelas emerg\u00eancias dos hospitais - Secretaria de Sa\u00fade","isPartOf":{"@id":"https:\/\/www.pmpf.rs.gov.br\/secretaria-de-saude\/#website"},"primaryImageOfPage":{"@id":"https:\/\/www.pmpf.rs.gov.br\/secretaria-de-saude\/2024\/05\/31\/operacao-inverno-municipio-busca-reduzir-necessidade-de-procura-pelas-emergencias-dos-hospitais\/#primaryimage"},"image":{"@id":"https:\/\/www.pmpf.rs.gov.br\/secretaria-de-saude\/2024\/05\/31\/operacao-inverno-municipio-busca-reduzir-necessidade-de-procura-pelas-emergencias-dos-hospitais\/#primaryimage"},"thumbnailUrl":"https:\/\/www.pmpf.rs.gov.br\/secretaria-de-saude\/wp-content\/uploads\/sites\/50\/2024\/05\/WhatsApp-Image-2024-05-31-at-11.23.12.jpeg","datePublished":"2024-05-31T14:24:42+00:00","dateModified":"2024-05-31T14:24:48+00:00","author":{"@id":"https:\/\/www.pmpf.rs.gov.br\/secretaria-de-saude\/#\/schema\/person\/6e93b0ab2174b69f691ac4f278ba2d0a"},"breadcrumb":{"@id":"https:\/\/www.pmpf.rs.gov.br\/secretaria-de-saude\/2024\/05\/31\/operacao-inverno-municipio-busca-reduzir-necessidade-de-procura-pelas-emergencias-dos-hospitais\/#breadcrumb"},"inLanguage":"pt-BR","potentialAction":[{"@type":"ReadAction","target":["https:\/\/www.pmpf.rs.gov.br\/secretaria-de-saude\/2024\/05\/31\/operacao-inverno-municipio-busca-reduzir-necessidade-de-procura-pelas-emergencias-dos-hospitais\/"]}]},{"@type":"ImageObject","inLanguage":"pt-BR","@id":"https:\/\/www.pmpf.rs.gov.br\/secretaria-de-saude\/2024\/05\/31\/operacao-inverno-municipio-busca-reduzir-necessidade-de-procura-pelas-emergencias-dos-hospitais\/#primaryimage","url":"https:\/\/www.pmpf.rs.gov.br\/secretaria-de-saude\/wp-content\/uploads\/sites\/50\/2024\/05\/WhatsApp-Image-2024-05-31-at-11.23.12.jpeg","contentUrl":"https:\/\/www.pmpf.rs.gov.br\/secretaria-de-saude\/wp-content\/uploads\/sites\/50\/2024\/05\/WhatsApp-Image-2024-05-31-at-11.23.12.jpeg","width":1600,"height":1066},{"@type":"BreadcrumbList","@id":"https:\/\/www.pmpf.rs.gov.br\/secretaria-de-saude\/2024\/05\/31\/operacao-inverno-municipio-busca-reduzir-necessidade-de-procura-pelas-emergencias-dos-hospitais\/#breadcrumb","itemListElement":[{"@type":"ListItem","position":1,"name":"In\u00edcio","item":"https:\/\/www.pmpf.rs.gov.br\/secretaria-de-saude\/"},{"@type":"ListItem","position":2,"name":"Opera\u00e7\u00e3o Inverno: Munic\u00edpio busca reduzir necessidade de procura pelas emerg\u00eancias dos hospitais"}]},{"@type":"WebSite","@id":"https:\/\/www.pmpf.rs.gov.br\/secretaria-de-saude\/#website","url":"https:\/\/www.pmpf.rs.gov.br\/secretaria-de-saude\/","name":"Secretaria de Sa\u00fade","description":"S\u00f3 mais um site Prefeitura de Passo Fundo","potentialAction":[{"@type":"SearchAction","target":{"@type":"EntryPoint","urlTemplate":"https:\/\/www.pmpf.rs.gov.br\/secretaria-de-saude\/?s={search_term_string}"},"query-input":{"@type":"PropertyValueSpecification","valueRequired":true,"valueName":"search_term_string"}}],"inLanguage":"pt-BR"},{"@type":"Person","@id":"https:\/\/www.pmpf.rs.gov.br\/secretaria-de-saude\/#\/schema\/person\/6e93b0ab2174b69f691ac4f278ba2d0a","name":"lilicrivello","image":{"@type":"ImageObject","inLanguage":"pt-BR","@id":"https:\/\/www.pmpf.rs.gov.br\/secretaria-de-saude\/#\/schema\/person\/image\/","url":"https:\/\/secure.gravatar.com\/avatar\/0b546b667388f8edb7b67d70a57b5e46?s=96&d=mm&r=g","contentUrl":"https:\/\/secure.gravatar.com\/avatar\/0b546b667388f8edb7b67d70a57b5e46?s=96&d=mm&r=g","caption":"lilicrivello"},"url":"https:\/\/www.pmpf.rs.gov.br\/secretaria-de-saude\/author\/lilicrivello\/"}]}},"_links":{"self":[{"href":"https:\/\/www.pmpf.rs.gov.br\/secretaria-de-saude\/wp-json\/wp\/v2\/posts\/4040"}],"collection":[{"href":"https:\/\/www.pmpf.rs.gov.br\/secretaria-de-saude\/wp-json\/wp\/v2\/posts"}],"about":[{"href":"https:\/\/www.pmpf.rs.gov.br\/secretaria-de-saude\/wp-json\/wp\/v2\/types\/post"}],"author":[{"embeddable":true,"href":"https:\/\/www.pmpf.rs.gov.br\/secretaria-de-saude\/wp-json\/wp\/v2\/users\/24"}],"replies":[{"embeddable":true,"href":"https:\/\/www.pmpf.rs.gov.br\/secretaria-de-saude\/wp-json\/wp\/v2\/comments?post=4040"}],"version-history":[{"count":1,"href":"https:\/\/www.pmpf.rs.gov.br\/secretaria-de-saude\/wp-json\/wp\/v2\/posts\/4040\/revisions"}],"predecessor-version":[{"id":4042,"href":"https:\/\/www.pmpf.rs.gov.br\/secretaria-de-saude\/wp-json\/wp\/v2\/posts\/4040\/revisions\/4042"}],"wp:featuredmedia":[{"embeddable":true,"href":"https:\/\/www.pmpf.rs.gov.br\/secretaria-de-saude\/wp-json\/wp\/v2\/media\/4041"}],"wp:attachment":[{"href":"https:\/\/www.pmpf.rs.gov.br\/secretaria-de-saude\/wp-json\/wp\/v2\/media?parent=4040"}],"wp:term":[{"taxonomy":"category","embeddable":true,"href":"https:\/\/www.pmpf.rs.gov.br\/secretaria-de-saude\/wp-json\/wp\/v2\/categories?post=4040"},{"taxonomy":"post_tag","embeddable":true,"href":"https:\/\/www.pmpf.rs.gov.br\/secretaria-de-saude\/wp-json\/wp\/v2\/tags?post=4040"}],"curies":[{"name":"wp","href":"https:\/\/api.w.org\/{rel}","templated":true}]}}