{"id":4028,"date":"2024-05-28T09:50:54","date_gmt":"2024-05-28T12:50:54","guid":{"rendered":"https:\/\/www.pmpf.rs.gov.br\/secretaria-de-saude\/?p=4028"},"modified":"2024-05-28T09:50:59","modified_gmt":"2024-05-28T12:50:59","slug":"passo-fundo-recebe-nova-vacina-contra-a-covid-19","status":"publish","type":"post","link":"https:\/\/www.pmpf.rs.gov.br\/secretaria-de-saude\/2024\/05\/28\/passo-fundo-recebe-nova-vacina-contra-a-covid-19\/","title":{"rendered":"Passo Fundo recebe nova vacina contra a Covid-19"},"content":{"rendered":"\n<p>Passo Fundo recebeu a nova vacina contra a Covid-19, disponibilizada pelo Minist\u00e9rio da Sa\u00fade. A vacina monovalente (XBB), da fabricante Moderna, foi atualizada para incluir a variante XBB 1.5. A nova vacina estar\u00e1 dispon\u00edvel a partir de quarta-feira, 29 de maio.<\/p>\n\n\n\n<p><strong>P\u00fablico-Alvo<br><\/strong>A vacina\u00e7\u00e3o abrange crian\u00e7as de 6 meses a 4 anos, 11 meses e 29 dias, em diferentes condi\u00e7\u00f5es vacinais:<br>Crian\u00e7as n\u00e3o vacinadas ou que nunca receberam doses da vacina contra a Covid-19.<br>Crian\u00e7as com esquema vacinal incompleto.<br>Crian\u00e7as com o esquema completo de vacinas Covid-19 originais.<br>Crian\u00e7as imunocomprometidas que nunca foram vacinadas dever\u00e3o receber o esquema prim\u00e1rio.<\/p>\n\n\n\n<p>Al\u00e9m das crian\u00e7as, certos grupos priorit\u00e1rios tamb\u00e9m devem receber a vacina anualmente, ou a cada seis meses, dependendo do caso, devido ao risco aumentado de desenvolver formas graves da doen\u00e7a. Esses grupos incluem:<br>Pessoas de 60 anos ou mais.<br>Pessoas em institui\u00e7\u00f5es de longa perman\u00eancia.<br>Pessoas imunocomprometidas.<br>Ind\u00edgenas (vivendo em terras ind\u00edgenas ou fora delas).<br>Ribeirinhos e quilombolas.<br>Gestantes e pu\u00e9rperas.<br>Trabalhadores da sa\u00fade.<br>Pessoas com defici\u00eancia permanente.<br>Pessoas com comorbidades.<br>Pessoas privadas de liberdade e funcion\u00e1rios do sistema prisional.<br>Adolescentes e jovens em medidas socioeducativas.<br>Pessoas em situa\u00e7\u00e3o de rua.<\/p>\n\n\n\n<p><strong>Locais de vacina\u00e7\u00e3o<br><\/strong>Devido \u00e0 quantidade de doses recebidas, o munic\u00edpio reorganizou as unidades de sa\u00fade respons\u00e1veis pela vacina\u00e7\u00e3o. A vacina\u00e7\u00e3o ser\u00e1 realizada enquanto houver disponibilidade de doses nos locais indicados.<\/p>\n\n\n\n<p>Central de Vacinas &#8211; das 8h \u00e0s 18h sem fechar ao meio dia, de segunda a sexta-feira.<br>Cais Boqueir\u00e3o &#8211; das 8h \u00e0s 18h sem fechar ao meio dia, de segunda a sexta-feira.<br>Cais H\u00edpica &#8211; das 8h \u00e0s 18h sem fechar ao meio dia, de segunda a sexta-feira.<br>Cais Vila Luiza &#8211; das 8h \u00e0s 18h sem fechar ao meio dia, de segunda a sexta-feira.<br>Cais S\u00e3o Crist\u00f3v\u00e3o &#8211; das 8h \u00e0s 22h sem fechar ao meio dia , de segunda a sexta-feira. S\u00e1bados e domingos das 8h \u00e0s 20h.<\/p>\n","protected":false},"excerpt":{"rendered":"<p>O imunizante estar\u00e1 dispon\u00edvel a partir desta quarta-feira, 29 de maio<\/p>\n","protected":false},"author":24,"featured_media":4029,"comment_status":"closed","ping_status":"closed","sticky":false,"template":"","format":"standard","meta":{"footnotes":""},"categories":[1],"tags":[],"class_list":["post-4028","post","type-post","status-publish","format-standard","has-post-thumbnail","hentry","category-sem-categoria"],"yoast_head":"<!-- This site is optimized with the Yoast SEO plugin v23.8 - https:\/\/yoast.com\/wordpress\/plugins\/seo\/ -->\n<title>Passo Fundo recebe nova vacina contra a Covid-19 - Secretaria de Sa\u00fade<\/title>\n<meta name=\"robots\" content=\"index, follow, max-snippet:-1, max-image-preview:large, max-video-preview:-1\" \/>\n<link rel=\"canonical\" href=\"https:\/\/www.pmpf.rs.gov.br\/secretaria-de-saude\/2024\/05\/28\/passo-fundo-recebe-nova-vacina-contra-a-covid-19\/\" \/>\n<meta property=\"og:locale\" content=\"pt_BR\" \/>\n<meta property=\"og:type\" content=\"article\" \/>\n<meta property=\"og:title\" content=\"Passo Fundo recebe nova vacina contra a Covid-19 - Secretaria de Sa\u00fade\" \/>\n<meta property=\"og:description\" content=\"O imunizante estar\u00e1 dispon\u00edvel a partir desta quarta-feira, 29 de maio\" \/>\n<meta property=\"og:url\" content=\"https:\/\/www.pmpf.rs.gov.br\/secretaria-de-saude\/2024\/05\/28\/passo-fundo-recebe-nova-vacina-contra-a-covid-19\/\" \/>\n<meta property=\"og:site_name\" content=\"Secretaria de Sa\u00fade\" \/>\n<meta property=\"article:published_time\" content=\"2024-05-28T12:50:54+00:00\" \/>\n<meta property=\"article:modified_time\" content=\"2024-05-28T12:50:59+00:00\" \/>\n<meta name=\"author\" content=\"lilicrivello\" \/>\n<meta name=\"twitter:card\" content=\"summary_large_image\" \/>\n<meta name=\"twitter:label1\" content=\"Escrito por\" \/>\n\t<meta name=\"twitter:data1\" content=\"lilicrivello\" \/>\n\t<meta name=\"twitter:label2\" content=\"Est. tempo de leitura\" \/>\n\t<meta name=\"twitter:data2\" content=\"2 minutos\" \/>\n<script type=\"application\/ld+json\" class=\"yoast-schema-graph\">{\"@context\":\"https:\/\/schema.org\",\"@graph\":[{\"@type\":\"WebPage\",\"@id\":\"https:\/\/www.pmpf.rs.gov.br\/secretaria-de-saude\/2024\/05\/28\/passo-fundo-recebe-nova-vacina-contra-a-covid-19\/\",\"url\":\"https:\/\/www.pmpf.rs.gov.br\/secretaria-de-saude\/2024\/05\/28\/passo-fundo-recebe-nova-vacina-contra-a-covid-19\/\",\"name\":\"Passo Fundo recebe nova vacina contra a Covid-19 - Secretaria de Sa\u00fade\",\"isPartOf\":{\"@id\":\"https:\/\/www.pmpf.rs.gov.br\/secretaria-de-saude\/#website\"},\"primaryImageOfPage\":{\"@id\":\"https:\/\/www.pmpf.rs.gov.br\/secretaria-de-saude\/2024\/05\/28\/passo-fundo-recebe-nova-vacina-contra-a-covid-19\/#primaryimage\"},\"image\":{\"@id\":\"https:\/\/www.pmpf.rs.gov.br\/secretaria-de-saude\/2024\/05\/28\/passo-fundo-recebe-nova-vacina-contra-a-covid-19\/#primaryimage\"},\"thumbnailUrl\":\"https:\/\/www.pmpf.rs.gov.br\/secretaria-de-saude\/wp-content\/uploads\/sites\/50\/2024\/05\/WhatsApp-Image-2024-05-28-at-09.45.31.jpeg\",\"datePublished\":\"2024-05-28T12:50:54+00:00\",\"dateModified\":\"2024-05-28T12:50:59+00:00\",\"author\":{\"@id\":\"https:\/\/www.pmpf.rs.gov.br\/secretaria-de-saude\/#\/schema\/person\/6e93b0ab2174b69f691ac4f278ba2d0a\"},\"breadcrumb\":{\"@id\":\"https:\/\/www.pmpf.rs.gov.br\/secretaria-de-saude\/2024\/05\/28\/passo-fundo-recebe-nova-vacina-contra-a-covid-19\/#breadcrumb\"},\"inLanguage\":\"pt-BR\",\"potentialAction\":[{\"@type\":\"ReadAction\",\"target\":[\"https:\/\/www.pmpf.rs.gov.br\/secretaria-de-saude\/2024\/05\/28\/passo-fundo-recebe-nova-vacina-contra-a-covid-19\/\"]}]},{\"@type\":\"ImageObject\",\"inLanguage\":\"pt-BR\",\"@id\":\"https:\/\/www.pmpf.rs.gov.br\/secretaria-de-saude\/2024\/05\/28\/passo-fundo-recebe-nova-vacina-contra-a-covid-19\/#primaryimage\",\"url\":\"https:\/\/www.pmpf.rs.gov.br\/secretaria-de-saude\/wp-content\/uploads\/sites\/50\/2024\/05\/WhatsApp-Image-2024-05-28-at-09.45.31.jpeg\",\"contentUrl\":\"https:\/\/www.pmpf.rs.gov.br\/secretaria-de-saude\/wp-content\/uploads\/sites\/50\/2024\/05\/WhatsApp-Image-2024-05-28-at-09.45.31.jpeg\",\"width\":1600,\"height\":1066},{\"@type\":\"BreadcrumbList\",\"@id\":\"https:\/\/www.pmpf.rs.gov.br\/secretaria-de-saude\/2024\/05\/28\/passo-fundo-recebe-nova-vacina-contra-a-covid-19\/#breadcrumb\",\"itemListElement\":[{\"@type\":\"ListItem\",\"position\":1,\"name\":\"In\u00edcio\",\"item\":\"https:\/\/www.pmpf.rs.gov.br\/secretaria-de-saude\/\"},{\"@type\":\"ListItem\",\"position\":2,\"name\":\"Passo Fundo recebe nova vacina contra a Covid-19\"}]},{\"@type\":\"WebSite\",\"@id\":\"https:\/\/www.pmpf.rs.gov.br\/secretaria-de-saude\/#website\",\"url\":\"https:\/\/www.pmpf.rs.gov.br\/secretaria-de-saude\/\",\"name\":\"Secretaria de Sa\u00fade\",\"description\":\"S\u00f3 mais um site Prefeitura de Passo Fundo\",\"potentialAction\":[{\"@type\":\"SearchAction\",\"target\":{\"@type\":\"EntryPoint\",\"urlTemplate\":\"https:\/\/www.pmpf.rs.gov.br\/secretaria-de-saude\/?s={search_term_string}\"},\"query-input\":{\"@type\":\"PropertyValueSpecification\",\"valueRequired\":true,\"valueName\":\"search_term_string\"}}],\"inLanguage\":\"pt-BR\"},{\"@type\":\"Person\",\"@id\":\"https:\/\/www.pmpf.rs.gov.br\/secretaria-de-saude\/#\/schema\/person\/6e93b0ab2174b69f691ac4f278ba2d0a\",\"name\":\"lilicrivello\",\"image\":{\"@type\":\"ImageObject\",\"inLanguage\":\"pt-BR\",\"@id\":\"https:\/\/www.pmpf.rs.gov.br\/secretaria-de-saude\/#\/schema\/person\/image\/\",\"url\":\"https:\/\/secure.gravatar.com\/avatar\/0b546b667388f8edb7b67d70a57b5e46?s=96&d=mm&r=g\",\"contentUrl\":\"https:\/\/secure.gravatar.com\/avatar\/0b546b667388f8edb7b67d70a57b5e46?s=96&d=mm&r=g\",\"caption\":\"lilicrivello\"},\"url\":\"https:\/\/www.pmpf.rs.gov.br\/secretaria-de-saude\/author\/lilicrivello\/\"}]}<\/script>\n<!-- \/ Yoast SEO plugin. -->","yoast_head_json":{"title":"Passo Fundo recebe nova vacina contra a Covid-19 - Secretaria de Sa\u00fade","robots":{"index":"index","follow":"follow","max-snippet":"max-snippet:-1","max-image-preview":"max-image-preview:large","max-video-preview":"max-video-preview:-1"},"canonical":"https:\/\/www.pmpf.rs.gov.br\/secretaria-de-saude\/2024\/05\/28\/passo-fundo-recebe-nova-vacina-contra-a-covid-19\/","og_locale":"pt_BR","og_type":"article","og_title":"Passo Fundo recebe nova vacina contra a Covid-19 - Secretaria de Sa\u00fade","og_description":"O imunizante estar\u00e1 dispon\u00edvel a partir desta quarta-feira, 29 de maio","og_url":"https:\/\/www.pmpf.rs.gov.br\/secretaria-de-saude\/2024\/05\/28\/passo-fundo-recebe-nova-vacina-contra-a-covid-19\/","og_site_name":"Secretaria de Sa\u00fade","article_published_time":"2024-05-28T12:50:54+00:00","article_modified_time":"2024-05-28T12:50:59+00:00","author":"lilicrivello","twitter_card":"summary_large_image","twitter_misc":{"Escrito por":"lilicrivello","Est. tempo de leitura":"2 minutos"},"schema":{"@context":"https:\/\/schema.org","@graph":[{"@type":"WebPage","@id":"https:\/\/www.pmpf.rs.gov.br\/secretaria-de-saude\/2024\/05\/28\/passo-fundo-recebe-nova-vacina-contra-a-covid-19\/","url":"https:\/\/www.pmpf.rs.gov.br\/secretaria-de-saude\/2024\/05\/28\/passo-fundo-recebe-nova-vacina-contra-a-covid-19\/","name":"Passo Fundo recebe nova vacina contra a Covid-19 - Secretaria de Sa\u00fade","isPartOf":{"@id":"https:\/\/www.pmpf.rs.gov.br\/secretaria-de-saude\/#website"},"primaryImageOfPage":{"@id":"https:\/\/www.pmpf.rs.gov.br\/secretaria-de-saude\/2024\/05\/28\/passo-fundo-recebe-nova-vacina-contra-a-covid-19\/#primaryimage"},"image":{"@id":"https:\/\/www.pmpf.rs.gov.br\/secretaria-de-saude\/2024\/05\/28\/passo-fundo-recebe-nova-vacina-contra-a-covid-19\/#primaryimage"},"thumbnailUrl":"https:\/\/www.pmpf.rs.gov.br\/secretaria-de-saude\/wp-content\/uploads\/sites\/50\/2024\/05\/WhatsApp-Image-2024-05-28-at-09.45.31.jpeg","datePublished":"2024-05-28T12:50:54+00:00","dateModified":"2024-05-28T12:50:59+00:00","author":{"@id":"https:\/\/www.pmpf.rs.gov.br\/secretaria-de-saude\/#\/schema\/person\/6e93b0ab2174b69f691ac4f278ba2d0a"},"breadcrumb":{"@id":"https:\/\/www.pmpf.rs.gov.br\/secretaria-de-saude\/2024\/05\/28\/passo-fundo-recebe-nova-vacina-contra-a-covid-19\/#breadcrumb"},"inLanguage":"pt-BR","potentialAction":[{"@type":"ReadAction","target":["https:\/\/www.pmpf.rs.gov.br\/secretaria-de-saude\/2024\/05\/28\/passo-fundo-recebe-nova-vacina-contra-a-covid-19\/"]}]},{"@type":"ImageObject","inLanguage":"pt-BR","@id":"https:\/\/www.pmpf.rs.gov.br\/secretaria-de-saude\/2024\/05\/28\/passo-fundo-recebe-nova-vacina-contra-a-covid-19\/#primaryimage","url":"https:\/\/www.pmpf.rs.gov.br\/secretaria-de-saude\/wp-content\/uploads\/sites\/50\/2024\/05\/WhatsApp-Image-2024-05-28-at-09.45.31.jpeg","contentUrl":"https:\/\/www.pmpf.rs.gov.br\/secretaria-de-saude\/wp-content\/uploads\/sites\/50\/2024\/05\/WhatsApp-Image-2024-05-28-at-09.45.31.jpeg","width":1600,"height":1066},{"@type":"BreadcrumbList","@id":"https:\/\/www.pmpf.rs.gov.br\/secretaria-de-saude\/2024\/05\/28\/passo-fundo-recebe-nova-vacina-contra-a-covid-19\/#breadcrumb","itemListElement":[{"@type":"ListItem","position":1,"name":"In\u00edcio","item":"https:\/\/www.pmpf.rs.gov.br\/secretaria-de-saude\/"},{"@type":"ListItem","position":2,"name":"Passo Fundo recebe nova vacina contra a Covid-19"}]},{"@type":"WebSite","@id":"https:\/\/www.pmpf.rs.gov.br\/secretaria-de-saude\/#website","url":"https:\/\/www.pmpf.rs.gov.br\/secretaria-de-saude\/","name":"Secretaria de Sa\u00fade","description":"S\u00f3 mais um site Prefeitura de Passo Fundo","potentialAction":[{"@type":"SearchAction","target":{"@type":"EntryPoint","urlTemplate":"https:\/\/www.pmpf.rs.gov.br\/secretaria-de-saude\/?s={search_term_string}"},"query-input":{"@type":"PropertyValueSpecification","valueRequired":true,"valueName":"search_term_string"}}],"inLanguage":"pt-BR"},{"@type":"Person","@id":"https:\/\/www.pmpf.rs.gov.br\/secretaria-de-saude\/#\/schema\/person\/6e93b0ab2174b69f691ac4f278ba2d0a","name":"lilicrivello","image":{"@type":"ImageObject","inLanguage":"pt-BR","@id":"https:\/\/www.pmpf.rs.gov.br\/secretaria-de-saude\/#\/schema\/person\/image\/","url":"https:\/\/secure.gravatar.com\/avatar\/0b546b667388f8edb7b67d70a57b5e46?s=96&d=mm&r=g","contentUrl":"https:\/\/secure.gravatar.com\/avatar\/0b546b667388f8edb7b67d70a57b5e46?s=96&d=mm&r=g","caption":"lilicrivello"},"url":"https:\/\/www.pmpf.rs.gov.br\/secretaria-de-saude\/author\/lilicrivello\/"}]}},"_links":{"self":[{"href":"https:\/\/www.pmpf.rs.gov.br\/secretaria-de-saude\/wp-json\/wp\/v2\/posts\/4028"}],"collection":[{"href":"https:\/\/www.pmpf.rs.gov.br\/secretaria-de-saude\/wp-json\/wp\/v2\/posts"}],"about":[{"href":"https:\/\/www.pmpf.rs.gov.br\/secretaria-de-saude\/wp-json\/wp\/v2\/types\/post"}],"author":[{"embeddable":true,"href":"https:\/\/www.pmpf.rs.gov.br\/secretaria-de-saude\/wp-json\/wp\/v2\/users\/24"}],"replies":[{"embeddable":true,"href":"https:\/\/www.pmpf.rs.gov.br\/secretaria-de-saude\/wp-json\/wp\/v2\/comments?post=4028"}],"version-history":[{"count":1,"href":"https:\/\/www.pmpf.rs.gov.br\/secretaria-de-saude\/wp-json\/wp\/v2\/posts\/4028\/revisions"}],"predecessor-version":[{"id":4030,"href":"https:\/\/www.pmpf.rs.gov.br\/secretaria-de-saude\/wp-json\/wp\/v2\/posts\/4028\/revisions\/4030"}],"wp:featuredmedia":[{"embeddable":true,"href":"https:\/\/www.pmpf.rs.gov.br\/secretaria-de-saude\/wp-json\/wp\/v2\/media\/4029"}],"wp:attachment":[{"href":"https:\/\/www.pmpf.rs.gov.br\/secretaria-de-saude\/wp-json\/wp\/v2\/media?parent=4028"}],"wp:term":[{"taxonomy":"category","embeddable":true,"href":"https:\/\/www.pmpf.rs.gov.br\/secretaria-de-saude\/wp-json\/wp\/v2\/categories?post=4028"},{"taxonomy":"post_tag","embeddable":true,"href":"https:\/\/www.pmpf.rs.gov.br\/secretaria-de-saude\/wp-json\/wp\/v2\/tags?post=4028"}],"curies":[{"name":"wp","href":"https:\/\/api.w.org\/{rel}","templated":true}]}}