{"id":4025,"date":"2024-05-23T13:44:35","date_gmt":"2024-05-23T16:44:35","guid":{"rendered":"https:\/\/www.pmpf.rs.gov.br\/secretaria-de-saude\/?p=4025"},"modified":"2024-05-23T13:44:37","modified_gmt":"2024-05-23T16:44:37","slug":"com-o-hospital-dia-da-crianca-prefeitura-ampliou-a-capacidade-de-atendimentos-pediatricos","status":"publish","type":"post","link":"https:\/\/www.pmpf.rs.gov.br\/secretaria-de-saude\/2024\/05\/23\/com-o-hospital-dia-da-crianca-prefeitura-ampliou-a-capacidade-de-atendimentos-pediatricos\/","title":{"rendered":"Com o Hospital Dia da Crian\u00e7a, Prefeitura ampliou a capacidade de atendimentos pedi\u00e1tricos"},"content":{"rendered":"\n<p><\/p>\n\n\n\n<p>O Hospital Dia da Crian\u00e7a (HDC) foi criado pela Prefeitura para qualificar o atendimento pedi\u00e1trico em Passo Fundo. Com uma estrutura projetada para o acolhimento, profissionais capacitados e funcionamento 24 horas, a unidade facilitou o acesso aos servi\u00e7os de sa\u00fade para as crian\u00e7as e o munic\u00edpio saltou de 9 mil atendimentos pedi\u00e1tricos anuais de urg\u00eancia e emerg\u00eancia, no ano de 2019, para mais de 33 mil em 2023.<\/p>\n\n\n\n<p>Conforme a secret\u00e1ria de Sa\u00fade, Cristine Pilati, diante da entrega do Hospital Dia da Crian\u00e7a, em novembro de 2022, as fam\u00edlias passaram a ter um local de refer\u00eancia para o atendimento dos seus filhos. \u201cAntes disso, n\u00e3o havia um equipamento de sa\u00fade t\u00e3o equipado para atender as crian\u00e7as\u201d, afirmou.<\/p>\n\n\n\n<p>O HDC fica junto ao Hospital Municipal e atende as crian\u00e7as de 0 a 12 anos. A estrutura contempla sala de espera, sala de triagem, sala vermelha, quatro consult\u00f3rios, duas salas de observa\u00e7\u00e3o com capacidade total de sete leitos, quarto de isolamento e ambientes administrativos. Todos os espa\u00e7os foram planejados para contribuir com uma melhor aceita\u00e7\u00e3o ao tratamento e a adapta\u00e7\u00e3o ao ambiente hospitalar.<\/p>\n\n\n\n<p>De acordo com o prefeito Pedro Almeida, a unidade representa o cuidado e o carinho com as crian\u00e7as. \u201cPasso Fundo precisava de um local exclusivo para o atendimento das crian\u00e7as. Por isso, este investimento foi inclu\u00eddo na grande obra do Hospital Municipal. Era um compromisso que assumimos e cumprimos\u201d, pontuou.<\/p>\n\n\n\n<p>Al\u00e9m da estrutura, a Prefeitura busca assegurar o n\u00famero necess\u00e1rio de profissionais para os servi\u00e7os. Neste momento, s\u00e3o chamados mais m\u00e9dicos, pediatras, enfermeiros e t\u00e9cnicos em enfermagem para refor\u00e7os nas escalas. \u201cDesde 2022, j\u00e1 foram feitos 25 processos seletivos com foco nas contrata\u00e7\u00f5es para o HDC. O Munic\u00edpio concentra esfor\u00e7os para garantir que, em todos os turnos, haja profissionais para a absor\u00e7\u00e3o da demanda pedi\u00e1trica\u201d, considerou a secret\u00e1ria de Sa\u00fade.<\/p>\n\n\n\n<p><strong>Aumento sazonal de atendimentos<br><\/strong>Nos meses de outono e inverno, o Hospital Dia da Crian\u00e7a registra aumento acentuado na procura por atendimentos. Assim como nos demais hospitais, o motivo s\u00e3o as s\u00edndromes gripais. \u201c\u00c9 uma \u00e9poca do ano em que, nos servi\u00e7os de sa\u00fade, predominam as doen\u00e7as respirat\u00f3rias. N\u00e3o \u00e9 diferente no HDC, onde foram feitos mais de 1.500 atendimentos apenas nos primeiros 17 dias do m\u00eas de maio\u201d, mencionou Cristine, que \u00e9 m\u00e9dica infectologista.<\/p>\n\n\n\n<p>Com o objetivo organizar a demanda de pacientes, s\u00e3o priorizados os com maior gravidade, utilizando uma classifica\u00e7\u00e3o de risco que avalias as condi\u00e7\u00f5es e os sinais vitais de cada crian\u00e7a, como febre e respira\u00e7\u00e3o.<\/p>\n","protected":false},"excerpt":{"rendered":"<p>Em 2019, o Munic\u00edpio realizou cerca de 9 mil atendimentos de urg\u00eancia e emerg\u00eancia a crian\u00e7as. No ano passado, foram mais de 33 mil<\/p>\n","protected":false},"author":6,"featured_media":4026,"comment_status":"closed","ping_status":"closed","sticky":false,"template":"","format":"standard","meta":{"footnotes":""},"categories":[1],"tags":[],"class_list":["post-4025","post","type-post","status-publish","format-standard","has-post-thumbnail","hentry","category-sem-categoria"],"yoast_head":"<!-- This site is optimized with the Yoast SEO plugin v23.8 - https:\/\/yoast.com\/wordpress\/plugins\/seo\/ -->\n<title>Com o Hospital Dia da Crian\u00e7a, Prefeitura ampliou a capacidade de atendimentos pedi\u00e1tricos - Secretaria de Sa\u00fade<\/title>\n<meta name=\"robots\" content=\"index, follow, max-snippet:-1, max-image-preview:large, max-video-preview:-1\" \/>\n<link rel=\"canonical\" href=\"https:\/\/www.pmpf.rs.gov.br\/secretaria-de-saude\/2024\/05\/23\/com-o-hospital-dia-da-crianca-prefeitura-ampliou-a-capacidade-de-atendimentos-pediatricos\/\" \/>\n<meta property=\"og:locale\" content=\"pt_BR\" \/>\n<meta property=\"og:type\" content=\"article\" \/>\n<meta property=\"og:title\" content=\"Com o Hospital Dia da Crian\u00e7a, Prefeitura ampliou a capacidade de atendimentos pedi\u00e1tricos - Secretaria de Sa\u00fade\" \/>\n<meta property=\"og:description\" content=\"Em 2019, o Munic\u00edpio realizou cerca de 9 mil atendimentos de urg\u00eancia e emerg\u00eancia a crian\u00e7as. No ano passado, foram mais de 33 mil\" \/>\n<meta property=\"og:url\" content=\"https:\/\/www.pmpf.rs.gov.br\/secretaria-de-saude\/2024\/05\/23\/com-o-hospital-dia-da-crianca-prefeitura-ampliou-a-capacidade-de-atendimentos-pediatricos\/\" \/>\n<meta property=\"og:site_name\" content=\"Secretaria de Sa\u00fade\" \/>\n<meta property=\"article:published_time\" content=\"2024-05-23T16:44:35+00:00\" \/>\n<meta property=\"article:modified_time\" content=\"2024-05-23T16:44:37+00:00\" \/>\n<meta name=\"author\" content=\"andressazorzetto07\" \/>\n<meta name=\"twitter:card\" content=\"summary_large_image\" \/>\n<meta name=\"twitter:label1\" content=\"Escrito por\" \/>\n\t<meta name=\"twitter:data1\" content=\"andressazorzetto07\" \/>\n\t<meta name=\"twitter:label2\" content=\"Est. tempo de leitura\" \/>\n\t<meta name=\"twitter:data2\" content=\"2 minutos\" \/>\n<script type=\"application\/ld+json\" class=\"yoast-schema-graph\">{\"@context\":\"https:\/\/schema.org\",\"@graph\":[{\"@type\":\"WebPage\",\"@id\":\"https:\/\/www.pmpf.rs.gov.br\/secretaria-de-saude\/2024\/05\/23\/com-o-hospital-dia-da-crianca-prefeitura-ampliou-a-capacidade-de-atendimentos-pediatricos\/\",\"url\":\"https:\/\/www.pmpf.rs.gov.br\/secretaria-de-saude\/2024\/05\/23\/com-o-hospital-dia-da-crianca-prefeitura-ampliou-a-capacidade-de-atendimentos-pediatricos\/\",\"name\":\"Com o Hospital Dia da Crian\u00e7a, Prefeitura ampliou a capacidade de atendimentos pedi\u00e1tricos - Secretaria de Sa\u00fade\",\"isPartOf\":{\"@id\":\"https:\/\/www.pmpf.rs.gov.br\/secretaria-de-saude\/#website\"},\"primaryImageOfPage\":{\"@id\":\"https:\/\/www.pmpf.rs.gov.br\/secretaria-de-saude\/2024\/05\/23\/com-o-hospital-dia-da-crianca-prefeitura-ampliou-a-capacidade-de-atendimentos-pediatricos\/#primaryimage\"},\"image\":{\"@id\":\"https:\/\/www.pmpf.rs.gov.br\/secretaria-de-saude\/2024\/05\/23\/com-o-hospital-dia-da-crianca-prefeitura-ampliou-a-capacidade-de-atendimentos-pediatricos\/#primaryimage\"},\"thumbnailUrl\":\"https:\/\/www.pmpf.rs.gov.br\/secretaria-de-saude\/wp-content\/uploads\/sites\/50\/2024\/05\/MSF04871-scaled.jpg\",\"datePublished\":\"2024-05-23T16:44:35+00:00\",\"dateModified\":\"2024-05-23T16:44:37+00:00\",\"author\":{\"@id\":\"https:\/\/www.pmpf.rs.gov.br\/secretaria-de-saude\/#\/schema\/person\/30ee1d1bd74da1469b01fcf086e43351\"},\"breadcrumb\":{\"@id\":\"https:\/\/www.pmpf.rs.gov.br\/secretaria-de-saude\/2024\/05\/23\/com-o-hospital-dia-da-crianca-prefeitura-ampliou-a-capacidade-de-atendimentos-pediatricos\/#breadcrumb\"},\"inLanguage\":\"pt-BR\",\"potentialAction\":[{\"@type\":\"ReadAction\",\"target\":[\"https:\/\/www.pmpf.rs.gov.br\/secretaria-de-saude\/2024\/05\/23\/com-o-hospital-dia-da-crianca-prefeitura-ampliou-a-capacidade-de-atendimentos-pediatricos\/\"]}]},{\"@type\":\"ImageObject\",\"inLanguage\":\"pt-BR\",\"@id\":\"https:\/\/www.pmpf.rs.gov.br\/secretaria-de-saude\/2024\/05\/23\/com-o-hospital-dia-da-crianca-prefeitura-ampliou-a-capacidade-de-atendimentos-pediatricos\/#primaryimage\",\"url\":\"https:\/\/www.pmpf.rs.gov.br\/secretaria-de-saude\/wp-content\/uploads\/sites\/50\/2024\/05\/MSF04871-scaled.jpg\",\"contentUrl\":\"https:\/\/www.pmpf.rs.gov.br\/secretaria-de-saude\/wp-content\/uploads\/sites\/50\/2024\/05\/MSF04871-scaled.jpg\",\"width\":2560,\"height\":1707},{\"@type\":\"BreadcrumbList\",\"@id\":\"https:\/\/www.pmpf.rs.gov.br\/secretaria-de-saude\/2024\/05\/23\/com-o-hospital-dia-da-crianca-prefeitura-ampliou-a-capacidade-de-atendimentos-pediatricos\/#breadcrumb\",\"itemListElement\":[{\"@type\":\"ListItem\",\"position\":1,\"name\":\"In\u00edcio\",\"item\":\"https:\/\/www.pmpf.rs.gov.br\/secretaria-de-saude\/\"},{\"@type\":\"ListItem\",\"position\":2,\"name\":\"Com o Hospital Dia da Crian\u00e7a, Prefeitura ampliou a capacidade de atendimentos pedi\u00e1tricos\"}]},{\"@type\":\"WebSite\",\"@id\":\"https:\/\/www.pmpf.rs.gov.br\/secretaria-de-saude\/#website\",\"url\":\"https:\/\/www.pmpf.rs.gov.br\/secretaria-de-saude\/\",\"name\":\"Secretaria de Sa\u00fade\",\"description\":\"S\u00f3 mais um site Prefeitura de Passo Fundo\",\"potentialAction\":[{\"@type\":\"SearchAction\",\"target\":{\"@type\":\"EntryPoint\",\"urlTemplate\":\"https:\/\/www.pmpf.rs.gov.br\/secretaria-de-saude\/?s={search_term_string}\"},\"query-input\":{\"@type\":\"PropertyValueSpecification\",\"valueRequired\":true,\"valueName\":\"search_term_string\"}}],\"inLanguage\":\"pt-BR\"},{\"@type\":\"Person\",\"@id\":\"https:\/\/www.pmpf.rs.gov.br\/secretaria-de-saude\/#\/schema\/person\/30ee1d1bd74da1469b01fcf086e43351\",\"name\":\"andressazorzetto07\",\"image\":{\"@type\":\"ImageObject\",\"inLanguage\":\"pt-BR\",\"@id\":\"https:\/\/www.pmpf.rs.gov.br\/secretaria-de-saude\/#\/schema\/person\/image\/\",\"url\":\"https:\/\/secure.gravatar.com\/avatar\/14c5458ed79dc81da99a13b9ff5f9f19?s=96&d=mm&r=g\",\"contentUrl\":\"https:\/\/secure.gravatar.com\/avatar\/14c5458ed79dc81da99a13b9ff5f9f19?s=96&d=mm&r=g\",\"caption\":\"andressazorzetto07\"},\"url\":\"https:\/\/www.pmpf.rs.gov.br\/secretaria-de-saude\/author\/andressazorzetto07\/\"}]}<\/script>\n<!-- \/ Yoast SEO plugin. -->","yoast_head_json":{"title":"Com o Hospital Dia da Crian\u00e7a, Prefeitura ampliou a capacidade de atendimentos pedi\u00e1tricos - Secretaria de Sa\u00fade","robots":{"index":"index","follow":"follow","max-snippet":"max-snippet:-1","max-image-preview":"max-image-preview:large","max-video-preview":"max-video-preview:-1"},"canonical":"https:\/\/www.pmpf.rs.gov.br\/secretaria-de-saude\/2024\/05\/23\/com-o-hospital-dia-da-crianca-prefeitura-ampliou-a-capacidade-de-atendimentos-pediatricos\/","og_locale":"pt_BR","og_type":"article","og_title":"Com o Hospital Dia da Crian\u00e7a, Prefeitura ampliou a capacidade de atendimentos pedi\u00e1tricos - Secretaria de Sa\u00fade","og_description":"Em 2019, o Munic\u00edpio realizou cerca de 9 mil atendimentos de urg\u00eancia e emerg\u00eancia a crian\u00e7as. No ano passado, foram mais de 33 mil","og_url":"https:\/\/www.pmpf.rs.gov.br\/secretaria-de-saude\/2024\/05\/23\/com-o-hospital-dia-da-crianca-prefeitura-ampliou-a-capacidade-de-atendimentos-pediatricos\/","og_site_name":"Secretaria de Sa\u00fade","article_published_time":"2024-05-23T16:44:35+00:00","article_modified_time":"2024-05-23T16:44:37+00:00","author":"andressazorzetto07","twitter_card":"summary_large_image","twitter_misc":{"Escrito por":"andressazorzetto07","Est. tempo de leitura":"2 minutos"},"schema":{"@context":"https:\/\/schema.org","@graph":[{"@type":"WebPage","@id":"https:\/\/www.pmpf.rs.gov.br\/secretaria-de-saude\/2024\/05\/23\/com-o-hospital-dia-da-crianca-prefeitura-ampliou-a-capacidade-de-atendimentos-pediatricos\/","url":"https:\/\/www.pmpf.rs.gov.br\/secretaria-de-saude\/2024\/05\/23\/com-o-hospital-dia-da-crianca-prefeitura-ampliou-a-capacidade-de-atendimentos-pediatricos\/","name":"Com o Hospital Dia da Crian\u00e7a, Prefeitura ampliou a capacidade de atendimentos pedi\u00e1tricos - Secretaria de Sa\u00fade","isPartOf":{"@id":"https:\/\/www.pmpf.rs.gov.br\/secretaria-de-saude\/#website"},"primaryImageOfPage":{"@id":"https:\/\/www.pmpf.rs.gov.br\/secretaria-de-saude\/2024\/05\/23\/com-o-hospital-dia-da-crianca-prefeitura-ampliou-a-capacidade-de-atendimentos-pediatricos\/#primaryimage"},"image":{"@id":"https:\/\/www.pmpf.rs.gov.br\/secretaria-de-saude\/2024\/05\/23\/com-o-hospital-dia-da-crianca-prefeitura-ampliou-a-capacidade-de-atendimentos-pediatricos\/#primaryimage"},"thumbnailUrl":"https:\/\/www.pmpf.rs.gov.br\/secretaria-de-saude\/wp-content\/uploads\/sites\/50\/2024\/05\/MSF04871-scaled.jpg","datePublished":"2024-05-23T16:44:35+00:00","dateModified":"2024-05-23T16:44:37+00:00","author":{"@id":"https:\/\/www.pmpf.rs.gov.br\/secretaria-de-saude\/#\/schema\/person\/30ee1d1bd74da1469b01fcf086e43351"},"breadcrumb":{"@id":"https:\/\/www.pmpf.rs.gov.br\/secretaria-de-saude\/2024\/05\/23\/com-o-hospital-dia-da-crianca-prefeitura-ampliou-a-capacidade-de-atendimentos-pediatricos\/#breadcrumb"},"inLanguage":"pt-BR","potentialAction":[{"@type":"ReadAction","target":["https:\/\/www.pmpf.rs.gov.br\/secretaria-de-saude\/2024\/05\/23\/com-o-hospital-dia-da-crianca-prefeitura-ampliou-a-capacidade-de-atendimentos-pediatricos\/"]}]},{"@type":"ImageObject","inLanguage":"pt-BR","@id":"https:\/\/www.pmpf.rs.gov.br\/secretaria-de-saude\/2024\/05\/23\/com-o-hospital-dia-da-crianca-prefeitura-ampliou-a-capacidade-de-atendimentos-pediatricos\/#primaryimage","url":"https:\/\/www.pmpf.rs.gov.br\/secretaria-de-saude\/wp-content\/uploads\/sites\/50\/2024\/05\/MSF04871-scaled.jpg","contentUrl":"https:\/\/www.pmpf.rs.gov.br\/secretaria-de-saude\/wp-content\/uploads\/sites\/50\/2024\/05\/MSF04871-scaled.jpg","width":2560,"height":1707},{"@type":"BreadcrumbList","@id":"https:\/\/www.pmpf.rs.gov.br\/secretaria-de-saude\/2024\/05\/23\/com-o-hospital-dia-da-crianca-prefeitura-ampliou-a-capacidade-de-atendimentos-pediatricos\/#breadcrumb","itemListElement":[{"@type":"ListItem","position":1,"name":"In\u00edcio","item":"https:\/\/www.pmpf.rs.gov.br\/secretaria-de-saude\/"},{"@type":"ListItem","position":2,"name":"Com o Hospital Dia da Crian\u00e7a, Prefeitura ampliou a capacidade de atendimentos pedi\u00e1tricos"}]},{"@type":"WebSite","@id":"https:\/\/www.pmpf.rs.gov.br\/secretaria-de-saude\/#website","url":"https:\/\/www.pmpf.rs.gov.br\/secretaria-de-saude\/","name":"Secretaria de Sa\u00fade","description":"S\u00f3 mais um site Prefeitura de Passo Fundo","potentialAction":[{"@type":"SearchAction","target":{"@type":"EntryPoint","urlTemplate":"https:\/\/www.pmpf.rs.gov.br\/secretaria-de-saude\/?s={search_term_string}"},"query-input":{"@type":"PropertyValueSpecification","valueRequired":true,"valueName":"search_term_string"}}],"inLanguage":"pt-BR"},{"@type":"Person","@id":"https:\/\/www.pmpf.rs.gov.br\/secretaria-de-saude\/#\/schema\/person\/30ee1d1bd74da1469b01fcf086e43351","name":"andressazorzetto07","image":{"@type":"ImageObject","inLanguage":"pt-BR","@id":"https:\/\/www.pmpf.rs.gov.br\/secretaria-de-saude\/#\/schema\/person\/image\/","url":"https:\/\/secure.gravatar.com\/avatar\/14c5458ed79dc81da99a13b9ff5f9f19?s=96&d=mm&r=g","contentUrl":"https:\/\/secure.gravatar.com\/avatar\/14c5458ed79dc81da99a13b9ff5f9f19?s=96&d=mm&r=g","caption":"andressazorzetto07"},"url":"https:\/\/www.pmpf.rs.gov.br\/secretaria-de-saude\/author\/andressazorzetto07\/"}]}},"_links":{"self":[{"href":"https:\/\/www.pmpf.rs.gov.br\/secretaria-de-saude\/wp-json\/wp\/v2\/posts\/4025"}],"collection":[{"href":"https:\/\/www.pmpf.rs.gov.br\/secretaria-de-saude\/wp-json\/wp\/v2\/posts"}],"about":[{"href":"https:\/\/www.pmpf.rs.gov.br\/secretaria-de-saude\/wp-json\/wp\/v2\/types\/post"}],"author":[{"embeddable":true,"href":"https:\/\/www.pmpf.rs.gov.br\/secretaria-de-saude\/wp-json\/wp\/v2\/users\/6"}],"replies":[{"embeddable":true,"href":"https:\/\/www.pmpf.rs.gov.br\/secretaria-de-saude\/wp-json\/wp\/v2\/comments?post=4025"}],"version-history":[{"count":1,"href":"https:\/\/www.pmpf.rs.gov.br\/secretaria-de-saude\/wp-json\/wp\/v2\/posts\/4025\/revisions"}],"predecessor-version":[{"id":4027,"href":"https:\/\/www.pmpf.rs.gov.br\/secretaria-de-saude\/wp-json\/wp\/v2\/posts\/4025\/revisions\/4027"}],"wp:featuredmedia":[{"embeddable":true,"href":"https:\/\/www.pmpf.rs.gov.br\/secretaria-de-saude\/wp-json\/wp\/v2\/media\/4026"}],"wp:attachment":[{"href":"https:\/\/www.pmpf.rs.gov.br\/secretaria-de-saude\/wp-json\/wp\/v2\/media?parent=4025"}],"wp:term":[{"taxonomy":"category","embeddable":true,"href":"https:\/\/www.pmpf.rs.gov.br\/secretaria-de-saude\/wp-json\/wp\/v2\/categories?post=4025"},{"taxonomy":"post_tag","embeddable":true,"href":"https:\/\/www.pmpf.rs.gov.br\/secretaria-de-saude\/wp-json\/wp\/v2\/tags?post=4025"}],"curies":[{"name":"wp","href":"https:\/\/api.w.org\/{rel}","templated":true}]}}