{"id":4022,"date":"2024-05-23T10:02:59","date_gmt":"2024-05-23T13:02:59","guid":{"rendered":"https:\/\/www.pmpf.rs.gov.br\/secretaria-de-saude\/?p=4022"},"modified":"2024-05-23T10:03:02","modified_gmt":"2024-05-23T13:03:02","slug":"prefeitura-lanca-campanha-de-vacinacao-contra-influenza-nas-empresas","status":"publish","type":"post","link":"https:\/\/www.pmpf.rs.gov.br\/secretaria-de-saude\/2024\/05\/23\/prefeitura-lanca-campanha-de-vacinacao-contra-influenza-nas-empresas\/","title":{"rendered":"Prefeitura lan\u00e7a campanha de vacina\u00e7\u00e3o contra influenza nas empresas"},"content":{"rendered":"\n<p>A Prefeitura, em parceria com a C\u00e2mara de Dirigentes Lojistas (CDL), a Associa\u00e7\u00e3o Comercial, Industrial, de Servi\u00e7os e Agropecu\u00e1ria (ACISA) e o Sindicato da Ind\u00fastria da Constru\u00e7\u00e3o Civil (Sinduscon), lan\u00e7ou uma nova campanha de sa\u00fade voltada para empresas com mais de 30 colaboradores. A a\u00e7\u00e3o visa facilitar o acesso \u00e0 vacina contra a influenza diretamente nas depend\u00eancias das empresas, al\u00e9m de fornecer orienta\u00e7\u00f5es sobre dengue e distribuir materiais educativos.<\/p>\n\n\n\n<p>De acordo com a coordenadora de Vigil\u00e2ncia em Sa\u00fade, Marisa Zanatta, a ideia foi uma iniciativa do prefeito Pedro Almeida, apresentada em uma reuni\u00e3o com os coordenadores da Sa\u00fade. &#8220;A partir de ent\u00e3o, n\u00f3s fizemos uma reuni\u00e3o com os representantes da ACISA, CDL e Sinduscon, onde oferecemos levar uma equipe at\u00e9 as empresas para vacinar os funcion\u00e1rios que ainda n\u00e3o realizaram a vacina contra a gripe este ano. A ideia foi muito bem aceita por todos&#8221;, afirmou Marisa.<\/p>\n\n\n\n<p>Al\u00e9m da vacina\u00e7\u00e3o, a equipe da Secretaria de Sa\u00fade tamb\u00e9m fornecer\u00e1 orienta\u00e7\u00f5es sobre a preven\u00e7\u00e3o da dengue e distribuir\u00e1 materiais informativos. &#8220;Acreditamos que quanto mais pessoas vacinadas, melhor. Estamos preocupados com uma poss\u00edvel sobrecarga nos hospitais este ano, especialmente devido \u00e0s enchentes recentes. A vacina \u00e9 o meio mais eficaz para evitar formas graves da gripe, hospitaliza\u00e7\u00f5es e \u00f3bitos&#8221;, ressaltou a coordenadora.<\/p>\n\n\n\n<p>Marisa destacou ainda que a vacina contra a influenza est\u00e1 dispon\u00edvel gratuitamente para toda a popula\u00e7\u00e3o acima de seis meses de idade. &#8220;Recebemos v\u00e1rias liga\u00e7\u00f5es de pessoas perguntando se a vacina \u00e9 realmente gratuita. Sim, \u00e9 gratuita e est\u00e1 dispon\u00edvel para todos&#8221;, afirmou.<\/p>\n\n\n\n<p>A campanha j\u00e1 come\u00e7ou a receber retornos positivos das empresas, que est\u00e3o colaborando ativamente para garantir a vacina\u00e7\u00e3o de seus funcion\u00e1rios. &#8220;Estamos divulgando amplamente essa iniciativa, mas sabemos que nem todos t\u00eam conhecimento de que a vacina est\u00e1 dispon\u00edvel para todos. Por isso, essa a\u00e7\u00e3o \u00e9 t\u00e3o importante&#8221;, concluiu Marisa.<\/p>\n","protected":false},"excerpt":{"rendered":"<p>Iniciativa busca aumentar cobertura vacinal e oferecer orienta\u00e7\u00f5es sobre sa\u00fade aos trabalhadores<\/p>\n","protected":false},"author":24,"featured_media":4023,"comment_status":"closed","ping_status":"closed","sticky":false,"template":"","format":"standard","meta":{"footnotes":""},"categories":[1],"tags":[],"class_list":["post-4022","post","type-post","status-publish","format-standard","has-post-thumbnail","hentry","category-sem-categoria"],"yoast_head":"<!-- This site is optimized with the Yoast SEO plugin v23.8 - https:\/\/yoast.com\/wordpress\/plugins\/seo\/ -->\n<title>Prefeitura lan\u00e7a campanha de vacina\u00e7\u00e3o contra influenza nas empresas - Secretaria de Sa\u00fade<\/title>\n<meta name=\"robots\" content=\"index, follow, max-snippet:-1, max-image-preview:large, max-video-preview:-1\" \/>\n<link rel=\"canonical\" href=\"https:\/\/www.pmpf.rs.gov.br\/secretaria-de-saude\/2024\/05\/23\/prefeitura-lanca-campanha-de-vacinacao-contra-influenza-nas-empresas\/\" \/>\n<meta property=\"og:locale\" content=\"pt_BR\" \/>\n<meta property=\"og:type\" content=\"article\" \/>\n<meta property=\"og:title\" content=\"Prefeitura lan\u00e7a campanha de vacina\u00e7\u00e3o contra influenza nas empresas - Secretaria de Sa\u00fade\" \/>\n<meta property=\"og:description\" content=\"Iniciativa busca aumentar cobertura vacinal e oferecer orienta\u00e7\u00f5es sobre sa\u00fade aos trabalhadores\" \/>\n<meta property=\"og:url\" content=\"https:\/\/www.pmpf.rs.gov.br\/secretaria-de-saude\/2024\/05\/23\/prefeitura-lanca-campanha-de-vacinacao-contra-influenza-nas-empresas\/\" \/>\n<meta property=\"og:site_name\" content=\"Secretaria de Sa\u00fade\" \/>\n<meta property=\"article:published_time\" content=\"2024-05-23T13:02:59+00:00\" \/>\n<meta property=\"article:modified_time\" content=\"2024-05-23T13:03:02+00:00\" \/>\n<meta name=\"author\" content=\"lilicrivello\" \/>\n<meta name=\"twitter:card\" content=\"summary_large_image\" \/>\n<meta name=\"twitter:label1\" content=\"Escrito por\" \/>\n\t<meta name=\"twitter:data1\" content=\"lilicrivello\" \/>\n\t<meta name=\"twitter:label2\" content=\"Est. tempo de leitura\" \/>\n\t<meta name=\"twitter:data2\" content=\"2 minutos\" \/>\n<script type=\"application\/ld+json\" class=\"yoast-schema-graph\">{\"@context\":\"https:\/\/schema.org\",\"@graph\":[{\"@type\":\"WebPage\",\"@id\":\"https:\/\/www.pmpf.rs.gov.br\/secretaria-de-saude\/2024\/05\/23\/prefeitura-lanca-campanha-de-vacinacao-contra-influenza-nas-empresas\/\",\"url\":\"https:\/\/www.pmpf.rs.gov.br\/secretaria-de-saude\/2024\/05\/23\/prefeitura-lanca-campanha-de-vacinacao-contra-influenza-nas-empresas\/\",\"name\":\"Prefeitura lan\u00e7a campanha de vacina\u00e7\u00e3o contra influenza nas empresas - Secretaria de Sa\u00fade\",\"isPartOf\":{\"@id\":\"https:\/\/www.pmpf.rs.gov.br\/secretaria-de-saude\/#website\"},\"primaryImageOfPage\":{\"@id\":\"https:\/\/www.pmpf.rs.gov.br\/secretaria-de-saude\/2024\/05\/23\/prefeitura-lanca-campanha-de-vacinacao-contra-influenza-nas-empresas\/#primaryimage\"},\"image\":{\"@id\":\"https:\/\/www.pmpf.rs.gov.br\/secretaria-de-saude\/2024\/05\/23\/prefeitura-lanca-campanha-de-vacinacao-contra-influenza-nas-empresas\/#primaryimage\"},\"thumbnailUrl\":\"https:\/\/www.pmpf.rs.gov.br\/secretaria-de-saude\/wp-content\/uploads\/sites\/50\/2024\/05\/WhatsApp-Image-2024-05-23-at-10.00.35.jpeg\",\"datePublished\":\"2024-05-23T13:02:59+00:00\",\"dateModified\":\"2024-05-23T13:03:02+00:00\",\"author\":{\"@id\":\"https:\/\/www.pmpf.rs.gov.br\/secretaria-de-saude\/#\/schema\/person\/6e93b0ab2174b69f691ac4f278ba2d0a\"},\"breadcrumb\":{\"@id\":\"https:\/\/www.pmpf.rs.gov.br\/secretaria-de-saude\/2024\/05\/23\/prefeitura-lanca-campanha-de-vacinacao-contra-influenza-nas-empresas\/#breadcrumb\"},\"inLanguage\":\"pt-BR\",\"potentialAction\":[{\"@type\":\"ReadAction\",\"target\":[\"https:\/\/www.pmpf.rs.gov.br\/secretaria-de-saude\/2024\/05\/23\/prefeitura-lanca-campanha-de-vacinacao-contra-influenza-nas-empresas\/\"]}]},{\"@type\":\"ImageObject\",\"inLanguage\":\"pt-BR\",\"@id\":\"https:\/\/www.pmpf.rs.gov.br\/secretaria-de-saude\/2024\/05\/23\/prefeitura-lanca-campanha-de-vacinacao-contra-influenza-nas-empresas\/#primaryimage\",\"url\":\"https:\/\/www.pmpf.rs.gov.br\/secretaria-de-saude\/wp-content\/uploads\/sites\/50\/2024\/05\/WhatsApp-Image-2024-05-23-at-10.00.35.jpeg\",\"contentUrl\":\"https:\/\/www.pmpf.rs.gov.br\/secretaria-de-saude\/wp-content\/uploads\/sites\/50\/2024\/05\/WhatsApp-Image-2024-05-23-at-10.00.35.jpeg\",\"width\":1600,\"height\":1066},{\"@type\":\"BreadcrumbList\",\"@id\":\"https:\/\/www.pmpf.rs.gov.br\/secretaria-de-saude\/2024\/05\/23\/prefeitura-lanca-campanha-de-vacinacao-contra-influenza-nas-empresas\/#breadcrumb\",\"itemListElement\":[{\"@type\":\"ListItem\",\"position\":1,\"name\":\"In\u00edcio\",\"item\":\"https:\/\/www.pmpf.rs.gov.br\/secretaria-de-saude\/\"},{\"@type\":\"ListItem\",\"position\":2,\"name\":\"Prefeitura lan\u00e7a campanha de vacina\u00e7\u00e3o contra influenza nas empresas\"}]},{\"@type\":\"WebSite\",\"@id\":\"https:\/\/www.pmpf.rs.gov.br\/secretaria-de-saude\/#website\",\"url\":\"https:\/\/www.pmpf.rs.gov.br\/secretaria-de-saude\/\",\"name\":\"Secretaria de Sa\u00fade\",\"description\":\"S\u00f3 mais um site Prefeitura de Passo Fundo\",\"potentialAction\":[{\"@type\":\"SearchAction\",\"target\":{\"@type\":\"EntryPoint\",\"urlTemplate\":\"https:\/\/www.pmpf.rs.gov.br\/secretaria-de-saude\/?s={search_term_string}\"},\"query-input\":{\"@type\":\"PropertyValueSpecification\",\"valueRequired\":true,\"valueName\":\"search_term_string\"}}],\"inLanguage\":\"pt-BR\"},{\"@type\":\"Person\",\"@id\":\"https:\/\/www.pmpf.rs.gov.br\/secretaria-de-saude\/#\/schema\/person\/6e93b0ab2174b69f691ac4f278ba2d0a\",\"name\":\"lilicrivello\",\"image\":{\"@type\":\"ImageObject\",\"inLanguage\":\"pt-BR\",\"@id\":\"https:\/\/www.pmpf.rs.gov.br\/secretaria-de-saude\/#\/schema\/person\/image\/\",\"url\":\"https:\/\/secure.gravatar.com\/avatar\/0b546b667388f8edb7b67d70a57b5e46?s=96&d=mm&r=g\",\"contentUrl\":\"https:\/\/secure.gravatar.com\/avatar\/0b546b667388f8edb7b67d70a57b5e46?s=96&d=mm&r=g\",\"caption\":\"lilicrivello\"},\"url\":\"https:\/\/www.pmpf.rs.gov.br\/secretaria-de-saude\/author\/lilicrivello\/\"}]}<\/script>\n<!-- \/ Yoast SEO plugin. -->","yoast_head_json":{"title":"Prefeitura lan\u00e7a campanha de vacina\u00e7\u00e3o contra influenza nas empresas - Secretaria de Sa\u00fade","robots":{"index":"index","follow":"follow","max-snippet":"max-snippet:-1","max-image-preview":"max-image-preview:large","max-video-preview":"max-video-preview:-1"},"canonical":"https:\/\/www.pmpf.rs.gov.br\/secretaria-de-saude\/2024\/05\/23\/prefeitura-lanca-campanha-de-vacinacao-contra-influenza-nas-empresas\/","og_locale":"pt_BR","og_type":"article","og_title":"Prefeitura lan\u00e7a campanha de vacina\u00e7\u00e3o contra influenza nas empresas - Secretaria de Sa\u00fade","og_description":"Iniciativa busca aumentar cobertura vacinal e oferecer orienta\u00e7\u00f5es sobre sa\u00fade aos trabalhadores","og_url":"https:\/\/www.pmpf.rs.gov.br\/secretaria-de-saude\/2024\/05\/23\/prefeitura-lanca-campanha-de-vacinacao-contra-influenza-nas-empresas\/","og_site_name":"Secretaria de Sa\u00fade","article_published_time":"2024-05-23T13:02:59+00:00","article_modified_time":"2024-05-23T13:03:02+00:00","author":"lilicrivello","twitter_card":"summary_large_image","twitter_misc":{"Escrito por":"lilicrivello","Est. tempo de leitura":"2 minutos"},"schema":{"@context":"https:\/\/schema.org","@graph":[{"@type":"WebPage","@id":"https:\/\/www.pmpf.rs.gov.br\/secretaria-de-saude\/2024\/05\/23\/prefeitura-lanca-campanha-de-vacinacao-contra-influenza-nas-empresas\/","url":"https:\/\/www.pmpf.rs.gov.br\/secretaria-de-saude\/2024\/05\/23\/prefeitura-lanca-campanha-de-vacinacao-contra-influenza-nas-empresas\/","name":"Prefeitura lan\u00e7a campanha de vacina\u00e7\u00e3o contra influenza nas empresas - Secretaria de Sa\u00fade","isPartOf":{"@id":"https:\/\/www.pmpf.rs.gov.br\/secretaria-de-saude\/#website"},"primaryImageOfPage":{"@id":"https:\/\/www.pmpf.rs.gov.br\/secretaria-de-saude\/2024\/05\/23\/prefeitura-lanca-campanha-de-vacinacao-contra-influenza-nas-empresas\/#primaryimage"},"image":{"@id":"https:\/\/www.pmpf.rs.gov.br\/secretaria-de-saude\/2024\/05\/23\/prefeitura-lanca-campanha-de-vacinacao-contra-influenza-nas-empresas\/#primaryimage"},"thumbnailUrl":"https:\/\/www.pmpf.rs.gov.br\/secretaria-de-saude\/wp-content\/uploads\/sites\/50\/2024\/05\/WhatsApp-Image-2024-05-23-at-10.00.35.jpeg","datePublished":"2024-05-23T13:02:59+00:00","dateModified":"2024-05-23T13:03:02+00:00","author":{"@id":"https:\/\/www.pmpf.rs.gov.br\/secretaria-de-saude\/#\/schema\/person\/6e93b0ab2174b69f691ac4f278ba2d0a"},"breadcrumb":{"@id":"https:\/\/www.pmpf.rs.gov.br\/secretaria-de-saude\/2024\/05\/23\/prefeitura-lanca-campanha-de-vacinacao-contra-influenza-nas-empresas\/#breadcrumb"},"inLanguage":"pt-BR","potentialAction":[{"@type":"ReadAction","target":["https:\/\/www.pmpf.rs.gov.br\/secretaria-de-saude\/2024\/05\/23\/prefeitura-lanca-campanha-de-vacinacao-contra-influenza-nas-empresas\/"]}]},{"@type":"ImageObject","inLanguage":"pt-BR","@id":"https:\/\/www.pmpf.rs.gov.br\/secretaria-de-saude\/2024\/05\/23\/prefeitura-lanca-campanha-de-vacinacao-contra-influenza-nas-empresas\/#primaryimage","url":"https:\/\/www.pmpf.rs.gov.br\/secretaria-de-saude\/wp-content\/uploads\/sites\/50\/2024\/05\/WhatsApp-Image-2024-05-23-at-10.00.35.jpeg","contentUrl":"https:\/\/www.pmpf.rs.gov.br\/secretaria-de-saude\/wp-content\/uploads\/sites\/50\/2024\/05\/WhatsApp-Image-2024-05-23-at-10.00.35.jpeg","width":1600,"height":1066},{"@type":"BreadcrumbList","@id":"https:\/\/www.pmpf.rs.gov.br\/secretaria-de-saude\/2024\/05\/23\/prefeitura-lanca-campanha-de-vacinacao-contra-influenza-nas-empresas\/#breadcrumb","itemListElement":[{"@type":"ListItem","position":1,"name":"In\u00edcio","item":"https:\/\/www.pmpf.rs.gov.br\/secretaria-de-saude\/"},{"@type":"ListItem","position":2,"name":"Prefeitura lan\u00e7a campanha de vacina\u00e7\u00e3o contra influenza nas empresas"}]},{"@type":"WebSite","@id":"https:\/\/www.pmpf.rs.gov.br\/secretaria-de-saude\/#website","url":"https:\/\/www.pmpf.rs.gov.br\/secretaria-de-saude\/","name":"Secretaria de Sa\u00fade","description":"S\u00f3 mais um site Prefeitura de Passo Fundo","potentialAction":[{"@type":"SearchAction","target":{"@type":"EntryPoint","urlTemplate":"https:\/\/www.pmpf.rs.gov.br\/secretaria-de-saude\/?s={search_term_string}"},"query-input":{"@type":"PropertyValueSpecification","valueRequired":true,"valueName":"search_term_string"}}],"inLanguage":"pt-BR"},{"@type":"Person","@id":"https:\/\/www.pmpf.rs.gov.br\/secretaria-de-saude\/#\/schema\/person\/6e93b0ab2174b69f691ac4f278ba2d0a","name":"lilicrivello","image":{"@type":"ImageObject","inLanguage":"pt-BR","@id":"https:\/\/www.pmpf.rs.gov.br\/secretaria-de-saude\/#\/schema\/person\/image\/","url":"https:\/\/secure.gravatar.com\/avatar\/0b546b667388f8edb7b67d70a57b5e46?s=96&d=mm&r=g","contentUrl":"https:\/\/secure.gravatar.com\/avatar\/0b546b667388f8edb7b67d70a57b5e46?s=96&d=mm&r=g","caption":"lilicrivello"},"url":"https:\/\/www.pmpf.rs.gov.br\/secretaria-de-saude\/author\/lilicrivello\/"}]}},"_links":{"self":[{"href":"https:\/\/www.pmpf.rs.gov.br\/secretaria-de-saude\/wp-json\/wp\/v2\/posts\/4022"}],"collection":[{"href":"https:\/\/www.pmpf.rs.gov.br\/secretaria-de-saude\/wp-json\/wp\/v2\/posts"}],"about":[{"href":"https:\/\/www.pmpf.rs.gov.br\/secretaria-de-saude\/wp-json\/wp\/v2\/types\/post"}],"author":[{"embeddable":true,"href":"https:\/\/www.pmpf.rs.gov.br\/secretaria-de-saude\/wp-json\/wp\/v2\/users\/24"}],"replies":[{"embeddable":true,"href":"https:\/\/www.pmpf.rs.gov.br\/secretaria-de-saude\/wp-json\/wp\/v2\/comments?post=4022"}],"version-history":[{"count":1,"href":"https:\/\/www.pmpf.rs.gov.br\/secretaria-de-saude\/wp-json\/wp\/v2\/posts\/4022\/revisions"}],"predecessor-version":[{"id":4024,"href":"https:\/\/www.pmpf.rs.gov.br\/secretaria-de-saude\/wp-json\/wp\/v2\/posts\/4022\/revisions\/4024"}],"wp:featuredmedia":[{"embeddable":true,"href":"https:\/\/www.pmpf.rs.gov.br\/secretaria-de-saude\/wp-json\/wp\/v2\/media\/4023"}],"wp:attachment":[{"href":"https:\/\/www.pmpf.rs.gov.br\/secretaria-de-saude\/wp-json\/wp\/v2\/media?parent=4022"}],"wp:term":[{"taxonomy":"category","embeddable":true,"href":"https:\/\/www.pmpf.rs.gov.br\/secretaria-de-saude\/wp-json\/wp\/v2\/categories?post=4022"},{"taxonomy":"post_tag","embeddable":true,"href":"https:\/\/www.pmpf.rs.gov.br\/secretaria-de-saude\/wp-json\/wp\/v2\/tags?post=4022"}],"curies":[{"name":"wp","href":"https:\/\/api.w.org\/{rel}","templated":true}]}}