{"id":4019,"date":"2024-05-22T15:45:24","date_gmt":"2024-05-22T18:45:24","guid":{"rendered":"https:\/\/www.pmpf.rs.gov.br\/secretaria-de-saude\/?p=4019"},"modified":"2024-05-22T15:45:25","modified_gmt":"2024-05-22T18:45:25","slug":"vacinacao-contra-a-gripe-reduz-sintomas-complicacoes-e-sobrecarga-dos-servicos-de-saude","status":"publish","type":"post","link":"https:\/\/www.pmpf.rs.gov.br\/secretaria-de-saude\/2024\/05\/22\/vacinacao-contra-a-gripe-reduz-sintomas-complicacoes-e-sobrecarga-dos-servicos-de-saude\/","title":{"rendered":"Vacina\u00e7\u00e3o contra a gripe reduz sintomas, complica\u00e7\u00f5es e sobrecarga dos servi\u00e7os de sa\u00fade"},"content":{"rendered":"\n<p>A vacina contra a gripe \u00e9 disponibilizada anualmente no sistema p\u00fablico de sa\u00fade a fim de reduzir sintomas e complica\u00e7\u00f5es na popula\u00e7\u00e3o e tamb\u00e9m evitar a sobrecarga dos hospitais em decorr\u00eancia das doen\u00e7as respirat\u00f3rias. Em Passo Fundo, a vacina\u00e7\u00e3o est\u00e1 aberta para toda a popula\u00e7\u00e3o desde o dia 6 de maio. At\u00e9 o momento, 40 mil passo-fundenses fizeram o refor\u00e7o anual.<\/p>\n\n\n\n<p>Conforme a secret\u00e1ria de Sa\u00fade, Cristine Pilati, o objetivo da Prefeitura \u00e9 ampliar este n\u00famero, sobretudo, em se tratando dos grupos de risco. Enquanto a cobertura considerada satisfat\u00f3ria para as pessoas priorit\u00e1rias \u00e9 de 90%, somente 40% fizeram a vacina. \u201c\u00c9 muito importante que a popula\u00e7\u00e3o fa\u00e7a o refor\u00e7o da vacina anual contra a gripe, que \u00e9 atualizada com as cepas dos v\u00edrus que est\u00e3o em maior circula\u00e7\u00e3o. Desta forma, conseguimos minimizar a carga viral e os sintomas na popula\u00e7\u00e3o geral e, ainda, prevenir complica\u00e7\u00f5es nos grupos considerados de risco. Lembrando que, no inverno, temos o aumento da procura pelos servi\u00e7os de sa\u00fade por conta dos quadros respirat\u00f3rios e, ao conseguirmos elevar a cobertura vacinal, tamb\u00e9m atenuamos este impacto\u201d, disse.<\/p>\n\n\n\n<p>O refor\u00e7o disponibilizado na rede p\u00fablica de sa\u00fade \u00e9 trivalente, ou seja, com tr\u00eas tipos de cepas de v\u00edrus em combina\u00e7\u00e3o. Neste ano, protege contra Influenza A H1N1, Influenza A H3N2 e Influenza B linhagem Victoria.<\/p>\n\n\n\n<p>Em Passo Fundo, s\u00e3o 24 salas de vacina\u00e7\u00e3o, nos bairros e na regi\u00e3o central, com hor\u00e1rios de funcionamento flex\u00edveis. Para a vacina\u00e7\u00e3o, \u00e9 necess\u00e1rio apresentar documento de identifica\u00e7\u00e3o com foto e cart\u00e3o SUS ou CPF. Crian\u00e7as e adolescentes tamb\u00e9m devem ter junto a carteirinha de vacina\u00e7\u00e3o.<\/p>\n\n\n\n<p>Em se tratando das pessoas acamadas as equipes das unidades de sa\u00fade ir\u00e3o at\u00e9 a resid\u00eancia para vacina\u00e7\u00e3o em casa. A vacina\u00e7\u00e3o deste p\u00fablico dever\u00e1 ser solicitada por telefone na unidade de sa\u00fade de sua refer\u00eancia para que a equipe consiga organizar a demanda.<\/p>\n\n\n\n<p><strong>Locais de vacina\u00e7\u00e3o<br><\/strong>\u2022 Central de Vacinas<br>\u2022 Cais H\u00edpica<br>\u2022 Cais Boqueir\u00e3o<br>\u2022 Cais Vila Lu\u00edza<br>\u2022 Cais S\u00e3o Crist\u00f3v\u00e3o<br>\u2022 ESF Adriana L\u00edrio<br>\u2022 ESF S\u00e3o Jos\u00e9<br>\u2022 ESF S\u00e3o Luiz Gonzaga<br>\u2022 ESF Adolfo Groth<br>\u2022 ESF Don\u00e1ria \/ Santa Marta<br>\u2022 ESF Mattos<br>\u2022 ESF Nen\u00ea Graeff<br>\u2022 ESF Jer\u00f4nimo Coelho<br>\u2022 ESF Planaltina<br>\u2022 ESF Valinhos<br>\u2022 ESF Ricci<br>\u2022 ESF Zachia<br>\u2022 ESF Adirbal Corralo<br>\u2022 ESF Jaboticabal<br>\u2022 ESF Caic Edu Azambuja<br>\u2022 UBS Parque Farroupilha<br>\u2022 UBS Jardim Am\u00e9rica<br>\u2022 UBS Vila Nova \/ Santa Maria<br>\u2022 UBS Santo Ant\u00f4nio da Pedreira<\/p>\n\n\n\n<p><strong>Hor\u00e1rios<br><\/strong>UBS e ESF<br>Segunda a sexta-feira \u2013 das 8h \u00e0s 11h30 e das 13h \u00e0s 16h30<\/p>\n\n\n\n<p>Central de Vacinas<br>Segunda a sexta-feira \u2013 das 8h \u00e0s 18h<\/p>\n\n\n\n<p>Cais<br>Segunda a sexta-feira \u2013 das 8h \u00e0s 18h30<br>S\u00e1bado \u2013 das 8h \u00e0s 11h<\/p>\n\n\n\n<p>Cais Fragomeni<br>Segunda a sexta-feira \u2013 das 8h \u00e0s 21h30<br>S\u00e1bado e domingo \u2013 das 8h \u00e0s 20h<\/p>\n","protected":false},"excerpt":{"rendered":"<p>Em Passo Fundo, o refor\u00e7o anual est\u00e1 dispon\u00edvel para a toda a popula\u00e7\u00e3o em 24 unidades de sa\u00fade<\/p>\n","protected":false},"author":24,"featured_media":4020,"comment_status":"closed","ping_status":"closed","sticky":false,"template":"","format":"standard","meta":{"footnotes":""},"categories":[1],"tags":[],"class_list":["post-4019","post","type-post","status-publish","format-standard","has-post-thumbnail","hentry","category-sem-categoria"],"yoast_head":"<!-- This site is optimized with the Yoast SEO plugin v23.8 - https:\/\/yoast.com\/wordpress\/plugins\/seo\/ -->\n<title>Vacina\u00e7\u00e3o contra a gripe reduz sintomas, complica\u00e7\u00f5es e sobrecarga dos servi\u00e7os de sa\u00fade - Secretaria de Sa\u00fade<\/title>\n<meta name=\"robots\" content=\"index, follow, max-snippet:-1, max-image-preview:large, max-video-preview:-1\" \/>\n<link rel=\"canonical\" href=\"https:\/\/www.pmpf.rs.gov.br\/secretaria-de-saude\/2024\/05\/22\/vacinacao-contra-a-gripe-reduz-sintomas-complicacoes-e-sobrecarga-dos-servicos-de-saude\/\" \/>\n<meta property=\"og:locale\" content=\"pt_BR\" \/>\n<meta property=\"og:type\" content=\"article\" \/>\n<meta property=\"og:title\" content=\"Vacina\u00e7\u00e3o contra a gripe reduz sintomas, complica\u00e7\u00f5es e sobrecarga dos servi\u00e7os de sa\u00fade - Secretaria de Sa\u00fade\" \/>\n<meta property=\"og:description\" content=\"Em Passo Fundo, o refor\u00e7o anual est\u00e1 dispon\u00edvel para a toda a popula\u00e7\u00e3o em 24 unidades de sa\u00fade\" \/>\n<meta property=\"og:url\" content=\"https:\/\/www.pmpf.rs.gov.br\/secretaria-de-saude\/2024\/05\/22\/vacinacao-contra-a-gripe-reduz-sintomas-complicacoes-e-sobrecarga-dos-servicos-de-saude\/\" \/>\n<meta property=\"og:site_name\" content=\"Secretaria de Sa\u00fade\" \/>\n<meta property=\"article:published_time\" content=\"2024-05-22T18:45:24+00:00\" \/>\n<meta property=\"article:modified_time\" content=\"2024-05-22T18:45:25+00:00\" \/>\n<meta name=\"author\" content=\"lilicrivello\" \/>\n<meta name=\"twitter:card\" content=\"summary_large_image\" \/>\n<meta name=\"twitter:label1\" content=\"Escrito por\" \/>\n\t<meta name=\"twitter:data1\" content=\"lilicrivello\" \/>\n\t<meta name=\"twitter:label2\" content=\"Est. tempo de leitura\" \/>\n\t<meta name=\"twitter:data2\" content=\"2 minutos\" \/>\n<script type=\"application\/ld+json\" class=\"yoast-schema-graph\">{\"@context\":\"https:\/\/schema.org\",\"@graph\":[{\"@type\":\"WebPage\",\"@id\":\"https:\/\/www.pmpf.rs.gov.br\/secretaria-de-saude\/2024\/05\/22\/vacinacao-contra-a-gripe-reduz-sintomas-complicacoes-e-sobrecarga-dos-servicos-de-saude\/\",\"url\":\"https:\/\/www.pmpf.rs.gov.br\/secretaria-de-saude\/2024\/05\/22\/vacinacao-contra-a-gripe-reduz-sintomas-complicacoes-e-sobrecarga-dos-servicos-de-saude\/\",\"name\":\"Vacina\u00e7\u00e3o contra a gripe reduz sintomas, complica\u00e7\u00f5es e sobrecarga dos servi\u00e7os de sa\u00fade - Secretaria de Sa\u00fade\",\"isPartOf\":{\"@id\":\"https:\/\/www.pmpf.rs.gov.br\/secretaria-de-saude\/#website\"},\"primaryImageOfPage\":{\"@id\":\"https:\/\/www.pmpf.rs.gov.br\/secretaria-de-saude\/2024\/05\/22\/vacinacao-contra-a-gripe-reduz-sintomas-complicacoes-e-sobrecarga-dos-servicos-de-saude\/#primaryimage\"},\"image\":{\"@id\":\"https:\/\/www.pmpf.rs.gov.br\/secretaria-de-saude\/2024\/05\/22\/vacinacao-contra-a-gripe-reduz-sintomas-complicacoes-e-sobrecarga-dos-servicos-de-saude\/#primaryimage\"},\"thumbnailUrl\":\"https:\/\/www.pmpf.rs.gov.br\/secretaria-de-saude\/wp-content\/uploads\/sites\/50\/2024\/05\/WhatsApp-Image-2024-05-22-at-14.31.38.jpeg\",\"datePublished\":\"2024-05-22T18:45:24+00:00\",\"dateModified\":\"2024-05-22T18:45:25+00:00\",\"author\":{\"@id\":\"https:\/\/www.pmpf.rs.gov.br\/secretaria-de-saude\/#\/schema\/person\/6e93b0ab2174b69f691ac4f278ba2d0a\"},\"breadcrumb\":{\"@id\":\"https:\/\/www.pmpf.rs.gov.br\/secretaria-de-saude\/2024\/05\/22\/vacinacao-contra-a-gripe-reduz-sintomas-complicacoes-e-sobrecarga-dos-servicos-de-saude\/#breadcrumb\"},\"inLanguage\":\"pt-BR\",\"potentialAction\":[{\"@type\":\"ReadAction\",\"target\":[\"https:\/\/www.pmpf.rs.gov.br\/secretaria-de-saude\/2024\/05\/22\/vacinacao-contra-a-gripe-reduz-sintomas-complicacoes-e-sobrecarga-dos-servicos-de-saude\/\"]}]},{\"@type\":\"ImageObject\",\"inLanguage\":\"pt-BR\",\"@id\":\"https:\/\/www.pmpf.rs.gov.br\/secretaria-de-saude\/2024\/05\/22\/vacinacao-contra-a-gripe-reduz-sintomas-complicacoes-e-sobrecarga-dos-servicos-de-saude\/#primaryimage\",\"url\":\"https:\/\/www.pmpf.rs.gov.br\/secretaria-de-saude\/wp-content\/uploads\/sites\/50\/2024\/05\/WhatsApp-Image-2024-05-22-at-14.31.38.jpeg\",\"contentUrl\":\"https:\/\/www.pmpf.rs.gov.br\/secretaria-de-saude\/wp-content\/uploads\/sites\/50\/2024\/05\/WhatsApp-Image-2024-05-22-at-14.31.38.jpeg\",\"width\":1600,\"height\":1066},{\"@type\":\"BreadcrumbList\",\"@id\":\"https:\/\/www.pmpf.rs.gov.br\/secretaria-de-saude\/2024\/05\/22\/vacinacao-contra-a-gripe-reduz-sintomas-complicacoes-e-sobrecarga-dos-servicos-de-saude\/#breadcrumb\",\"itemListElement\":[{\"@type\":\"ListItem\",\"position\":1,\"name\":\"In\u00edcio\",\"item\":\"https:\/\/www.pmpf.rs.gov.br\/secretaria-de-saude\/\"},{\"@type\":\"ListItem\",\"position\":2,\"name\":\"Vacina\u00e7\u00e3o contra a gripe reduz sintomas, complica\u00e7\u00f5es e sobrecarga dos servi\u00e7os de sa\u00fade\"}]},{\"@type\":\"WebSite\",\"@id\":\"https:\/\/www.pmpf.rs.gov.br\/secretaria-de-saude\/#website\",\"url\":\"https:\/\/www.pmpf.rs.gov.br\/secretaria-de-saude\/\",\"name\":\"Secretaria de Sa\u00fade\",\"description\":\"S\u00f3 mais um site Prefeitura de Passo Fundo\",\"potentialAction\":[{\"@type\":\"SearchAction\",\"target\":{\"@type\":\"EntryPoint\",\"urlTemplate\":\"https:\/\/www.pmpf.rs.gov.br\/secretaria-de-saude\/?s={search_term_string}\"},\"query-input\":{\"@type\":\"PropertyValueSpecification\",\"valueRequired\":true,\"valueName\":\"search_term_string\"}}],\"inLanguage\":\"pt-BR\"},{\"@type\":\"Person\",\"@id\":\"https:\/\/www.pmpf.rs.gov.br\/secretaria-de-saude\/#\/schema\/person\/6e93b0ab2174b69f691ac4f278ba2d0a\",\"name\":\"lilicrivello\",\"image\":{\"@type\":\"ImageObject\",\"inLanguage\":\"pt-BR\",\"@id\":\"https:\/\/www.pmpf.rs.gov.br\/secretaria-de-saude\/#\/schema\/person\/image\/\",\"url\":\"https:\/\/secure.gravatar.com\/avatar\/0b546b667388f8edb7b67d70a57b5e46?s=96&d=mm&r=g\",\"contentUrl\":\"https:\/\/secure.gravatar.com\/avatar\/0b546b667388f8edb7b67d70a57b5e46?s=96&d=mm&r=g\",\"caption\":\"lilicrivello\"},\"url\":\"https:\/\/www.pmpf.rs.gov.br\/secretaria-de-saude\/author\/lilicrivello\/\"}]}<\/script>\n<!-- \/ Yoast SEO plugin. -->","yoast_head_json":{"title":"Vacina\u00e7\u00e3o contra a gripe reduz sintomas, complica\u00e7\u00f5es e sobrecarga dos servi\u00e7os de sa\u00fade - Secretaria de Sa\u00fade","robots":{"index":"index","follow":"follow","max-snippet":"max-snippet:-1","max-image-preview":"max-image-preview:large","max-video-preview":"max-video-preview:-1"},"canonical":"https:\/\/www.pmpf.rs.gov.br\/secretaria-de-saude\/2024\/05\/22\/vacinacao-contra-a-gripe-reduz-sintomas-complicacoes-e-sobrecarga-dos-servicos-de-saude\/","og_locale":"pt_BR","og_type":"article","og_title":"Vacina\u00e7\u00e3o contra a gripe reduz sintomas, complica\u00e7\u00f5es e sobrecarga dos servi\u00e7os de sa\u00fade - Secretaria de Sa\u00fade","og_description":"Em Passo Fundo, o refor\u00e7o anual est\u00e1 dispon\u00edvel para a toda a popula\u00e7\u00e3o em 24 unidades de sa\u00fade","og_url":"https:\/\/www.pmpf.rs.gov.br\/secretaria-de-saude\/2024\/05\/22\/vacinacao-contra-a-gripe-reduz-sintomas-complicacoes-e-sobrecarga-dos-servicos-de-saude\/","og_site_name":"Secretaria de Sa\u00fade","article_published_time":"2024-05-22T18:45:24+00:00","article_modified_time":"2024-05-22T18:45:25+00:00","author":"lilicrivello","twitter_card":"summary_large_image","twitter_misc":{"Escrito por":"lilicrivello","Est. tempo de leitura":"2 minutos"},"schema":{"@context":"https:\/\/schema.org","@graph":[{"@type":"WebPage","@id":"https:\/\/www.pmpf.rs.gov.br\/secretaria-de-saude\/2024\/05\/22\/vacinacao-contra-a-gripe-reduz-sintomas-complicacoes-e-sobrecarga-dos-servicos-de-saude\/","url":"https:\/\/www.pmpf.rs.gov.br\/secretaria-de-saude\/2024\/05\/22\/vacinacao-contra-a-gripe-reduz-sintomas-complicacoes-e-sobrecarga-dos-servicos-de-saude\/","name":"Vacina\u00e7\u00e3o contra a gripe reduz sintomas, complica\u00e7\u00f5es e sobrecarga dos servi\u00e7os de sa\u00fade - Secretaria de Sa\u00fade","isPartOf":{"@id":"https:\/\/www.pmpf.rs.gov.br\/secretaria-de-saude\/#website"},"primaryImageOfPage":{"@id":"https:\/\/www.pmpf.rs.gov.br\/secretaria-de-saude\/2024\/05\/22\/vacinacao-contra-a-gripe-reduz-sintomas-complicacoes-e-sobrecarga-dos-servicos-de-saude\/#primaryimage"},"image":{"@id":"https:\/\/www.pmpf.rs.gov.br\/secretaria-de-saude\/2024\/05\/22\/vacinacao-contra-a-gripe-reduz-sintomas-complicacoes-e-sobrecarga-dos-servicos-de-saude\/#primaryimage"},"thumbnailUrl":"https:\/\/www.pmpf.rs.gov.br\/secretaria-de-saude\/wp-content\/uploads\/sites\/50\/2024\/05\/WhatsApp-Image-2024-05-22-at-14.31.38.jpeg","datePublished":"2024-05-22T18:45:24+00:00","dateModified":"2024-05-22T18:45:25+00:00","author":{"@id":"https:\/\/www.pmpf.rs.gov.br\/secretaria-de-saude\/#\/schema\/person\/6e93b0ab2174b69f691ac4f278ba2d0a"},"breadcrumb":{"@id":"https:\/\/www.pmpf.rs.gov.br\/secretaria-de-saude\/2024\/05\/22\/vacinacao-contra-a-gripe-reduz-sintomas-complicacoes-e-sobrecarga-dos-servicos-de-saude\/#breadcrumb"},"inLanguage":"pt-BR","potentialAction":[{"@type":"ReadAction","target":["https:\/\/www.pmpf.rs.gov.br\/secretaria-de-saude\/2024\/05\/22\/vacinacao-contra-a-gripe-reduz-sintomas-complicacoes-e-sobrecarga-dos-servicos-de-saude\/"]}]},{"@type":"ImageObject","inLanguage":"pt-BR","@id":"https:\/\/www.pmpf.rs.gov.br\/secretaria-de-saude\/2024\/05\/22\/vacinacao-contra-a-gripe-reduz-sintomas-complicacoes-e-sobrecarga-dos-servicos-de-saude\/#primaryimage","url":"https:\/\/www.pmpf.rs.gov.br\/secretaria-de-saude\/wp-content\/uploads\/sites\/50\/2024\/05\/WhatsApp-Image-2024-05-22-at-14.31.38.jpeg","contentUrl":"https:\/\/www.pmpf.rs.gov.br\/secretaria-de-saude\/wp-content\/uploads\/sites\/50\/2024\/05\/WhatsApp-Image-2024-05-22-at-14.31.38.jpeg","width":1600,"height":1066},{"@type":"BreadcrumbList","@id":"https:\/\/www.pmpf.rs.gov.br\/secretaria-de-saude\/2024\/05\/22\/vacinacao-contra-a-gripe-reduz-sintomas-complicacoes-e-sobrecarga-dos-servicos-de-saude\/#breadcrumb","itemListElement":[{"@type":"ListItem","position":1,"name":"In\u00edcio","item":"https:\/\/www.pmpf.rs.gov.br\/secretaria-de-saude\/"},{"@type":"ListItem","position":2,"name":"Vacina\u00e7\u00e3o contra a gripe reduz sintomas, complica\u00e7\u00f5es e sobrecarga dos servi\u00e7os de sa\u00fade"}]},{"@type":"WebSite","@id":"https:\/\/www.pmpf.rs.gov.br\/secretaria-de-saude\/#website","url":"https:\/\/www.pmpf.rs.gov.br\/secretaria-de-saude\/","name":"Secretaria de Sa\u00fade","description":"S\u00f3 mais um site Prefeitura de Passo Fundo","potentialAction":[{"@type":"SearchAction","target":{"@type":"EntryPoint","urlTemplate":"https:\/\/www.pmpf.rs.gov.br\/secretaria-de-saude\/?s={search_term_string}"},"query-input":{"@type":"PropertyValueSpecification","valueRequired":true,"valueName":"search_term_string"}}],"inLanguage":"pt-BR"},{"@type":"Person","@id":"https:\/\/www.pmpf.rs.gov.br\/secretaria-de-saude\/#\/schema\/person\/6e93b0ab2174b69f691ac4f278ba2d0a","name":"lilicrivello","image":{"@type":"ImageObject","inLanguage":"pt-BR","@id":"https:\/\/www.pmpf.rs.gov.br\/secretaria-de-saude\/#\/schema\/person\/image\/","url":"https:\/\/secure.gravatar.com\/avatar\/0b546b667388f8edb7b67d70a57b5e46?s=96&d=mm&r=g","contentUrl":"https:\/\/secure.gravatar.com\/avatar\/0b546b667388f8edb7b67d70a57b5e46?s=96&d=mm&r=g","caption":"lilicrivello"},"url":"https:\/\/www.pmpf.rs.gov.br\/secretaria-de-saude\/author\/lilicrivello\/"}]}},"_links":{"self":[{"href":"https:\/\/www.pmpf.rs.gov.br\/secretaria-de-saude\/wp-json\/wp\/v2\/posts\/4019"}],"collection":[{"href":"https:\/\/www.pmpf.rs.gov.br\/secretaria-de-saude\/wp-json\/wp\/v2\/posts"}],"about":[{"href":"https:\/\/www.pmpf.rs.gov.br\/secretaria-de-saude\/wp-json\/wp\/v2\/types\/post"}],"author":[{"embeddable":true,"href":"https:\/\/www.pmpf.rs.gov.br\/secretaria-de-saude\/wp-json\/wp\/v2\/users\/24"}],"replies":[{"embeddable":true,"href":"https:\/\/www.pmpf.rs.gov.br\/secretaria-de-saude\/wp-json\/wp\/v2\/comments?post=4019"}],"version-history":[{"count":1,"href":"https:\/\/www.pmpf.rs.gov.br\/secretaria-de-saude\/wp-json\/wp\/v2\/posts\/4019\/revisions"}],"predecessor-version":[{"id":4021,"href":"https:\/\/www.pmpf.rs.gov.br\/secretaria-de-saude\/wp-json\/wp\/v2\/posts\/4019\/revisions\/4021"}],"wp:featuredmedia":[{"embeddable":true,"href":"https:\/\/www.pmpf.rs.gov.br\/secretaria-de-saude\/wp-json\/wp\/v2\/media\/4020"}],"wp:attachment":[{"href":"https:\/\/www.pmpf.rs.gov.br\/secretaria-de-saude\/wp-json\/wp\/v2\/media?parent=4019"}],"wp:term":[{"taxonomy":"category","embeddable":true,"href":"https:\/\/www.pmpf.rs.gov.br\/secretaria-de-saude\/wp-json\/wp\/v2\/categories?post=4019"},{"taxonomy":"post_tag","embeddable":true,"href":"https:\/\/www.pmpf.rs.gov.br\/secretaria-de-saude\/wp-json\/wp\/v2\/tags?post=4019"}],"curies":[{"name":"wp","href":"https:\/\/api.w.org\/{rel}","templated":true}]}}