{"id":4002,"date":"2024-05-14T14:03:31","date_gmt":"2024-05-14T17:03:31","guid":{"rendered":"https:\/\/www.pmpf.rs.gov.br\/secretaria-de-saude\/?p=4002"},"modified":"2024-05-14T14:03:37","modified_gmt":"2024-05-14T17:03:37","slug":"com-a-chuva-populacao-deve-redobrar-cuidados-contra-a-dengue","status":"publish","type":"post","link":"https:\/\/www.pmpf.rs.gov.br\/secretaria-de-saude\/2024\/05\/14\/com-a-chuva-populacao-deve-redobrar-cuidados-contra-a-dengue\/","title":{"rendered":"Com a chuva, popula\u00e7\u00e3o deve redobrar cuidados contra a dengue"},"content":{"rendered":"\n<p><\/p>\n\n\n\n<p>De janeiro at\u00e9 o momento, Passo Fundo registra 1.051 casos de dengue, n\u00famero acima do total contabilizado em todo o ano de 2023, que teve 875 confirma\u00e7\u00f5es. Este cen\u00e1rio j\u00e1 era esperado para a \u00e9poca do ano pelas autoridades de sa\u00fade, tendo em vista a curva verificada no pa\u00eds durante o ano passado e considerando as condi\u00e7\u00f5es clim\u00e1ticas dos meses atuais. Devido \u00e0s chuvas, a orienta\u00e7\u00e3o \u00e9 que a popula\u00e7\u00e3o redobre os cuidados contra o mosquito Aedes aegypti.<\/p>\n\n\n\n<p>Conforme a coordenadora do N\u00facleo de Vigil\u00e2ncia Ambiental em Sa\u00fade, Iv\u00e2nia Silvestrin, \u00e9 muito importante que os moradores verifiquem o p\u00e1tio de suas resid\u00eancias e eliminem a \u00e1gua parada e poss\u00edveis criadouros. \u201cAp\u00f3s estas chuvas, \u00e9 imprescind\u00edvel a revis\u00e3o rigorosa dos p\u00e1tios para eliminar tudo que estiver acumulando \u00e1gua. Poder\u00e1 haver, ainda, o ac\u00famulo de lixos trazidos pelas chuvas, o que representa s\u00e9rios riscos \u00e0 prolifera\u00e7\u00e3o do mosquito\u201d, destaca.<\/p>\n\n\n\n<p>As regi\u00f5es que concentram o maior n\u00famero de casos de dengue s\u00e3o: Centro, Boqueir\u00e3o, S\u00e3o Crist\u00f3v\u00e3o, S\u00e3o Jos\u00e9, Annes e Rodrigues. Mas \u00e9 fundamental que todas as pessoas estejam atentas, pois, embora em n\u00fameros inferiores, os demais bairros da cidade tamb\u00e9m possuem casos positivos.<\/p>\n\n\n\n<p>A Prefeitura segue realizando as a\u00e7\u00f5es de combate, intensificadas nos pontos com maior n\u00famero de casos. Entre as medidas adotadas pelo Munic\u00edpio, est\u00e3o a amplia\u00e7\u00e3o dos agentes de endemias, os bloqueios com inseticidas no raio de resid\u00eancias com pessoas infectadas e o Mutir\u00e3o de Limpeza.<\/p>\n","protected":false},"excerpt":{"rendered":"<p>Orienta\u00e7\u00e3o \u00e9 que os moradores verifiquem o p\u00e1tio de suas resid\u00eancias e eliminem poss\u00edveis criadouros do mosquito Aedes aegypti<\/p>\n","protected":false},"author":6,"featured_media":0,"comment_status":"closed","ping_status":"closed","sticky":false,"template":"","format":"standard","meta":{"footnotes":""},"categories":[1],"tags":[],"class_list":["post-4002","post","type-post","status-publish","format-standard","hentry","category-sem-categoria"],"yoast_head":"<!-- This site is optimized with the Yoast SEO plugin v23.8 - https:\/\/yoast.com\/wordpress\/plugins\/seo\/ -->\n<title>Com a chuva, popula\u00e7\u00e3o deve redobrar cuidados contra a dengue - Secretaria de Sa\u00fade<\/title>\n<meta name=\"robots\" content=\"index, follow, max-snippet:-1, max-image-preview:large, max-video-preview:-1\" \/>\n<link rel=\"canonical\" href=\"https:\/\/www.pmpf.rs.gov.br\/secretaria-de-saude\/2024\/05\/14\/com-a-chuva-populacao-deve-redobrar-cuidados-contra-a-dengue\/\" \/>\n<meta property=\"og:locale\" content=\"pt_BR\" \/>\n<meta property=\"og:type\" content=\"article\" \/>\n<meta property=\"og:title\" content=\"Com a chuva, popula\u00e7\u00e3o deve redobrar cuidados contra a dengue - Secretaria de Sa\u00fade\" \/>\n<meta property=\"og:description\" content=\"Orienta\u00e7\u00e3o \u00e9 que os moradores verifiquem o p\u00e1tio de suas resid\u00eancias e eliminem poss\u00edveis criadouros do mosquito Aedes aegypti\" \/>\n<meta property=\"og:url\" content=\"https:\/\/www.pmpf.rs.gov.br\/secretaria-de-saude\/2024\/05\/14\/com-a-chuva-populacao-deve-redobrar-cuidados-contra-a-dengue\/\" \/>\n<meta property=\"og:site_name\" content=\"Secretaria de Sa\u00fade\" \/>\n<meta property=\"article:published_time\" content=\"2024-05-14T17:03:31+00:00\" \/>\n<meta property=\"article:modified_time\" content=\"2024-05-14T17:03:37+00:00\" \/>\n<meta name=\"author\" content=\"andressazorzetto07\" \/>\n<meta name=\"twitter:card\" content=\"summary_large_image\" \/>\n<meta name=\"twitter:label1\" content=\"Escrito por\" \/>\n\t<meta name=\"twitter:data1\" content=\"andressazorzetto07\" \/>\n\t<meta name=\"twitter:label2\" content=\"Est. tempo de leitura\" \/>\n\t<meta name=\"twitter:data2\" content=\"1 minuto\" \/>\n<script type=\"application\/ld+json\" class=\"yoast-schema-graph\">{\"@context\":\"https:\/\/schema.org\",\"@graph\":[{\"@type\":\"WebPage\",\"@id\":\"https:\/\/www.pmpf.rs.gov.br\/secretaria-de-saude\/2024\/05\/14\/com-a-chuva-populacao-deve-redobrar-cuidados-contra-a-dengue\/\",\"url\":\"https:\/\/www.pmpf.rs.gov.br\/secretaria-de-saude\/2024\/05\/14\/com-a-chuva-populacao-deve-redobrar-cuidados-contra-a-dengue\/\",\"name\":\"Com a chuva, popula\u00e7\u00e3o deve redobrar cuidados contra a dengue - Secretaria de Sa\u00fade\",\"isPartOf\":{\"@id\":\"https:\/\/www.pmpf.rs.gov.br\/secretaria-de-saude\/#website\"},\"datePublished\":\"2024-05-14T17:03:31+00:00\",\"dateModified\":\"2024-05-14T17:03:37+00:00\",\"author\":{\"@id\":\"https:\/\/www.pmpf.rs.gov.br\/secretaria-de-saude\/#\/schema\/person\/30ee1d1bd74da1469b01fcf086e43351\"},\"breadcrumb\":{\"@id\":\"https:\/\/www.pmpf.rs.gov.br\/secretaria-de-saude\/2024\/05\/14\/com-a-chuva-populacao-deve-redobrar-cuidados-contra-a-dengue\/#breadcrumb\"},\"inLanguage\":\"pt-BR\",\"potentialAction\":[{\"@type\":\"ReadAction\",\"target\":[\"https:\/\/www.pmpf.rs.gov.br\/secretaria-de-saude\/2024\/05\/14\/com-a-chuva-populacao-deve-redobrar-cuidados-contra-a-dengue\/\"]}]},{\"@type\":\"BreadcrumbList\",\"@id\":\"https:\/\/www.pmpf.rs.gov.br\/secretaria-de-saude\/2024\/05\/14\/com-a-chuva-populacao-deve-redobrar-cuidados-contra-a-dengue\/#breadcrumb\",\"itemListElement\":[{\"@type\":\"ListItem\",\"position\":1,\"name\":\"In\u00edcio\",\"item\":\"https:\/\/www.pmpf.rs.gov.br\/secretaria-de-saude\/\"},{\"@type\":\"ListItem\",\"position\":2,\"name\":\"Com a chuva, popula\u00e7\u00e3o deve redobrar cuidados contra a dengue\"}]},{\"@type\":\"WebSite\",\"@id\":\"https:\/\/www.pmpf.rs.gov.br\/secretaria-de-saude\/#website\",\"url\":\"https:\/\/www.pmpf.rs.gov.br\/secretaria-de-saude\/\",\"name\":\"Secretaria de Sa\u00fade\",\"description\":\"S\u00f3 mais um site Prefeitura de Passo Fundo\",\"potentialAction\":[{\"@type\":\"SearchAction\",\"target\":{\"@type\":\"EntryPoint\",\"urlTemplate\":\"https:\/\/www.pmpf.rs.gov.br\/secretaria-de-saude\/?s={search_term_string}\"},\"query-input\":{\"@type\":\"PropertyValueSpecification\",\"valueRequired\":true,\"valueName\":\"search_term_string\"}}],\"inLanguage\":\"pt-BR\"},{\"@type\":\"Person\",\"@id\":\"https:\/\/www.pmpf.rs.gov.br\/secretaria-de-saude\/#\/schema\/person\/30ee1d1bd74da1469b01fcf086e43351\",\"name\":\"andressazorzetto07\",\"image\":{\"@type\":\"ImageObject\",\"inLanguage\":\"pt-BR\",\"@id\":\"https:\/\/www.pmpf.rs.gov.br\/secretaria-de-saude\/#\/schema\/person\/image\/\",\"url\":\"https:\/\/secure.gravatar.com\/avatar\/14c5458ed79dc81da99a13b9ff5f9f19?s=96&d=mm&r=g\",\"contentUrl\":\"https:\/\/secure.gravatar.com\/avatar\/14c5458ed79dc81da99a13b9ff5f9f19?s=96&d=mm&r=g\",\"caption\":\"andressazorzetto07\"},\"url\":\"https:\/\/www.pmpf.rs.gov.br\/secretaria-de-saude\/author\/andressazorzetto07\/\"}]}<\/script>\n<!-- \/ Yoast SEO plugin. -->","yoast_head_json":{"title":"Com a chuva, popula\u00e7\u00e3o deve redobrar cuidados contra a dengue - Secretaria de Sa\u00fade","robots":{"index":"index","follow":"follow","max-snippet":"max-snippet:-1","max-image-preview":"max-image-preview:large","max-video-preview":"max-video-preview:-1"},"canonical":"https:\/\/www.pmpf.rs.gov.br\/secretaria-de-saude\/2024\/05\/14\/com-a-chuva-populacao-deve-redobrar-cuidados-contra-a-dengue\/","og_locale":"pt_BR","og_type":"article","og_title":"Com a chuva, popula\u00e7\u00e3o deve redobrar cuidados contra a dengue - Secretaria de Sa\u00fade","og_description":"Orienta\u00e7\u00e3o \u00e9 que os moradores verifiquem o p\u00e1tio de suas resid\u00eancias e eliminem poss\u00edveis criadouros do mosquito Aedes aegypti","og_url":"https:\/\/www.pmpf.rs.gov.br\/secretaria-de-saude\/2024\/05\/14\/com-a-chuva-populacao-deve-redobrar-cuidados-contra-a-dengue\/","og_site_name":"Secretaria de Sa\u00fade","article_published_time":"2024-05-14T17:03:31+00:00","article_modified_time":"2024-05-14T17:03:37+00:00","author":"andressazorzetto07","twitter_card":"summary_large_image","twitter_misc":{"Escrito por":"andressazorzetto07","Est. tempo de leitura":"1 minuto"},"schema":{"@context":"https:\/\/schema.org","@graph":[{"@type":"WebPage","@id":"https:\/\/www.pmpf.rs.gov.br\/secretaria-de-saude\/2024\/05\/14\/com-a-chuva-populacao-deve-redobrar-cuidados-contra-a-dengue\/","url":"https:\/\/www.pmpf.rs.gov.br\/secretaria-de-saude\/2024\/05\/14\/com-a-chuva-populacao-deve-redobrar-cuidados-contra-a-dengue\/","name":"Com a chuva, popula\u00e7\u00e3o deve redobrar cuidados contra a dengue - Secretaria de Sa\u00fade","isPartOf":{"@id":"https:\/\/www.pmpf.rs.gov.br\/secretaria-de-saude\/#website"},"datePublished":"2024-05-14T17:03:31+00:00","dateModified":"2024-05-14T17:03:37+00:00","author":{"@id":"https:\/\/www.pmpf.rs.gov.br\/secretaria-de-saude\/#\/schema\/person\/30ee1d1bd74da1469b01fcf086e43351"},"breadcrumb":{"@id":"https:\/\/www.pmpf.rs.gov.br\/secretaria-de-saude\/2024\/05\/14\/com-a-chuva-populacao-deve-redobrar-cuidados-contra-a-dengue\/#breadcrumb"},"inLanguage":"pt-BR","potentialAction":[{"@type":"ReadAction","target":["https:\/\/www.pmpf.rs.gov.br\/secretaria-de-saude\/2024\/05\/14\/com-a-chuva-populacao-deve-redobrar-cuidados-contra-a-dengue\/"]}]},{"@type":"BreadcrumbList","@id":"https:\/\/www.pmpf.rs.gov.br\/secretaria-de-saude\/2024\/05\/14\/com-a-chuva-populacao-deve-redobrar-cuidados-contra-a-dengue\/#breadcrumb","itemListElement":[{"@type":"ListItem","position":1,"name":"In\u00edcio","item":"https:\/\/www.pmpf.rs.gov.br\/secretaria-de-saude\/"},{"@type":"ListItem","position":2,"name":"Com a chuva, popula\u00e7\u00e3o deve redobrar cuidados contra a dengue"}]},{"@type":"WebSite","@id":"https:\/\/www.pmpf.rs.gov.br\/secretaria-de-saude\/#website","url":"https:\/\/www.pmpf.rs.gov.br\/secretaria-de-saude\/","name":"Secretaria de Sa\u00fade","description":"S\u00f3 mais um site Prefeitura de Passo Fundo","potentialAction":[{"@type":"SearchAction","target":{"@type":"EntryPoint","urlTemplate":"https:\/\/www.pmpf.rs.gov.br\/secretaria-de-saude\/?s={search_term_string}"},"query-input":{"@type":"PropertyValueSpecification","valueRequired":true,"valueName":"search_term_string"}}],"inLanguage":"pt-BR"},{"@type":"Person","@id":"https:\/\/www.pmpf.rs.gov.br\/secretaria-de-saude\/#\/schema\/person\/30ee1d1bd74da1469b01fcf086e43351","name":"andressazorzetto07","image":{"@type":"ImageObject","inLanguage":"pt-BR","@id":"https:\/\/www.pmpf.rs.gov.br\/secretaria-de-saude\/#\/schema\/person\/image\/","url":"https:\/\/secure.gravatar.com\/avatar\/14c5458ed79dc81da99a13b9ff5f9f19?s=96&d=mm&r=g","contentUrl":"https:\/\/secure.gravatar.com\/avatar\/14c5458ed79dc81da99a13b9ff5f9f19?s=96&d=mm&r=g","caption":"andressazorzetto07"},"url":"https:\/\/www.pmpf.rs.gov.br\/secretaria-de-saude\/author\/andressazorzetto07\/"}]}},"_links":{"self":[{"href":"https:\/\/www.pmpf.rs.gov.br\/secretaria-de-saude\/wp-json\/wp\/v2\/posts\/4002"}],"collection":[{"href":"https:\/\/www.pmpf.rs.gov.br\/secretaria-de-saude\/wp-json\/wp\/v2\/posts"}],"about":[{"href":"https:\/\/www.pmpf.rs.gov.br\/secretaria-de-saude\/wp-json\/wp\/v2\/types\/post"}],"author":[{"embeddable":true,"href":"https:\/\/www.pmpf.rs.gov.br\/secretaria-de-saude\/wp-json\/wp\/v2\/users\/6"}],"replies":[{"embeddable":true,"href":"https:\/\/www.pmpf.rs.gov.br\/secretaria-de-saude\/wp-json\/wp\/v2\/comments?post=4002"}],"version-history":[{"count":1,"href":"https:\/\/www.pmpf.rs.gov.br\/secretaria-de-saude\/wp-json\/wp\/v2\/posts\/4002\/revisions"}],"predecessor-version":[{"id":4003,"href":"https:\/\/www.pmpf.rs.gov.br\/secretaria-de-saude\/wp-json\/wp\/v2\/posts\/4002\/revisions\/4003"}],"wp:attachment":[{"href":"https:\/\/www.pmpf.rs.gov.br\/secretaria-de-saude\/wp-json\/wp\/v2\/media?parent=4002"}],"wp:term":[{"taxonomy":"category","embeddable":true,"href":"https:\/\/www.pmpf.rs.gov.br\/secretaria-de-saude\/wp-json\/wp\/v2\/categories?post=4002"},{"taxonomy":"post_tag","embeddable":true,"href":"https:\/\/www.pmpf.rs.gov.br\/secretaria-de-saude\/wp-json\/wp\/v2\/tags?post=4002"}],"curies":[{"name":"wp","href":"https:\/\/api.w.org\/{rel}","templated":true}]}}