{"id":3996,"date":"2024-05-03T16:22:04","date_gmt":"2024-05-03T19:22:04","guid":{"rendered":"https:\/\/www.pmpf.rs.gov.br\/secretaria-de-saude\/?p=3996"},"modified":"2024-05-03T16:22:42","modified_gmt":"2024-05-03T19:22:42","slug":"prefeitura-organiza-operacao-inverno-para-reforcar-os-atendimentos-em-saude","status":"publish","type":"post","link":"https:\/\/www.pmpf.rs.gov.br\/secretaria-de-saude\/2024\/05\/03\/prefeitura-organiza-operacao-inverno-para-reforcar-os-atendimentos-em-saude\/","title":{"rendered":"Prefeitura organiza Opera\u00e7\u00e3o Inverno para refor\u00e7ar os atendimentos em Sa\u00fade"},"content":{"rendered":"\n<p>O prefeito Pedro Almeida reuniu a coordena\u00e7\u00e3o de sa\u00fade do Munic\u00edpio nesta sexta-feira (3) para conferir os n\u00fameros de atendimentos realizados na rede e tratar da Opera\u00e7\u00e3o Inverno. Organizando a mobiliza\u00e7\u00e3o que prepara a\u00e7\u00f5es para o per\u00edodo mais cr\u00edtico do ano, a Prefeitura j\u00e1 refor\u00e7ou os servi\u00e7os de aten\u00e7\u00e3o prim\u00e1ria a fim de desafogar as emerg\u00eancias dos hospitais e atender a popula\u00e7\u00e3o. O Cais Fragomeni e o Ambulat\u00f3rio de Especialidades est\u00e3o funcionando com hor\u00e1rios ampliados para servi\u00e7os de pronto atendimento at\u00e9 as 22h, de segunda a sexta-feira.<\/p>\n\n\n\n<p>Neste momento em que as emerg\u00eancias dos hospitais enfrentam alta procura, \u00e9 fundamental que as estruturas de sa\u00fade estejam preparadas para absorver parte da demanda, conforme destaca o prefeito Pedro. \u201cA nova emerg\u00eancia do Hospital Municipal tem, desde a sua inaugura\u00e7\u00e3o, ajudado muito a desafogar os demais hospitais. O Cais e o Ambulat\u00f3rio com hor\u00e1rios ampliados tamb\u00e9m t\u00eam sido importantes como alternativas de atendimento para a popula\u00e7\u00e3o\u201d, afirmou o prefeito, acrescentando que a Sa\u00fade \u00e9 um desafio constante.<\/p>\n\n\n\n<p>Al\u00e9m de desafogar o fluxo no Hospital Municipal, os hor\u00e1rios ampliados representam op\u00e7\u00f5es mais acess\u00edveis para consultas e atendimentos m\u00e9dicos fora do hor\u00e1rio convencional. Segundo a secret\u00e1ria de Sa\u00fade, Cristine Pilati, essa iniciativa busca facilitar o acesso aos servi\u00e7os de sa\u00fade de forma mais ampla e eficiente para a popula\u00e7\u00e3o. \u201cPara aqueles que necessitam de atendimento durante o dia, a orienta\u00e7\u00e3o \u00e9 buscar a unidade de sa\u00fade mais pr\u00f3xima de sua resid\u00eancia. Existem mais de 40 distribu\u00eddas nos bairros e na regi\u00e3o central da cidade. J\u00e1 para atendimentos noturnos e nos finais de semana, o Cais S\u00e3o Crist\u00f3v\u00e3o e o Ambulat\u00f3rio de Especialidades s\u00e3o as op\u00e7\u00f5es recomendadas, enquanto casos de urg\u00eancia e emerg\u00eancia podem ser encaminhados para o Hospital Beneficente Dr. C\u00e9sar Santos ou o Hospital Dia da Crian\u00e7a, ambos com atendimento 24 horas\u201d, explica a secret\u00e1ria.<\/p>\n\n\n\n<p>Apenas no primeiro quadrimestre deste ano, o Hospital Municipal soma 39 mil atendimentos. J\u00e1 no Hospital Dia da Crian\u00e7a, foram mais de 11 mil atendimentos no mesmo per\u00edodo. O Ambulat\u00f3rio de Especialidades atendeu, em 15 dias, 473 pessoas, enquanto o Cais Fragomeni prestou 1.436 atendimentos m\u00e9dicos em 30 dias.<\/p>\n\n\n\n<p>A Prefeitura est\u00e1 elaborando um novo edital para refor\u00e7ar as equipes com a contrata\u00e7\u00e3o de novos m\u00e9dicos, enfermeiros e t\u00e9cnicos de enfermagem. \u201cNos pr\u00f3ximos dias, trabalharemos uma readequa\u00e7\u00e3o do espa\u00e7o da nova emerg\u00eancia do Hospital Municipal, que vai ampliar e dar mais conforto aos pacientes que aguardam atendimento\u201d, antecipou o novo diretor geral do Hospital Municipal, Lu\u00eds Schneider. Ele enfatizou que o hospital segue em obras e dever\u00e1 concluir, nos pr\u00f3ximos 60 dias, a \u00e1rea com capacidade para 32 novos leitos.<\/p>\n\n\n\n<p>Tamb\u00e9m participaram da reuni\u00e3o diretor t\u00e9cnico do Hospital Municipal, Dr. Diego Teixeira de Farias; a coordenadora do Hospital Dia da Crian\u00e7a, Caroline Barbiero (que retorna da licen\u00e7a-maternidade); a coordenadora de Recupera\u00e7\u00e3o \u00e0 Sa\u00fade, Caroline Gosch; e os secret\u00e1rios de Planejamento, Giezi Schneider, e de Gest\u00e3o, Dailon Barp.<\/p>\n\n\n\n<p><strong>Confira os locais e hor\u00e1rios de atendimento<\/strong><\/p>\n\n\n\n<p>Ambulat\u00f3rio de Especialidades &#8211; Rua Uruguai, 1180, Centro.<br>De segunda a sexta-feira, das 8h \u00e0s 22h.<\/p>\n\n\n\n<p>Cais Fragomeni\/S\u00e3o Crist\u00f3v\u00e3o &#8211; Avenida Scarpellini Ghezzi, 55.<br>De segunda a sexta-feira, das 7h \u00e0s 22h; aos s\u00e1bados e domingos, das 8h \u00e0s 20h.<\/p>\n\n\n\n<p>Hospital Beneficente Dr. C\u00e9sar Santos &#8211; Rua Alcides Moura, 100, Centro. Atendimento 24 horas.<\/p>\n\n\n\n<p>Hospital Dia da Crian\u00e7a &#8211; Rua Alcides Moura, 100, Centro. Atendimento 24 horas.<\/p>\n\n\n\n<p>Para servi\u00e7os de urg\u00eancia e emerg\u00eancia, Passo Fundo conta tamb\u00e9m com os hospitais de Cl\u00ednicas e S\u00e3o Vicente de Paulo.<\/p>\n","protected":false},"excerpt":{"rendered":"<p>Mobiliza\u00e7\u00e3o busca desafogar as emerg\u00eancias dos hospitais no per\u00edodo que costuma ser o mais cr\u00edtico do ano<\/p>\n","protected":false},"author":24,"featured_media":3997,"comment_status":"closed","ping_status":"closed","sticky":false,"template":"","format":"standard","meta":{"footnotes":""},"categories":[1],"tags":[],"class_list":["post-3996","post","type-post","status-publish","format-standard","has-post-thumbnail","hentry","category-sem-categoria"],"yoast_head":"<!-- This site is optimized with the Yoast SEO plugin v23.8 - https:\/\/yoast.com\/wordpress\/plugins\/seo\/ -->\n<title>Prefeitura organiza Opera\u00e7\u00e3o Inverno para refor\u00e7ar os atendimentos em Sa\u00fade - Secretaria de Sa\u00fade<\/title>\n<meta name=\"robots\" content=\"index, follow, max-snippet:-1, max-image-preview:large, max-video-preview:-1\" \/>\n<link rel=\"canonical\" href=\"https:\/\/www.pmpf.rs.gov.br\/secretaria-de-saude\/2024\/05\/03\/prefeitura-organiza-operacao-inverno-para-reforcar-os-atendimentos-em-saude\/\" \/>\n<meta property=\"og:locale\" content=\"pt_BR\" \/>\n<meta property=\"og:type\" content=\"article\" \/>\n<meta property=\"og:title\" content=\"Prefeitura organiza Opera\u00e7\u00e3o Inverno para refor\u00e7ar os atendimentos em Sa\u00fade - Secretaria de Sa\u00fade\" \/>\n<meta property=\"og:description\" content=\"Mobiliza\u00e7\u00e3o busca desafogar as emerg\u00eancias dos hospitais no per\u00edodo que costuma ser o mais cr\u00edtico do ano\" \/>\n<meta property=\"og:url\" content=\"https:\/\/www.pmpf.rs.gov.br\/secretaria-de-saude\/2024\/05\/03\/prefeitura-organiza-operacao-inverno-para-reforcar-os-atendimentos-em-saude\/\" \/>\n<meta property=\"og:site_name\" content=\"Secretaria de Sa\u00fade\" \/>\n<meta property=\"article:published_time\" content=\"2024-05-03T19:22:04+00:00\" \/>\n<meta property=\"article:modified_time\" content=\"2024-05-03T19:22:42+00:00\" \/>\n<meta property=\"og:image\" content=\"https:\/\/www.pmpf.rs.gov.br\/secretaria-de-saude\/wp-content\/uploads\/sites\/50\/2024\/05\/DSC01953-scaled.jpg\" \/>\n\t<meta property=\"og:image:width\" content=\"2560\" \/>\n\t<meta property=\"og:image:height\" content=\"1707\" \/>\n\t<meta property=\"og:image:type\" content=\"image\/jpeg\" \/>\n<meta name=\"author\" content=\"lilicrivello\" \/>\n<meta name=\"twitter:card\" content=\"summary_large_image\" \/>\n<meta name=\"twitter:label1\" content=\"Escrito por\" \/>\n\t<meta name=\"twitter:data1\" content=\"lilicrivello\" \/>\n\t<meta name=\"twitter:label2\" content=\"Est. tempo de leitura\" \/>\n\t<meta name=\"twitter:data2\" content=\"3 minutos\" \/>\n<script type=\"application\/ld+json\" class=\"yoast-schema-graph\">{\"@context\":\"https:\/\/schema.org\",\"@graph\":[{\"@type\":\"WebPage\",\"@id\":\"https:\/\/www.pmpf.rs.gov.br\/secretaria-de-saude\/2024\/05\/03\/prefeitura-organiza-operacao-inverno-para-reforcar-os-atendimentos-em-saude\/\",\"url\":\"https:\/\/www.pmpf.rs.gov.br\/secretaria-de-saude\/2024\/05\/03\/prefeitura-organiza-operacao-inverno-para-reforcar-os-atendimentos-em-saude\/\",\"name\":\"Prefeitura organiza Opera\u00e7\u00e3o Inverno para refor\u00e7ar os atendimentos em Sa\u00fade - Secretaria de Sa\u00fade\",\"isPartOf\":{\"@id\":\"https:\/\/www.pmpf.rs.gov.br\/secretaria-de-saude\/#website\"},\"primaryImageOfPage\":{\"@id\":\"https:\/\/www.pmpf.rs.gov.br\/secretaria-de-saude\/2024\/05\/03\/prefeitura-organiza-operacao-inverno-para-reforcar-os-atendimentos-em-saude\/#primaryimage\"},\"image\":{\"@id\":\"https:\/\/www.pmpf.rs.gov.br\/secretaria-de-saude\/2024\/05\/03\/prefeitura-organiza-operacao-inverno-para-reforcar-os-atendimentos-em-saude\/#primaryimage\"},\"thumbnailUrl\":\"https:\/\/www.pmpf.rs.gov.br\/secretaria-de-saude\/wp-content\/uploads\/sites\/50\/2024\/05\/DSC01953-scaled.jpg\",\"datePublished\":\"2024-05-03T19:22:04+00:00\",\"dateModified\":\"2024-05-03T19:22:42+00:00\",\"author\":{\"@id\":\"https:\/\/www.pmpf.rs.gov.br\/secretaria-de-saude\/#\/schema\/person\/6e93b0ab2174b69f691ac4f278ba2d0a\"},\"breadcrumb\":{\"@id\":\"https:\/\/www.pmpf.rs.gov.br\/secretaria-de-saude\/2024\/05\/03\/prefeitura-organiza-operacao-inverno-para-reforcar-os-atendimentos-em-saude\/#breadcrumb\"},\"inLanguage\":\"pt-BR\",\"potentialAction\":[{\"@type\":\"ReadAction\",\"target\":[\"https:\/\/www.pmpf.rs.gov.br\/secretaria-de-saude\/2024\/05\/03\/prefeitura-organiza-operacao-inverno-para-reforcar-os-atendimentos-em-saude\/\"]}]},{\"@type\":\"ImageObject\",\"inLanguage\":\"pt-BR\",\"@id\":\"https:\/\/www.pmpf.rs.gov.br\/secretaria-de-saude\/2024\/05\/03\/prefeitura-organiza-operacao-inverno-para-reforcar-os-atendimentos-em-saude\/#primaryimage\",\"url\":\"https:\/\/www.pmpf.rs.gov.br\/secretaria-de-saude\/wp-content\/uploads\/sites\/50\/2024\/05\/DSC01953-scaled.jpg\",\"contentUrl\":\"https:\/\/www.pmpf.rs.gov.br\/secretaria-de-saude\/wp-content\/uploads\/sites\/50\/2024\/05\/DSC01953-scaled.jpg\",\"width\":2560,\"height\":1707},{\"@type\":\"BreadcrumbList\",\"@id\":\"https:\/\/www.pmpf.rs.gov.br\/secretaria-de-saude\/2024\/05\/03\/prefeitura-organiza-operacao-inverno-para-reforcar-os-atendimentos-em-saude\/#breadcrumb\",\"itemListElement\":[{\"@type\":\"ListItem\",\"position\":1,\"name\":\"In\u00edcio\",\"item\":\"https:\/\/www.pmpf.rs.gov.br\/secretaria-de-saude\/\"},{\"@type\":\"ListItem\",\"position\":2,\"name\":\"Prefeitura organiza Opera\u00e7\u00e3o Inverno para refor\u00e7ar os atendimentos em Sa\u00fade\"}]},{\"@type\":\"WebSite\",\"@id\":\"https:\/\/www.pmpf.rs.gov.br\/secretaria-de-saude\/#website\",\"url\":\"https:\/\/www.pmpf.rs.gov.br\/secretaria-de-saude\/\",\"name\":\"Secretaria de Sa\u00fade\",\"description\":\"S\u00f3 mais um site Prefeitura de Passo Fundo\",\"potentialAction\":[{\"@type\":\"SearchAction\",\"target\":{\"@type\":\"EntryPoint\",\"urlTemplate\":\"https:\/\/www.pmpf.rs.gov.br\/secretaria-de-saude\/?s={search_term_string}\"},\"query-input\":{\"@type\":\"PropertyValueSpecification\",\"valueRequired\":true,\"valueName\":\"search_term_string\"}}],\"inLanguage\":\"pt-BR\"},{\"@type\":\"Person\",\"@id\":\"https:\/\/www.pmpf.rs.gov.br\/secretaria-de-saude\/#\/schema\/person\/6e93b0ab2174b69f691ac4f278ba2d0a\",\"name\":\"lilicrivello\",\"image\":{\"@type\":\"ImageObject\",\"inLanguage\":\"pt-BR\",\"@id\":\"https:\/\/www.pmpf.rs.gov.br\/secretaria-de-saude\/#\/schema\/person\/image\/\",\"url\":\"https:\/\/secure.gravatar.com\/avatar\/0b546b667388f8edb7b67d70a57b5e46?s=96&d=mm&r=g\",\"contentUrl\":\"https:\/\/secure.gravatar.com\/avatar\/0b546b667388f8edb7b67d70a57b5e46?s=96&d=mm&r=g\",\"caption\":\"lilicrivello\"},\"url\":\"https:\/\/www.pmpf.rs.gov.br\/secretaria-de-saude\/author\/lilicrivello\/\"}]}<\/script>\n<!-- \/ Yoast SEO plugin. -->","yoast_head_json":{"title":"Prefeitura organiza Opera\u00e7\u00e3o Inverno para refor\u00e7ar os atendimentos em Sa\u00fade - Secretaria de Sa\u00fade","robots":{"index":"index","follow":"follow","max-snippet":"max-snippet:-1","max-image-preview":"max-image-preview:large","max-video-preview":"max-video-preview:-1"},"canonical":"https:\/\/www.pmpf.rs.gov.br\/secretaria-de-saude\/2024\/05\/03\/prefeitura-organiza-operacao-inverno-para-reforcar-os-atendimentos-em-saude\/","og_locale":"pt_BR","og_type":"article","og_title":"Prefeitura organiza Opera\u00e7\u00e3o Inverno para refor\u00e7ar os atendimentos em Sa\u00fade - Secretaria de Sa\u00fade","og_description":"Mobiliza\u00e7\u00e3o busca desafogar as emerg\u00eancias dos hospitais no per\u00edodo que costuma ser o mais cr\u00edtico do ano","og_url":"https:\/\/www.pmpf.rs.gov.br\/secretaria-de-saude\/2024\/05\/03\/prefeitura-organiza-operacao-inverno-para-reforcar-os-atendimentos-em-saude\/","og_site_name":"Secretaria de Sa\u00fade","article_published_time":"2024-05-03T19:22:04+00:00","article_modified_time":"2024-05-03T19:22:42+00:00","og_image":[{"width":2560,"height":1707,"url":"https:\/\/www.pmpf.rs.gov.br\/secretaria-de-saude\/wp-content\/uploads\/sites\/50\/2024\/05\/DSC01953-scaled.jpg","type":"image\/jpeg"}],"author":"lilicrivello","twitter_card":"summary_large_image","twitter_misc":{"Escrito por":"lilicrivello","Est. tempo de leitura":"3 minutos"},"schema":{"@context":"https:\/\/schema.org","@graph":[{"@type":"WebPage","@id":"https:\/\/www.pmpf.rs.gov.br\/secretaria-de-saude\/2024\/05\/03\/prefeitura-organiza-operacao-inverno-para-reforcar-os-atendimentos-em-saude\/","url":"https:\/\/www.pmpf.rs.gov.br\/secretaria-de-saude\/2024\/05\/03\/prefeitura-organiza-operacao-inverno-para-reforcar-os-atendimentos-em-saude\/","name":"Prefeitura organiza Opera\u00e7\u00e3o Inverno para refor\u00e7ar os atendimentos em Sa\u00fade - Secretaria de Sa\u00fade","isPartOf":{"@id":"https:\/\/www.pmpf.rs.gov.br\/secretaria-de-saude\/#website"},"primaryImageOfPage":{"@id":"https:\/\/www.pmpf.rs.gov.br\/secretaria-de-saude\/2024\/05\/03\/prefeitura-organiza-operacao-inverno-para-reforcar-os-atendimentos-em-saude\/#primaryimage"},"image":{"@id":"https:\/\/www.pmpf.rs.gov.br\/secretaria-de-saude\/2024\/05\/03\/prefeitura-organiza-operacao-inverno-para-reforcar-os-atendimentos-em-saude\/#primaryimage"},"thumbnailUrl":"https:\/\/www.pmpf.rs.gov.br\/secretaria-de-saude\/wp-content\/uploads\/sites\/50\/2024\/05\/DSC01953-scaled.jpg","datePublished":"2024-05-03T19:22:04+00:00","dateModified":"2024-05-03T19:22:42+00:00","author":{"@id":"https:\/\/www.pmpf.rs.gov.br\/secretaria-de-saude\/#\/schema\/person\/6e93b0ab2174b69f691ac4f278ba2d0a"},"breadcrumb":{"@id":"https:\/\/www.pmpf.rs.gov.br\/secretaria-de-saude\/2024\/05\/03\/prefeitura-organiza-operacao-inverno-para-reforcar-os-atendimentos-em-saude\/#breadcrumb"},"inLanguage":"pt-BR","potentialAction":[{"@type":"ReadAction","target":["https:\/\/www.pmpf.rs.gov.br\/secretaria-de-saude\/2024\/05\/03\/prefeitura-organiza-operacao-inverno-para-reforcar-os-atendimentos-em-saude\/"]}]},{"@type":"ImageObject","inLanguage":"pt-BR","@id":"https:\/\/www.pmpf.rs.gov.br\/secretaria-de-saude\/2024\/05\/03\/prefeitura-organiza-operacao-inverno-para-reforcar-os-atendimentos-em-saude\/#primaryimage","url":"https:\/\/www.pmpf.rs.gov.br\/secretaria-de-saude\/wp-content\/uploads\/sites\/50\/2024\/05\/DSC01953-scaled.jpg","contentUrl":"https:\/\/www.pmpf.rs.gov.br\/secretaria-de-saude\/wp-content\/uploads\/sites\/50\/2024\/05\/DSC01953-scaled.jpg","width":2560,"height":1707},{"@type":"BreadcrumbList","@id":"https:\/\/www.pmpf.rs.gov.br\/secretaria-de-saude\/2024\/05\/03\/prefeitura-organiza-operacao-inverno-para-reforcar-os-atendimentos-em-saude\/#breadcrumb","itemListElement":[{"@type":"ListItem","position":1,"name":"In\u00edcio","item":"https:\/\/www.pmpf.rs.gov.br\/secretaria-de-saude\/"},{"@type":"ListItem","position":2,"name":"Prefeitura organiza Opera\u00e7\u00e3o Inverno para refor\u00e7ar os atendimentos em Sa\u00fade"}]},{"@type":"WebSite","@id":"https:\/\/www.pmpf.rs.gov.br\/secretaria-de-saude\/#website","url":"https:\/\/www.pmpf.rs.gov.br\/secretaria-de-saude\/","name":"Secretaria de Sa\u00fade","description":"S\u00f3 mais um site Prefeitura de Passo Fundo","potentialAction":[{"@type":"SearchAction","target":{"@type":"EntryPoint","urlTemplate":"https:\/\/www.pmpf.rs.gov.br\/secretaria-de-saude\/?s={search_term_string}"},"query-input":{"@type":"PropertyValueSpecification","valueRequired":true,"valueName":"search_term_string"}}],"inLanguage":"pt-BR"},{"@type":"Person","@id":"https:\/\/www.pmpf.rs.gov.br\/secretaria-de-saude\/#\/schema\/person\/6e93b0ab2174b69f691ac4f278ba2d0a","name":"lilicrivello","image":{"@type":"ImageObject","inLanguage":"pt-BR","@id":"https:\/\/www.pmpf.rs.gov.br\/secretaria-de-saude\/#\/schema\/person\/image\/","url":"https:\/\/secure.gravatar.com\/avatar\/0b546b667388f8edb7b67d70a57b5e46?s=96&d=mm&r=g","contentUrl":"https:\/\/secure.gravatar.com\/avatar\/0b546b667388f8edb7b67d70a57b5e46?s=96&d=mm&r=g","caption":"lilicrivello"},"url":"https:\/\/www.pmpf.rs.gov.br\/secretaria-de-saude\/author\/lilicrivello\/"}]}},"_links":{"self":[{"href":"https:\/\/www.pmpf.rs.gov.br\/secretaria-de-saude\/wp-json\/wp\/v2\/posts\/3996"}],"collection":[{"href":"https:\/\/www.pmpf.rs.gov.br\/secretaria-de-saude\/wp-json\/wp\/v2\/posts"}],"about":[{"href":"https:\/\/www.pmpf.rs.gov.br\/secretaria-de-saude\/wp-json\/wp\/v2\/types\/post"}],"author":[{"embeddable":true,"href":"https:\/\/www.pmpf.rs.gov.br\/secretaria-de-saude\/wp-json\/wp\/v2\/users\/24"}],"replies":[{"embeddable":true,"href":"https:\/\/www.pmpf.rs.gov.br\/secretaria-de-saude\/wp-json\/wp\/v2\/comments?post=3996"}],"version-history":[{"count":1,"href":"https:\/\/www.pmpf.rs.gov.br\/secretaria-de-saude\/wp-json\/wp\/v2\/posts\/3996\/revisions"}],"predecessor-version":[{"id":3998,"href":"https:\/\/www.pmpf.rs.gov.br\/secretaria-de-saude\/wp-json\/wp\/v2\/posts\/3996\/revisions\/3998"}],"wp:featuredmedia":[{"embeddable":true,"href":"https:\/\/www.pmpf.rs.gov.br\/secretaria-de-saude\/wp-json\/wp\/v2\/media\/3997"}],"wp:attachment":[{"href":"https:\/\/www.pmpf.rs.gov.br\/secretaria-de-saude\/wp-json\/wp\/v2\/media?parent=3996"}],"wp:term":[{"taxonomy":"category","embeddable":true,"href":"https:\/\/www.pmpf.rs.gov.br\/secretaria-de-saude\/wp-json\/wp\/v2\/categories?post=3996"},{"taxonomy":"post_tag","embeddable":true,"href":"https:\/\/www.pmpf.rs.gov.br\/secretaria-de-saude\/wp-json\/wp\/v2\/tags?post=3996"}],"curies":[{"name":"wp","href":"https:\/\/api.w.org\/{rel}","templated":true}]}}