{"id":3993,"date":"2024-05-03T16:17:48","date_gmt":"2024-05-03T19:17:48","guid":{"rendered":"https:\/\/www.pmpf.rs.gov.br\/secretaria-de-saude\/?p=3993"},"modified":"2024-05-03T16:17:51","modified_gmt":"2024-05-03T19:17:51","slug":"prefeitura-inicia-vacinacao-contra-influenza-para-publico-em-geral","status":"publish","type":"post","link":"https:\/\/www.pmpf.rs.gov.br\/secretaria-de-saude\/2024\/05\/03\/prefeitura-inicia-vacinacao-contra-influenza-para-publico-em-geral\/","title":{"rendered":"Prefeitura inicia vacina\u00e7\u00e3o contra Influenza para p\u00fablico em geral"},"content":{"rendered":"\n<p>A Prefeitura inicia na segunda-feira (6) a vacina\u00e7\u00e3o contra a Influenza para todas as pessoas acima de 6 meses de idade, em conson\u00e2ncia com as diretrizes do Minist\u00e9rio da Sa\u00fade.<br>De acordo com a Secret\u00e1ria de sa\u00fade, Cristine Pilati, essa medida foi tomada considerando o in\u00edcio antecipado da Estrat\u00e9gia de Vacina\u00e7\u00e3o em 2024, que teve in\u00edcio j\u00e1 em mar\u00e7o, com a distribui\u00e7\u00e3o das vacinas. \u201cO Minist\u00e9rio da Sa\u00fade, ao recomendar essa amplia\u00e7\u00e3o da oferta da vacina, leva em considera\u00e7\u00e3o a situa\u00e7\u00e3o epidemiol\u00f3gica nos territ\u00f3rios e o estoque dispon\u00edvel, bem como as estrat\u00e9gias definidas pelas Secretarias Estaduais e Municipais da Sa\u00fade\u201d, declara a secret\u00e1ria.<br>Grupos priorit\u00e1rios como gestantes, pu\u00e9rperas, adultos com mais de 60 anos, crian\u00e7as menores de cinco anos e indiv\u00edduos com comorbidades continuar\u00e3o sendo priorizados, dada sua maior vulnerabilidade a complica\u00e7\u00f5es decorrentes da Influenza.<br>\u201cA amplia\u00e7\u00e3o da vacina\u00e7\u00e3o busca n\u00e3o apenas beneficiar a popula\u00e7\u00e3o que n\u00e3o se enquadra nos grupos priorit\u00e1rios, mas tamb\u00e9m contribuir para a redu\u00e7\u00e3o dos atendimentos ambulatoriais, interna\u00e7\u00f5es e absente\u00edsmo durante os per\u00edodos de outono e inverno. Nessas \u00e9pocas, as doen\u00e7as respirat\u00f3rias s\u00e3o mais comuns, devido ao confinamento em ambientes fechados e \u00e0 falta de ventila\u00e7\u00e3o natural, facilitando a transmiss\u00e3o do v\u00edrus\u201d, pondera Cristine.<br>\u00c9 necess\u00e1rio apresentar documento de identifica\u00e7\u00e3o com foto, cart\u00e3o SUS ou CPF, carteira de vacina\u00e7\u00e3o. Em se tratando das pessoas acamadas, as equipes de sa\u00fade v\u00e3o at\u00e9 as resid\u00eancias para vacina\u00e7\u00e3o, mediante solicita\u00e7\u00e3o por telefone junto \u00e0 unidade de refer\u00eancia.<\/p>\n\n\n\n<p><strong>Locais de vacina\u00e7\u00e3o<\/strong><\/p>\n\n\n\n<ul class=\"wp-block-list\">\n<li>Central de Vacinas<\/li>\n\n\n\n<li>Cais H\u00edpica<\/li>\n\n\n\n<li>Cais Boqueir\u00e3o<\/li>\n\n\n\n<li>Cais Vila Lu\u00edza<\/li>\n\n\n\n<li>Cais S\u00e3o Crist\u00f3v\u00e3o<\/li>\n\n\n\n<li>ESF Adriana L\u00edrio<\/li>\n\n\n\n<li>ESF S\u00e3o Jos\u00e9<\/li>\n\n\n\n<li>ESF S\u00e3o Luiz Gonzaga<\/li>\n\n\n\n<li>ESF Adolfo Groth<\/li>\n\n\n\n<li>ESF Don\u00e1ria \/ Santa Marta<\/li>\n\n\n\n<li>ESF Mattos<\/li>\n\n\n\n<li>ESF Nen\u00ea Graeff<\/li>\n\n\n\n<li>ESF Jer\u00f4nimo Coelho<\/li>\n\n\n\n<li>ESF Planaltina<\/li>\n\n\n\n<li>ESF Valinhos<\/li>\n\n\n\n<li>ESF Ricci<\/li>\n\n\n\n<li>ESF Zachia<\/li>\n\n\n\n<li>ESF Adirbal Corralo<\/li>\n\n\n\n<li>ESF Jaboticabal<\/li>\n\n\n\n<li>ESF Caic Edu Azambuja<\/li>\n\n\n\n<li>UBS Parque Farroupilha<\/li>\n\n\n\n<li>UBS Jardim Am\u00e9rica<\/li>\n\n\n\n<li>UBS Vila Nova \/ Santa Maria<\/li>\n\n\n\n<li>UBS Santo Ant\u00f4nio da Pedreira<\/li>\n<\/ul>\n\n\n\n<p><strong>Hor\u00e1rios<br><\/strong>UBS e ESF<br>Segunda a sexta-feira \u2013 das 8h \u00e0s 11h30 e das 13h \u00e0s 16h30<\/p>\n\n\n\n<p>Central de Vacinas<br>Segunda a sexta-feira \u2013 das 8h \u00e0s 18h<\/p>\n\n\n\n<p>Cais<br>Segunda a sexta-feira \u2013 das 8h \u00e0s 18h30<br>S\u00e1bado \u2013 das 8h \u00e0s 11h<\/p>\n\n\n\n<p>Cais Fragomeni<br>Segunda a sexta-feira \u2013 das 8h \u00e0s 21h30<br>S\u00e1bado e domingo \u2013 das 8h \u00e0s 20h<\/p>\n","protected":false},"excerpt":{"rendered":"<p>Todas as faixas et\u00e1rias acima de seis meses est\u00e3o contempladas<\/p>\n","protected":false},"author":24,"featured_media":3994,"comment_status":"closed","ping_status":"closed","sticky":false,"template":"","format":"standard","meta":{"footnotes":""},"categories":[1],"tags":[],"class_list":["post-3993","post","type-post","status-publish","format-standard","has-post-thumbnail","hentry","category-sem-categoria"],"yoast_head":"<!-- This site is optimized with the Yoast SEO plugin v23.8 - https:\/\/yoast.com\/wordpress\/plugins\/seo\/ -->\n<title>Prefeitura inicia vacina\u00e7\u00e3o contra Influenza para p\u00fablico em geral - Secretaria de Sa\u00fade<\/title>\n<meta name=\"robots\" content=\"index, follow, max-snippet:-1, max-image-preview:large, max-video-preview:-1\" \/>\n<link rel=\"canonical\" href=\"https:\/\/www.pmpf.rs.gov.br\/secretaria-de-saude\/2024\/05\/03\/prefeitura-inicia-vacinacao-contra-influenza-para-publico-em-geral\/\" \/>\n<meta property=\"og:locale\" content=\"pt_BR\" \/>\n<meta property=\"og:type\" content=\"article\" \/>\n<meta property=\"og:title\" content=\"Prefeitura inicia vacina\u00e7\u00e3o contra Influenza para p\u00fablico em geral - Secretaria de Sa\u00fade\" \/>\n<meta property=\"og:description\" content=\"Todas as faixas et\u00e1rias acima de seis meses est\u00e3o contempladas\" \/>\n<meta property=\"og:url\" content=\"https:\/\/www.pmpf.rs.gov.br\/secretaria-de-saude\/2024\/05\/03\/prefeitura-inicia-vacinacao-contra-influenza-para-publico-em-geral\/\" \/>\n<meta property=\"og:site_name\" content=\"Secretaria de Sa\u00fade\" \/>\n<meta property=\"article:published_time\" content=\"2024-05-03T19:17:48+00:00\" \/>\n<meta property=\"article:modified_time\" content=\"2024-05-03T19:17:51+00:00\" \/>\n<meta name=\"author\" content=\"lilicrivello\" \/>\n<meta name=\"twitter:card\" content=\"summary_large_image\" \/>\n<meta name=\"twitter:label1\" content=\"Escrito por\" \/>\n\t<meta name=\"twitter:data1\" content=\"lilicrivello\" \/>\n\t<meta name=\"twitter:label2\" content=\"Est. tempo de leitura\" \/>\n\t<meta name=\"twitter:data2\" content=\"2 minutos\" \/>\n<script type=\"application\/ld+json\" class=\"yoast-schema-graph\">{\"@context\":\"https:\/\/schema.org\",\"@graph\":[{\"@type\":\"WebPage\",\"@id\":\"https:\/\/www.pmpf.rs.gov.br\/secretaria-de-saude\/2024\/05\/03\/prefeitura-inicia-vacinacao-contra-influenza-para-publico-em-geral\/\",\"url\":\"https:\/\/www.pmpf.rs.gov.br\/secretaria-de-saude\/2024\/05\/03\/prefeitura-inicia-vacinacao-contra-influenza-para-publico-em-geral\/\",\"name\":\"Prefeitura inicia vacina\u00e7\u00e3o contra Influenza para p\u00fablico em geral - Secretaria de Sa\u00fade\",\"isPartOf\":{\"@id\":\"https:\/\/www.pmpf.rs.gov.br\/secretaria-de-saude\/#website\"},\"primaryImageOfPage\":{\"@id\":\"https:\/\/www.pmpf.rs.gov.br\/secretaria-de-saude\/2024\/05\/03\/prefeitura-inicia-vacinacao-contra-influenza-para-publico-em-geral\/#primaryimage\"},\"image\":{\"@id\":\"https:\/\/www.pmpf.rs.gov.br\/secretaria-de-saude\/2024\/05\/03\/prefeitura-inicia-vacinacao-contra-influenza-para-publico-em-geral\/#primaryimage\"},\"thumbnailUrl\":\"https:\/\/www.pmpf.rs.gov.br\/secretaria-de-saude\/wp-content\/uploads\/sites\/50\/2024\/05\/WhatsApp-Image-2024-05-03-at-15.55.53.jpeg\",\"datePublished\":\"2024-05-03T19:17:48+00:00\",\"dateModified\":\"2024-05-03T19:17:51+00:00\",\"author\":{\"@id\":\"https:\/\/www.pmpf.rs.gov.br\/secretaria-de-saude\/#\/schema\/person\/6e93b0ab2174b69f691ac4f278ba2d0a\"},\"breadcrumb\":{\"@id\":\"https:\/\/www.pmpf.rs.gov.br\/secretaria-de-saude\/2024\/05\/03\/prefeitura-inicia-vacinacao-contra-influenza-para-publico-em-geral\/#breadcrumb\"},\"inLanguage\":\"pt-BR\",\"potentialAction\":[{\"@type\":\"ReadAction\",\"target\":[\"https:\/\/www.pmpf.rs.gov.br\/secretaria-de-saude\/2024\/05\/03\/prefeitura-inicia-vacinacao-contra-influenza-para-publico-em-geral\/\"]}]},{\"@type\":\"ImageObject\",\"inLanguage\":\"pt-BR\",\"@id\":\"https:\/\/www.pmpf.rs.gov.br\/secretaria-de-saude\/2024\/05\/03\/prefeitura-inicia-vacinacao-contra-influenza-para-publico-em-geral\/#primaryimage\",\"url\":\"https:\/\/www.pmpf.rs.gov.br\/secretaria-de-saude\/wp-content\/uploads\/sites\/50\/2024\/05\/WhatsApp-Image-2024-05-03-at-15.55.53.jpeg\",\"contentUrl\":\"https:\/\/www.pmpf.rs.gov.br\/secretaria-de-saude\/wp-content\/uploads\/sites\/50\/2024\/05\/WhatsApp-Image-2024-05-03-at-15.55.53.jpeg\",\"width\":1600,\"height\":1066},{\"@type\":\"BreadcrumbList\",\"@id\":\"https:\/\/www.pmpf.rs.gov.br\/secretaria-de-saude\/2024\/05\/03\/prefeitura-inicia-vacinacao-contra-influenza-para-publico-em-geral\/#breadcrumb\",\"itemListElement\":[{\"@type\":\"ListItem\",\"position\":1,\"name\":\"In\u00edcio\",\"item\":\"https:\/\/www.pmpf.rs.gov.br\/secretaria-de-saude\/\"},{\"@type\":\"ListItem\",\"position\":2,\"name\":\"Prefeitura inicia vacina\u00e7\u00e3o contra Influenza para p\u00fablico em geral\"}]},{\"@type\":\"WebSite\",\"@id\":\"https:\/\/www.pmpf.rs.gov.br\/secretaria-de-saude\/#website\",\"url\":\"https:\/\/www.pmpf.rs.gov.br\/secretaria-de-saude\/\",\"name\":\"Secretaria de Sa\u00fade\",\"description\":\"S\u00f3 mais um site Prefeitura de Passo Fundo\",\"potentialAction\":[{\"@type\":\"SearchAction\",\"target\":{\"@type\":\"EntryPoint\",\"urlTemplate\":\"https:\/\/www.pmpf.rs.gov.br\/secretaria-de-saude\/?s={search_term_string}\"},\"query-input\":{\"@type\":\"PropertyValueSpecification\",\"valueRequired\":true,\"valueName\":\"search_term_string\"}}],\"inLanguage\":\"pt-BR\"},{\"@type\":\"Person\",\"@id\":\"https:\/\/www.pmpf.rs.gov.br\/secretaria-de-saude\/#\/schema\/person\/6e93b0ab2174b69f691ac4f278ba2d0a\",\"name\":\"lilicrivello\",\"image\":{\"@type\":\"ImageObject\",\"inLanguage\":\"pt-BR\",\"@id\":\"https:\/\/www.pmpf.rs.gov.br\/secretaria-de-saude\/#\/schema\/person\/image\/\",\"url\":\"https:\/\/secure.gravatar.com\/avatar\/0b546b667388f8edb7b67d70a57b5e46?s=96&d=mm&r=g\",\"contentUrl\":\"https:\/\/secure.gravatar.com\/avatar\/0b546b667388f8edb7b67d70a57b5e46?s=96&d=mm&r=g\",\"caption\":\"lilicrivello\"},\"url\":\"https:\/\/www.pmpf.rs.gov.br\/secretaria-de-saude\/author\/lilicrivello\/\"}]}<\/script>\n<!-- \/ Yoast SEO plugin. -->","yoast_head_json":{"title":"Prefeitura inicia vacina\u00e7\u00e3o contra Influenza para p\u00fablico em geral - Secretaria de Sa\u00fade","robots":{"index":"index","follow":"follow","max-snippet":"max-snippet:-1","max-image-preview":"max-image-preview:large","max-video-preview":"max-video-preview:-1"},"canonical":"https:\/\/www.pmpf.rs.gov.br\/secretaria-de-saude\/2024\/05\/03\/prefeitura-inicia-vacinacao-contra-influenza-para-publico-em-geral\/","og_locale":"pt_BR","og_type":"article","og_title":"Prefeitura inicia vacina\u00e7\u00e3o contra Influenza para p\u00fablico em geral - Secretaria de Sa\u00fade","og_description":"Todas as faixas et\u00e1rias acima de seis meses est\u00e3o contempladas","og_url":"https:\/\/www.pmpf.rs.gov.br\/secretaria-de-saude\/2024\/05\/03\/prefeitura-inicia-vacinacao-contra-influenza-para-publico-em-geral\/","og_site_name":"Secretaria de Sa\u00fade","article_published_time":"2024-05-03T19:17:48+00:00","article_modified_time":"2024-05-03T19:17:51+00:00","author":"lilicrivello","twitter_card":"summary_large_image","twitter_misc":{"Escrito por":"lilicrivello","Est. tempo de leitura":"2 minutos"},"schema":{"@context":"https:\/\/schema.org","@graph":[{"@type":"WebPage","@id":"https:\/\/www.pmpf.rs.gov.br\/secretaria-de-saude\/2024\/05\/03\/prefeitura-inicia-vacinacao-contra-influenza-para-publico-em-geral\/","url":"https:\/\/www.pmpf.rs.gov.br\/secretaria-de-saude\/2024\/05\/03\/prefeitura-inicia-vacinacao-contra-influenza-para-publico-em-geral\/","name":"Prefeitura inicia vacina\u00e7\u00e3o contra Influenza para p\u00fablico em geral - Secretaria de Sa\u00fade","isPartOf":{"@id":"https:\/\/www.pmpf.rs.gov.br\/secretaria-de-saude\/#website"},"primaryImageOfPage":{"@id":"https:\/\/www.pmpf.rs.gov.br\/secretaria-de-saude\/2024\/05\/03\/prefeitura-inicia-vacinacao-contra-influenza-para-publico-em-geral\/#primaryimage"},"image":{"@id":"https:\/\/www.pmpf.rs.gov.br\/secretaria-de-saude\/2024\/05\/03\/prefeitura-inicia-vacinacao-contra-influenza-para-publico-em-geral\/#primaryimage"},"thumbnailUrl":"https:\/\/www.pmpf.rs.gov.br\/secretaria-de-saude\/wp-content\/uploads\/sites\/50\/2024\/05\/WhatsApp-Image-2024-05-03-at-15.55.53.jpeg","datePublished":"2024-05-03T19:17:48+00:00","dateModified":"2024-05-03T19:17:51+00:00","author":{"@id":"https:\/\/www.pmpf.rs.gov.br\/secretaria-de-saude\/#\/schema\/person\/6e93b0ab2174b69f691ac4f278ba2d0a"},"breadcrumb":{"@id":"https:\/\/www.pmpf.rs.gov.br\/secretaria-de-saude\/2024\/05\/03\/prefeitura-inicia-vacinacao-contra-influenza-para-publico-em-geral\/#breadcrumb"},"inLanguage":"pt-BR","potentialAction":[{"@type":"ReadAction","target":["https:\/\/www.pmpf.rs.gov.br\/secretaria-de-saude\/2024\/05\/03\/prefeitura-inicia-vacinacao-contra-influenza-para-publico-em-geral\/"]}]},{"@type":"ImageObject","inLanguage":"pt-BR","@id":"https:\/\/www.pmpf.rs.gov.br\/secretaria-de-saude\/2024\/05\/03\/prefeitura-inicia-vacinacao-contra-influenza-para-publico-em-geral\/#primaryimage","url":"https:\/\/www.pmpf.rs.gov.br\/secretaria-de-saude\/wp-content\/uploads\/sites\/50\/2024\/05\/WhatsApp-Image-2024-05-03-at-15.55.53.jpeg","contentUrl":"https:\/\/www.pmpf.rs.gov.br\/secretaria-de-saude\/wp-content\/uploads\/sites\/50\/2024\/05\/WhatsApp-Image-2024-05-03-at-15.55.53.jpeg","width":1600,"height":1066},{"@type":"BreadcrumbList","@id":"https:\/\/www.pmpf.rs.gov.br\/secretaria-de-saude\/2024\/05\/03\/prefeitura-inicia-vacinacao-contra-influenza-para-publico-em-geral\/#breadcrumb","itemListElement":[{"@type":"ListItem","position":1,"name":"In\u00edcio","item":"https:\/\/www.pmpf.rs.gov.br\/secretaria-de-saude\/"},{"@type":"ListItem","position":2,"name":"Prefeitura inicia vacina\u00e7\u00e3o contra Influenza para p\u00fablico em geral"}]},{"@type":"WebSite","@id":"https:\/\/www.pmpf.rs.gov.br\/secretaria-de-saude\/#website","url":"https:\/\/www.pmpf.rs.gov.br\/secretaria-de-saude\/","name":"Secretaria de Sa\u00fade","description":"S\u00f3 mais um site Prefeitura de Passo Fundo","potentialAction":[{"@type":"SearchAction","target":{"@type":"EntryPoint","urlTemplate":"https:\/\/www.pmpf.rs.gov.br\/secretaria-de-saude\/?s={search_term_string}"},"query-input":{"@type":"PropertyValueSpecification","valueRequired":true,"valueName":"search_term_string"}}],"inLanguage":"pt-BR"},{"@type":"Person","@id":"https:\/\/www.pmpf.rs.gov.br\/secretaria-de-saude\/#\/schema\/person\/6e93b0ab2174b69f691ac4f278ba2d0a","name":"lilicrivello","image":{"@type":"ImageObject","inLanguage":"pt-BR","@id":"https:\/\/www.pmpf.rs.gov.br\/secretaria-de-saude\/#\/schema\/person\/image\/","url":"https:\/\/secure.gravatar.com\/avatar\/0b546b667388f8edb7b67d70a57b5e46?s=96&d=mm&r=g","contentUrl":"https:\/\/secure.gravatar.com\/avatar\/0b546b667388f8edb7b67d70a57b5e46?s=96&d=mm&r=g","caption":"lilicrivello"},"url":"https:\/\/www.pmpf.rs.gov.br\/secretaria-de-saude\/author\/lilicrivello\/"}]}},"_links":{"self":[{"href":"https:\/\/www.pmpf.rs.gov.br\/secretaria-de-saude\/wp-json\/wp\/v2\/posts\/3993"}],"collection":[{"href":"https:\/\/www.pmpf.rs.gov.br\/secretaria-de-saude\/wp-json\/wp\/v2\/posts"}],"about":[{"href":"https:\/\/www.pmpf.rs.gov.br\/secretaria-de-saude\/wp-json\/wp\/v2\/types\/post"}],"author":[{"embeddable":true,"href":"https:\/\/www.pmpf.rs.gov.br\/secretaria-de-saude\/wp-json\/wp\/v2\/users\/24"}],"replies":[{"embeddable":true,"href":"https:\/\/www.pmpf.rs.gov.br\/secretaria-de-saude\/wp-json\/wp\/v2\/comments?post=3993"}],"version-history":[{"count":1,"href":"https:\/\/www.pmpf.rs.gov.br\/secretaria-de-saude\/wp-json\/wp\/v2\/posts\/3993\/revisions"}],"predecessor-version":[{"id":3995,"href":"https:\/\/www.pmpf.rs.gov.br\/secretaria-de-saude\/wp-json\/wp\/v2\/posts\/3993\/revisions\/3995"}],"wp:featuredmedia":[{"embeddable":true,"href":"https:\/\/www.pmpf.rs.gov.br\/secretaria-de-saude\/wp-json\/wp\/v2\/media\/3994"}],"wp:attachment":[{"href":"https:\/\/www.pmpf.rs.gov.br\/secretaria-de-saude\/wp-json\/wp\/v2\/media?parent=3993"}],"wp:term":[{"taxonomy":"category","embeddable":true,"href":"https:\/\/www.pmpf.rs.gov.br\/secretaria-de-saude\/wp-json\/wp\/v2\/categories?post=3993"},{"taxonomy":"post_tag","embeddable":true,"href":"https:\/\/www.pmpf.rs.gov.br\/secretaria-de-saude\/wp-json\/wp\/v2\/tags?post=3993"}],"curies":[{"name":"wp","href":"https:\/\/api.w.org\/{rel}","templated":true}]}}