{"id":3899,"date":"2024-03-26T17:00:28","date_gmt":"2024-03-26T20:00:28","guid":{"rendered":"https:\/\/www.pmpf.rs.gov.br\/secretaria-de-saude\/?p=3899"},"modified":"2024-03-27T16:24:00","modified_gmt":"2024-03-27T19:24:00","slug":"passo-fundo-abrira-a-vacinacao-contra-a-gripe-para-todos-os-grupos-prioritarios-a-partir-desta-quarta-feira","status":"publish","type":"post","link":"https:\/\/www.pmpf.rs.gov.br\/secretaria-de-saude\/2024\/03\/26\/passo-fundo-abrira-a-vacinacao-contra-a-gripe-para-todos-os-grupos-prioritarios-a-partir-desta-quarta-feira\/","title":{"rendered":"Passo Fundo abrir\u00e1 a vacina\u00e7\u00e3o contra a gripe para todos os grupos priorit\u00e1rios a partir desta quarta-feira"},"content":{"rendered":"\n<p>Com a chegada de mais doses da vacina contra a gripe, em Passo Fundo, a vacina\u00e7\u00e3o ser\u00e1 aberta para todos os grupos priorit\u00e1rios a partir desta quarta-feira (27). Entre os p\u00fablicos-alvo, est\u00e3o idosos, crian\u00e7as de seis meses a seis anos incompletos, gestantes, pu\u00e9rperas, pessoas com doen\u00e7as cr\u00f4nicas e trabalhadores da sa\u00fade e da educa\u00e7\u00e3o.<\/p>\n\n\n\n<p>De acordo com a coordenadora de Vigil\u00e2ncia em Sa\u00fade, Marisa Zanatta, a meta \u00e9 vacinar 90% destes grupos, que somam mais de 91 mil pessoas. \u201c\u00c9 fundamental que as pessoas inclu\u00eddas nestes grupos busquem uma das unidades para atualizar a vacina\u00e7\u00e3o. Contamos com 24 locais de aplica\u00e7\u00e3o e com hor\u00e1rios diferenciados para facilitar o acesso \u00e0 vacina\u201d, considera.<\/p>\n\n\n\n<p>Para a vacina\u00e7\u00e3o, a popula\u00e7\u00e3o dever\u00e1 se dirigir a uma das salas portando documento de identifica\u00e7\u00e3o com foto, cart\u00e3o SUS ou CPF, carteira de vacina\u00e7\u00e3o e um comprovante que comprove o grupo priorit\u00e1rio que se encaixa.<\/p>\n\n\n\n<p>Em se tratando das pessoas acamadas as equipes das unidades de sa\u00fade ir\u00e3o at\u00e9 a resid\u00eancia para vacina\u00e7\u00e3o em casa. A vacina\u00e7\u00e3o deste p\u00fablico dever\u00e1 ser solicitada por telefone na unidade de sa\u00fade de sua refer\u00eancia para que a equipe consiga organizar a demanda.<\/p>\n\n\n\n<p>Conforme Marisa, a vacina\u00e7\u00e3o contra a influenza permite, ao longo do respectivo ano, minimizar a carga e prevenir o surgimento de complica\u00e7\u00f5es decorrentes da doen\u00e7a, reduzindo os sintomas nos grupos priorit\u00e1rios e, consequentemente, a sobrecarga sobre os servi\u00e7os de sa\u00fade. \u201cA vacina\u00e7\u00e3o \u00e9 uma das medidas para proteger contra a doen\u00e7a, suas complica\u00e7\u00f5es e \u00f3bitos, al\u00e9m de contribuir com a redu\u00e7\u00e3o da circula\u00e7\u00e3o viral entre a popula\u00e7\u00e3o, especialmente, entre os indiv\u00edduos que apresentam fatores ou condi\u00e7\u00f5es de risco\u201d, pontua.<\/p>\n\n\n\n<p>Conforme a Instru\u00e7\u00e3o Normativa (IN) no 261, de 25 de outubro de 2023, da Ag\u00eancia Nacional de Vigil\u00e2ncia Sanit\u00e1ria (Anvisa), as vacinas influenza trivalentes utilizadas no Brasil a partir de fevereiro de 2024 dever\u00e3o apresentar tr\u00eas tipos de cepas de v\u00edrus em combina\u00e7\u00e3o: Influenza A H1N1, Influenza A H3N2 e Influenza B linhagem Victoria.<\/p>\n\n\n\n<p>A campanha ir\u00e1 at\u00e9 31 de maio. O Dia \u201cD\u201d dever\u00e1 acontecer em 13 de abril.<\/p>\n\n\n\n<p><strong>P\u00fablico-alvo<\/strong><\/p>\n\n\n\n<ul class=\"wp-block-list\">\n<li>Crian\u00e7as de 6 meses a menores de 6 anos de idade (5 anos, 11 meses e 29 dias);<\/li>\n\n\n\n<li>Trabalhadores da Sa\u00fade;<\/li>\n\n\n\n<li>Gestantes;<\/li>\n\n\n\n<li>Pu\u00e9rperas;<\/li>\n\n\n\n<li>Trabalhadores da Educa\u00e7\u00e3o;<\/li>\n\n\n\n<li>Povos ind\u00edgenas;<\/li>\n\n\n\n<li>Idosos com 60 anos ou mais de idade;<\/li>\n\n\n\n<li>Pessoas em Situa\u00e7\u00e3o de Rua;<\/li>\n\n\n\n<li>Profissionais das For\u00e7as de Seguran\u00e7a e Salvamento;<\/li>\n\n\n\n<li>Profissionais das For\u00e7as Armadas;<\/li>\n\n\n\n<li>Pessoas com doen\u00e7as cr\u00f4nicas n\u00e3o transmiss\u00edveis e outras condi\u00e7\u00f5es cl\u00ednicas especiais independentemente da idade;<\/li>\n\n\n\n<li>Pessoas com defici\u00eancia permanente;<\/li>\n\n\n\n<li>Caminhoneiros;<\/li>\n\n\n\n<li>Trabalhadores de transporte coletivo rodovi\u00e1rio para passageiros urbanos e de longo curso;<\/li>\n\n\n\n<li>Trabalhadores portu\u00e1rios;<\/li>\n\n\n\n<li>Popula\u00e7\u00e3o privada de liberdade e funcion\u00e1rios do sistema de priva\u00e7\u00e3o de liberdade;<\/li>\n\n\n\n<li>Adolescentes e jovens de 12 a 21 anos de idade sob medidas socioeducativas.<\/li>\n<\/ul>\n\n\n\n<p><strong>Locais<\/strong><\/p>\n\n\n\n<ul class=\"wp-block-list\">\n<li>Central de Vacinas<\/li>\n\n\n\n<li>Cais H\u00edpica<\/li>\n\n\n\n<li>Cais Boqueir\u00e3o<\/li>\n\n\n\n<li>Cais Vila Lu\u00edza<\/li>\n\n\n\n<li>Cais S\u00e3o Crist\u00f3v\u00e3o<\/li>\n\n\n\n<li>ESF Adriana L\u00edrio<\/li>\n\n\n\n<li>ESF S\u00e3o Jos\u00e9<\/li>\n\n\n\n<li>ESF S\u00e3o Luiz Gonzaga<\/li>\n\n\n\n<li>ESF Adolfo Groth<\/li>\n\n\n\n<li>ESF Don\u00e1ria \/ Santa Marta<\/li>\n\n\n\n<li>ESF Mattos<\/li>\n\n\n\n<li>ESF Nen\u00ea Graeff<\/li>\n\n\n\n<li>ESF Jer\u00f4nimo Coelho<\/li>\n\n\n\n<li>ESF Planaltina<\/li>\n\n\n\n<li>ESF Valinhos<\/li>\n\n\n\n<li>ESF Ricci<\/li>\n\n\n\n<li>ESF Zachia<\/li>\n\n\n\n<li>ESF Adirbal Corralo<\/li>\n\n\n\n<li>ESF Jaboticabal<\/li>\n\n\n\n<li>ESF Caic Edu Azambuja<\/li>\n\n\n\n<li>UBS Parque Farroupilha<\/li>\n\n\n\n<li>UBS Jardim Am\u00e9rica<\/li>\n\n\n\n<li>UBS Vila Nova \/ Santa Maria<\/li>\n\n\n\n<li>UBS Santo Ant\u00f4nio da Pedreira<\/li>\n<\/ul>\n\n\n\n<p><strong>Hor\u00e1rios<br><\/strong>UBS e ESF<br>Segunda a sexta-feira \u2013 das 8h \u00e0s 11h30 e das 13h \u00e0s 16h30<\/p>\n\n\n\n<p>Central de Vacinas<br>Segunda a sexta-feira \u2013 das 8h \u00e0s 18h<\/p>\n\n\n\n<p>Cais<br>Segunda a sexta-feira \u2013 das 8h \u00e0s 18h30<br>S\u00e1bado \u2013 das 8h \u00e0s 11h<\/p>\n\n\n\n<p>Cais Fragomeni<br>Segunda a sexta-feira \u2013 das 8h \u00e0s 21h30<br>S\u00e1bado e domingo \u2013 das 8h \u00e0s 20h<\/p>\n","protected":false},"excerpt":{"rendered":"<p>Entre os p\u00fablicos-alvo, est\u00e3o idosos, crian\u00e7as de seis meses a seis anos incompletos, gestantes, pu\u00e9rperas, pessoas com doen\u00e7as cr\u00f4nicas e trabalhadores da sa\u00fade e da educa\u00e7\u00e3o<\/p>\n","protected":false},"author":24,"featured_media":3900,"comment_status":"closed","ping_status":"closed","sticky":false,"template":"","format":"standard","meta":{"footnotes":""},"categories":[1],"tags":[],"class_list":["post-3899","post","type-post","status-publish","format-standard","has-post-thumbnail","hentry","category-sem-categoria"],"yoast_head":"<!-- This site is optimized with the Yoast SEO plugin v23.8 - https:\/\/yoast.com\/wordpress\/plugins\/seo\/ -->\n<title>Passo Fundo abrir\u00e1 a vacina\u00e7\u00e3o contra a gripe para todos os grupos priorit\u00e1rios a partir desta quarta-feira - Secretaria de Sa\u00fade<\/title>\n<meta name=\"robots\" content=\"index, follow, max-snippet:-1, max-image-preview:large, max-video-preview:-1\" \/>\n<link rel=\"canonical\" href=\"https:\/\/www.pmpf.rs.gov.br\/secretaria-de-saude\/2024\/03\/26\/passo-fundo-abrira-a-vacinacao-contra-a-gripe-para-todos-os-grupos-prioritarios-a-partir-desta-quarta-feira\/\" \/>\n<meta property=\"og:locale\" content=\"pt_BR\" \/>\n<meta property=\"og:type\" content=\"article\" \/>\n<meta property=\"og:title\" content=\"Passo Fundo abrir\u00e1 a vacina\u00e7\u00e3o contra a gripe para todos os grupos priorit\u00e1rios a partir desta quarta-feira - Secretaria de Sa\u00fade\" \/>\n<meta property=\"og:description\" content=\"Entre os p\u00fablicos-alvo, est\u00e3o idosos, crian\u00e7as de seis meses a seis anos incompletos, gestantes, pu\u00e9rperas, pessoas com doen\u00e7as cr\u00f4nicas e trabalhadores da sa\u00fade e da educa\u00e7\u00e3o\" \/>\n<meta property=\"og:url\" content=\"https:\/\/www.pmpf.rs.gov.br\/secretaria-de-saude\/2024\/03\/26\/passo-fundo-abrira-a-vacinacao-contra-a-gripe-para-todos-os-grupos-prioritarios-a-partir-desta-quarta-feira\/\" \/>\n<meta property=\"og:site_name\" content=\"Secretaria de Sa\u00fade\" \/>\n<meta property=\"article:published_time\" content=\"2024-03-26T20:00:28+00:00\" \/>\n<meta property=\"article:modified_time\" content=\"2024-03-27T19:24:00+00:00\" \/>\n<meta property=\"og:image\" content=\"https:\/\/www.pmpf.rs.gov.br\/secretaria-de-saude\/wp-content\/uploads\/sites\/50\/2024\/03\/WhatsApp-Image-2024-03-26-at-16.34.19.jpeg\" \/>\n\t<meta property=\"og:image:width\" content=\"1600\" \/>\n\t<meta property=\"og:image:height\" content=\"1066\" \/>\n\t<meta property=\"og:image:type\" content=\"image\/jpeg\" \/>\n<meta name=\"author\" content=\"lilicrivello\" \/>\n<meta name=\"twitter:card\" content=\"summary_large_image\" \/>\n<meta name=\"twitter:label1\" content=\"Escrito por\" \/>\n\t<meta name=\"twitter:data1\" content=\"lilicrivello\" \/>\n\t<meta name=\"twitter:label2\" content=\"Est. tempo de leitura\" \/>\n\t<meta name=\"twitter:data2\" content=\"3 minutos\" \/>\n<script type=\"application\/ld+json\" class=\"yoast-schema-graph\">{\"@context\":\"https:\/\/schema.org\",\"@graph\":[{\"@type\":\"WebPage\",\"@id\":\"https:\/\/www.pmpf.rs.gov.br\/secretaria-de-saude\/2024\/03\/26\/passo-fundo-abrira-a-vacinacao-contra-a-gripe-para-todos-os-grupos-prioritarios-a-partir-desta-quarta-feira\/\",\"url\":\"https:\/\/www.pmpf.rs.gov.br\/secretaria-de-saude\/2024\/03\/26\/passo-fundo-abrira-a-vacinacao-contra-a-gripe-para-todos-os-grupos-prioritarios-a-partir-desta-quarta-feira\/\",\"name\":\"Passo Fundo abrir\u00e1 a vacina\u00e7\u00e3o contra a gripe para todos os grupos priorit\u00e1rios a partir desta quarta-feira - Secretaria de Sa\u00fade\",\"isPartOf\":{\"@id\":\"https:\/\/www.pmpf.rs.gov.br\/secretaria-de-saude\/#website\"},\"primaryImageOfPage\":{\"@id\":\"https:\/\/www.pmpf.rs.gov.br\/secretaria-de-saude\/2024\/03\/26\/passo-fundo-abrira-a-vacinacao-contra-a-gripe-para-todos-os-grupos-prioritarios-a-partir-desta-quarta-feira\/#primaryimage\"},\"image\":{\"@id\":\"https:\/\/www.pmpf.rs.gov.br\/secretaria-de-saude\/2024\/03\/26\/passo-fundo-abrira-a-vacinacao-contra-a-gripe-para-todos-os-grupos-prioritarios-a-partir-desta-quarta-feira\/#primaryimage\"},\"thumbnailUrl\":\"https:\/\/www.pmpf.rs.gov.br\/secretaria-de-saude\/wp-content\/uploads\/sites\/50\/2024\/03\/WhatsApp-Image-2024-03-26-at-16.34.19.jpeg\",\"datePublished\":\"2024-03-26T20:00:28+00:00\",\"dateModified\":\"2024-03-27T19:24:00+00:00\",\"author\":{\"@id\":\"https:\/\/www.pmpf.rs.gov.br\/secretaria-de-saude\/#\/schema\/person\/6e93b0ab2174b69f691ac4f278ba2d0a\"},\"breadcrumb\":{\"@id\":\"https:\/\/www.pmpf.rs.gov.br\/secretaria-de-saude\/2024\/03\/26\/passo-fundo-abrira-a-vacinacao-contra-a-gripe-para-todos-os-grupos-prioritarios-a-partir-desta-quarta-feira\/#breadcrumb\"},\"inLanguage\":\"pt-BR\",\"potentialAction\":[{\"@type\":\"ReadAction\",\"target\":[\"https:\/\/www.pmpf.rs.gov.br\/secretaria-de-saude\/2024\/03\/26\/passo-fundo-abrira-a-vacinacao-contra-a-gripe-para-todos-os-grupos-prioritarios-a-partir-desta-quarta-feira\/\"]}]},{\"@type\":\"ImageObject\",\"inLanguage\":\"pt-BR\",\"@id\":\"https:\/\/www.pmpf.rs.gov.br\/secretaria-de-saude\/2024\/03\/26\/passo-fundo-abrira-a-vacinacao-contra-a-gripe-para-todos-os-grupos-prioritarios-a-partir-desta-quarta-feira\/#primaryimage\",\"url\":\"https:\/\/www.pmpf.rs.gov.br\/secretaria-de-saude\/wp-content\/uploads\/sites\/50\/2024\/03\/WhatsApp-Image-2024-03-26-at-16.34.19.jpeg\",\"contentUrl\":\"https:\/\/www.pmpf.rs.gov.br\/secretaria-de-saude\/wp-content\/uploads\/sites\/50\/2024\/03\/WhatsApp-Image-2024-03-26-at-16.34.19.jpeg\",\"width\":1600,\"height\":1066},{\"@type\":\"BreadcrumbList\",\"@id\":\"https:\/\/www.pmpf.rs.gov.br\/secretaria-de-saude\/2024\/03\/26\/passo-fundo-abrira-a-vacinacao-contra-a-gripe-para-todos-os-grupos-prioritarios-a-partir-desta-quarta-feira\/#breadcrumb\",\"itemListElement\":[{\"@type\":\"ListItem\",\"position\":1,\"name\":\"In\u00edcio\",\"item\":\"https:\/\/www.pmpf.rs.gov.br\/secretaria-de-saude\/\"},{\"@type\":\"ListItem\",\"position\":2,\"name\":\"Passo Fundo abrir\u00e1 a vacina\u00e7\u00e3o contra a gripe para todos os grupos priorit\u00e1rios a partir desta quarta-feira\"}]},{\"@type\":\"WebSite\",\"@id\":\"https:\/\/www.pmpf.rs.gov.br\/secretaria-de-saude\/#website\",\"url\":\"https:\/\/www.pmpf.rs.gov.br\/secretaria-de-saude\/\",\"name\":\"Secretaria de Sa\u00fade\",\"description\":\"S\u00f3 mais um site Prefeitura de Passo Fundo\",\"potentialAction\":[{\"@type\":\"SearchAction\",\"target\":{\"@type\":\"EntryPoint\",\"urlTemplate\":\"https:\/\/www.pmpf.rs.gov.br\/secretaria-de-saude\/?s={search_term_string}\"},\"query-input\":{\"@type\":\"PropertyValueSpecification\",\"valueRequired\":true,\"valueName\":\"search_term_string\"}}],\"inLanguage\":\"pt-BR\"},{\"@type\":\"Person\",\"@id\":\"https:\/\/www.pmpf.rs.gov.br\/secretaria-de-saude\/#\/schema\/person\/6e93b0ab2174b69f691ac4f278ba2d0a\",\"name\":\"lilicrivello\",\"image\":{\"@type\":\"ImageObject\",\"inLanguage\":\"pt-BR\",\"@id\":\"https:\/\/www.pmpf.rs.gov.br\/secretaria-de-saude\/#\/schema\/person\/image\/\",\"url\":\"https:\/\/secure.gravatar.com\/avatar\/0b546b667388f8edb7b67d70a57b5e46?s=96&d=mm&r=g\",\"contentUrl\":\"https:\/\/secure.gravatar.com\/avatar\/0b546b667388f8edb7b67d70a57b5e46?s=96&d=mm&r=g\",\"caption\":\"lilicrivello\"},\"url\":\"https:\/\/www.pmpf.rs.gov.br\/secretaria-de-saude\/author\/lilicrivello\/\"}]}<\/script>\n<!-- \/ Yoast SEO plugin. -->","yoast_head_json":{"title":"Passo Fundo abrir\u00e1 a vacina\u00e7\u00e3o contra a gripe para todos os grupos priorit\u00e1rios a partir desta quarta-feira - Secretaria de Sa\u00fade","robots":{"index":"index","follow":"follow","max-snippet":"max-snippet:-1","max-image-preview":"max-image-preview:large","max-video-preview":"max-video-preview:-1"},"canonical":"https:\/\/www.pmpf.rs.gov.br\/secretaria-de-saude\/2024\/03\/26\/passo-fundo-abrira-a-vacinacao-contra-a-gripe-para-todos-os-grupos-prioritarios-a-partir-desta-quarta-feira\/","og_locale":"pt_BR","og_type":"article","og_title":"Passo Fundo abrir\u00e1 a vacina\u00e7\u00e3o contra a gripe para todos os grupos priorit\u00e1rios a partir desta quarta-feira - Secretaria de Sa\u00fade","og_description":"Entre os p\u00fablicos-alvo, est\u00e3o idosos, crian\u00e7as de seis meses a seis anos incompletos, gestantes, pu\u00e9rperas, pessoas com doen\u00e7as cr\u00f4nicas e trabalhadores da sa\u00fade e da educa\u00e7\u00e3o","og_url":"https:\/\/www.pmpf.rs.gov.br\/secretaria-de-saude\/2024\/03\/26\/passo-fundo-abrira-a-vacinacao-contra-a-gripe-para-todos-os-grupos-prioritarios-a-partir-desta-quarta-feira\/","og_site_name":"Secretaria de Sa\u00fade","article_published_time":"2024-03-26T20:00:28+00:00","article_modified_time":"2024-03-27T19:24:00+00:00","og_image":[{"width":1600,"height":1066,"url":"https:\/\/www.pmpf.rs.gov.br\/secretaria-de-saude\/wp-content\/uploads\/sites\/50\/2024\/03\/WhatsApp-Image-2024-03-26-at-16.34.19.jpeg","type":"image\/jpeg"}],"author":"lilicrivello","twitter_card":"summary_large_image","twitter_misc":{"Escrito por":"lilicrivello","Est. tempo de leitura":"3 minutos"},"schema":{"@context":"https:\/\/schema.org","@graph":[{"@type":"WebPage","@id":"https:\/\/www.pmpf.rs.gov.br\/secretaria-de-saude\/2024\/03\/26\/passo-fundo-abrira-a-vacinacao-contra-a-gripe-para-todos-os-grupos-prioritarios-a-partir-desta-quarta-feira\/","url":"https:\/\/www.pmpf.rs.gov.br\/secretaria-de-saude\/2024\/03\/26\/passo-fundo-abrira-a-vacinacao-contra-a-gripe-para-todos-os-grupos-prioritarios-a-partir-desta-quarta-feira\/","name":"Passo Fundo abrir\u00e1 a vacina\u00e7\u00e3o contra a gripe para todos os grupos priorit\u00e1rios a partir desta quarta-feira - Secretaria de Sa\u00fade","isPartOf":{"@id":"https:\/\/www.pmpf.rs.gov.br\/secretaria-de-saude\/#website"},"primaryImageOfPage":{"@id":"https:\/\/www.pmpf.rs.gov.br\/secretaria-de-saude\/2024\/03\/26\/passo-fundo-abrira-a-vacinacao-contra-a-gripe-para-todos-os-grupos-prioritarios-a-partir-desta-quarta-feira\/#primaryimage"},"image":{"@id":"https:\/\/www.pmpf.rs.gov.br\/secretaria-de-saude\/2024\/03\/26\/passo-fundo-abrira-a-vacinacao-contra-a-gripe-para-todos-os-grupos-prioritarios-a-partir-desta-quarta-feira\/#primaryimage"},"thumbnailUrl":"https:\/\/www.pmpf.rs.gov.br\/secretaria-de-saude\/wp-content\/uploads\/sites\/50\/2024\/03\/WhatsApp-Image-2024-03-26-at-16.34.19.jpeg","datePublished":"2024-03-26T20:00:28+00:00","dateModified":"2024-03-27T19:24:00+00:00","author":{"@id":"https:\/\/www.pmpf.rs.gov.br\/secretaria-de-saude\/#\/schema\/person\/6e93b0ab2174b69f691ac4f278ba2d0a"},"breadcrumb":{"@id":"https:\/\/www.pmpf.rs.gov.br\/secretaria-de-saude\/2024\/03\/26\/passo-fundo-abrira-a-vacinacao-contra-a-gripe-para-todos-os-grupos-prioritarios-a-partir-desta-quarta-feira\/#breadcrumb"},"inLanguage":"pt-BR","potentialAction":[{"@type":"ReadAction","target":["https:\/\/www.pmpf.rs.gov.br\/secretaria-de-saude\/2024\/03\/26\/passo-fundo-abrira-a-vacinacao-contra-a-gripe-para-todos-os-grupos-prioritarios-a-partir-desta-quarta-feira\/"]}]},{"@type":"ImageObject","inLanguage":"pt-BR","@id":"https:\/\/www.pmpf.rs.gov.br\/secretaria-de-saude\/2024\/03\/26\/passo-fundo-abrira-a-vacinacao-contra-a-gripe-para-todos-os-grupos-prioritarios-a-partir-desta-quarta-feira\/#primaryimage","url":"https:\/\/www.pmpf.rs.gov.br\/secretaria-de-saude\/wp-content\/uploads\/sites\/50\/2024\/03\/WhatsApp-Image-2024-03-26-at-16.34.19.jpeg","contentUrl":"https:\/\/www.pmpf.rs.gov.br\/secretaria-de-saude\/wp-content\/uploads\/sites\/50\/2024\/03\/WhatsApp-Image-2024-03-26-at-16.34.19.jpeg","width":1600,"height":1066},{"@type":"BreadcrumbList","@id":"https:\/\/www.pmpf.rs.gov.br\/secretaria-de-saude\/2024\/03\/26\/passo-fundo-abrira-a-vacinacao-contra-a-gripe-para-todos-os-grupos-prioritarios-a-partir-desta-quarta-feira\/#breadcrumb","itemListElement":[{"@type":"ListItem","position":1,"name":"In\u00edcio","item":"https:\/\/www.pmpf.rs.gov.br\/secretaria-de-saude\/"},{"@type":"ListItem","position":2,"name":"Passo Fundo abrir\u00e1 a vacina\u00e7\u00e3o contra a gripe para todos os grupos priorit\u00e1rios a partir desta quarta-feira"}]},{"@type":"WebSite","@id":"https:\/\/www.pmpf.rs.gov.br\/secretaria-de-saude\/#website","url":"https:\/\/www.pmpf.rs.gov.br\/secretaria-de-saude\/","name":"Secretaria de Sa\u00fade","description":"S\u00f3 mais um site Prefeitura de Passo Fundo","potentialAction":[{"@type":"SearchAction","target":{"@type":"EntryPoint","urlTemplate":"https:\/\/www.pmpf.rs.gov.br\/secretaria-de-saude\/?s={search_term_string}"},"query-input":{"@type":"PropertyValueSpecification","valueRequired":true,"valueName":"search_term_string"}}],"inLanguage":"pt-BR"},{"@type":"Person","@id":"https:\/\/www.pmpf.rs.gov.br\/secretaria-de-saude\/#\/schema\/person\/6e93b0ab2174b69f691ac4f278ba2d0a","name":"lilicrivello","image":{"@type":"ImageObject","inLanguage":"pt-BR","@id":"https:\/\/www.pmpf.rs.gov.br\/secretaria-de-saude\/#\/schema\/person\/image\/","url":"https:\/\/secure.gravatar.com\/avatar\/0b546b667388f8edb7b67d70a57b5e46?s=96&d=mm&r=g","contentUrl":"https:\/\/secure.gravatar.com\/avatar\/0b546b667388f8edb7b67d70a57b5e46?s=96&d=mm&r=g","caption":"lilicrivello"},"url":"https:\/\/www.pmpf.rs.gov.br\/secretaria-de-saude\/author\/lilicrivello\/"}]}},"_links":{"self":[{"href":"https:\/\/www.pmpf.rs.gov.br\/secretaria-de-saude\/wp-json\/wp\/v2\/posts\/3899"}],"collection":[{"href":"https:\/\/www.pmpf.rs.gov.br\/secretaria-de-saude\/wp-json\/wp\/v2\/posts"}],"about":[{"href":"https:\/\/www.pmpf.rs.gov.br\/secretaria-de-saude\/wp-json\/wp\/v2\/types\/post"}],"author":[{"embeddable":true,"href":"https:\/\/www.pmpf.rs.gov.br\/secretaria-de-saude\/wp-json\/wp\/v2\/users\/24"}],"replies":[{"embeddable":true,"href":"https:\/\/www.pmpf.rs.gov.br\/secretaria-de-saude\/wp-json\/wp\/v2\/comments?post=3899"}],"version-history":[{"count":2,"href":"https:\/\/www.pmpf.rs.gov.br\/secretaria-de-saude\/wp-json\/wp\/v2\/posts\/3899\/revisions"}],"predecessor-version":[{"id":3905,"href":"https:\/\/www.pmpf.rs.gov.br\/secretaria-de-saude\/wp-json\/wp\/v2\/posts\/3899\/revisions\/3905"}],"wp:featuredmedia":[{"embeddable":true,"href":"https:\/\/www.pmpf.rs.gov.br\/secretaria-de-saude\/wp-json\/wp\/v2\/media\/3900"}],"wp:attachment":[{"href":"https:\/\/www.pmpf.rs.gov.br\/secretaria-de-saude\/wp-json\/wp\/v2\/media?parent=3899"}],"wp:term":[{"taxonomy":"category","embeddable":true,"href":"https:\/\/www.pmpf.rs.gov.br\/secretaria-de-saude\/wp-json\/wp\/v2\/categories?post=3899"},{"taxonomy":"post_tag","embeddable":true,"href":"https:\/\/www.pmpf.rs.gov.br\/secretaria-de-saude\/wp-json\/wp\/v2\/tags?post=3899"}],"curies":[{"name":"wp","href":"https:\/\/api.w.org\/{rel}","templated":true}]}}