{"id":3673,"date":"2023-10-20T17:00:30","date_gmt":"2023-10-20T20:00:30","guid":{"rendered":"https:\/\/www.pmpf.rs.gov.br\/secretaria-de-saude\/?p=3673"},"modified":"2023-10-20T17:00:32","modified_gmt":"2023-10-20T20:00:32","slug":"centro-de-referencia-do-idoso-completa-um-ano","status":"publish","type":"post","link":"https:\/\/www.pmpf.rs.gov.br\/secretaria-de-saude\/2023\/10\/20\/centro-de-referencia-do-idoso-completa-um-ano\/","title":{"rendered":"Centro de Refer\u00eancia do Idoso completa um ano"},"content":{"rendered":"\n<p>A Prefeitura de Passo Fundo comemorou na tarde desta sexta-feira (20) um ano de entrega \u00e0 popula\u00e7\u00e3o do Centro de Refer\u00eancia do Idoso, um servi\u00e7o especializado com atendimento multidisciplinar, qualificado e humanizado.<\/p>\n\n\n\n<p>Desde 2022, o Centro atingiu a marca de aproximadamente 3500 idosos atendidos. Entre os usu\u00e1rios, h\u00e1 a predomin\u00e2ncia do sexo feminino na busca por servi\u00e7os, sendo 62,10% e o p\u00fablico masculino figura com 37,90% dos atendimentos.<\/p>\n\n\n\n<p>Segundo o prefeito, Pedro Almeida, o objetivo \u00e9 seguir fortalecendo este servi\u00e7o e buscando o melhor para os idosos passo-fundenses. \u201cQue este Centro seja inspirador, que possa crescer, evoluir e ter mais investimentos. Plantamos aqui apenas uma semente, que j\u00e1 nos rende frutos. Fica aqui meu agradecimento p\u00fablico e especial \u00e0 equipe que faz os atendimentos acontecerem diariamente, prestando um servi\u00e7o de acolhimento a esta popula\u00e7\u00e3o\u201d, pondera o prefeito.<\/p>\n\n\n\n<p>A usu\u00e1ria do local, Marilene Sitta, 72 anos, frequenta o Centro juntamente com seu esposo, Edegar de Oliveira Cunha, 74 anos e deseja que mais pessoas possam conhecer e desfrutar dos servi\u00e7os do local. \u201cQuando meu marido foi diagnosticado com Parkinson, h\u00e1 sete anos, t\u00ednhamos plano de sa\u00fade, mas passamos muitas dificuldades, pois, n\u00e3o pod\u00edamos pagar todos os atendimentos, como fonoaudi\u00f3loga, psic\u00f3loga e por vezes esper\u00e1vamos seis meses por um atendimentos. Por isto eu sei da import\u00e2ncia de se ter um Centro de Refer\u00eancia como este, que hoje n\u00f3s dois somo usu\u00e1rios. Sou extremamente agradecida, pois aqui encontramos pessoas que nos tratam com carinho e respeito, que muitas vezes \u00e9 tudo o que precisamos. Que este servi\u00e7o continue, pois, assim como n\u00f3s outras pessoas precisam e muitos destes atendimentos\u201d, declara Marilene.<\/p>\n\n\n\n<p>No local s\u00e3o prestados atendimentos aos idosos encaminhados pelas Unidades B\u00e1sicas de Sa\u00fade em esfera ambulatorial ou domiciliar,&nbsp;proporcionando a eles melhora na qualidade de vida, bem como orienta\u00e7\u00e3o aos seus cuidadores e familiares, atrav\u00e9s de a\u00e7\u00f5es que visem \u00e0 promo\u00e7\u00e3o \u00e0 sa\u00fade, preven\u00e7\u00e3o, assist\u00eancia e reabilita\u00e7\u00e3o em n\u00edvel secund\u00e1rio de complexidade. Os atendimentos domiciliares s\u00e3o priorizados para quem tem acima de 80 anos.<\/p>\n\n\n\n<p>A equipe multidisciplinar \u00e9 composta por 13 profissionais de enfermagem, fonoaudiologia, fisioterapia, medicina cardiologia, cl\u00ednico geral, geriatra, ginecologista, urologista, nutricionista, odontologia, psicologia.<\/p>\n\n\n\n<p>Para marcar este momento, durante a tarde o Centro disponibilizou, atrav\u00e9s da Escola das Profiss\u00f5es, servi\u00e7os de reflexologia, auriculoterapia, massagem corporal, aromaterapia, fitoterapia, avalia\u00e7\u00e3o bucal, manicure e corte de cabelo para os usu\u00e1rios.<\/p>\n","protected":false},"excerpt":{"rendered":"<p>S\u00e3o realizados no local atendimentos individualizados, domiciliares, atividades de promo\u00e7\u00e3o de sa\u00fade na popula\u00e7\u00e3o idosa<\/p>\n","protected":false},"author":24,"featured_media":3674,"comment_status":"closed","ping_status":"closed","sticky":true,"template":"","format":"standard","meta":{"footnotes":""},"categories":[1],"tags":[],"class_list":["post-3673","post","type-post","status-publish","format-standard","has-post-thumbnail","hentry","category-sem-categoria"],"yoast_head":"<!-- This site is optimized with the Yoast SEO plugin v23.8 - https:\/\/yoast.com\/wordpress\/plugins\/seo\/ -->\n<title>Centro de Refer\u00eancia do Idoso completa um ano - Secretaria de Sa\u00fade<\/title>\n<meta name=\"robots\" content=\"index, follow, max-snippet:-1, max-image-preview:large, max-video-preview:-1\" \/>\n<link rel=\"canonical\" href=\"https:\/\/www.pmpf.rs.gov.br\/secretaria-de-saude\/2023\/10\/20\/centro-de-referencia-do-idoso-completa-um-ano\/\" \/>\n<meta property=\"og:locale\" content=\"pt_BR\" \/>\n<meta property=\"og:type\" content=\"article\" \/>\n<meta property=\"og:title\" content=\"Centro de Refer\u00eancia do Idoso completa um ano - Secretaria de Sa\u00fade\" \/>\n<meta property=\"og:description\" content=\"S\u00e3o realizados no local atendimentos individualizados, domiciliares, atividades de promo\u00e7\u00e3o de sa\u00fade na popula\u00e7\u00e3o idosa\" \/>\n<meta property=\"og:url\" content=\"https:\/\/www.pmpf.rs.gov.br\/secretaria-de-saude\/2023\/10\/20\/centro-de-referencia-do-idoso-completa-um-ano\/\" \/>\n<meta property=\"og:site_name\" content=\"Secretaria de Sa\u00fade\" \/>\n<meta property=\"article:published_time\" content=\"2023-10-20T20:00:30+00:00\" \/>\n<meta property=\"article:modified_time\" content=\"2023-10-20T20:00:32+00:00\" \/>\n<meta name=\"author\" content=\"lilicrivello\" \/>\n<meta name=\"twitter:card\" content=\"summary_large_image\" \/>\n<meta name=\"twitter:label1\" content=\"Escrito por\" \/>\n\t<meta name=\"twitter:data1\" content=\"lilicrivello\" \/>\n\t<meta name=\"twitter:label2\" content=\"Est. tempo de leitura\" \/>\n\t<meta name=\"twitter:data2\" content=\"2 minutos\" \/>\n<script type=\"application\/ld+json\" class=\"yoast-schema-graph\">{\"@context\":\"https:\/\/schema.org\",\"@graph\":[{\"@type\":\"WebPage\",\"@id\":\"https:\/\/www.pmpf.rs.gov.br\/secretaria-de-saude\/2023\/10\/20\/centro-de-referencia-do-idoso-completa-um-ano\/\",\"url\":\"https:\/\/www.pmpf.rs.gov.br\/secretaria-de-saude\/2023\/10\/20\/centro-de-referencia-do-idoso-completa-um-ano\/\",\"name\":\"Centro de Refer\u00eancia do Idoso completa um ano - Secretaria de Sa\u00fade\",\"isPartOf\":{\"@id\":\"https:\/\/www.pmpf.rs.gov.br\/secretaria-de-saude\/#website\"},\"primaryImageOfPage\":{\"@id\":\"https:\/\/www.pmpf.rs.gov.br\/secretaria-de-saude\/2023\/10\/20\/centro-de-referencia-do-idoso-completa-um-ano\/#primaryimage\"},\"image\":{\"@id\":\"https:\/\/www.pmpf.rs.gov.br\/secretaria-de-saude\/2023\/10\/20\/centro-de-referencia-do-idoso-completa-um-ano\/#primaryimage\"},\"thumbnailUrl\":\"https:\/\/www.pmpf.rs.gov.br\/secretaria-de-saude\/wp-content\/uploads\/sites\/50\/2023\/10\/WhatsApp-Image-2023-10-20-at-16.58.59.jpeg\",\"datePublished\":\"2023-10-20T20:00:30+00:00\",\"dateModified\":\"2023-10-20T20:00:32+00:00\",\"author\":{\"@id\":\"https:\/\/www.pmpf.rs.gov.br\/secretaria-de-saude\/#\/schema\/person\/6e93b0ab2174b69f691ac4f278ba2d0a\"},\"breadcrumb\":{\"@id\":\"https:\/\/www.pmpf.rs.gov.br\/secretaria-de-saude\/2023\/10\/20\/centro-de-referencia-do-idoso-completa-um-ano\/#breadcrumb\"},\"inLanguage\":\"pt-BR\",\"potentialAction\":[{\"@type\":\"ReadAction\",\"target\":[\"https:\/\/www.pmpf.rs.gov.br\/secretaria-de-saude\/2023\/10\/20\/centro-de-referencia-do-idoso-completa-um-ano\/\"]}]},{\"@type\":\"ImageObject\",\"inLanguage\":\"pt-BR\",\"@id\":\"https:\/\/www.pmpf.rs.gov.br\/secretaria-de-saude\/2023\/10\/20\/centro-de-referencia-do-idoso-completa-um-ano\/#primaryimage\",\"url\":\"https:\/\/www.pmpf.rs.gov.br\/secretaria-de-saude\/wp-content\/uploads\/sites\/50\/2023\/10\/WhatsApp-Image-2023-10-20-at-16.58.59.jpeg\",\"contentUrl\":\"https:\/\/www.pmpf.rs.gov.br\/secretaria-de-saude\/wp-content\/uploads\/sites\/50\/2023\/10\/WhatsApp-Image-2023-10-20-at-16.58.59.jpeg\",\"width\":1600,\"height\":1066},{\"@type\":\"BreadcrumbList\",\"@id\":\"https:\/\/www.pmpf.rs.gov.br\/secretaria-de-saude\/2023\/10\/20\/centro-de-referencia-do-idoso-completa-um-ano\/#breadcrumb\",\"itemListElement\":[{\"@type\":\"ListItem\",\"position\":1,\"name\":\"In\u00edcio\",\"item\":\"https:\/\/www.pmpf.rs.gov.br\/secretaria-de-saude\/\"},{\"@type\":\"ListItem\",\"position\":2,\"name\":\"Centro de Refer\u00eancia do Idoso completa um ano\"}]},{\"@type\":\"WebSite\",\"@id\":\"https:\/\/www.pmpf.rs.gov.br\/secretaria-de-saude\/#website\",\"url\":\"https:\/\/www.pmpf.rs.gov.br\/secretaria-de-saude\/\",\"name\":\"Secretaria de Sa\u00fade\",\"description\":\"S\u00f3 mais um site Prefeitura de Passo Fundo\",\"potentialAction\":[{\"@type\":\"SearchAction\",\"target\":{\"@type\":\"EntryPoint\",\"urlTemplate\":\"https:\/\/www.pmpf.rs.gov.br\/secretaria-de-saude\/?s={search_term_string}\"},\"query-input\":{\"@type\":\"PropertyValueSpecification\",\"valueRequired\":true,\"valueName\":\"search_term_string\"}}],\"inLanguage\":\"pt-BR\"},{\"@type\":\"Person\",\"@id\":\"https:\/\/www.pmpf.rs.gov.br\/secretaria-de-saude\/#\/schema\/person\/6e93b0ab2174b69f691ac4f278ba2d0a\",\"name\":\"lilicrivello\",\"image\":{\"@type\":\"ImageObject\",\"inLanguage\":\"pt-BR\",\"@id\":\"https:\/\/www.pmpf.rs.gov.br\/secretaria-de-saude\/#\/schema\/person\/image\/\",\"url\":\"https:\/\/secure.gravatar.com\/avatar\/0b546b667388f8edb7b67d70a57b5e46?s=96&d=mm&r=g\",\"contentUrl\":\"https:\/\/secure.gravatar.com\/avatar\/0b546b667388f8edb7b67d70a57b5e46?s=96&d=mm&r=g\",\"caption\":\"lilicrivello\"},\"url\":\"https:\/\/www.pmpf.rs.gov.br\/secretaria-de-saude\/author\/lilicrivello\/\"}]}<\/script>\n<!-- \/ Yoast SEO plugin. -->","yoast_head_json":{"title":"Centro de Refer\u00eancia do Idoso completa um ano - Secretaria de Sa\u00fade","robots":{"index":"index","follow":"follow","max-snippet":"max-snippet:-1","max-image-preview":"max-image-preview:large","max-video-preview":"max-video-preview:-1"},"canonical":"https:\/\/www.pmpf.rs.gov.br\/secretaria-de-saude\/2023\/10\/20\/centro-de-referencia-do-idoso-completa-um-ano\/","og_locale":"pt_BR","og_type":"article","og_title":"Centro de Refer\u00eancia do Idoso completa um ano - Secretaria de Sa\u00fade","og_description":"S\u00e3o realizados no local atendimentos individualizados, domiciliares, atividades de promo\u00e7\u00e3o de sa\u00fade na popula\u00e7\u00e3o idosa","og_url":"https:\/\/www.pmpf.rs.gov.br\/secretaria-de-saude\/2023\/10\/20\/centro-de-referencia-do-idoso-completa-um-ano\/","og_site_name":"Secretaria de Sa\u00fade","article_published_time":"2023-10-20T20:00:30+00:00","article_modified_time":"2023-10-20T20:00:32+00:00","author":"lilicrivello","twitter_card":"summary_large_image","twitter_misc":{"Escrito por":"lilicrivello","Est. tempo de leitura":"2 minutos"},"schema":{"@context":"https:\/\/schema.org","@graph":[{"@type":"WebPage","@id":"https:\/\/www.pmpf.rs.gov.br\/secretaria-de-saude\/2023\/10\/20\/centro-de-referencia-do-idoso-completa-um-ano\/","url":"https:\/\/www.pmpf.rs.gov.br\/secretaria-de-saude\/2023\/10\/20\/centro-de-referencia-do-idoso-completa-um-ano\/","name":"Centro de Refer\u00eancia do Idoso completa um ano - Secretaria de Sa\u00fade","isPartOf":{"@id":"https:\/\/www.pmpf.rs.gov.br\/secretaria-de-saude\/#website"},"primaryImageOfPage":{"@id":"https:\/\/www.pmpf.rs.gov.br\/secretaria-de-saude\/2023\/10\/20\/centro-de-referencia-do-idoso-completa-um-ano\/#primaryimage"},"image":{"@id":"https:\/\/www.pmpf.rs.gov.br\/secretaria-de-saude\/2023\/10\/20\/centro-de-referencia-do-idoso-completa-um-ano\/#primaryimage"},"thumbnailUrl":"https:\/\/www.pmpf.rs.gov.br\/secretaria-de-saude\/wp-content\/uploads\/sites\/50\/2023\/10\/WhatsApp-Image-2023-10-20-at-16.58.59.jpeg","datePublished":"2023-10-20T20:00:30+00:00","dateModified":"2023-10-20T20:00:32+00:00","author":{"@id":"https:\/\/www.pmpf.rs.gov.br\/secretaria-de-saude\/#\/schema\/person\/6e93b0ab2174b69f691ac4f278ba2d0a"},"breadcrumb":{"@id":"https:\/\/www.pmpf.rs.gov.br\/secretaria-de-saude\/2023\/10\/20\/centro-de-referencia-do-idoso-completa-um-ano\/#breadcrumb"},"inLanguage":"pt-BR","potentialAction":[{"@type":"ReadAction","target":["https:\/\/www.pmpf.rs.gov.br\/secretaria-de-saude\/2023\/10\/20\/centro-de-referencia-do-idoso-completa-um-ano\/"]}]},{"@type":"ImageObject","inLanguage":"pt-BR","@id":"https:\/\/www.pmpf.rs.gov.br\/secretaria-de-saude\/2023\/10\/20\/centro-de-referencia-do-idoso-completa-um-ano\/#primaryimage","url":"https:\/\/www.pmpf.rs.gov.br\/secretaria-de-saude\/wp-content\/uploads\/sites\/50\/2023\/10\/WhatsApp-Image-2023-10-20-at-16.58.59.jpeg","contentUrl":"https:\/\/www.pmpf.rs.gov.br\/secretaria-de-saude\/wp-content\/uploads\/sites\/50\/2023\/10\/WhatsApp-Image-2023-10-20-at-16.58.59.jpeg","width":1600,"height":1066},{"@type":"BreadcrumbList","@id":"https:\/\/www.pmpf.rs.gov.br\/secretaria-de-saude\/2023\/10\/20\/centro-de-referencia-do-idoso-completa-um-ano\/#breadcrumb","itemListElement":[{"@type":"ListItem","position":1,"name":"In\u00edcio","item":"https:\/\/www.pmpf.rs.gov.br\/secretaria-de-saude\/"},{"@type":"ListItem","position":2,"name":"Centro de Refer\u00eancia do Idoso completa um ano"}]},{"@type":"WebSite","@id":"https:\/\/www.pmpf.rs.gov.br\/secretaria-de-saude\/#website","url":"https:\/\/www.pmpf.rs.gov.br\/secretaria-de-saude\/","name":"Secretaria de Sa\u00fade","description":"S\u00f3 mais um site Prefeitura de Passo Fundo","potentialAction":[{"@type":"SearchAction","target":{"@type":"EntryPoint","urlTemplate":"https:\/\/www.pmpf.rs.gov.br\/secretaria-de-saude\/?s={search_term_string}"},"query-input":{"@type":"PropertyValueSpecification","valueRequired":true,"valueName":"search_term_string"}}],"inLanguage":"pt-BR"},{"@type":"Person","@id":"https:\/\/www.pmpf.rs.gov.br\/secretaria-de-saude\/#\/schema\/person\/6e93b0ab2174b69f691ac4f278ba2d0a","name":"lilicrivello","image":{"@type":"ImageObject","inLanguage":"pt-BR","@id":"https:\/\/www.pmpf.rs.gov.br\/secretaria-de-saude\/#\/schema\/person\/image\/","url":"https:\/\/secure.gravatar.com\/avatar\/0b546b667388f8edb7b67d70a57b5e46?s=96&d=mm&r=g","contentUrl":"https:\/\/secure.gravatar.com\/avatar\/0b546b667388f8edb7b67d70a57b5e46?s=96&d=mm&r=g","caption":"lilicrivello"},"url":"https:\/\/www.pmpf.rs.gov.br\/secretaria-de-saude\/author\/lilicrivello\/"}]}},"_links":{"self":[{"href":"https:\/\/www.pmpf.rs.gov.br\/secretaria-de-saude\/wp-json\/wp\/v2\/posts\/3673"}],"collection":[{"href":"https:\/\/www.pmpf.rs.gov.br\/secretaria-de-saude\/wp-json\/wp\/v2\/posts"}],"about":[{"href":"https:\/\/www.pmpf.rs.gov.br\/secretaria-de-saude\/wp-json\/wp\/v2\/types\/post"}],"author":[{"embeddable":true,"href":"https:\/\/www.pmpf.rs.gov.br\/secretaria-de-saude\/wp-json\/wp\/v2\/users\/24"}],"replies":[{"embeddable":true,"href":"https:\/\/www.pmpf.rs.gov.br\/secretaria-de-saude\/wp-json\/wp\/v2\/comments?post=3673"}],"version-history":[{"count":1,"href":"https:\/\/www.pmpf.rs.gov.br\/secretaria-de-saude\/wp-json\/wp\/v2\/posts\/3673\/revisions"}],"predecessor-version":[{"id":3675,"href":"https:\/\/www.pmpf.rs.gov.br\/secretaria-de-saude\/wp-json\/wp\/v2\/posts\/3673\/revisions\/3675"}],"wp:featuredmedia":[{"embeddable":true,"href":"https:\/\/www.pmpf.rs.gov.br\/secretaria-de-saude\/wp-json\/wp\/v2\/media\/3674"}],"wp:attachment":[{"href":"https:\/\/www.pmpf.rs.gov.br\/secretaria-de-saude\/wp-json\/wp\/v2\/media?parent=3673"}],"wp:term":[{"taxonomy":"category","embeddable":true,"href":"https:\/\/www.pmpf.rs.gov.br\/secretaria-de-saude\/wp-json\/wp\/v2\/categories?post=3673"},{"taxonomy":"post_tag","embeddable":true,"href":"https:\/\/www.pmpf.rs.gov.br\/secretaria-de-saude\/wp-json\/wp\/v2\/tags?post=3673"}],"curies":[{"name":"wp","href":"https:\/\/api.w.org\/{rel}","templated":true}]}}