{"id":3671,"date":"2023-10-20T10:11:27","date_gmt":"2023-10-20T13:11:27","guid":{"rendered":"https:\/\/www.pmpf.rs.gov.br\/secretaria-de-saude\/?p=3671"},"modified":"2023-10-20T10:11:31","modified_gmt":"2023-10-20T13:11:31","slug":"campanha-de-multivacinacao-orientacao-e-que-a-carteirinha-de-todas-as-criancas-e-adolescentes-seja-conferida","status":"publish","type":"post","link":"https:\/\/www.pmpf.rs.gov.br\/secretaria-de-saude\/2023\/10\/20\/campanha-de-multivacinacao-orientacao-e-que-a-carteirinha-de-todas-as-criancas-e-adolescentes-seja-conferida\/","title":{"rendered":"Campanha de Multivacina\u00e7\u00e3o: orienta\u00e7\u00e3o \u00e9 que a carteirinha de todas as crian\u00e7as e adolescentes seja conferida"},"content":{"rendered":"\n<p><br>O Dia D da Campanha de Multivacina\u00e7\u00e3o ser\u00e1 neste s\u00e1bado (21) em Passo Fundo, quando todas as salas de vacina\u00e7\u00e3o do munic\u00edpio estar\u00e3o abertas das 8h \u00e0s 17h, sem intervalo ao meio-dia. A mobiliza\u00e7\u00e3o tem como objetivo a atualiza\u00e7\u00e3o da caderneta de crian\u00e7as e adolescentes com menos de 15 anos a fim de ampliar as coberturas vacinais e reduzir o risco de introdu\u00e7\u00e3o e dissemina\u00e7\u00e3o de doen\u00e7as que podem ser prevenidas.<\/p>\n\n\n\n<p>Conforme a coordenadora de Vigil\u00e2ncia em Sa\u00fade, Marisa Zanatta, \u00e9 importante que os pais ou respons\u00e1veis de todas as crian\u00e7as e adolescentes nesta faixa et\u00e1ria busquem uma sala de vacina\u00e7\u00e3o com a carteirinha e documentos pessoais para conferir se h\u00e1 alguma vacina em atraso. \u201cA import\u00e2ncia da vacina\u00e7\u00e3o n\u00e3o est\u00e1 somente na prote\u00e7\u00e3o individual, mas porque ela evita a propaga\u00e7\u00e3o em massa de doen\u00e7as que podem levar \u00e0 morte ou a sequelas graves, comprometendo a qualidade de vida e sa\u00fade das pessoas. Precisamos elevar os nossos \u00edndices de cobertura vacinal na cidade\u201d, destaca.<\/p>\n\n\n\n<p>Al\u00e9m da quest\u00e3o da preven\u00e7\u00e3o de doen\u00e7as, a vacina\u00e7\u00e3o em dia \u00e9 cobrada pelas escolas na matr\u00edcula e rematr\u00edcula. Desta forma, \u00e9 importante que todas as crian\u00e7as e adolescentes com menos de 15 anos se dirijam \u00e0s salas de vacina\u00e7\u00e3o para que recebam um atestado que comprove o status vacinal, que ser\u00e1 fornecido aos que j\u00e1 estiverem com a carteirinha atualizada e aos que fizerem doses atrasadas.<\/p>\n\n\n\n<p>A Campanha Nacional de Multivacina\u00e7\u00e3o ir\u00e1 at\u00e9 o dia 27 de outubro. Assim como a mobiliza\u00e7\u00e3o, o Dia D ocorre em todo o pa\u00eds. No munic\u00edpio, s\u00e3o 26 salas de vacina\u00e7\u00e3o \u00e0 disposi\u00e7\u00e3o da comunidade.<\/p>\n\n\n\n<p><strong>Locais de vacina\u00e7\u00e3o<\/strong><\/p>\n\n\n\n<ul class=\"wp-block-list\">\n<li>Central de Vacinas<\/li>\n\n\n\n<li>Cais H\u00edpica<\/li>\n\n\n\n<li>Cais Boqueir\u00e3o<\/li>\n\n\n\n<li>Cais Vila Lu\u00edza<\/li>\n\n\n\n<li>Cais Petr\u00f3polis<\/li>\n\n\n\n<li>Cais S\u00e3o Crist\u00f3v\u00e3o<\/li>\n\n\n\n<li>ESF Adriana L\u00edrio<\/li>\n\n\n\n<li>ESF S\u00e3o Jos\u00e9<\/li>\n\n\n\n<li>ESF S\u00e3o Luiz Gonzaga<\/li>\n\n\n\n<li>ESF Adolfo Groth<\/li>\n\n\n\n<li>ESF Don\u00e1ria \/ Santa Marta<\/li>\n\n\n\n<li>ESF Mattos<\/li>\n\n\n\n<li>ESF Nen\u00ea Graeff<\/li>\n\n\n\n<li>ESF Jer\u00f4nimo Coelho<\/li>\n\n\n\n<li>ESF Planaltina<\/li>\n\n\n\n<li>ESF Valinhos<\/li>\n\n\n\n<li>ESF Ricci<\/li>\n\n\n\n<li>ESF Zachia<\/li>\n\n\n\n<li>ESF Adirbal Corralo<\/li>\n\n\n\n<li>ESF Jaboticabal<\/li>\n\n\n\n<li>ESF Caic Edu Azambuja<\/li>\n\n\n\n<li>UBS Parque Farroupilha<\/li>\n\n\n\n<li>UBS Ivo Ferreira<\/li>\n\n\n\n<li>UBS Jardim Am\u00e9rica<\/li>\n\n\n\n<li>UBS Santo Ant\u00f4nio da Pedreira<\/li>\n\n\n\n<li>UBS Vila Nova \/ Santa Maria<\/li>\n<\/ul>\n\n\n\n<p><strong>Hor\u00e1rios<\/strong><\/p>\n\n\n\n<ul class=\"wp-block-list\">\n<li>Central de Vacinas: de segunda a sexta-feira, das 8h \u00e0s 18h<\/li>\n\n\n\n<li>ESF e UBS: de segunda a sexta-feira, das 8h \u00e0s 11h30 e das 13h \u00e0s 16h30<\/li>\n\n\n\n<li>Cais: de segunda a sexta-feira, das 8h \u00e0s 18, e no s\u00e1bado, das 8h \u00e0s 11h<\/li>\n\n\n\n<li>Cais Petr\u00f3polis: de segunda a sexta-feira, das 8h \u00e0s 21h30, e nos s\u00e1bados e domingos, das 8h \u00e0s 20h<\/li>\n\n\n\n<li>Todas essas unidades estar\u00e3o abertas no s\u00e1bado, 21 de outubro, das 8h \u00e0s 17h<\/li>\n<\/ul>\n\n\n\n<p><strong>Comit\u00ea de Vacina\u00e7\u00e3o<br><\/strong>Com o intuito de ampliar as coberturas vacinais, em setembro, Passo Fundo implementou o Comit\u00ea de Vacina\u00e7\u00e3o. Integram as a\u00e7\u00f5es a Prefeitura, por meio das secretarias de Sa\u00fade, Educa\u00e7\u00e3o e Assist\u00eancia Social e da Coordenadoria dos Movimentos Populares, 6\u00aa Coordenadoria de Sa\u00fade (CRS), 7\u00aa Coordenadoria Regional de Educa\u00e7\u00e3o (CRE), Rotary e Conselho Tutelar.<\/p>\n\n\n\n<p>Uma das iniciativas articuladas ser\u00e1 realizada no pr\u00f3ximo s\u00e1bado, 21 de outubro, durante o Dia D da Campanha de Multivacina\u00e7\u00e3o, onde \u00e9 intensificada a mobiliza\u00e7\u00e3o da sociedade em torno da campanha que busca colocar em dia as doses do calend\u00e1rio b\u00e1sico do Programa Nacional de Vacina\u00e7\u00e3o das crian\u00e7as e adolescentes com menos de 15 anos. O munic\u00edpio ter\u00e1 o apoio de entidades como Rotary e institui\u00e7\u00f5es de ensino para a\u00e7\u00f5es nos CAIS, Boqueir\u00e3o, H\u00edpica, Vila Lu\u00edza e S\u00e3o Crist\u00f3v\u00e3o e nas ESFs S\u00e3o Jos\u00e9 e Adirbal Corralo a fim de chamar a aten\u00e7\u00e3o das comunidades para a vacina\u00e7\u00e3o. Ser\u00e3o realizadas atividades pedag\u00f3gicas, de distribui\u00e7\u00e3o de bal\u00f5es e doces e de pintura, entre outras.<\/p>\n\n\n\n<p>Tamb\u00e9m, com essa parceria, a campanha est\u00e1 sendo divulgada no Shopping Bela Citt\u00e1 e \u00f4nibus atrav\u00e9s da distribui\u00e7\u00e3o de folders para a popula\u00e7\u00e3o.<\/p>\n","protected":false},"excerpt":{"rendered":"<p>Dia D da campanha, que tem como objetivo a atualiza\u00e7\u00e3o de crian\u00e7as e adolescentes com menos de 15 anos, ser\u00e1 neste s\u00e1bado (21) em Passo Fundo<\/p>\n","protected":false},"author":24,"featured_media":3344,"comment_status":"closed","ping_status":"closed","sticky":true,"template":"","format":"standard","meta":{"footnotes":""},"categories":[1],"tags":[],"class_list":["post-3671","post","type-post","status-publish","format-standard","has-post-thumbnail","hentry","category-sem-categoria"],"yoast_head":"<!-- This site is optimized with the Yoast SEO plugin v23.8 - https:\/\/yoast.com\/wordpress\/plugins\/seo\/ -->\n<title>Campanha de Multivacina\u00e7\u00e3o: orienta\u00e7\u00e3o \u00e9 que a carteirinha de todas as crian\u00e7as e adolescentes seja conferida - Secretaria de Sa\u00fade<\/title>\n<meta name=\"robots\" content=\"index, follow, max-snippet:-1, max-image-preview:large, max-video-preview:-1\" \/>\n<link rel=\"canonical\" href=\"https:\/\/www.pmpf.rs.gov.br\/secretaria-de-saude\/2023\/10\/20\/campanha-de-multivacinacao-orientacao-e-que-a-carteirinha-de-todas-as-criancas-e-adolescentes-seja-conferida\/\" \/>\n<meta property=\"og:locale\" content=\"pt_BR\" \/>\n<meta property=\"og:type\" content=\"article\" \/>\n<meta property=\"og:title\" content=\"Campanha de Multivacina\u00e7\u00e3o: orienta\u00e7\u00e3o \u00e9 que a carteirinha de todas as crian\u00e7as e adolescentes seja conferida - Secretaria de Sa\u00fade\" \/>\n<meta property=\"og:description\" content=\"Dia D da campanha, que tem como objetivo a atualiza\u00e7\u00e3o de crian\u00e7as e adolescentes com menos de 15 anos, ser\u00e1 neste s\u00e1bado (21) em Passo Fundo\" \/>\n<meta property=\"og:url\" content=\"https:\/\/www.pmpf.rs.gov.br\/secretaria-de-saude\/2023\/10\/20\/campanha-de-multivacinacao-orientacao-e-que-a-carteirinha-de-todas-as-criancas-e-adolescentes-seja-conferida\/\" \/>\n<meta property=\"og:site_name\" content=\"Secretaria de Sa\u00fade\" \/>\n<meta property=\"article:published_time\" content=\"2023-10-20T13:11:27+00:00\" \/>\n<meta property=\"article:modified_time\" content=\"2023-10-20T13:11:31+00:00\" \/>\n<meta name=\"author\" content=\"lilicrivello\" \/>\n<meta name=\"twitter:card\" content=\"summary_large_image\" \/>\n<meta name=\"twitter:label1\" content=\"Escrito por\" \/>\n\t<meta name=\"twitter:data1\" content=\"lilicrivello\" \/>\n\t<meta name=\"twitter:label2\" content=\"Est. tempo de leitura\" \/>\n\t<meta name=\"twitter:data2\" content=\"3 minutos\" \/>\n<script type=\"application\/ld+json\" class=\"yoast-schema-graph\">{\"@context\":\"https:\/\/schema.org\",\"@graph\":[{\"@type\":\"WebPage\",\"@id\":\"https:\/\/www.pmpf.rs.gov.br\/secretaria-de-saude\/2023\/10\/20\/campanha-de-multivacinacao-orientacao-e-que-a-carteirinha-de-todas-as-criancas-e-adolescentes-seja-conferida\/\",\"url\":\"https:\/\/www.pmpf.rs.gov.br\/secretaria-de-saude\/2023\/10\/20\/campanha-de-multivacinacao-orientacao-e-que-a-carteirinha-de-todas-as-criancas-e-adolescentes-seja-conferida\/\",\"name\":\"Campanha de Multivacina\u00e7\u00e3o: orienta\u00e7\u00e3o \u00e9 que a carteirinha de todas as crian\u00e7as e adolescentes seja conferida - Secretaria de Sa\u00fade\",\"isPartOf\":{\"@id\":\"https:\/\/www.pmpf.rs.gov.br\/secretaria-de-saude\/#website\"},\"primaryImageOfPage\":{\"@id\":\"https:\/\/www.pmpf.rs.gov.br\/secretaria-de-saude\/2023\/10\/20\/campanha-de-multivacinacao-orientacao-e-que-a-carteirinha-de-todas-as-criancas-e-adolescentes-seja-conferida\/#primaryimage\"},\"image\":{\"@id\":\"https:\/\/www.pmpf.rs.gov.br\/secretaria-de-saude\/2023\/10\/20\/campanha-de-multivacinacao-orientacao-e-que-a-carteirinha-de-todas-as-criancas-e-adolescentes-seja-conferida\/#primaryimage\"},\"thumbnailUrl\":\"https:\/\/www.pmpf.rs.gov.br\/secretaria-de-saude\/wp-content\/uploads\/sites\/50\/2022\/10\/WhatsApp-Image-2022-10-03-at-14.54.55.jpeg\",\"datePublished\":\"2023-10-20T13:11:27+00:00\",\"dateModified\":\"2023-10-20T13:11:31+00:00\",\"author\":{\"@id\":\"https:\/\/www.pmpf.rs.gov.br\/secretaria-de-saude\/#\/schema\/person\/6e93b0ab2174b69f691ac4f278ba2d0a\"},\"breadcrumb\":{\"@id\":\"https:\/\/www.pmpf.rs.gov.br\/secretaria-de-saude\/2023\/10\/20\/campanha-de-multivacinacao-orientacao-e-que-a-carteirinha-de-todas-as-criancas-e-adolescentes-seja-conferida\/#breadcrumb\"},\"inLanguage\":\"pt-BR\",\"potentialAction\":[{\"@type\":\"ReadAction\",\"target\":[\"https:\/\/www.pmpf.rs.gov.br\/secretaria-de-saude\/2023\/10\/20\/campanha-de-multivacinacao-orientacao-e-que-a-carteirinha-de-todas-as-criancas-e-adolescentes-seja-conferida\/\"]}]},{\"@type\":\"ImageObject\",\"inLanguage\":\"pt-BR\",\"@id\":\"https:\/\/www.pmpf.rs.gov.br\/secretaria-de-saude\/2023\/10\/20\/campanha-de-multivacinacao-orientacao-e-que-a-carteirinha-de-todas-as-criancas-e-adolescentes-seja-conferida\/#primaryimage\",\"url\":\"https:\/\/www.pmpf.rs.gov.br\/secretaria-de-saude\/wp-content\/uploads\/sites\/50\/2022\/10\/WhatsApp-Image-2022-10-03-at-14.54.55.jpeg\",\"contentUrl\":\"https:\/\/www.pmpf.rs.gov.br\/secretaria-de-saude\/wp-content\/uploads\/sites\/50\/2022\/10\/WhatsApp-Image-2022-10-03-at-14.54.55.jpeg\",\"width\":1280,\"height\":853},{\"@type\":\"BreadcrumbList\",\"@id\":\"https:\/\/www.pmpf.rs.gov.br\/secretaria-de-saude\/2023\/10\/20\/campanha-de-multivacinacao-orientacao-e-que-a-carteirinha-de-todas-as-criancas-e-adolescentes-seja-conferida\/#breadcrumb\",\"itemListElement\":[{\"@type\":\"ListItem\",\"position\":1,\"name\":\"In\u00edcio\",\"item\":\"https:\/\/www.pmpf.rs.gov.br\/secretaria-de-saude\/\"},{\"@type\":\"ListItem\",\"position\":2,\"name\":\"Campanha de Multivacina\u00e7\u00e3o: orienta\u00e7\u00e3o \u00e9 que a carteirinha de todas as crian\u00e7as e adolescentes seja conferida\"}]},{\"@type\":\"WebSite\",\"@id\":\"https:\/\/www.pmpf.rs.gov.br\/secretaria-de-saude\/#website\",\"url\":\"https:\/\/www.pmpf.rs.gov.br\/secretaria-de-saude\/\",\"name\":\"Secretaria de Sa\u00fade\",\"description\":\"S\u00f3 mais um site Prefeitura de Passo Fundo\",\"potentialAction\":[{\"@type\":\"SearchAction\",\"target\":{\"@type\":\"EntryPoint\",\"urlTemplate\":\"https:\/\/www.pmpf.rs.gov.br\/secretaria-de-saude\/?s={search_term_string}\"},\"query-input\":{\"@type\":\"PropertyValueSpecification\",\"valueRequired\":true,\"valueName\":\"search_term_string\"}}],\"inLanguage\":\"pt-BR\"},{\"@type\":\"Person\",\"@id\":\"https:\/\/www.pmpf.rs.gov.br\/secretaria-de-saude\/#\/schema\/person\/6e93b0ab2174b69f691ac4f278ba2d0a\",\"name\":\"lilicrivello\",\"image\":{\"@type\":\"ImageObject\",\"inLanguage\":\"pt-BR\",\"@id\":\"https:\/\/www.pmpf.rs.gov.br\/secretaria-de-saude\/#\/schema\/person\/image\/\",\"url\":\"https:\/\/secure.gravatar.com\/avatar\/0b546b667388f8edb7b67d70a57b5e46?s=96&d=mm&r=g\",\"contentUrl\":\"https:\/\/secure.gravatar.com\/avatar\/0b546b667388f8edb7b67d70a57b5e46?s=96&d=mm&r=g\",\"caption\":\"lilicrivello\"},\"url\":\"https:\/\/www.pmpf.rs.gov.br\/secretaria-de-saude\/author\/lilicrivello\/\"}]}<\/script>\n<!-- \/ Yoast SEO plugin. -->","yoast_head_json":{"title":"Campanha de Multivacina\u00e7\u00e3o: orienta\u00e7\u00e3o \u00e9 que a carteirinha de todas as crian\u00e7as e adolescentes seja conferida - Secretaria de Sa\u00fade","robots":{"index":"index","follow":"follow","max-snippet":"max-snippet:-1","max-image-preview":"max-image-preview:large","max-video-preview":"max-video-preview:-1"},"canonical":"https:\/\/www.pmpf.rs.gov.br\/secretaria-de-saude\/2023\/10\/20\/campanha-de-multivacinacao-orientacao-e-que-a-carteirinha-de-todas-as-criancas-e-adolescentes-seja-conferida\/","og_locale":"pt_BR","og_type":"article","og_title":"Campanha de Multivacina\u00e7\u00e3o: orienta\u00e7\u00e3o \u00e9 que a carteirinha de todas as crian\u00e7as e adolescentes seja conferida - Secretaria de Sa\u00fade","og_description":"Dia D da campanha, que tem como objetivo a atualiza\u00e7\u00e3o de crian\u00e7as e adolescentes com menos de 15 anos, ser\u00e1 neste s\u00e1bado (21) em Passo Fundo","og_url":"https:\/\/www.pmpf.rs.gov.br\/secretaria-de-saude\/2023\/10\/20\/campanha-de-multivacinacao-orientacao-e-que-a-carteirinha-de-todas-as-criancas-e-adolescentes-seja-conferida\/","og_site_name":"Secretaria de Sa\u00fade","article_published_time":"2023-10-20T13:11:27+00:00","article_modified_time":"2023-10-20T13:11:31+00:00","author":"lilicrivello","twitter_card":"summary_large_image","twitter_misc":{"Escrito por":"lilicrivello","Est. tempo de leitura":"3 minutos"},"schema":{"@context":"https:\/\/schema.org","@graph":[{"@type":"WebPage","@id":"https:\/\/www.pmpf.rs.gov.br\/secretaria-de-saude\/2023\/10\/20\/campanha-de-multivacinacao-orientacao-e-que-a-carteirinha-de-todas-as-criancas-e-adolescentes-seja-conferida\/","url":"https:\/\/www.pmpf.rs.gov.br\/secretaria-de-saude\/2023\/10\/20\/campanha-de-multivacinacao-orientacao-e-que-a-carteirinha-de-todas-as-criancas-e-adolescentes-seja-conferida\/","name":"Campanha de Multivacina\u00e7\u00e3o: orienta\u00e7\u00e3o \u00e9 que a carteirinha de todas as crian\u00e7as e adolescentes seja conferida - Secretaria de Sa\u00fade","isPartOf":{"@id":"https:\/\/www.pmpf.rs.gov.br\/secretaria-de-saude\/#website"},"primaryImageOfPage":{"@id":"https:\/\/www.pmpf.rs.gov.br\/secretaria-de-saude\/2023\/10\/20\/campanha-de-multivacinacao-orientacao-e-que-a-carteirinha-de-todas-as-criancas-e-adolescentes-seja-conferida\/#primaryimage"},"image":{"@id":"https:\/\/www.pmpf.rs.gov.br\/secretaria-de-saude\/2023\/10\/20\/campanha-de-multivacinacao-orientacao-e-que-a-carteirinha-de-todas-as-criancas-e-adolescentes-seja-conferida\/#primaryimage"},"thumbnailUrl":"https:\/\/www.pmpf.rs.gov.br\/secretaria-de-saude\/wp-content\/uploads\/sites\/50\/2022\/10\/WhatsApp-Image-2022-10-03-at-14.54.55.jpeg","datePublished":"2023-10-20T13:11:27+00:00","dateModified":"2023-10-20T13:11:31+00:00","author":{"@id":"https:\/\/www.pmpf.rs.gov.br\/secretaria-de-saude\/#\/schema\/person\/6e93b0ab2174b69f691ac4f278ba2d0a"},"breadcrumb":{"@id":"https:\/\/www.pmpf.rs.gov.br\/secretaria-de-saude\/2023\/10\/20\/campanha-de-multivacinacao-orientacao-e-que-a-carteirinha-de-todas-as-criancas-e-adolescentes-seja-conferida\/#breadcrumb"},"inLanguage":"pt-BR","potentialAction":[{"@type":"ReadAction","target":["https:\/\/www.pmpf.rs.gov.br\/secretaria-de-saude\/2023\/10\/20\/campanha-de-multivacinacao-orientacao-e-que-a-carteirinha-de-todas-as-criancas-e-adolescentes-seja-conferida\/"]}]},{"@type":"ImageObject","inLanguage":"pt-BR","@id":"https:\/\/www.pmpf.rs.gov.br\/secretaria-de-saude\/2023\/10\/20\/campanha-de-multivacinacao-orientacao-e-que-a-carteirinha-de-todas-as-criancas-e-adolescentes-seja-conferida\/#primaryimage","url":"https:\/\/www.pmpf.rs.gov.br\/secretaria-de-saude\/wp-content\/uploads\/sites\/50\/2022\/10\/WhatsApp-Image-2022-10-03-at-14.54.55.jpeg","contentUrl":"https:\/\/www.pmpf.rs.gov.br\/secretaria-de-saude\/wp-content\/uploads\/sites\/50\/2022\/10\/WhatsApp-Image-2022-10-03-at-14.54.55.jpeg","width":1280,"height":853},{"@type":"BreadcrumbList","@id":"https:\/\/www.pmpf.rs.gov.br\/secretaria-de-saude\/2023\/10\/20\/campanha-de-multivacinacao-orientacao-e-que-a-carteirinha-de-todas-as-criancas-e-adolescentes-seja-conferida\/#breadcrumb","itemListElement":[{"@type":"ListItem","position":1,"name":"In\u00edcio","item":"https:\/\/www.pmpf.rs.gov.br\/secretaria-de-saude\/"},{"@type":"ListItem","position":2,"name":"Campanha de Multivacina\u00e7\u00e3o: orienta\u00e7\u00e3o \u00e9 que a carteirinha de todas as crian\u00e7as e adolescentes seja conferida"}]},{"@type":"WebSite","@id":"https:\/\/www.pmpf.rs.gov.br\/secretaria-de-saude\/#website","url":"https:\/\/www.pmpf.rs.gov.br\/secretaria-de-saude\/","name":"Secretaria de Sa\u00fade","description":"S\u00f3 mais um site Prefeitura de Passo Fundo","potentialAction":[{"@type":"SearchAction","target":{"@type":"EntryPoint","urlTemplate":"https:\/\/www.pmpf.rs.gov.br\/secretaria-de-saude\/?s={search_term_string}"},"query-input":{"@type":"PropertyValueSpecification","valueRequired":true,"valueName":"search_term_string"}}],"inLanguage":"pt-BR"},{"@type":"Person","@id":"https:\/\/www.pmpf.rs.gov.br\/secretaria-de-saude\/#\/schema\/person\/6e93b0ab2174b69f691ac4f278ba2d0a","name":"lilicrivello","image":{"@type":"ImageObject","inLanguage":"pt-BR","@id":"https:\/\/www.pmpf.rs.gov.br\/secretaria-de-saude\/#\/schema\/person\/image\/","url":"https:\/\/secure.gravatar.com\/avatar\/0b546b667388f8edb7b67d70a57b5e46?s=96&d=mm&r=g","contentUrl":"https:\/\/secure.gravatar.com\/avatar\/0b546b667388f8edb7b67d70a57b5e46?s=96&d=mm&r=g","caption":"lilicrivello"},"url":"https:\/\/www.pmpf.rs.gov.br\/secretaria-de-saude\/author\/lilicrivello\/"}]}},"_links":{"self":[{"href":"https:\/\/www.pmpf.rs.gov.br\/secretaria-de-saude\/wp-json\/wp\/v2\/posts\/3671"}],"collection":[{"href":"https:\/\/www.pmpf.rs.gov.br\/secretaria-de-saude\/wp-json\/wp\/v2\/posts"}],"about":[{"href":"https:\/\/www.pmpf.rs.gov.br\/secretaria-de-saude\/wp-json\/wp\/v2\/types\/post"}],"author":[{"embeddable":true,"href":"https:\/\/www.pmpf.rs.gov.br\/secretaria-de-saude\/wp-json\/wp\/v2\/users\/24"}],"replies":[{"embeddable":true,"href":"https:\/\/www.pmpf.rs.gov.br\/secretaria-de-saude\/wp-json\/wp\/v2\/comments?post=3671"}],"version-history":[{"count":1,"href":"https:\/\/www.pmpf.rs.gov.br\/secretaria-de-saude\/wp-json\/wp\/v2\/posts\/3671\/revisions"}],"predecessor-version":[{"id":3672,"href":"https:\/\/www.pmpf.rs.gov.br\/secretaria-de-saude\/wp-json\/wp\/v2\/posts\/3671\/revisions\/3672"}],"wp:featuredmedia":[{"embeddable":true,"href":"https:\/\/www.pmpf.rs.gov.br\/secretaria-de-saude\/wp-json\/wp\/v2\/media\/3344"}],"wp:attachment":[{"href":"https:\/\/www.pmpf.rs.gov.br\/secretaria-de-saude\/wp-json\/wp\/v2\/media?parent=3671"}],"wp:term":[{"taxonomy":"category","embeddable":true,"href":"https:\/\/www.pmpf.rs.gov.br\/secretaria-de-saude\/wp-json\/wp\/v2\/categories?post=3671"},{"taxonomy":"post_tag","embeddable":true,"href":"https:\/\/www.pmpf.rs.gov.br\/secretaria-de-saude\/wp-json\/wp\/v2\/tags?post=3671"}],"curies":[{"name":"wp","href":"https:\/\/api.w.org\/{rel}","templated":true}]}}