{"id":3668,"date":"2023-10-17T09:01:11","date_gmt":"2023-10-17T12:01:11","guid":{"rendered":"https:\/\/www.pmpf.rs.gov.br\/secretaria-de-saude\/?p=3668"},"modified":"2023-10-17T09:01:19","modified_gmt":"2023-10-17T12:01:19","slug":"dia-d-da-campanha-da-multivacinacao-sera-neste-sabado-21-em-passo-fundo","status":"publish","type":"post","link":"https:\/\/www.pmpf.rs.gov.br\/secretaria-de-saude\/2023\/10\/17\/dia-d-da-campanha-da-multivacinacao-sera-neste-sabado-21-em-passo-fundo\/","title":{"rendered":"Dia D da Campanha da Multivacina\u00e7\u00e3o ser\u00e1 neste s\u00e1bado (21) em Passo Fundo"},"content":{"rendered":"\n<p><br><\/p>\n\n\n\n<p>O Dia D da Campanha de Multivacina\u00e7\u00e3o ser\u00e1 neste s\u00e1bado (21) em Passo Fundo, quando todas as salas de vacina\u00e7\u00e3o do munic\u00edpio estar\u00e3o abertas das 8h \u00e0s 17h, sem intervalo ao meio-dia. A mobiliza\u00e7\u00e3o tem como objetivo a atualiza\u00e7\u00e3o da caderneta de crian\u00e7as e adolescentes com menos de 15 anos a fim de ampliar as coberturas vacinais e reduzir o risco de introdu\u00e7\u00e3o e dissemina\u00e7\u00e3o de doen\u00e7as que podem ser prevenidas.<br><br>Conforme a coordenadora de Vigil\u00e2ncia em Sa\u00fade, Marisa Zanatta, a vacina\u00e7\u00e3o \u00e9 fundamental para a prote\u00e7\u00e3o individual e para evitar que doen\u00e7as que j\u00e1 haviam sido erradicadas retornem. \u201cPor isso, pedimos que os pais ou respons\u00e1veis busquem a sala de vacina\u00e7\u00e3o mais pr\u00f3xima de suas casas com a caderneta de vacina\u00e7\u00e3o para que a situa\u00e7\u00e3o vacinal das crian\u00e7as e dos adolescentes com at\u00e9 14 anos, 11 meses e 29 dias seja avaliada e para que eles recebam os imunizantes que faltam na carteirinha\u201d, afirma, enfatizando que \u00e9 importante comparecer na unidade de sa\u00fade com documentos pessoais e a carteirinha de vacina\u00e7\u00e3o.<\/p>\n\n\n\n<p>A campanha iniciou nessa segunda-feira (16) e seguir\u00e1 at\u00e9 o dia 27 de outubro.<br><br>Locais de vacina\u00e7\u00e3o<br>&#8211; Central de Vacinas<br>&#8211; Cais H\u00edpica<br>&#8211; Cais Boqueir\u00e3o<br>&#8211; Cais Vila Lu\u00edza<br>&#8211; Cais Petr\u00f3polis<br>&#8211; Cais S\u00e3o Crist\u00f3v\u00e3o<br>&#8211; ESF Adriana L\u00edrio<br>&#8211; ESF S\u00e3o Jos\u00e9<br>&#8211; ESF S\u00e3o Luiz Gonzaga<br>&#8211; ESF Adolfo Groth<br>&#8211; ESF Don\u00e1ria \/ Santa Marta<br>&#8211; ESF Mattos<br>&#8211; ESF Nen\u00ea Graeff<br>&#8211; ESF Jer\u00f4nimo Coelho<br>&#8211; ESF Planaltina<br>&#8211; ESF Valinhos<br>&#8211; ESF Ricci<br>&#8211; ESF Zachia<br>&#8211; ESF Adirbal Corralo<br>&#8211; ESF Jaboticabal<br>&#8211; ESF Caic Edu Azambuja<br>&#8211; UBS Parque Farroupilha<br>&#8211; UBS Ivo Ferreira<br>&#8211; UBS Jardim Am\u00e9rica<br>&#8211; UBS Santo Ant\u00f4nio da Pedreira<br>&#8211; UBS Vila Nova \/ Santa Maria<br><br><br>Hor\u00e1rios<br>&#8211; Central de Vacinas: de segunda a sexta-feira, das 8h \u00e0s 18h<br>&#8211; ESF e UBS: de segunda a sexta-feira, das 8h \u00e0s 11h30 e das 13h \u00e0s 16h30<br>&#8211; Cais: de segunda a sexta-feira, das 8h \u00e0s 18, e no s\u00e1bado, das 8h \u00e0s 11h<br>&#8211; Cais Petr\u00f3polis: de segunda a sexta-feira, das 8h \u00e0s 21h30, e nos s\u00e1bados e domingos, das 8h \u00e0s 20h<\/p>\n\n\n\n<p><br>* Todas essas unidades estar\u00e3o abertas no s\u00e1bado, 21 de outubro, das 8h \u00e0s 17h<\/p>\n","protected":false},"excerpt":{"rendered":"<p>Mobiliza\u00e7\u00e3o tem como objetivo a atualiza\u00e7\u00e3o da caderneta de crian\u00e7as e adolescentes com menos de 15 anos<\/p>\n","protected":false},"author":6,"featured_media":0,"comment_status":"closed","ping_status":"closed","sticky":true,"template":"","format":"standard","meta":{"footnotes":""},"categories":[1],"tags":[],"class_list":["post-3668","post","type-post","status-publish","format-standard","hentry","category-sem-categoria"],"yoast_head":"<!-- This site is optimized with the Yoast SEO plugin v23.8 - https:\/\/yoast.com\/wordpress\/plugins\/seo\/ -->\n<title>Dia D da Campanha da Multivacina\u00e7\u00e3o ser\u00e1 neste s\u00e1bado (21) em Passo Fundo - Secretaria de Sa\u00fade<\/title>\n<meta name=\"robots\" content=\"index, follow, max-snippet:-1, max-image-preview:large, max-video-preview:-1\" \/>\n<link rel=\"canonical\" href=\"https:\/\/www.pmpf.rs.gov.br\/secretaria-de-saude\/2023\/10\/17\/dia-d-da-campanha-da-multivacinacao-sera-neste-sabado-21-em-passo-fundo\/\" \/>\n<meta property=\"og:locale\" content=\"pt_BR\" \/>\n<meta property=\"og:type\" content=\"article\" \/>\n<meta property=\"og:title\" content=\"Dia D da Campanha da Multivacina\u00e7\u00e3o ser\u00e1 neste s\u00e1bado (21) em Passo Fundo - Secretaria de Sa\u00fade\" \/>\n<meta property=\"og:description\" content=\"Mobiliza\u00e7\u00e3o tem como objetivo a atualiza\u00e7\u00e3o da caderneta de crian\u00e7as e adolescentes com menos de 15 anos\" \/>\n<meta property=\"og:url\" content=\"https:\/\/www.pmpf.rs.gov.br\/secretaria-de-saude\/2023\/10\/17\/dia-d-da-campanha-da-multivacinacao-sera-neste-sabado-21-em-passo-fundo\/\" \/>\n<meta property=\"og:site_name\" content=\"Secretaria de Sa\u00fade\" \/>\n<meta property=\"article:published_time\" content=\"2023-10-17T12:01:11+00:00\" \/>\n<meta property=\"article:modified_time\" content=\"2023-10-17T12:01:19+00:00\" \/>\n<meta name=\"author\" content=\"andressazorzetto07\" \/>\n<meta name=\"twitter:card\" content=\"summary_large_image\" \/>\n<meta name=\"twitter:label1\" content=\"Escrito por\" \/>\n\t<meta name=\"twitter:data1\" content=\"andressazorzetto07\" \/>\n\t<meta name=\"twitter:label2\" content=\"Est. tempo de leitura\" \/>\n\t<meta name=\"twitter:data2\" content=\"2 minutos\" \/>\n<script type=\"application\/ld+json\" class=\"yoast-schema-graph\">{\"@context\":\"https:\/\/schema.org\",\"@graph\":[{\"@type\":\"WebPage\",\"@id\":\"https:\/\/www.pmpf.rs.gov.br\/secretaria-de-saude\/2023\/10\/17\/dia-d-da-campanha-da-multivacinacao-sera-neste-sabado-21-em-passo-fundo\/\",\"url\":\"https:\/\/www.pmpf.rs.gov.br\/secretaria-de-saude\/2023\/10\/17\/dia-d-da-campanha-da-multivacinacao-sera-neste-sabado-21-em-passo-fundo\/\",\"name\":\"Dia D da Campanha da Multivacina\u00e7\u00e3o ser\u00e1 neste s\u00e1bado (21) em Passo Fundo - Secretaria de Sa\u00fade\",\"isPartOf\":{\"@id\":\"https:\/\/www.pmpf.rs.gov.br\/secretaria-de-saude\/#website\"},\"datePublished\":\"2023-10-17T12:01:11+00:00\",\"dateModified\":\"2023-10-17T12:01:19+00:00\",\"author\":{\"@id\":\"https:\/\/www.pmpf.rs.gov.br\/secretaria-de-saude\/#\/schema\/person\/30ee1d1bd74da1469b01fcf086e43351\"},\"breadcrumb\":{\"@id\":\"https:\/\/www.pmpf.rs.gov.br\/secretaria-de-saude\/2023\/10\/17\/dia-d-da-campanha-da-multivacinacao-sera-neste-sabado-21-em-passo-fundo\/#breadcrumb\"},\"inLanguage\":\"pt-BR\",\"potentialAction\":[{\"@type\":\"ReadAction\",\"target\":[\"https:\/\/www.pmpf.rs.gov.br\/secretaria-de-saude\/2023\/10\/17\/dia-d-da-campanha-da-multivacinacao-sera-neste-sabado-21-em-passo-fundo\/\"]}]},{\"@type\":\"BreadcrumbList\",\"@id\":\"https:\/\/www.pmpf.rs.gov.br\/secretaria-de-saude\/2023\/10\/17\/dia-d-da-campanha-da-multivacinacao-sera-neste-sabado-21-em-passo-fundo\/#breadcrumb\",\"itemListElement\":[{\"@type\":\"ListItem\",\"position\":1,\"name\":\"In\u00edcio\",\"item\":\"https:\/\/www.pmpf.rs.gov.br\/secretaria-de-saude\/\"},{\"@type\":\"ListItem\",\"position\":2,\"name\":\"Dia D da Campanha da Multivacina\u00e7\u00e3o ser\u00e1 neste s\u00e1bado (21) em Passo Fundo\"}]},{\"@type\":\"WebSite\",\"@id\":\"https:\/\/www.pmpf.rs.gov.br\/secretaria-de-saude\/#website\",\"url\":\"https:\/\/www.pmpf.rs.gov.br\/secretaria-de-saude\/\",\"name\":\"Secretaria de Sa\u00fade\",\"description\":\"S\u00f3 mais um site Prefeitura de Passo Fundo\",\"potentialAction\":[{\"@type\":\"SearchAction\",\"target\":{\"@type\":\"EntryPoint\",\"urlTemplate\":\"https:\/\/www.pmpf.rs.gov.br\/secretaria-de-saude\/?s={search_term_string}\"},\"query-input\":{\"@type\":\"PropertyValueSpecification\",\"valueRequired\":true,\"valueName\":\"search_term_string\"}}],\"inLanguage\":\"pt-BR\"},{\"@type\":\"Person\",\"@id\":\"https:\/\/www.pmpf.rs.gov.br\/secretaria-de-saude\/#\/schema\/person\/30ee1d1bd74da1469b01fcf086e43351\",\"name\":\"andressazorzetto07\",\"image\":{\"@type\":\"ImageObject\",\"inLanguage\":\"pt-BR\",\"@id\":\"https:\/\/www.pmpf.rs.gov.br\/secretaria-de-saude\/#\/schema\/person\/image\/\",\"url\":\"https:\/\/secure.gravatar.com\/avatar\/14c5458ed79dc81da99a13b9ff5f9f19?s=96&d=mm&r=g\",\"contentUrl\":\"https:\/\/secure.gravatar.com\/avatar\/14c5458ed79dc81da99a13b9ff5f9f19?s=96&d=mm&r=g\",\"caption\":\"andressazorzetto07\"},\"url\":\"https:\/\/www.pmpf.rs.gov.br\/secretaria-de-saude\/author\/andressazorzetto07\/\"}]}<\/script>\n<!-- \/ Yoast SEO plugin. -->","yoast_head_json":{"title":"Dia D da Campanha da Multivacina\u00e7\u00e3o ser\u00e1 neste s\u00e1bado (21) em Passo Fundo - Secretaria de Sa\u00fade","robots":{"index":"index","follow":"follow","max-snippet":"max-snippet:-1","max-image-preview":"max-image-preview:large","max-video-preview":"max-video-preview:-1"},"canonical":"https:\/\/www.pmpf.rs.gov.br\/secretaria-de-saude\/2023\/10\/17\/dia-d-da-campanha-da-multivacinacao-sera-neste-sabado-21-em-passo-fundo\/","og_locale":"pt_BR","og_type":"article","og_title":"Dia D da Campanha da Multivacina\u00e7\u00e3o ser\u00e1 neste s\u00e1bado (21) em Passo Fundo - Secretaria de Sa\u00fade","og_description":"Mobiliza\u00e7\u00e3o tem como objetivo a atualiza\u00e7\u00e3o da caderneta de crian\u00e7as e adolescentes com menos de 15 anos","og_url":"https:\/\/www.pmpf.rs.gov.br\/secretaria-de-saude\/2023\/10\/17\/dia-d-da-campanha-da-multivacinacao-sera-neste-sabado-21-em-passo-fundo\/","og_site_name":"Secretaria de Sa\u00fade","article_published_time":"2023-10-17T12:01:11+00:00","article_modified_time":"2023-10-17T12:01:19+00:00","author":"andressazorzetto07","twitter_card":"summary_large_image","twitter_misc":{"Escrito por":"andressazorzetto07","Est. tempo de leitura":"2 minutos"},"schema":{"@context":"https:\/\/schema.org","@graph":[{"@type":"WebPage","@id":"https:\/\/www.pmpf.rs.gov.br\/secretaria-de-saude\/2023\/10\/17\/dia-d-da-campanha-da-multivacinacao-sera-neste-sabado-21-em-passo-fundo\/","url":"https:\/\/www.pmpf.rs.gov.br\/secretaria-de-saude\/2023\/10\/17\/dia-d-da-campanha-da-multivacinacao-sera-neste-sabado-21-em-passo-fundo\/","name":"Dia D da Campanha da Multivacina\u00e7\u00e3o ser\u00e1 neste s\u00e1bado (21) em Passo Fundo - Secretaria de Sa\u00fade","isPartOf":{"@id":"https:\/\/www.pmpf.rs.gov.br\/secretaria-de-saude\/#website"},"datePublished":"2023-10-17T12:01:11+00:00","dateModified":"2023-10-17T12:01:19+00:00","author":{"@id":"https:\/\/www.pmpf.rs.gov.br\/secretaria-de-saude\/#\/schema\/person\/30ee1d1bd74da1469b01fcf086e43351"},"breadcrumb":{"@id":"https:\/\/www.pmpf.rs.gov.br\/secretaria-de-saude\/2023\/10\/17\/dia-d-da-campanha-da-multivacinacao-sera-neste-sabado-21-em-passo-fundo\/#breadcrumb"},"inLanguage":"pt-BR","potentialAction":[{"@type":"ReadAction","target":["https:\/\/www.pmpf.rs.gov.br\/secretaria-de-saude\/2023\/10\/17\/dia-d-da-campanha-da-multivacinacao-sera-neste-sabado-21-em-passo-fundo\/"]}]},{"@type":"BreadcrumbList","@id":"https:\/\/www.pmpf.rs.gov.br\/secretaria-de-saude\/2023\/10\/17\/dia-d-da-campanha-da-multivacinacao-sera-neste-sabado-21-em-passo-fundo\/#breadcrumb","itemListElement":[{"@type":"ListItem","position":1,"name":"In\u00edcio","item":"https:\/\/www.pmpf.rs.gov.br\/secretaria-de-saude\/"},{"@type":"ListItem","position":2,"name":"Dia D da Campanha da Multivacina\u00e7\u00e3o ser\u00e1 neste s\u00e1bado (21) em Passo Fundo"}]},{"@type":"WebSite","@id":"https:\/\/www.pmpf.rs.gov.br\/secretaria-de-saude\/#website","url":"https:\/\/www.pmpf.rs.gov.br\/secretaria-de-saude\/","name":"Secretaria de Sa\u00fade","description":"S\u00f3 mais um site Prefeitura de Passo Fundo","potentialAction":[{"@type":"SearchAction","target":{"@type":"EntryPoint","urlTemplate":"https:\/\/www.pmpf.rs.gov.br\/secretaria-de-saude\/?s={search_term_string}"},"query-input":{"@type":"PropertyValueSpecification","valueRequired":true,"valueName":"search_term_string"}}],"inLanguage":"pt-BR"},{"@type":"Person","@id":"https:\/\/www.pmpf.rs.gov.br\/secretaria-de-saude\/#\/schema\/person\/30ee1d1bd74da1469b01fcf086e43351","name":"andressazorzetto07","image":{"@type":"ImageObject","inLanguage":"pt-BR","@id":"https:\/\/www.pmpf.rs.gov.br\/secretaria-de-saude\/#\/schema\/person\/image\/","url":"https:\/\/secure.gravatar.com\/avatar\/14c5458ed79dc81da99a13b9ff5f9f19?s=96&d=mm&r=g","contentUrl":"https:\/\/secure.gravatar.com\/avatar\/14c5458ed79dc81da99a13b9ff5f9f19?s=96&d=mm&r=g","caption":"andressazorzetto07"},"url":"https:\/\/www.pmpf.rs.gov.br\/secretaria-de-saude\/author\/andressazorzetto07\/"}]}},"_links":{"self":[{"href":"https:\/\/www.pmpf.rs.gov.br\/secretaria-de-saude\/wp-json\/wp\/v2\/posts\/3668"}],"collection":[{"href":"https:\/\/www.pmpf.rs.gov.br\/secretaria-de-saude\/wp-json\/wp\/v2\/posts"}],"about":[{"href":"https:\/\/www.pmpf.rs.gov.br\/secretaria-de-saude\/wp-json\/wp\/v2\/types\/post"}],"author":[{"embeddable":true,"href":"https:\/\/www.pmpf.rs.gov.br\/secretaria-de-saude\/wp-json\/wp\/v2\/users\/6"}],"replies":[{"embeddable":true,"href":"https:\/\/www.pmpf.rs.gov.br\/secretaria-de-saude\/wp-json\/wp\/v2\/comments?post=3668"}],"version-history":[{"count":1,"href":"https:\/\/www.pmpf.rs.gov.br\/secretaria-de-saude\/wp-json\/wp\/v2\/posts\/3668\/revisions"}],"predecessor-version":[{"id":3669,"href":"https:\/\/www.pmpf.rs.gov.br\/secretaria-de-saude\/wp-json\/wp\/v2\/posts\/3668\/revisions\/3669"}],"wp:attachment":[{"href":"https:\/\/www.pmpf.rs.gov.br\/secretaria-de-saude\/wp-json\/wp\/v2\/media?parent=3668"}],"wp:term":[{"taxonomy":"category","embeddable":true,"href":"https:\/\/www.pmpf.rs.gov.br\/secretaria-de-saude\/wp-json\/wp\/v2\/categories?post=3668"},{"taxonomy":"post_tag","embeddable":true,"href":"https:\/\/www.pmpf.rs.gov.br\/secretaria-de-saude\/wp-json\/wp\/v2\/tags?post=3668"}],"curies":[{"name":"wp","href":"https:\/\/api.w.org\/{rel}","templated":true}]}}