{"id":3663,"date":"2023-09-25T16:45:56","date_gmt":"2023-09-25T19:45:56","guid":{"rendered":"https:\/\/www.pmpf.rs.gov.br\/secretaria-de-saude\/?p=3663"},"modified":"2023-09-25T16:46:06","modified_gmt":"2023-09-25T19:46:06","slug":"passo-fundo-recebe-selo-ouro-de-qualificacao-no-atendimento-a-populacao-idosa","status":"publish","type":"post","link":"https:\/\/www.pmpf.rs.gov.br\/secretaria-de-saude\/2023\/09\/25\/passo-fundo-recebe-selo-ouro-de-qualificacao-no-atendimento-a-populacao-idosa\/","title":{"rendered":"Passo Fundo recebe selo ouro de qualifica\u00e7\u00e3o no atendimento \u00e0 popula\u00e7\u00e3o idosa"},"content":{"rendered":"\n<p><\/p>\n\n\n\n<p>Passo Fundo recebeu, na manh\u00e3 desta segunda-feira (25) o Selo Ouro de Unidade B\u00e1sica de<br>Sa\u00fade Amiga do Idoso, pela rede Bem Cuidar do RS. A certifica\u00e7\u00e3o reconhece o compromisso<br>e a qualidade dos servi\u00e7os de sa\u00fade oferecidos \u00e0s pessoas idosas na cidade.<\/p>\n\n\n\n<p>A entrega foi realizada em Porto Alegre pelo governador do Estado, Eduardo Leite e a<br>secret\u00e1ria de Sa\u00fade Arita Bergman, ao Vice-Prefeito e Secret\u00e1rio de sa\u00fade, Jo\u00e3o Pedro Nunes,<br>como reconhecimento ao trabalho desenvolvido na no programa de Estrat\u00e9gia de Sa\u00fade da<br>Fam\u00edlia (ESF) do bairro Jos\u00e9 Alexandre Zachia, que faz parte da Rede Bem Cuidar.<\/p>\n\n\n\n<p>De acordo com a enfermeira da ESF Zachia, Fernanda Mathioni Kipper, \u00e9 uma conquista<br>importante para a promo\u00e7\u00e3o do cuidado e bem-estar dos idosos receber o reconhecimento na<br>unidade de sa\u00fade escolhida pelo Munic\u00edpio para ser a unidade Rede Bem Cuidar.<br>\u201cParticipamos do Rede Bem Cuidar do Estado h\u00e1 um ano e meio e a cada ciclo atingimos todas<br>as metas obrigat\u00f3rias do programa. Agora nesse ciclo fomos premiados com o Selo Ouro de<br>unidade amiga do idoso\u201d, esclarece Fernanda.<\/p>\n\n\n\n<p>A enfermeira ressalta que cada ciclo tem metas diferenciadas, por\u00e9m, uma meta comum entre<br>todos eles \u00e9 a implementa\u00e7\u00e3o da avalia\u00e7\u00e3o multidimensional da pessoa idosa. \u201cEscolhemos a<br>avalia\u00e7\u00e3o IVCF-20, (O \u00cdndice de Vulnerabilidade Cl\u00ednico-Funcional 20 \u00e9 um instrumento de<br>reconhecimento r\u00e1pido dos principais problemas de sa\u00fade da pessoa idosa, sendo considerado<br>um dos quatro melhores instrumentos do mundo para avalia\u00e7\u00e3o da fragilidade) ent\u00e3o durante<br>todos esses meses, aprimoramos a aplica\u00e7\u00e3o dessa avalia\u00e7\u00e3o, a discuss\u00e3o de casos em<br>equipe e a cria\u00e7\u00e3o de projetos terap\u00eauticos singulares para cada paciente. Se trata de qualificar<br>o atendimento \u00e0 popula\u00e7\u00e3o idosa\u201d, pontua.<\/p>\n\n\n\n<p>Fernanda frisa o significado para o munic\u00edpio de Passo Fundo em ganhar este selo.<br>\u201cDemonstra que realmente a comunidade tem sido bem cuidada. Principalmente a nossa<br>popula\u00e7\u00e3o idosa, que \u00e9 uma grande parte da nossa popula\u00e7\u00e3o. E que, infelizmente, \u00e9 pouco<br>olhada pela pr\u00f3pria fam\u00edlia. Acredito que os filhos ainda tenham dificuldade de enxergar as<br>demandas que os pais t\u00eam. E a sa\u00fade pode auxiliar nesse cuidado, chamando aten\u00e7\u00e3o dos<br>familiares, demonstrando aquilo que pode melhorar a qualidade de vida desses pacientes\u201d,<br>finaliza a enfermeira.<\/p>\n","protected":false},"excerpt":{"rendered":"<p>Certifica\u00e7\u00e3o da Rede Bem Cuidar do RS reconhece o compromisso e a qualidade dos servi\u00e7os prestados no munic\u00edpio<\/p>\n","protected":false},"author":6,"featured_media":3664,"comment_status":"closed","ping_status":"closed","sticky":true,"template":"","format":"standard","meta":{"footnotes":""},"categories":[1],"tags":[],"class_list":["post-3663","post","type-post","status-publish","format-standard","has-post-thumbnail","hentry","category-sem-categoria"],"yoast_head":"<!-- This site is optimized with the Yoast SEO plugin v23.8 - https:\/\/yoast.com\/wordpress\/plugins\/seo\/ -->\n<title>Passo Fundo recebe selo ouro de qualifica\u00e7\u00e3o no atendimento \u00e0 popula\u00e7\u00e3o idosa - Secretaria de Sa\u00fade<\/title>\n<meta name=\"robots\" content=\"index, follow, max-snippet:-1, max-image-preview:large, max-video-preview:-1\" \/>\n<link rel=\"canonical\" href=\"https:\/\/www.pmpf.rs.gov.br\/secretaria-de-saude\/2023\/09\/25\/passo-fundo-recebe-selo-ouro-de-qualificacao-no-atendimento-a-populacao-idosa\/\" \/>\n<meta property=\"og:locale\" content=\"pt_BR\" \/>\n<meta property=\"og:type\" content=\"article\" \/>\n<meta property=\"og:title\" content=\"Passo Fundo recebe selo ouro de qualifica\u00e7\u00e3o no atendimento \u00e0 popula\u00e7\u00e3o idosa - Secretaria de Sa\u00fade\" \/>\n<meta property=\"og:description\" content=\"Certifica\u00e7\u00e3o da Rede Bem Cuidar do RS reconhece o compromisso e a qualidade dos servi\u00e7os prestados no munic\u00edpio\" \/>\n<meta property=\"og:url\" content=\"https:\/\/www.pmpf.rs.gov.br\/secretaria-de-saude\/2023\/09\/25\/passo-fundo-recebe-selo-ouro-de-qualificacao-no-atendimento-a-populacao-idosa\/\" \/>\n<meta property=\"og:site_name\" content=\"Secretaria de Sa\u00fade\" \/>\n<meta property=\"article:published_time\" content=\"2023-09-25T19:45:56+00:00\" \/>\n<meta property=\"article:modified_time\" content=\"2023-09-25T19:46:06+00:00\" \/>\n<meta name=\"author\" content=\"andressazorzetto07\" \/>\n<meta name=\"twitter:card\" content=\"summary_large_image\" \/>\n<meta name=\"twitter:label1\" content=\"Escrito por\" \/>\n\t<meta name=\"twitter:data1\" content=\"andressazorzetto07\" \/>\n\t<meta name=\"twitter:label2\" content=\"Est. tempo de leitura\" \/>\n\t<meta name=\"twitter:data2\" content=\"2 minutos\" \/>\n<script type=\"application\/ld+json\" class=\"yoast-schema-graph\">{\"@context\":\"https:\/\/schema.org\",\"@graph\":[{\"@type\":\"WebPage\",\"@id\":\"https:\/\/www.pmpf.rs.gov.br\/secretaria-de-saude\/2023\/09\/25\/passo-fundo-recebe-selo-ouro-de-qualificacao-no-atendimento-a-populacao-idosa\/\",\"url\":\"https:\/\/www.pmpf.rs.gov.br\/secretaria-de-saude\/2023\/09\/25\/passo-fundo-recebe-selo-ouro-de-qualificacao-no-atendimento-a-populacao-idosa\/\",\"name\":\"Passo Fundo recebe selo ouro de qualifica\u00e7\u00e3o no atendimento \u00e0 popula\u00e7\u00e3o idosa - Secretaria de Sa\u00fade\",\"isPartOf\":{\"@id\":\"https:\/\/www.pmpf.rs.gov.br\/secretaria-de-saude\/#website\"},\"primaryImageOfPage\":{\"@id\":\"https:\/\/www.pmpf.rs.gov.br\/secretaria-de-saude\/2023\/09\/25\/passo-fundo-recebe-selo-ouro-de-qualificacao-no-atendimento-a-populacao-idosa\/#primaryimage\"},\"image\":{\"@id\":\"https:\/\/www.pmpf.rs.gov.br\/secretaria-de-saude\/2023\/09\/25\/passo-fundo-recebe-selo-ouro-de-qualificacao-no-atendimento-a-populacao-idosa\/#primaryimage\"},\"thumbnailUrl\":\"https:\/\/www.pmpf.rs.gov.br\/secretaria-de-saude\/wp-content\/uploads\/sites\/50\/2023\/09\/bem-cuidar.jpg\",\"datePublished\":\"2023-09-25T19:45:56+00:00\",\"dateModified\":\"2023-09-25T19:46:06+00:00\",\"author\":{\"@id\":\"https:\/\/www.pmpf.rs.gov.br\/secretaria-de-saude\/#\/schema\/person\/30ee1d1bd74da1469b01fcf086e43351\"},\"breadcrumb\":{\"@id\":\"https:\/\/www.pmpf.rs.gov.br\/secretaria-de-saude\/2023\/09\/25\/passo-fundo-recebe-selo-ouro-de-qualificacao-no-atendimento-a-populacao-idosa\/#breadcrumb\"},\"inLanguage\":\"pt-BR\",\"potentialAction\":[{\"@type\":\"ReadAction\",\"target\":[\"https:\/\/www.pmpf.rs.gov.br\/secretaria-de-saude\/2023\/09\/25\/passo-fundo-recebe-selo-ouro-de-qualificacao-no-atendimento-a-populacao-idosa\/\"]}]},{\"@type\":\"ImageObject\",\"inLanguage\":\"pt-BR\",\"@id\":\"https:\/\/www.pmpf.rs.gov.br\/secretaria-de-saude\/2023\/09\/25\/passo-fundo-recebe-selo-ouro-de-qualificacao-no-atendimento-a-populacao-idosa\/#primaryimage\",\"url\":\"https:\/\/www.pmpf.rs.gov.br\/secretaria-de-saude\/wp-content\/uploads\/sites\/50\/2023\/09\/bem-cuidar.jpg\",\"contentUrl\":\"https:\/\/www.pmpf.rs.gov.br\/secretaria-de-saude\/wp-content\/uploads\/sites\/50\/2023\/09\/bem-cuidar.jpg\",\"width\":1600,\"height\":604},{\"@type\":\"BreadcrumbList\",\"@id\":\"https:\/\/www.pmpf.rs.gov.br\/secretaria-de-saude\/2023\/09\/25\/passo-fundo-recebe-selo-ouro-de-qualificacao-no-atendimento-a-populacao-idosa\/#breadcrumb\",\"itemListElement\":[{\"@type\":\"ListItem\",\"position\":1,\"name\":\"In\u00edcio\",\"item\":\"https:\/\/www.pmpf.rs.gov.br\/secretaria-de-saude\/\"},{\"@type\":\"ListItem\",\"position\":2,\"name\":\"Passo Fundo recebe selo ouro de qualifica\u00e7\u00e3o no atendimento \u00e0 popula\u00e7\u00e3o idosa\"}]},{\"@type\":\"WebSite\",\"@id\":\"https:\/\/www.pmpf.rs.gov.br\/secretaria-de-saude\/#website\",\"url\":\"https:\/\/www.pmpf.rs.gov.br\/secretaria-de-saude\/\",\"name\":\"Secretaria de Sa\u00fade\",\"description\":\"S\u00f3 mais um site Prefeitura de Passo Fundo\",\"potentialAction\":[{\"@type\":\"SearchAction\",\"target\":{\"@type\":\"EntryPoint\",\"urlTemplate\":\"https:\/\/www.pmpf.rs.gov.br\/secretaria-de-saude\/?s={search_term_string}\"},\"query-input\":{\"@type\":\"PropertyValueSpecification\",\"valueRequired\":true,\"valueName\":\"search_term_string\"}}],\"inLanguage\":\"pt-BR\"},{\"@type\":\"Person\",\"@id\":\"https:\/\/www.pmpf.rs.gov.br\/secretaria-de-saude\/#\/schema\/person\/30ee1d1bd74da1469b01fcf086e43351\",\"name\":\"andressazorzetto07\",\"image\":{\"@type\":\"ImageObject\",\"inLanguage\":\"pt-BR\",\"@id\":\"https:\/\/www.pmpf.rs.gov.br\/secretaria-de-saude\/#\/schema\/person\/image\/\",\"url\":\"https:\/\/secure.gravatar.com\/avatar\/14c5458ed79dc81da99a13b9ff5f9f19?s=96&d=mm&r=g\",\"contentUrl\":\"https:\/\/secure.gravatar.com\/avatar\/14c5458ed79dc81da99a13b9ff5f9f19?s=96&d=mm&r=g\",\"caption\":\"andressazorzetto07\"},\"url\":\"https:\/\/www.pmpf.rs.gov.br\/secretaria-de-saude\/author\/andressazorzetto07\/\"}]}<\/script>\n<!-- \/ Yoast SEO plugin. -->","yoast_head_json":{"title":"Passo Fundo recebe selo ouro de qualifica\u00e7\u00e3o no atendimento \u00e0 popula\u00e7\u00e3o idosa - Secretaria de Sa\u00fade","robots":{"index":"index","follow":"follow","max-snippet":"max-snippet:-1","max-image-preview":"max-image-preview:large","max-video-preview":"max-video-preview:-1"},"canonical":"https:\/\/www.pmpf.rs.gov.br\/secretaria-de-saude\/2023\/09\/25\/passo-fundo-recebe-selo-ouro-de-qualificacao-no-atendimento-a-populacao-idosa\/","og_locale":"pt_BR","og_type":"article","og_title":"Passo Fundo recebe selo ouro de qualifica\u00e7\u00e3o no atendimento \u00e0 popula\u00e7\u00e3o idosa - Secretaria de Sa\u00fade","og_description":"Certifica\u00e7\u00e3o da Rede Bem Cuidar do RS reconhece o compromisso e a qualidade dos servi\u00e7os prestados no munic\u00edpio","og_url":"https:\/\/www.pmpf.rs.gov.br\/secretaria-de-saude\/2023\/09\/25\/passo-fundo-recebe-selo-ouro-de-qualificacao-no-atendimento-a-populacao-idosa\/","og_site_name":"Secretaria de Sa\u00fade","article_published_time":"2023-09-25T19:45:56+00:00","article_modified_time":"2023-09-25T19:46:06+00:00","author":"andressazorzetto07","twitter_card":"summary_large_image","twitter_misc":{"Escrito por":"andressazorzetto07","Est. tempo de leitura":"2 minutos"},"schema":{"@context":"https:\/\/schema.org","@graph":[{"@type":"WebPage","@id":"https:\/\/www.pmpf.rs.gov.br\/secretaria-de-saude\/2023\/09\/25\/passo-fundo-recebe-selo-ouro-de-qualificacao-no-atendimento-a-populacao-idosa\/","url":"https:\/\/www.pmpf.rs.gov.br\/secretaria-de-saude\/2023\/09\/25\/passo-fundo-recebe-selo-ouro-de-qualificacao-no-atendimento-a-populacao-idosa\/","name":"Passo Fundo recebe selo ouro de qualifica\u00e7\u00e3o no atendimento \u00e0 popula\u00e7\u00e3o idosa - Secretaria de Sa\u00fade","isPartOf":{"@id":"https:\/\/www.pmpf.rs.gov.br\/secretaria-de-saude\/#website"},"primaryImageOfPage":{"@id":"https:\/\/www.pmpf.rs.gov.br\/secretaria-de-saude\/2023\/09\/25\/passo-fundo-recebe-selo-ouro-de-qualificacao-no-atendimento-a-populacao-idosa\/#primaryimage"},"image":{"@id":"https:\/\/www.pmpf.rs.gov.br\/secretaria-de-saude\/2023\/09\/25\/passo-fundo-recebe-selo-ouro-de-qualificacao-no-atendimento-a-populacao-idosa\/#primaryimage"},"thumbnailUrl":"https:\/\/www.pmpf.rs.gov.br\/secretaria-de-saude\/wp-content\/uploads\/sites\/50\/2023\/09\/bem-cuidar.jpg","datePublished":"2023-09-25T19:45:56+00:00","dateModified":"2023-09-25T19:46:06+00:00","author":{"@id":"https:\/\/www.pmpf.rs.gov.br\/secretaria-de-saude\/#\/schema\/person\/30ee1d1bd74da1469b01fcf086e43351"},"breadcrumb":{"@id":"https:\/\/www.pmpf.rs.gov.br\/secretaria-de-saude\/2023\/09\/25\/passo-fundo-recebe-selo-ouro-de-qualificacao-no-atendimento-a-populacao-idosa\/#breadcrumb"},"inLanguage":"pt-BR","potentialAction":[{"@type":"ReadAction","target":["https:\/\/www.pmpf.rs.gov.br\/secretaria-de-saude\/2023\/09\/25\/passo-fundo-recebe-selo-ouro-de-qualificacao-no-atendimento-a-populacao-idosa\/"]}]},{"@type":"ImageObject","inLanguage":"pt-BR","@id":"https:\/\/www.pmpf.rs.gov.br\/secretaria-de-saude\/2023\/09\/25\/passo-fundo-recebe-selo-ouro-de-qualificacao-no-atendimento-a-populacao-idosa\/#primaryimage","url":"https:\/\/www.pmpf.rs.gov.br\/secretaria-de-saude\/wp-content\/uploads\/sites\/50\/2023\/09\/bem-cuidar.jpg","contentUrl":"https:\/\/www.pmpf.rs.gov.br\/secretaria-de-saude\/wp-content\/uploads\/sites\/50\/2023\/09\/bem-cuidar.jpg","width":1600,"height":604},{"@type":"BreadcrumbList","@id":"https:\/\/www.pmpf.rs.gov.br\/secretaria-de-saude\/2023\/09\/25\/passo-fundo-recebe-selo-ouro-de-qualificacao-no-atendimento-a-populacao-idosa\/#breadcrumb","itemListElement":[{"@type":"ListItem","position":1,"name":"In\u00edcio","item":"https:\/\/www.pmpf.rs.gov.br\/secretaria-de-saude\/"},{"@type":"ListItem","position":2,"name":"Passo Fundo recebe selo ouro de qualifica\u00e7\u00e3o no atendimento \u00e0 popula\u00e7\u00e3o idosa"}]},{"@type":"WebSite","@id":"https:\/\/www.pmpf.rs.gov.br\/secretaria-de-saude\/#website","url":"https:\/\/www.pmpf.rs.gov.br\/secretaria-de-saude\/","name":"Secretaria de Sa\u00fade","description":"S\u00f3 mais um site Prefeitura de Passo Fundo","potentialAction":[{"@type":"SearchAction","target":{"@type":"EntryPoint","urlTemplate":"https:\/\/www.pmpf.rs.gov.br\/secretaria-de-saude\/?s={search_term_string}"},"query-input":{"@type":"PropertyValueSpecification","valueRequired":true,"valueName":"search_term_string"}}],"inLanguage":"pt-BR"},{"@type":"Person","@id":"https:\/\/www.pmpf.rs.gov.br\/secretaria-de-saude\/#\/schema\/person\/30ee1d1bd74da1469b01fcf086e43351","name":"andressazorzetto07","image":{"@type":"ImageObject","inLanguage":"pt-BR","@id":"https:\/\/www.pmpf.rs.gov.br\/secretaria-de-saude\/#\/schema\/person\/image\/","url":"https:\/\/secure.gravatar.com\/avatar\/14c5458ed79dc81da99a13b9ff5f9f19?s=96&d=mm&r=g","contentUrl":"https:\/\/secure.gravatar.com\/avatar\/14c5458ed79dc81da99a13b9ff5f9f19?s=96&d=mm&r=g","caption":"andressazorzetto07"},"url":"https:\/\/www.pmpf.rs.gov.br\/secretaria-de-saude\/author\/andressazorzetto07\/"}]}},"_links":{"self":[{"href":"https:\/\/www.pmpf.rs.gov.br\/secretaria-de-saude\/wp-json\/wp\/v2\/posts\/3663"}],"collection":[{"href":"https:\/\/www.pmpf.rs.gov.br\/secretaria-de-saude\/wp-json\/wp\/v2\/posts"}],"about":[{"href":"https:\/\/www.pmpf.rs.gov.br\/secretaria-de-saude\/wp-json\/wp\/v2\/types\/post"}],"author":[{"embeddable":true,"href":"https:\/\/www.pmpf.rs.gov.br\/secretaria-de-saude\/wp-json\/wp\/v2\/users\/6"}],"replies":[{"embeddable":true,"href":"https:\/\/www.pmpf.rs.gov.br\/secretaria-de-saude\/wp-json\/wp\/v2\/comments?post=3663"}],"version-history":[{"count":1,"href":"https:\/\/www.pmpf.rs.gov.br\/secretaria-de-saude\/wp-json\/wp\/v2\/posts\/3663\/revisions"}],"predecessor-version":[{"id":3665,"href":"https:\/\/www.pmpf.rs.gov.br\/secretaria-de-saude\/wp-json\/wp\/v2\/posts\/3663\/revisions\/3665"}],"wp:featuredmedia":[{"embeddable":true,"href":"https:\/\/www.pmpf.rs.gov.br\/secretaria-de-saude\/wp-json\/wp\/v2\/media\/3664"}],"wp:attachment":[{"href":"https:\/\/www.pmpf.rs.gov.br\/secretaria-de-saude\/wp-json\/wp\/v2\/media?parent=3663"}],"wp:term":[{"taxonomy":"category","embeddable":true,"href":"https:\/\/www.pmpf.rs.gov.br\/secretaria-de-saude\/wp-json\/wp\/v2\/categories?post=3663"},{"taxonomy":"post_tag","embeddable":true,"href":"https:\/\/www.pmpf.rs.gov.br\/secretaria-de-saude\/wp-json\/wp\/v2\/tags?post=3663"}],"curies":[{"name":"wp","href":"https:\/\/api.w.org\/{rel}","templated":true}]}}