{"id":3661,"date":"2023-09-08T10:33:52","date_gmt":"2023-09-08T13:33:52","guid":{"rendered":"https:\/\/www.pmpf.rs.gov.br\/secretaria-de-saude\/?p=3661"},"modified":"2023-09-08T10:34:01","modified_gmt":"2023-09-08T13:34:01","slug":"hospital-municipal-esta-com-inscricoes-abertas-para-contratacao-de-farmaceuticos","status":"publish","type":"post","link":"https:\/\/www.pmpf.rs.gov.br\/secretaria-de-saude\/2023\/09\/08\/hospital-municipal-esta-com-inscricoes-abertas-para-contratacao-de-farmaceuticos\/","title":{"rendered":"Hospital Municipal est\u00e1 com inscri\u00e7\u00f5es abertas para contrata\u00e7\u00e3o de farmac\u00eauticos"},"content":{"rendered":"\n<p><br>Profissionais farmac\u00eauticos interessados em prestar servi\u00e7os no Hospital Beneficente Dr. C\u00e9sar Santos t\u00eam at\u00e9 o dia 15 de setembro para participar do Processo Seletivo Simplificado aberto pela institui\u00e7\u00e3o. Conforme o edital \u2013 que est\u00e1 dispon\u00edvel no site do Hospital Municipal \u2013 ser\u00e3o contratados, de forma imediata, dois farmac\u00eauticos para atua\u00e7\u00e3o com carga hor\u00e1ria de 40 horas semanais.<\/p>\n\n\n\n<p>Segundo a Administra\u00e7\u00e3o do Hospital Municipal, o per\u00edodo de contrata\u00e7\u00e3o destes profissionais ser\u00e1 de 12 meses, com in\u00edcio das atividades funcionais previstas para serem iniciadas no m\u00eas de outubro de 2023. A sele\u00e7\u00e3o dos profissionais se dar\u00e1 por prova de t\u00edtulos, com as compet\u00eancias e pontua\u00e7\u00f5es definidas em edital. As inscri\u00e7\u00f5es dever\u00e3o ser realizadas pessoalmente pelo candidato de segunda a sexta-feira, das 08h \u00e0s 11h30m e das 13h30m \u00e0s 16h30m, no Setor de Recursos Humanos do Hospital Beneficente Dr. C\u00e9sar Santos.<\/p>\n\n\n\n<p>O edital e outras informa\u00e7\u00f5es est\u00e3o dispon\u00edveis em: https:\/\/www.hbcs.rs.gov.br\/concurso.<\/p>\n","protected":false},"excerpt":{"rendered":"<p>Processo Seletivo Simplificado se estende at\u00e9 o dia 15 de setembro. Edital com todas as informa\u00e7\u00f5es est\u00e1 dispon\u00edvel no site do Hospital Municipal<\/p>\n","protected":false},"author":6,"featured_media":0,"comment_status":"closed","ping_status":"closed","sticky":true,"template":"","format":"standard","meta":{"footnotes":""},"categories":[1],"tags":[],"class_list":["post-3661","post","type-post","status-publish","format-standard","hentry","category-sem-categoria"],"yoast_head":"<!-- This site is optimized with the Yoast SEO plugin v23.8 - https:\/\/yoast.com\/wordpress\/plugins\/seo\/ -->\n<title>Hospital Municipal est\u00e1 com inscri\u00e7\u00f5es abertas para contrata\u00e7\u00e3o de farmac\u00eauticos - Secretaria de Sa\u00fade<\/title>\n<meta name=\"robots\" content=\"index, follow, max-snippet:-1, max-image-preview:large, max-video-preview:-1\" \/>\n<link rel=\"canonical\" href=\"https:\/\/www.pmpf.rs.gov.br\/secretaria-de-saude\/2023\/09\/08\/hospital-municipal-esta-com-inscricoes-abertas-para-contratacao-de-farmaceuticos\/\" \/>\n<meta property=\"og:locale\" content=\"pt_BR\" \/>\n<meta property=\"og:type\" content=\"article\" \/>\n<meta property=\"og:title\" content=\"Hospital Municipal est\u00e1 com inscri\u00e7\u00f5es abertas para contrata\u00e7\u00e3o de farmac\u00eauticos - Secretaria de Sa\u00fade\" \/>\n<meta property=\"og:description\" content=\"Processo Seletivo Simplificado se estende at\u00e9 o dia 15 de setembro. Edital com todas as informa\u00e7\u00f5es est\u00e1 dispon\u00edvel no site do Hospital Municipal\" \/>\n<meta property=\"og:url\" content=\"https:\/\/www.pmpf.rs.gov.br\/secretaria-de-saude\/2023\/09\/08\/hospital-municipal-esta-com-inscricoes-abertas-para-contratacao-de-farmaceuticos\/\" \/>\n<meta property=\"og:site_name\" content=\"Secretaria de Sa\u00fade\" \/>\n<meta property=\"article:published_time\" content=\"2023-09-08T13:33:52+00:00\" \/>\n<meta property=\"article:modified_time\" content=\"2023-09-08T13:34:01+00:00\" \/>\n<meta name=\"author\" content=\"andressazorzetto07\" \/>\n<meta name=\"twitter:card\" content=\"summary_large_image\" \/>\n<meta name=\"twitter:label1\" content=\"Escrito por\" \/>\n\t<meta name=\"twitter:data1\" content=\"andressazorzetto07\" \/>\n\t<meta name=\"twitter:label2\" content=\"Est. tempo de leitura\" \/>\n\t<meta name=\"twitter:data2\" content=\"1 minuto\" \/>\n<script type=\"application\/ld+json\" class=\"yoast-schema-graph\">{\"@context\":\"https:\/\/schema.org\",\"@graph\":[{\"@type\":\"WebPage\",\"@id\":\"https:\/\/www.pmpf.rs.gov.br\/secretaria-de-saude\/2023\/09\/08\/hospital-municipal-esta-com-inscricoes-abertas-para-contratacao-de-farmaceuticos\/\",\"url\":\"https:\/\/www.pmpf.rs.gov.br\/secretaria-de-saude\/2023\/09\/08\/hospital-municipal-esta-com-inscricoes-abertas-para-contratacao-de-farmaceuticos\/\",\"name\":\"Hospital Municipal est\u00e1 com inscri\u00e7\u00f5es abertas para contrata\u00e7\u00e3o de farmac\u00eauticos - Secretaria de Sa\u00fade\",\"isPartOf\":{\"@id\":\"https:\/\/www.pmpf.rs.gov.br\/secretaria-de-saude\/#website\"},\"datePublished\":\"2023-09-08T13:33:52+00:00\",\"dateModified\":\"2023-09-08T13:34:01+00:00\",\"author\":{\"@id\":\"https:\/\/www.pmpf.rs.gov.br\/secretaria-de-saude\/#\/schema\/person\/30ee1d1bd74da1469b01fcf086e43351\"},\"breadcrumb\":{\"@id\":\"https:\/\/www.pmpf.rs.gov.br\/secretaria-de-saude\/2023\/09\/08\/hospital-municipal-esta-com-inscricoes-abertas-para-contratacao-de-farmaceuticos\/#breadcrumb\"},\"inLanguage\":\"pt-BR\",\"potentialAction\":[{\"@type\":\"ReadAction\",\"target\":[\"https:\/\/www.pmpf.rs.gov.br\/secretaria-de-saude\/2023\/09\/08\/hospital-municipal-esta-com-inscricoes-abertas-para-contratacao-de-farmaceuticos\/\"]}]},{\"@type\":\"BreadcrumbList\",\"@id\":\"https:\/\/www.pmpf.rs.gov.br\/secretaria-de-saude\/2023\/09\/08\/hospital-municipal-esta-com-inscricoes-abertas-para-contratacao-de-farmaceuticos\/#breadcrumb\",\"itemListElement\":[{\"@type\":\"ListItem\",\"position\":1,\"name\":\"In\u00edcio\",\"item\":\"https:\/\/www.pmpf.rs.gov.br\/secretaria-de-saude\/\"},{\"@type\":\"ListItem\",\"position\":2,\"name\":\"Hospital Municipal est\u00e1 com inscri\u00e7\u00f5es abertas para contrata\u00e7\u00e3o de farmac\u00eauticos\"}]},{\"@type\":\"WebSite\",\"@id\":\"https:\/\/www.pmpf.rs.gov.br\/secretaria-de-saude\/#website\",\"url\":\"https:\/\/www.pmpf.rs.gov.br\/secretaria-de-saude\/\",\"name\":\"Secretaria de Sa\u00fade\",\"description\":\"S\u00f3 mais um site Prefeitura de Passo Fundo\",\"potentialAction\":[{\"@type\":\"SearchAction\",\"target\":{\"@type\":\"EntryPoint\",\"urlTemplate\":\"https:\/\/www.pmpf.rs.gov.br\/secretaria-de-saude\/?s={search_term_string}\"},\"query-input\":{\"@type\":\"PropertyValueSpecification\",\"valueRequired\":true,\"valueName\":\"search_term_string\"}}],\"inLanguage\":\"pt-BR\"},{\"@type\":\"Person\",\"@id\":\"https:\/\/www.pmpf.rs.gov.br\/secretaria-de-saude\/#\/schema\/person\/30ee1d1bd74da1469b01fcf086e43351\",\"name\":\"andressazorzetto07\",\"image\":{\"@type\":\"ImageObject\",\"inLanguage\":\"pt-BR\",\"@id\":\"https:\/\/www.pmpf.rs.gov.br\/secretaria-de-saude\/#\/schema\/person\/image\/\",\"url\":\"https:\/\/secure.gravatar.com\/avatar\/14c5458ed79dc81da99a13b9ff5f9f19?s=96&d=mm&r=g\",\"contentUrl\":\"https:\/\/secure.gravatar.com\/avatar\/14c5458ed79dc81da99a13b9ff5f9f19?s=96&d=mm&r=g\",\"caption\":\"andressazorzetto07\"},\"url\":\"https:\/\/www.pmpf.rs.gov.br\/secretaria-de-saude\/author\/andressazorzetto07\/\"}]}<\/script>\n<!-- \/ Yoast SEO plugin. -->","yoast_head_json":{"title":"Hospital Municipal est\u00e1 com inscri\u00e7\u00f5es abertas para contrata\u00e7\u00e3o de farmac\u00eauticos - Secretaria de Sa\u00fade","robots":{"index":"index","follow":"follow","max-snippet":"max-snippet:-1","max-image-preview":"max-image-preview:large","max-video-preview":"max-video-preview:-1"},"canonical":"https:\/\/www.pmpf.rs.gov.br\/secretaria-de-saude\/2023\/09\/08\/hospital-municipal-esta-com-inscricoes-abertas-para-contratacao-de-farmaceuticos\/","og_locale":"pt_BR","og_type":"article","og_title":"Hospital Municipal est\u00e1 com inscri\u00e7\u00f5es abertas para contrata\u00e7\u00e3o de farmac\u00eauticos - Secretaria de Sa\u00fade","og_description":"Processo Seletivo Simplificado se estende at\u00e9 o dia 15 de setembro. Edital com todas as informa\u00e7\u00f5es est\u00e1 dispon\u00edvel no site do Hospital Municipal","og_url":"https:\/\/www.pmpf.rs.gov.br\/secretaria-de-saude\/2023\/09\/08\/hospital-municipal-esta-com-inscricoes-abertas-para-contratacao-de-farmaceuticos\/","og_site_name":"Secretaria de Sa\u00fade","article_published_time":"2023-09-08T13:33:52+00:00","article_modified_time":"2023-09-08T13:34:01+00:00","author":"andressazorzetto07","twitter_card":"summary_large_image","twitter_misc":{"Escrito por":"andressazorzetto07","Est. tempo de leitura":"1 minuto"},"schema":{"@context":"https:\/\/schema.org","@graph":[{"@type":"WebPage","@id":"https:\/\/www.pmpf.rs.gov.br\/secretaria-de-saude\/2023\/09\/08\/hospital-municipal-esta-com-inscricoes-abertas-para-contratacao-de-farmaceuticos\/","url":"https:\/\/www.pmpf.rs.gov.br\/secretaria-de-saude\/2023\/09\/08\/hospital-municipal-esta-com-inscricoes-abertas-para-contratacao-de-farmaceuticos\/","name":"Hospital Municipal est\u00e1 com inscri\u00e7\u00f5es abertas para contrata\u00e7\u00e3o de farmac\u00eauticos - Secretaria de Sa\u00fade","isPartOf":{"@id":"https:\/\/www.pmpf.rs.gov.br\/secretaria-de-saude\/#website"},"datePublished":"2023-09-08T13:33:52+00:00","dateModified":"2023-09-08T13:34:01+00:00","author":{"@id":"https:\/\/www.pmpf.rs.gov.br\/secretaria-de-saude\/#\/schema\/person\/30ee1d1bd74da1469b01fcf086e43351"},"breadcrumb":{"@id":"https:\/\/www.pmpf.rs.gov.br\/secretaria-de-saude\/2023\/09\/08\/hospital-municipal-esta-com-inscricoes-abertas-para-contratacao-de-farmaceuticos\/#breadcrumb"},"inLanguage":"pt-BR","potentialAction":[{"@type":"ReadAction","target":["https:\/\/www.pmpf.rs.gov.br\/secretaria-de-saude\/2023\/09\/08\/hospital-municipal-esta-com-inscricoes-abertas-para-contratacao-de-farmaceuticos\/"]}]},{"@type":"BreadcrumbList","@id":"https:\/\/www.pmpf.rs.gov.br\/secretaria-de-saude\/2023\/09\/08\/hospital-municipal-esta-com-inscricoes-abertas-para-contratacao-de-farmaceuticos\/#breadcrumb","itemListElement":[{"@type":"ListItem","position":1,"name":"In\u00edcio","item":"https:\/\/www.pmpf.rs.gov.br\/secretaria-de-saude\/"},{"@type":"ListItem","position":2,"name":"Hospital Municipal est\u00e1 com inscri\u00e7\u00f5es abertas para contrata\u00e7\u00e3o de farmac\u00eauticos"}]},{"@type":"WebSite","@id":"https:\/\/www.pmpf.rs.gov.br\/secretaria-de-saude\/#website","url":"https:\/\/www.pmpf.rs.gov.br\/secretaria-de-saude\/","name":"Secretaria de Sa\u00fade","description":"S\u00f3 mais um site Prefeitura de Passo Fundo","potentialAction":[{"@type":"SearchAction","target":{"@type":"EntryPoint","urlTemplate":"https:\/\/www.pmpf.rs.gov.br\/secretaria-de-saude\/?s={search_term_string}"},"query-input":{"@type":"PropertyValueSpecification","valueRequired":true,"valueName":"search_term_string"}}],"inLanguage":"pt-BR"},{"@type":"Person","@id":"https:\/\/www.pmpf.rs.gov.br\/secretaria-de-saude\/#\/schema\/person\/30ee1d1bd74da1469b01fcf086e43351","name":"andressazorzetto07","image":{"@type":"ImageObject","inLanguage":"pt-BR","@id":"https:\/\/www.pmpf.rs.gov.br\/secretaria-de-saude\/#\/schema\/person\/image\/","url":"https:\/\/secure.gravatar.com\/avatar\/14c5458ed79dc81da99a13b9ff5f9f19?s=96&d=mm&r=g","contentUrl":"https:\/\/secure.gravatar.com\/avatar\/14c5458ed79dc81da99a13b9ff5f9f19?s=96&d=mm&r=g","caption":"andressazorzetto07"},"url":"https:\/\/www.pmpf.rs.gov.br\/secretaria-de-saude\/author\/andressazorzetto07\/"}]}},"_links":{"self":[{"href":"https:\/\/www.pmpf.rs.gov.br\/secretaria-de-saude\/wp-json\/wp\/v2\/posts\/3661"}],"collection":[{"href":"https:\/\/www.pmpf.rs.gov.br\/secretaria-de-saude\/wp-json\/wp\/v2\/posts"}],"about":[{"href":"https:\/\/www.pmpf.rs.gov.br\/secretaria-de-saude\/wp-json\/wp\/v2\/types\/post"}],"author":[{"embeddable":true,"href":"https:\/\/www.pmpf.rs.gov.br\/secretaria-de-saude\/wp-json\/wp\/v2\/users\/6"}],"replies":[{"embeddable":true,"href":"https:\/\/www.pmpf.rs.gov.br\/secretaria-de-saude\/wp-json\/wp\/v2\/comments?post=3661"}],"version-history":[{"count":1,"href":"https:\/\/www.pmpf.rs.gov.br\/secretaria-de-saude\/wp-json\/wp\/v2\/posts\/3661\/revisions"}],"predecessor-version":[{"id":3662,"href":"https:\/\/www.pmpf.rs.gov.br\/secretaria-de-saude\/wp-json\/wp\/v2\/posts\/3661\/revisions\/3662"}],"wp:attachment":[{"href":"https:\/\/www.pmpf.rs.gov.br\/secretaria-de-saude\/wp-json\/wp\/v2\/media?parent=3661"}],"wp:term":[{"taxonomy":"category","embeddable":true,"href":"https:\/\/www.pmpf.rs.gov.br\/secretaria-de-saude\/wp-json\/wp\/v2\/categories?post=3661"},{"taxonomy":"post_tag","embeddable":true,"href":"https:\/\/www.pmpf.rs.gov.br\/secretaria-de-saude\/wp-json\/wp\/v2\/tags?post=3661"}],"curies":[{"name":"wp","href":"https:\/\/api.w.org\/{rel}","templated":true}]}}