{"id":3655,"date":"2023-08-31T10:09:08","date_gmt":"2023-08-31T13:09:08","guid":{"rendered":"https:\/\/www.pmpf.rs.gov.br\/secretaria-de-saude\/?p=3655"},"modified":"2023-08-31T10:09:11","modified_gmt":"2023-08-31T13:09:11","slug":"operacao-inverno-realiza-mais-de-2-700-atendimentos-nos-cais-e-na-ubs-especialidades","status":"publish","type":"post","link":"https:\/\/www.pmpf.rs.gov.br\/secretaria-de-saude\/2023\/08\/31\/operacao-inverno-realiza-mais-de-2-700-atendimentos-nos-cais-e-na-ubs-especialidades\/","title":{"rendered":"Opera\u00e7\u00e3o Inverno realiza mais de 2.700 atendimentos nos CAIS e na UBS Especialidades"},"content":{"rendered":"\n<p><br><br>Apresentada pelo prefeito Pedro Almeida, como uma ferramenta para potencializar os servi\u00e7os de aten\u00e7\u00e3o prim\u00e1ria oferecidos na rede municipal de sa\u00fade, a Opera\u00e7\u00e3o Inverno encerra nesta quinta-feira (31) apresentando dados positivos no volume de atendimentos realizados. \u201cEsta iniciativa foi constru\u00edda pela Secretaria Municipal de Sa\u00fade e lan\u00e7ada pela Prefeitura como um suporte para combater a superlota\u00e7\u00e3o das emerg\u00eancias hospitalares durante o inverno, que \u00e9 um per\u00edodo tradicionalmente cr\u00edtico pelo grande n\u00famero de pessoas que enfrentam problemas de sa\u00fade. Avaliando os indicadores observamos que a Opera\u00e7\u00e3o foi positiva\u201d, destacou ele.<\/p>\n\n\n\n<p>Conforme dados da Secretaria Municipal de Sa\u00fade, entre os meses de junho a agosto, per\u00edodo em que esteve em vigor a Opera\u00e7\u00e3o Inverno, foram feitos mais de 2780 atendimentos nos CAIS Petr\u00f3polis, Boqueir\u00e3o e na UBS Especialidades. Para assegurar o fluxo de profissionais de sa\u00fade nestes locais de refer\u00eancia, a Prefeitura ampliou o hor\u00e1rio de funcionamento das unidades e refor\u00e7ou a escala de m\u00e9dicos, enfermeiros e dentistas. \u201cConseguimos tamb\u00e9m demonstrar para a comunidade que diversas quest\u00f5es em sa\u00fade podem ser acolhidas nas estruturas da rede b\u00e1sica de aten\u00e7\u00e3o, n\u00e3o tendo que se deslocar aos hospitais. Isso foi importante porque, al\u00e9m de contribuir com o desafogamento das emerg\u00eancias, refor\u00e7ou a qualidade dos nossos profissionais e dos servi\u00e7os da Prefeitura\u201d, avaliou o prefeito.<\/p>\n\n\n\n<p>Para o secret\u00e1rio de Sa\u00fade, Jo\u00e3o Pedro Nunes, a organiza\u00e7\u00e3o da pasta e a parceria com os hospitais em Passo Fundo tem sido um diferencial na presta\u00e7\u00e3o do servi\u00e7o para a comunidade. \u201cEstamos atuando para assegurar um atendimento qualificado aos nossos cidad\u00e3os, buscando fortalecer a parceria com os hospitais de Cl\u00ednicas, S\u00e3o Vicente de Paulo e o Municipal e melhorando continuamente nossas unidades b\u00e1sicas de sa\u00fade com vistas a apresentarmos uma alta resolutividade \u00e0s pessoas que nos demandam\u201d, explicou ele.<\/p>\n\n\n\n<p>A partir dos indicadores compilados pela Secretaria, o prefeito Pedro decidiu manter os hor\u00e1rios ampliados de atendimentos no CAIS Petr\u00f3polis at\u00e9 o fim deste ano. \u201cEssa medida tem a inten\u00e7\u00e3o de seguir referenciando o CAIS como um importante centro de acolhimento em sa\u00fade prim\u00e1ria, fornecendo um local para que as pessoas sejam atendidas sem que tenham que, necessariamente, recorrer a emerg\u00eancia dos hospitais\u201d, justificou ele, informando que o hor\u00e1rio desta unidade ser\u00e1 de segunda a sexta-feira at\u00e9 \u00e0s 22h e, aos s\u00e1bados e domingos, das 8h \u00e0s 20h.<\/p>\n\n\n\n<p><strong>O que dizem os hospitais<\/strong><br>O administrador do Hospital de Cl\u00ednicas, Luciney Bohrer, avaliou como positiva a iniciativa apresentada pela Prefeitura como estrat\u00e9gia para contribuir com a redu\u00e7\u00e3o da lota\u00e7\u00e3o das emerg\u00eancias nos hospitais. \u201cAs a\u00e7\u00f5es que visam colaborar e qualificar o atendimento \u00e0 popula\u00e7\u00e3o sempre s\u00e3o bem-vindas. A partir da Opera\u00e7\u00e3o Inverno, os fluxos de atendimento dos servi\u00e7os de Urg\u00eancia e Emerg\u00eancia foram direcionados aos locais adequados e as unidades de Emerg\u00eancia centralizaram os pacientes de maior gravidade, seguindo o prop\u00f3sito de sua regula\u00e7\u00e3o e assistindo a todos que necessitam\u201d, comentou Bohrer, complementando que \u201co trabalho deve ser permanente para que o objetivo dos atendimentos de emerg\u00eancia sejam contemplados\u201d.<\/p>\n\n\n\n<p>A diretora de Governan\u00e7a Cl\u00ednica do HSVP, Cristine Fasolo Pilati, destacou que tanto para a comunidade de Passo Fundo quanto para a rede hospitalar, a amplia\u00e7\u00e3o de hor\u00e1rios de atendimento nas UBS \u00e9 bastante importante. \u201cEsses hor\u00e1rios estendidos s\u00e3o fundamentais, inclusive ap\u00f3s a Opera\u00e7\u00e3o Inverno, porque nos ajuda a diminuir os movimentos da Emerg\u00eancia, principalmente naqueles pacientes que t\u00eam um menor risco de gravidade, deixando as emerg\u00eancias dos hospitais para fazer o que \u00e9 da sua voca\u00e7\u00e3o, que \u00e9 a alta complexidade e os casos mais graves serem atendidos com maior brevidade\u201d, disse Cristine, acrescentando que, em raz\u00e3o disso, a amplia\u00e7\u00e3o do hor\u00e1rio de atendimento nos pronto atendimentos da rede b\u00e1sica de sa\u00fade garantem mais agilidade para todo o sistema de atendimento p\u00fablico. \u201cO Hospital Municipal tamb\u00e9m faz esse atendimento de menor complexidade, encaminhando para os hospitais S\u00e3o Vicente e o de Cl\u00ednicas os casos de maior gravidade. Ent\u00e3o, essa hierarquia da rede \u00e9 bastante importante para que os atendimentos fluam de uma maneira mais r\u00e1pida e eficiente\u201d.<\/p>\n\n\n\n<p><strong>Foto: Michel Sanderi<\/strong><\/p>\n","protected":false},"excerpt":{"rendered":"<p>Lan\u00e7ada em junho como suporte para combater a superlota\u00e7\u00e3o das emerg\u00eancias hospitalares, iniciativa da Prefeitura de Passo Fundo resultou em mais de 2.700 atendimentos at\u00e9 esta quinta-feira (31)<\/p>\n","protected":false},"author":6,"featured_media":3656,"comment_status":"closed","ping_status":"closed","sticky":true,"template":"","format":"standard","meta":{"footnotes":""},"categories":[1],"tags":[],"class_list":["post-3655","post","type-post","status-publish","format-standard","has-post-thumbnail","hentry","category-sem-categoria"],"yoast_head":"<!-- This site is optimized with the Yoast SEO plugin v23.8 - https:\/\/yoast.com\/wordpress\/plugins\/seo\/ -->\n<title>Opera\u00e7\u00e3o Inverno realiza mais de 2.700 atendimentos nos CAIS e na UBS Especialidades - Secretaria de Sa\u00fade<\/title>\n<meta name=\"robots\" content=\"index, follow, max-snippet:-1, max-image-preview:large, max-video-preview:-1\" \/>\n<link rel=\"canonical\" href=\"https:\/\/www.pmpf.rs.gov.br\/secretaria-de-saude\/2023\/08\/31\/operacao-inverno-realiza-mais-de-2-700-atendimentos-nos-cais-e-na-ubs-especialidades\/\" \/>\n<meta property=\"og:locale\" content=\"pt_BR\" \/>\n<meta property=\"og:type\" content=\"article\" \/>\n<meta property=\"og:title\" content=\"Opera\u00e7\u00e3o Inverno realiza mais de 2.700 atendimentos nos CAIS e na UBS Especialidades - Secretaria de Sa\u00fade\" \/>\n<meta property=\"og:description\" content=\"Lan\u00e7ada em junho como suporte para combater a superlota\u00e7\u00e3o das emerg\u00eancias hospitalares, iniciativa da Prefeitura de Passo Fundo resultou em mais de 2.700 atendimentos at\u00e9 esta quinta-feira (31)\" \/>\n<meta property=\"og:url\" content=\"https:\/\/www.pmpf.rs.gov.br\/secretaria-de-saude\/2023\/08\/31\/operacao-inverno-realiza-mais-de-2-700-atendimentos-nos-cais-e-na-ubs-especialidades\/\" \/>\n<meta property=\"og:site_name\" content=\"Secretaria de Sa\u00fade\" \/>\n<meta property=\"article:published_time\" content=\"2023-08-31T13:09:08+00:00\" \/>\n<meta property=\"article:modified_time\" content=\"2023-08-31T13:09:11+00:00\" \/>\n<meta name=\"author\" content=\"andressazorzetto07\" \/>\n<meta name=\"twitter:card\" content=\"summary_large_image\" \/>\n<meta name=\"twitter:label1\" content=\"Escrito por\" \/>\n\t<meta name=\"twitter:data1\" content=\"andressazorzetto07\" \/>\n\t<meta name=\"twitter:label2\" content=\"Est. tempo de leitura\" \/>\n\t<meta name=\"twitter:data2\" content=\"4 minutos\" \/>\n<script type=\"application\/ld+json\" class=\"yoast-schema-graph\">{\"@context\":\"https:\/\/schema.org\",\"@graph\":[{\"@type\":\"WebPage\",\"@id\":\"https:\/\/www.pmpf.rs.gov.br\/secretaria-de-saude\/2023\/08\/31\/operacao-inverno-realiza-mais-de-2-700-atendimentos-nos-cais-e-na-ubs-especialidades\/\",\"url\":\"https:\/\/www.pmpf.rs.gov.br\/secretaria-de-saude\/2023\/08\/31\/operacao-inverno-realiza-mais-de-2-700-atendimentos-nos-cais-e-na-ubs-especialidades\/\",\"name\":\"Opera\u00e7\u00e3o Inverno realiza mais de 2.700 atendimentos nos CAIS e na UBS Especialidades - Secretaria de Sa\u00fade\",\"isPartOf\":{\"@id\":\"https:\/\/www.pmpf.rs.gov.br\/secretaria-de-saude\/#website\"},\"primaryImageOfPage\":{\"@id\":\"https:\/\/www.pmpf.rs.gov.br\/secretaria-de-saude\/2023\/08\/31\/operacao-inverno-realiza-mais-de-2-700-atendimentos-nos-cais-e-na-ubs-especialidades\/#primaryimage\"},\"image\":{\"@id\":\"https:\/\/www.pmpf.rs.gov.br\/secretaria-de-saude\/2023\/08\/31\/operacao-inverno-realiza-mais-de-2-700-atendimentos-nos-cais-e-na-ubs-especialidades\/#primaryimage\"},\"thumbnailUrl\":\"https:\/\/www.pmpf.rs.gov.br\/secretaria-de-saude\/wp-content\/uploads\/sites\/50\/2023\/08\/operacao-inverno.jpg\",\"datePublished\":\"2023-08-31T13:09:08+00:00\",\"dateModified\":\"2023-08-31T13:09:11+00:00\",\"author\":{\"@id\":\"https:\/\/www.pmpf.rs.gov.br\/secretaria-de-saude\/#\/schema\/person\/30ee1d1bd74da1469b01fcf086e43351\"},\"breadcrumb\":{\"@id\":\"https:\/\/www.pmpf.rs.gov.br\/secretaria-de-saude\/2023\/08\/31\/operacao-inverno-realiza-mais-de-2-700-atendimentos-nos-cais-e-na-ubs-especialidades\/#breadcrumb\"},\"inLanguage\":\"pt-BR\",\"potentialAction\":[{\"@type\":\"ReadAction\",\"target\":[\"https:\/\/www.pmpf.rs.gov.br\/secretaria-de-saude\/2023\/08\/31\/operacao-inverno-realiza-mais-de-2-700-atendimentos-nos-cais-e-na-ubs-especialidades\/\"]}]},{\"@type\":\"ImageObject\",\"inLanguage\":\"pt-BR\",\"@id\":\"https:\/\/www.pmpf.rs.gov.br\/secretaria-de-saude\/2023\/08\/31\/operacao-inverno-realiza-mais-de-2-700-atendimentos-nos-cais-e-na-ubs-especialidades\/#primaryimage\",\"url\":\"https:\/\/www.pmpf.rs.gov.br\/secretaria-de-saude\/wp-content\/uploads\/sites\/50\/2023\/08\/operacao-inverno.jpg\",\"contentUrl\":\"https:\/\/www.pmpf.rs.gov.br\/secretaria-de-saude\/wp-content\/uploads\/sites\/50\/2023\/08\/operacao-inverno.jpg\",\"width\":1066,\"height\":1600},{\"@type\":\"BreadcrumbList\",\"@id\":\"https:\/\/www.pmpf.rs.gov.br\/secretaria-de-saude\/2023\/08\/31\/operacao-inverno-realiza-mais-de-2-700-atendimentos-nos-cais-e-na-ubs-especialidades\/#breadcrumb\",\"itemListElement\":[{\"@type\":\"ListItem\",\"position\":1,\"name\":\"In\u00edcio\",\"item\":\"https:\/\/www.pmpf.rs.gov.br\/secretaria-de-saude\/\"},{\"@type\":\"ListItem\",\"position\":2,\"name\":\"Opera\u00e7\u00e3o Inverno realiza mais de 2.700 atendimentos nos CAIS e na UBS Especialidades\"}]},{\"@type\":\"WebSite\",\"@id\":\"https:\/\/www.pmpf.rs.gov.br\/secretaria-de-saude\/#website\",\"url\":\"https:\/\/www.pmpf.rs.gov.br\/secretaria-de-saude\/\",\"name\":\"Secretaria de Sa\u00fade\",\"description\":\"S\u00f3 mais um site Prefeitura de Passo Fundo\",\"potentialAction\":[{\"@type\":\"SearchAction\",\"target\":{\"@type\":\"EntryPoint\",\"urlTemplate\":\"https:\/\/www.pmpf.rs.gov.br\/secretaria-de-saude\/?s={search_term_string}\"},\"query-input\":{\"@type\":\"PropertyValueSpecification\",\"valueRequired\":true,\"valueName\":\"search_term_string\"}}],\"inLanguage\":\"pt-BR\"},{\"@type\":\"Person\",\"@id\":\"https:\/\/www.pmpf.rs.gov.br\/secretaria-de-saude\/#\/schema\/person\/30ee1d1bd74da1469b01fcf086e43351\",\"name\":\"andressazorzetto07\",\"image\":{\"@type\":\"ImageObject\",\"inLanguage\":\"pt-BR\",\"@id\":\"https:\/\/www.pmpf.rs.gov.br\/secretaria-de-saude\/#\/schema\/person\/image\/\",\"url\":\"https:\/\/secure.gravatar.com\/avatar\/14c5458ed79dc81da99a13b9ff5f9f19?s=96&d=mm&r=g\",\"contentUrl\":\"https:\/\/secure.gravatar.com\/avatar\/14c5458ed79dc81da99a13b9ff5f9f19?s=96&d=mm&r=g\",\"caption\":\"andressazorzetto07\"},\"url\":\"https:\/\/www.pmpf.rs.gov.br\/secretaria-de-saude\/author\/andressazorzetto07\/\"}]}<\/script>\n<!-- \/ Yoast SEO plugin. -->","yoast_head_json":{"title":"Opera\u00e7\u00e3o Inverno realiza mais de 2.700 atendimentos nos CAIS e na UBS Especialidades - Secretaria de Sa\u00fade","robots":{"index":"index","follow":"follow","max-snippet":"max-snippet:-1","max-image-preview":"max-image-preview:large","max-video-preview":"max-video-preview:-1"},"canonical":"https:\/\/www.pmpf.rs.gov.br\/secretaria-de-saude\/2023\/08\/31\/operacao-inverno-realiza-mais-de-2-700-atendimentos-nos-cais-e-na-ubs-especialidades\/","og_locale":"pt_BR","og_type":"article","og_title":"Opera\u00e7\u00e3o Inverno realiza mais de 2.700 atendimentos nos CAIS e na UBS Especialidades - Secretaria de Sa\u00fade","og_description":"Lan\u00e7ada em junho como suporte para combater a superlota\u00e7\u00e3o das emerg\u00eancias hospitalares, iniciativa da Prefeitura de Passo Fundo resultou em mais de 2.700 atendimentos at\u00e9 esta quinta-feira (31)","og_url":"https:\/\/www.pmpf.rs.gov.br\/secretaria-de-saude\/2023\/08\/31\/operacao-inverno-realiza-mais-de-2-700-atendimentos-nos-cais-e-na-ubs-especialidades\/","og_site_name":"Secretaria de Sa\u00fade","article_published_time":"2023-08-31T13:09:08+00:00","article_modified_time":"2023-08-31T13:09:11+00:00","author":"andressazorzetto07","twitter_card":"summary_large_image","twitter_misc":{"Escrito por":"andressazorzetto07","Est. tempo de leitura":"4 minutos"},"schema":{"@context":"https:\/\/schema.org","@graph":[{"@type":"WebPage","@id":"https:\/\/www.pmpf.rs.gov.br\/secretaria-de-saude\/2023\/08\/31\/operacao-inverno-realiza-mais-de-2-700-atendimentos-nos-cais-e-na-ubs-especialidades\/","url":"https:\/\/www.pmpf.rs.gov.br\/secretaria-de-saude\/2023\/08\/31\/operacao-inverno-realiza-mais-de-2-700-atendimentos-nos-cais-e-na-ubs-especialidades\/","name":"Opera\u00e7\u00e3o Inverno realiza mais de 2.700 atendimentos nos CAIS e na UBS Especialidades - Secretaria de Sa\u00fade","isPartOf":{"@id":"https:\/\/www.pmpf.rs.gov.br\/secretaria-de-saude\/#website"},"primaryImageOfPage":{"@id":"https:\/\/www.pmpf.rs.gov.br\/secretaria-de-saude\/2023\/08\/31\/operacao-inverno-realiza-mais-de-2-700-atendimentos-nos-cais-e-na-ubs-especialidades\/#primaryimage"},"image":{"@id":"https:\/\/www.pmpf.rs.gov.br\/secretaria-de-saude\/2023\/08\/31\/operacao-inverno-realiza-mais-de-2-700-atendimentos-nos-cais-e-na-ubs-especialidades\/#primaryimage"},"thumbnailUrl":"https:\/\/www.pmpf.rs.gov.br\/secretaria-de-saude\/wp-content\/uploads\/sites\/50\/2023\/08\/operacao-inverno.jpg","datePublished":"2023-08-31T13:09:08+00:00","dateModified":"2023-08-31T13:09:11+00:00","author":{"@id":"https:\/\/www.pmpf.rs.gov.br\/secretaria-de-saude\/#\/schema\/person\/30ee1d1bd74da1469b01fcf086e43351"},"breadcrumb":{"@id":"https:\/\/www.pmpf.rs.gov.br\/secretaria-de-saude\/2023\/08\/31\/operacao-inverno-realiza-mais-de-2-700-atendimentos-nos-cais-e-na-ubs-especialidades\/#breadcrumb"},"inLanguage":"pt-BR","potentialAction":[{"@type":"ReadAction","target":["https:\/\/www.pmpf.rs.gov.br\/secretaria-de-saude\/2023\/08\/31\/operacao-inverno-realiza-mais-de-2-700-atendimentos-nos-cais-e-na-ubs-especialidades\/"]}]},{"@type":"ImageObject","inLanguage":"pt-BR","@id":"https:\/\/www.pmpf.rs.gov.br\/secretaria-de-saude\/2023\/08\/31\/operacao-inverno-realiza-mais-de-2-700-atendimentos-nos-cais-e-na-ubs-especialidades\/#primaryimage","url":"https:\/\/www.pmpf.rs.gov.br\/secretaria-de-saude\/wp-content\/uploads\/sites\/50\/2023\/08\/operacao-inverno.jpg","contentUrl":"https:\/\/www.pmpf.rs.gov.br\/secretaria-de-saude\/wp-content\/uploads\/sites\/50\/2023\/08\/operacao-inverno.jpg","width":1066,"height":1600},{"@type":"BreadcrumbList","@id":"https:\/\/www.pmpf.rs.gov.br\/secretaria-de-saude\/2023\/08\/31\/operacao-inverno-realiza-mais-de-2-700-atendimentos-nos-cais-e-na-ubs-especialidades\/#breadcrumb","itemListElement":[{"@type":"ListItem","position":1,"name":"In\u00edcio","item":"https:\/\/www.pmpf.rs.gov.br\/secretaria-de-saude\/"},{"@type":"ListItem","position":2,"name":"Opera\u00e7\u00e3o Inverno realiza mais de 2.700 atendimentos nos CAIS e na UBS Especialidades"}]},{"@type":"WebSite","@id":"https:\/\/www.pmpf.rs.gov.br\/secretaria-de-saude\/#website","url":"https:\/\/www.pmpf.rs.gov.br\/secretaria-de-saude\/","name":"Secretaria de Sa\u00fade","description":"S\u00f3 mais um site Prefeitura de Passo Fundo","potentialAction":[{"@type":"SearchAction","target":{"@type":"EntryPoint","urlTemplate":"https:\/\/www.pmpf.rs.gov.br\/secretaria-de-saude\/?s={search_term_string}"},"query-input":{"@type":"PropertyValueSpecification","valueRequired":true,"valueName":"search_term_string"}}],"inLanguage":"pt-BR"},{"@type":"Person","@id":"https:\/\/www.pmpf.rs.gov.br\/secretaria-de-saude\/#\/schema\/person\/30ee1d1bd74da1469b01fcf086e43351","name":"andressazorzetto07","image":{"@type":"ImageObject","inLanguage":"pt-BR","@id":"https:\/\/www.pmpf.rs.gov.br\/secretaria-de-saude\/#\/schema\/person\/image\/","url":"https:\/\/secure.gravatar.com\/avatar\/14c5458ed79dc81da99a13b9ff5f9f19?s=96&d=mm&r=g","contentUrl":"https:\/\/secure.gravatar.com\/avatar\/14c5458ed79dc81da99a13b9ff5f9f19?s=96&d=mm&r=g","caption":"andressazorzetto07"},"url":"https:\/\/www.pmpf.rs.gov.br\/secretaria-de-saude\/author\/andressazorzetto07\/"}]}},"_links":{"self":[{"href":"https:\/\/www.pmpf.rs.gov.br\/secretaria-de-saude\/wp-json\/wp\/v2\/posts\/3655"}],"collection":[{"href":"https:\/\/www.pmpf.rs.gov.br\/secretaria-de-saude\/wp-json\/wp\/v2\/posts"}],"about":[{"href":"https:\/\/www.pmpf.rs.gov.br\/secretaria-de-saude\/wp-json\/wp\/v2\/types\/post"}],"author":[{"embeddable":true,"href":"https:\/\/www.pmpf.rs.gov.br\/secretaria-de-saude\/wp-json\/wp\/v2\/users\/6"}],"replies":[{"embeddable":true,"href":"https:\/\/www.pmpf.rs.gov.br\/secretaria-de-saude\/wp-json\/wp\/v2\/comments?post=3655"}],"version-history":[{"count":1,"href":"https:\/\/www.pmpf.rs.gov.br\/secretaria-de-saude\/wp-json\/wp\/v2\/posts\/3655\/revisions"}],"predecessor-version":[{"id":3657,"href":"https:\/\/www.pmpf.rs.gov.br\/secretaria-de-saude\/wp-json\/wp\/v2\/posts\/3655\/revisions\/3657"}],"wp:featuredmedia":[{"embeddable":true,"href":"https:\/\/www.pmpf.rs.gov.br\/secretaria-de-saude\/wp-json\/wp\/v2\/media\/3656"}],"wp:attachment":[{"href":"https:\/\/www.pmpf.rs.gov.br\/secretaria-de-saude\/wp-json\/wp\/v2\/media?parent=3655"}],"wp:term":[{"taxonomy":"category","embeddable":true,"href":"https:\/\/www.pmpf.rs.gov.br\/secretaria-de-saude\/wp-json\/wp\/v2\/categories?post=3655"},{"taxonomy":"post_tag","embeddable":true,"href":"https:\/\/www.pmpf.rs.gov.br\/secretaria-de-saude\/wp-json\/wp\/v2\/tags?post=3655"}],"curies":[{"name":"wp","href":"https:\/\/api.w.org\/{rel}","templated":true}]}}