{"id":3644,"date":"2023-08-14T15:39:39","date_gmt":"2023-08-14T18:39:39","guid":{"rendered":"https:\/\/www.pmpf.rs.gov.br\/secretaria-de-saude\/?p=3644"},"modified":"2023-08-14T15:39:48","modified_gmt":"2023-08-14T18:39:48","slug":"hospital-municipal-esta-com-processo-seletivo-aberto-para-contratacao-de-medicos","status":"publish","type":"post","link":"https:\/\/www.pmpf.rs.gov.br\/secretaria-de-saude\/2023\/08\/14\/hospital-municipal-esta-com-processo-seletivo-aberto-para-contratacao-de-medicos\/","title":{"rendered":"Hospital Municipal est\u00e1 com processo seletivo aberto para contrata\u00e7\u00e3o de m\u00e9dicos"},"content":{"rendered":"\n<p><\/p>\n\n\n\n<p><\/p>\n\n\n\n<p>Profissionais m\u00e9dicos interessados em atuar no Pronto Atendimento e nas urg\u00eancias e emerg\u00eancias do Hospital Beneficente Dr. C\u00e9sar Santos, tem at\u00e9 o dia 21 de agosto para participar do Processo Seletivo Simplificado aberto com o objetivo de garantir a contrata\u00e7\u00e3o de m\u00e9dicos para assegurar a presta\u00e7\u00e3o do servi\u00e7o qualificado \u00e0 popula\u00e7\u00e3o. O edital com as informa\u00e7\u00f5es completas sobre a documenta\u00e7\u00e3o e as especifica\u00e7\u00f5es necess\u00e1rias \u00e0s contrata\u00e7\u00f5es est\u00e3o dispon\u00edveis no site da Prefeitura de Passo Fundo (www.pmpf.rs.gov.br).<\/p>\n\n\n\n<p>De acordo com a dire\u00e7\u00e3o geral do Hospital Municipal, os m\u00e9dicos interessados devem procurar o setor de Recursos Humanos da institui\u00e7\u00e3o at\u00e9 a pr\u00f3xima segunda-feira (21), no hor\u00e1rio das 8h30m \u00e0s 11h30m e das 13h30min \u00e0s 16h30m. Ap\u00f3s terminado o per\u00edodo de inscri\u00e7\u00f5es, os candidatos ter\u00e3o a homologa\u00e7\u00e3o de suas candidaturas confirmadas no dia 24 de agosto, sendo o resultado definitivo publicado no in\u00edcio de setembro. Ser\u00e3o contratados profissionais m\u00e9dicos para atuarem em cargas hor\u00e1rias m\u00ednimas de seis e m\u00e1ximas de 42 horas semanais.<\/p>\n","protected":false},"excerpt":{"rendered":"<p>Inscri\u00e7\u00f5es seguem at\u00e9 o dia 21 de agosto e podem ser feitas, presencialmente, no setor de Recursos Humanos da institui\u00e7\u00e3o de sa\u00fade<\/p>\n","protected":false},"author":6,"featured_media":0,"comment_status":"closed","ping_status":"closed","sticky":true,"template":"","format":"standard","meta":{"footnotes":""},"categories":[1],"tags":[],"class_list":["post-3644","post","type-post","status-publish","format-standard","hentry","category-sem-categoria"],"yoast_head":"<!-- This site is optimized with the Yoast SEO plugin v23.8 - https:\/\/yoast.com\/wordpress\/plugins\/seo\/ -->\n<title>Hospital Municipal est\u00e1 com processo seletivo aberto para contrata\u00e7\u00e3o de m\u00e9dicos - Secretaria de Sa\u00fade<\/title>\n<meta name=\"robots\" content=\"index, follow, max-snippet:-1, max-image-preview:large, max-video-preview:-1\" \/>\n<link rel=\"canonical\" href=\"https:\/\/www.pmpf.rs.gov.br\/secretaria-de-saude\/2023\/08\/14\/hospital-municipal-esta-com-processo-seletivo-aberto-para-contratacao-de-medicos\/\" \/>\n<meta property=\"og:locale\" content=\"pt_BR\" \/>\n<meta property=\"og:type\" content=\"article\" \/>\n<meta property=\"og:title\" content=\"Hospital Municipal est\u00e1 com processo seletivo aberto para contrata\u00e7\u00e3o de m\u00e9dicos - Secretaria de Sa\u00fade\" \/>\n<meta property=\"og:description\" content=\"Inscri\u00e7\u00f5es seguem at\u00e9 o dia 21 de agosto e podem ser feitas, presencialmente, no setor de Recursos Humanos da institui\u00e7\u00e3o de sa\u00fade\" \/>\n<meta property=\"og:url\" content=\"https:\/\/www.pmpf.rs.gov.br\/secretaria-de-saude\/2023\/08\/14\/hospital-municipal-esta-com-processo-seletivo-aberto-para-contratacao-de-medicos\/\" \/>\n<meta property=\"og:site_name\" content=\"Secretaria de Sa\u00fade\" \/>\n<meta property=\"article:published_time\" content=\"2023-08-14T18:39:39+00:00\" \/>\n<meta property=\"article:modified_time\" content=\"2023-08-14T18:39:48+00:00\" \/>\n<meta name=\"author\" content=\"andressazorzetto07\" \/>\n<meta name=\"twitter:card\" content=\"summary_large_image\" \/>\n<meta name=\"twitter:label1\" content=\"Escrito por\" \/>\n\t<meta name=\"twitter:data1\" content=\"andressazorzetto07\" \/>\n\t<meta name=\"twitter:label2\" content=\"Est. tempo de leitura\" \/>\n\t<meta name=\"twitter:data2\" content=\"1 minuto\" \/>\n<script type=\"application\/ld+json\" class=\"yoast-schema-graph\">{\"@context\":\"https:\/\/schema.org\",\"@graph\":[{\"@type\":\"WebPage\",\"@id\":\"https:\/\/www.pmpf.rs.gov.br\/secretaria-de-saude\/2023\/08\/14\/hospital-municipal-esta-com-processo-seletivo-aberto-para-contratacao-de-medicos\/\",\"url\":\"https:\/\/www.pmpf.rs.gov.br\/secretaria-de-saude\/2023\/08\/14\/hospital-municipal-esta-com-processo-seletivo-aberto-para-contratacao-de-medicos\/\",\"name\":\"Hospital Municipal est\u00e1 com processo seletivo aberto para contrata\u00e7\u00e3o de m\u00e9dicos - Secretaria de Sa\u00fade\",\"isPartOf\":{\"@id\":\"https:\/\/www.pmpf.rs.gov.br\/secretaria-de-saude\/#website\"},\"datePublished\":\"2023-08-14T18:39:39+00:00\",\"dateModified\":\"2023-08-14T18:39:48+00:00\",\"author\":{\"@id\":\"https:\/\/www.pmpf.rs.gov.br\/secretaria-de-saude\/#\/schema\/person\/30ee1d1bd74da1469b01fcf086e43351\"},\"breadcrumb\":{\"@id\":\"https:\/\/www.pmpf.rs.gov.br\/secretaria-de-saude\/2023\/08\/14\/hospital-municipal-esta-com-processo-seletivo-aberto-para-contratacao-de-medicos\/#breadcrumb\"},\"inLanguage\":\"pt-BR\",\"potentialAction\":[{\"@type\":\"ReadAction\",\"target\":[\"https:\/\/www.pmpf.rs.gov.br\/secretaria-de-saude\/2023\/08\/14\/hospital-municipal-esta-com-processo-seletivo-aberto-para-contratacao-de-medicos\/\"]}]},{\"@type\":\"BreadcrumbList\",\"@id\":\"https:\/\/www.pmpf.rs.gov.br\/secretaria-de-saude\/2023\/08\/14\/hospital-municipal-esta-com-processo-seletivo-aberto-para-contratacao-de-medicos\/#breadcrumb\",\"itemListElement\":[{\"@type\":\"ListItem\",\"position\":1,\"name\":\"In\u00edcio\",\"item\":\"https:\/\/www.pmpf.rs.gov.br\/secretaria-de-saude\/\"},{\"@type\":\"ListItem\",\"position\":2,\"name\":\"Hospital Municipal est\u00e1 com processo seletivo aberto para contrata\u00e7\u00e3o de m\u00e9dicos\"}]},{\"@type\":\"WebSite\",\"@id\":\"https:\/\/www.pmpf.rs.gov.br\/secretaria-de-saude\/#website\",\"url\":\"https:\/\/www.pmpf.rs.gov.br\/secretaria-de-saude\/\",\"name\":\"Secretaria de Sa\u00fade\",\"description\":\"S\u00f3 mais um site Prefeitura de Passo Fundo\",\"potentialAction\":[{\"@type\":\"SearchAction\",\"target\":{\"@type\":\"EntryPoint\",\"urlTemplate\":\"https:\/\/www.pmpf.rs.gov.br\/secretaria-de-saude\/?s={search_term_string}\"},\"query-input\":{\"@type\":\"PropertyValueSpecification\",\"valueRequired\":true,\"valueName\":\"search_term_string\"}}],\"inLanguage\":\"pt-BR\"},{\"@type\":\"Person\",\"@id\":\"https:\/\/www.pmpf.rs.gov.br\/secretaria-de-saude\/#\/schema\/person\/30ee1d1bd74da1469b01fcf086e43351\",\"name\":\"andressazorzetto07\",\"image\":{\"@type\":\"ImageObject\",\"inLanguage\":\"pt-BR\",\"@id\":\"https:\/\/www.pmpf.rs.gov.br\/secretaria-de-saude\/#\/schema\/person\/image\/\",\"url\":\"https:\/\/secure.gravatar.com\/avatar\/14c5458ed79dc81da99a13b9ff5f9f19?s=96&d=mm&r=g\",\"contentUrl\":\"https:\/\/secure.gravatar.com\/avatar\/14c5458ed79dc81da99a13b9ff5f9f19?s=96&d=mm&r=g\",\"caption\":\"andressazorzetto07\"},\"url\":\"https:\/\/www.pmpf.rs.gov.br\/secretaria-de-saude\/author\/andressazorzetto07\/\"}]}<\/script>\n<!-- \/ Yoast SEO plugin. -->","yoast_head_json":{"title":"Hospital Municipal est\u00e1 com processo seletivo aberto para contrata\u00e7\u00e3o de m\u00e9dicos - Secretaria de Sa\u00fade","robots":{"index":"index","follow":"follow","max-snippet":"max-snippet:-1","max-image-preview":"max-image-preview:large","max-video-preview":"max-video-preview:-1"},"canonical":"https:\/\/www.pmpf.rs.gov.br\/secretaria-de-saude\/2023\/08\/14\/hospital-municipal-esta-com-processo-seletivo-aberto-para-contratacao-de-medicos\/","og_locale":"pt_BR","og_type":"article","og_title":"Hospital Municipal est\u00e1 com processo seletivo aberto para contrata\u00e7\u00e3o de m\u00e9dicos - Secretaria de Sa\u00fade","og_description":"Inscri\u00e7\u00f5es seguem at\u00e9 o dia 21 de agosto e podem ser feitas, presencialmente, no setor de Recursos Humanos da institui\u00e7\u00e3o de sa\u00fade","og_url":"https:\/\/www.pmpf.rs.gov.br\/secretaria-de-saude\/2023\/08\/14\/hospital-municipal-esta-com-processo-seletivo-aberto-para-contratacao-de-medicos\/","og_site_name":"Secretaria de Sa\u00fade","article_published_time":"2023-08-14T18:39:39+00:00","article_modified_time":"2023-08-14T18:39:48+00:00","author":"andressazorzetto07","twitter_card":"summary_large_image","twitter_misc":{"Escrito por":"andressazorzetto07","Est. tempo de leitura":"1 minuto"},"schema":{"@context":"https:\/\/schema.org","@graph":[{"@type":"WebPage","@id":"https:\/\/www.pmpf.rs.gov.br\/secretaria-de-saude\/2023\/08\/14\/hospital-municipal-esta-com-processo-seletivo-aberto-para-contratacao-de-medicos\/","url":"https:\/\/www.pmpf.rs.gov.br\/secretaria-de-saude\/2023\/08\/14\/hospital-municipal-esta-com-processo-seletivo-aberto-para-contratacao-de-medicos\/","name":"Hospital Municipal est\u00e1 com processo seletivo aberto para contrata\u00e7\u00e3o de m\u00e9dicos - Secretaria de Sa\u00fade","isPartOf":{"@id":"https:\/\/www.pmpf.rs.gov.br\/secretaria-de-saude\/#website"},"datePublished":"2023-08-14T18:39:39+00:00","dateModified":"2023-08-14T18:39:48+00:00","author":{"@id":"https:\/\/www.pmpf.rs.gov.br\/secretaria-de-saude\/#\/schema\/person\/30ee1d1bd74da1469b01fcf086e43351"},"breadcrumb":{"@id":"https:\/\/www.pmpf.rs.gov.br\/secretaria-de-saude\/2023\/08\/14\/hospital-municipal-esta-com-processo-seletivo-aberto-para-contratacao-de-medicos\/#breadcrumb"},"inLanguage":"pt-BR","potentialAction":[{"@type":"ReadAction","target":["https:\/\/www.pmpf.rs.gov.br\/secretaria-de-saude\/2023\/08\/14\/hospital-municipal-esta-com-processo-seletivo-aberto-para-contratacao-de-medicos\/"]}]},{"@type":"BreadcrumbList","@id":"https:\/\/www.pmpf.rs.gov.br\/secretaria-de-saude\/2023\/08\/14\/hospital-municipal-esta-com-processo-seletivo-aberto-para-contratacao-de-medicos\/#breadcrumb","itemListElement":[{"@type":"ListItem","position":1,"name":"In\u00edcio","item":"https:\/\/www.pmpf.rs.gov.br\/secretaria-de-saude\/"},{"@type":"ListItem","position":2,"name":"Hospital Municipal est\u00e1 com processo seletivo aberto para contrata\u00e7\u00e3o de m\u00e9dicos"}]},{"@type":"WebSite","@id":"https:\/\/www.pmpf.rs.gov.br\/secretaria-de-saude\/#website","url":"https:\/\/www.pmpf.rs.gov.br\/secretaria-de-saude\/","name":"Secretaria de Sa\u00fade","description":"S\u00f3 mais um site Prefeitura de Passo Fundo","potentialAction":[{"@type":"SearchAction","target":{"@type":"EntryPoint","urlTemplate":"https:\/\/www.pmpf.rs.gov.br\/secretaria-de-saude\/?s={search_term_string}"},"query-input":{"@type":"PropertyValueSpecification","valueRequired":true,"valueName":"search_term_string"}}],"inLanguage":"pt-BR"},{"@type":"Person","@id":"https:\/\/www.pmpf.rs.gov.br\/secretaria-de-saude\/#\/schema\/person\/30ee1d1bd74da1469b01fcf086e43351","name":"andressazorzetto07","image":{"@type":"ImageObject","inLanguage":"pt-BR","@id":"https:\/\/www.pmpf.rs.gov.br\/secretaria-de-saude\/#\/schema\/person\/image\/","url":"https:\/\/secure.gravatar.com\/avatar\/14c5458ed79dc81da99a13b9ff5f9f19?s=96&d=mm&r=g","contentUrl":"https:\/\/secure.gravatar.com\/avatar\/14c5458ed79dc81da99a13b9ff5f9f19?s=96&d=mm&r=g","caption":"andressazorzetto07"},"url":"https:\/\/www.pmpf.rs.gov.br\/secretaria-de-saude\/author\/andressazorzetto07\/"}]}},"_links":{"self":[{"href":"https:\/\/www.pmpf.rs.gov.br\/secretaria-de-saude\/wp-json\/wp\/v2\/posts\/3644"}],"collection":[{"href":"https:\/\/www.pmpf.rs.gov.br\/secretaria-de-saude\/wp-json\/wp\/v2\/posts"}],"about":[{"href":"https:\/\/www.pmpf.rs.gov.br\/secretaria-de-saude\/wp-json\/wp\/v2\/types\/post"}],"author":[{"embeddable":true,"href":"https:\/\/www.pmpf.rs.gov.br\/secretaria-de-saude\/wp-json\/wp\/v2\/users\/6"}],"replies":[{"embeddable":true,"href":"https:\/\/www.pmpf.rs.gov.br\/secretaria-de-saude\/wp-json\/wp\/v2\/comments?post=3644"}],"version-history":[{"count":1,"href":"https:\/\/www.pmpf.rs.gov.br\/secretaria-de-saude\/wp-json\/wp\/v2\/posts\/3644\/revisions"}],"predecessor-version":[{"id":3645,"href":"https:\/\/www.pmpf.rs.gov.br\/secretaria-de-saude\/wp-json\/wp\/v2\/posts\/3644\/revisions\/3645"}],"wp:attachment":[{"href":"https:\/\/www.pmpf.rs.gov.br\/secretaria-de-saude\/wp-json\/wp\/v2\/media?parent=3644"}],"wp:term":[{"taxonomy":"category","embeddable":true,"href":"https:\/\/www.pmpf.rs.gov.br\/secretaria-de-saude\/wp-json\/wp\/v2\/categories?post=3644"},{"taxonomy":"post_tag","embeddable":true,"href":"https:\/\/www.pmpf.rs.gov.br\/secretaria-de-saude\/wp-json\/wp\/v2\/tags?post=3644"}],"curies":[{"name":"wp","href":"https:\/\/api.w.org\/{rel}","templated":true}]}}