{"id":3642,"date":"2023-07-21T17:52:56","date_gmt":"2023-07-21T20:52:56","guid":{"rendered":"https:\/\/www.pmpf.rs.gov.br\/secretaria-de-saude\/?p=3642"},"modified":"2023-07-21T17:53:02","modified_gmt":"2023-07-21T20:53:02","slug":"com-a-operacao-inverno-unidades-de-saude-de-passo-fundo-funcionam-em-horario-ampliado","status":"publish","type":"post","link":"https:\/\/www.pmpf.rs.gov.br\/secretaria-de-saude\/2023\/07\/21\/com-a-operacao-inverno-unidades-de-saude-de-passo-fundo-funcionam-em-horario-ampliado\/","title":{"rendered":"Com a Opera\u00e7\u00e3o Inverno, unidades de sa\u00fade de Passo Fundo funcionam em hor\u00e1rio ampliado"},"content":{"rendered":"\n<p><\/p>\n\n\n\n<p>Com a Opera\u00e7\u00e3o Inverno, a Prefeitura ampliou o hor\u00e1rio de tr\u00eas unidades de sa\u00fade a fim de desafogar as emerg\u00eancias dos hospitais, atendendo a popula\u00e7\u00e3o que precisa de servi\u00e7os enquadrados na aten\u00e7\u00e3o b\u00e1sica. Os Cais Petr\u00f3polis e Boqueir\u00e3o e o Ambulat\u00f3rio de Especialidades passaram a funcionar, entre segunda e sexta-feira, das 7h \u00e0s 22h. Os Cais Petr\u00f3polis e Boqueir\u00e3o tamb\u00e9m est\u00e3o operando nos s\u00e1bados e domingos, das 9h \u00e0s 15h.<br>De 21 de junho, quando a Opera\u00e7\u00e3o Inverno entrou em vigor, at\u00e9 o momento, as tr\u00eas unidades registraram mais de 600 atendimentos, somando os m\u00e9dicos e de enfermagem. A maior demanda est\u00e1 relacionada com as consultas cl\u00ednicas, incluindo os quadros respirat\u00f3rios. Al\u00e9m disso, os Cais Petr\u00f3polis e Boqueir\u00e3o fizeram 50 atendimentos odontol\u00f3gicos neste per\u00edodo.<\/p>\n\n\n\n<p><br>A coordenadora de Recupera\u00e7\u00e3o \u00e0 Sa\u00fade, Caroline Gosch, salienta que a a\u00e7\u00e3o anunciada pela Prefeitura foi estudada pela Secretaria de Sa\u00fade em conjunto com o Hospital Municipal e foram definidas unidades em diferentes pontos da cidade para funcionarem at\u00e9 mais tarde. \u201cFizemos esse recorte para comportar o maior n\u00famero de pessoas, buscando atender o paciente que pode e deve ser acolhido nas unidades de sa\u00fade e que, muitas vezes, acaba buscando o servi\u00e7o de emerg\u00eancia, tendo um atendimento demorado nestes locais. Nas tr\u00eas unidades, s\u00e3o ofertadas consultas m\u00e9dicas por demanda espont\u00e2nea e, nos Cais, ainda, assist\u00eancia farmac\u00eautica e vacina\u00e7\u00e3o de manh\u00e3 \u00e0 noite e nos fins de semana\u201d, pontua.<\/p>\n\n\n\n<p><br>De acordo com o diretor t\u00e9cnico do Hospital Municipal, Diego Teixeira de Farias, essa estrat\u00e9gia, aliada \u00e0 procura dos servi\u00e7os nas unidades pelas pessoas, possibilita que o setor da emerg\u00eancia da institui\u00e7\u00e3o hospitalar se concentre nos atendimentos de urg\u00eancia. \u201cNeste per\u00edodo, quando chega o inverno, notificamos o aumento de casos como infarto, AVC e a descompensa\u00e7\u00e3o de doen\u00e7as respirat\u00f3rias, o que demanda equipe, estrutura e protocolo. Nos organizamos para prestar o melhor atendimento poss\u00edvel \u00e0 comunidade e, por isso, orientamos que pacientes com sintomas como dor de cabe\u00e7a, dor de ouvido ou s\u00edndrome gripal, classificados com a cor azul, se direcionem a uma das unidades de sa\u00fade para que consigamos focalizar o melhor atendimento aos pacientes graves\u201d, refor\u00e7a.<\/p>\n\n\n\n<p><br>A Opera\u00e7\u00e3o Inverno foi apresentada em junho pelo prefeito Pedro Almeida, que destacou o esfor\u00e7o do Munic\u00edpio para adaptar os servi\u00e7os aos cen\u00e1rios de sa\u00fade. Neste momento, as emerg\u00eancias dos hospitais est\u00e3o no limite, o que torna fundamental que as unidades de sa\u00fade sejam ajustadas para absorver parte desta demanda. \u201cA Sa\u00fade \u00e9 um desafio constante e n\u00f3s trabalhamos para melhorar a qualidade do atendimento prestado \u00e0 popula\u00e7\u00e3o. Com essa mudan\u00e7a, queremos intensificar o atendimento prim\u00e1rio com hor\u00e1rio ampliado e levando informa\u00e7\u00f5es para as pessoas. Precisamos da uni\u00e3o de esfor\u00e7os, o que tivemos exemplarmente durante a pandemia, a fim de que possamos acolher quem precisa de atendimento\u201d, disse.<\/p>\n\n\n\n<p><strong>Unidades com hor\u00e1rio ampliado<\/strong><br>Segunda-feira a sexta-feira, das 7h \u00e0s 22h<br>Cais Petr\u00f3polis, Cais Boqueir\u00e3o e Ambulat\u00f3rio de Especialidades<br>S\u00e1bados e domingos, das 9h \u00e0s 15h<br>Cais Petr\u00f3polis e Cais Boqueir\u00e3o<\/p>\n\n\n\n<p><strong>Capacita\u00e7\u00e3o no Hospital Dia da Crian\u00e7a<\/strong><br>Neste s\u00e1bado (22), as equipes do Hospital Dia da Crian\u00e7a receber\u00e3o um treinamento, tendo em vista a declara\u00e7\u00e3o de emerg\u00eancia em sa\u00fade p\u00fablica no territ\u00f3rio do Rio Grande do Sul e o aumento da demanda por consultas e hospitaliza\u00e7\u00e3o das crian\u00e7as em decorr\u00eancia das doen\u00e7as respirat\u00f3ria, a fim de preparar os profissionais e qualificar os atendimentos.<\/p>\n\n\n\n<p>Assim, das 7h \u00e0s 12h (semente no s\u00e1bado), a unidade receber\u00e1 somente casos graves, mantendo os servi\u00e7os \u00e0s crian\u00e7as em observa\u00e7\u00e3o. A Secretaria Municipal de Sa\u00fade orienta que, neste dia, em caso de necessidade, os pais se dirijam aos demais pronto atendimentos, nos hospitais de Cl\u00ednicas e S\u00e3o Vicente de Paulo, ou nas unidades que atuam na Opera\u00e7\u00e3o Inverno.<\/p>\n","protected":false},"excerpt":{"rendered":"<p>Objetivo da Prefeitura \u00e9 desafogar as emerg\u00eancias dos hospitais, atendendo a popula\u00e7\u00e3o que precisa dos servi\u00e7os de aten\u00e7\u00e3o b\u00e1sica. Os Cais Petr\u00f3polis e Boqueir\u00e3o e o Ambulat\u00f3rio de Especialidades integram a estrat\u00e9gia<\/p>\n","protected":false},"author":6,"featured_media":0,"comment_status":"closed","ping_status":"closed","sticky":true,"template":"","format":"standard","meta":{"footnotes":""},"categories":[1],"tags":[],"class_list":["post-3642","post","type-post","status-publish","format-standard","hentry","category-sem-categoria"],"yoast_head":"<!-- This site is optimized with the Yoast SEO plugin v23.8 - https:\/\/yoast.com\/wordpress\/plugins\/seo\/ -->\n<title>Com a Opera\u00e7\u00e3o Inverno, unidades de sa\u00fade de Passo Fundo funcionam em hor\u00e1rio ampliado - Secretaria de Sa\u00fade<\/title>\n<meta name=\"robots\" content=\"index, follow, max-snippet:-1, max-image-preview:large, max-video-preview:-1\" \/>\n<link rel=\"canonical\" href=\"https:\/\/www.pmpf.rs.gov.br\/secretaria-de-saude\/2023\/07\/21\/com-a-operacao-inverno-unidades-de-saude-de-passo-fundo-funcionam-em-horario-ampliado\/\" \/>\n<meta property=\"og:locale\" content=\"pt_BR\" \/>\n<meta property=\"og:type\" content=\"article\" \/>\n<meta property=\"og:title\" content=\"Com a Opera\u00e7\u00e3o Inverno, unidades de sa\u00fade de Passo Fundo funcionam em hor\u00e1rio ampliado - Secretaria de Sa\u00fade\" \/>\n<meta property=\"og:description\" content=\"Objetivo da Prefeitura \u00e9 desafogar as emerg\u00eancias dos hospitais, atendendo a popula\u00e7\u00e3o que precisa dos servi\u00e7os de aten\u00e7\u00e3o b\u00e1sica. Os Cais Petr\u00f3polis e Boqueir\u00e3o e o Ambulat\u00f3rio de Especialidades integram a estrat\u00e9gia\" \/>\n<meta property=\"og:url\" content=\"https:\/\/www.pmpf.rs.gov.br\/secretaria-de-saude\/2023\/07\/21\/com-a-operacao-inverno-unidades-de-saude-de-passo-fundo-funcionam-em-horario-ampliado\/\" \/>\n<meta property=\"og:site_name\" content=\"Secretaria de Sa\u00fade\" \/>\n<meta property=\"article:published_time\" content=\"2023-07-21T20:52:56+00:00\" \/>\n<meta property=\"article:modified_time\" content=\"2023-07-21T20:53:02+00:00\" \/>\n<meta name=\"author\" content=\"andressazorzetto07\" \/>\n<meta name=\"twitter:card\" content=\"summary_large_image\" \/>\n<meta name=\"twitter:label1\" content=\"Escrito por\" \/>\n\t<meta name=\"twitter:data1\" content=\"andressazorzetto07\" \/>\n\t<meta name=\"twitter:label2\" content=\"Est. tempo de leitura\" \/>\n\t<meta name=\"twitter:data2\" content=\"4 minutos\" \/>\n<script type=\"application\/ld+json\" class=\"yoast-schema-graph\">{\"@context\":\"https:\/\/schema.org\",\"@graph\":[{\"@type\":\"WebPage\",\"@id\":\"https:\/\/www.pmpf.rs.gov.br\/secretaria-de-saude\/2023\/07\/21\/com-a-operacao-inverno-unidades-de-saude-de-passo-fundo-funcionam-em-horario-ampliado\/\",\"url\":\"https:\/\/www.pmpf.rs.gov.br\/secretaria-de-saude\/2023\/07\/21\/com-a-operacao-inverno-unidades-de-saude-de-passo-fundo-funcionam-em-horario-ampliado\/\",\"name\":\"Com a Opera\u00e7\u00e3o Inverno, unidades de sa\u00fade de Passo Fundo funcionam em hor\u00e1rio ampliado - Secretaria de Sa\u00fade\",\"isPartOf\":{\"@id\":\"https:\/\/www.pmpf.rs.gov.br\/secretaria-de-saude\/#website\"},\"datePublished\":\"2023-07-21T20:52:56+00:00\",\"dateModified\":\"2023-07-21T20:53:02+00:00\",\"author\":{\"@id\":\"https:\/\/www.pmpf.rs.gov.br\/secretaria-de-saude\/#\/schema\/person\/30ee1d1bd74da1469b01fcf086e43351\"},\"breadcrumb\":{\"@id\":\"https:\/\/www.pmpf.rs.gov.br\/secretaria-de-saude\/2023\/07\/21\/com-a-operacao-inverno-unidades-de-saude-de-passo-fundo-funcionam-em-horario-ampliado\/#breadcrumb\"},\"inLanguage\":\"pt-BR\",\"potentialAction\":[{\"@type\":\"ReadAction\",\"target\":[\"https:\/\/www.pmpf.rs.gov.br\/secretaria-de-saude\/2023\/07\/21\/com-a-operacao-inverno-unidades-de-saude-de-passo-fundo-funcionam-em-horario-ampliado\/\"]}]},{\"@type\":\"BreadcrumbList\",\"@id\":\"https:\/\/www.pmpf.rs.gov.br\/secretaria-de-saude\/2023\/07\/21\/com-a-operacao-inverno-unidades-de-saude-de-passo-fundo-funcionam-em-horario-ampliado\/#breadcrumb\",\"itemListElement\":[{\"@type\":\"ListItem\",\"position\":1,\"name\":\"In\u00edcio\",\"item\":\"https:\/\/www.pmpf.rs.gov.br\/secretaria-de-saude\/\"},{\"@type\":\"ListItem\",\"position\":2,\"name\":\"Com a Opera\u00e7\u00e3o Inverno, unidades de sa\u00fade de Passo Fundo funcionam em hor\u00e1rio ampliado\"}]},{\"@type\":\"WebSite\",\"@id\":\"https:\/\/www.pmpf.rs.gov.br\/secretaria-de-saude\/#website\",\"url\":\"https:\/\/www.pmpf.rs.gov.br\/secretaria-de-saude\/\",\"name\":\"Secretaria de Sa\u00fade\",\"description\":\"S\u00f3 mais um site Prefeitura de Passo Fundo\",\"potentialAction\":[{\"@type\":\"SearchAction\",\"target\":{\"@type\":\"EntryPoint\",\"urlTemplate\":\"https:\/\/www.pmpf.rs.gov.br\/secretaria-de-saude\/?s={search_term_string}\"},\"query-input\":{\"@type\":\"PropertyValueSpecification\",\"valueRequired\":true,\"valueName\":\"search_term_string\"}}],\"inLanguage\":\"pt-BR\"},{\"@type\":\"Person\",\"@id\":\"https:\/\/www.pmpf.rs.gov.br\/secretaria-de-saude\/#\/schema\/person\/30ee1d1bd74da1469b01fcf086e43351\",\"name\":\"andressazorzetto07\",\"image\":{\"@type\":\"ImageObject\",\"inLanguage\":\"pt-BR\",\"@id\":\"https:\/\/www.pmpf.rs.gov.br\/secretaria-de-saude\/#\/schema\/person\/image\/\",\"url\":\"https:\/\/secure.gravatar.com\/avatar\/14c5458ed79dc81da99a13b9ff5f9f19?s=96&d=mm&r=g\",\"contentUrl\":\"https:\/\/secure.gravatar.com\/avatar\/14c5458ed79dc81da99a13b9ff5f9f19?s=96&d=mm&r=g\",\"caption\":\"andressazorzetto07\"},\"url\":\"https:\/\/www.pmpf.rs.gov.br\/secretaria-de-saude\/author\/andressazorzetto07\/\"}]}<\/script>\n<!-- \/ Yoast SEO plugin. -->","yoast_head_json":{"title":"Com a Opera\u00e7\u00e3o Inverno, unidades de sa\u00fade de Passo Fundo funcionam em hor\u00e1rio ampliado - Secretaria de Sa\u00fade","robots":{"index":"index","follow":"follow","max-snippet":"max-snippet:-1","max-image-preview":"max-image-preview:large","max-video-preview":"max-video-preview:-1"},"canonical":"https:\/\/www.pmpf.rs.gov.br\/secretaria-de-saude\/2023\/07\/21\/com-a-operacao-inverno-unidades-de-saude-de-passo-fundo-funcionam-em-horario-ampliado\/","og_locale":"pt_BR","og_type":"article","og_title":"Com a Opera\u00e7\u00e3o Inverno, unidades de sa\u00fade de Passo Fundo funcionam em hor\u00e1rio ampliado - Secretaria de Sa\u00fade","og_description":"Objetivo da Prefeitura \u00e9 desafogar as emerg\u00eancias dos hospitais, atendendo a popula\u00e7\u00e3o que precisa dos servi\u00e7os de aten\u00e7\u00e3o b\u00e1sica. Os Cais Petr\u00f3polis e Boqueir\u00e3o e o Ambulat\u00f3rio de Especialidades integram a estrat\u00e9gia","og_url":"https:\/\/www.pmpf.rs.gov.br\/secretaria-de-saude\/2023\/07\/21\/com-a-operacao-inverno-unidades-de-saude-de-passo-fundo-funcionam-em-horario-ampliado\/","og_site_name":"Secretaria de Sa\u00fade","article_published_time":"2023-07-21T20:52:56+00:00","article_modified_time":"2023-07-21T20:53:02+00:00","author":"andressazorzetto07","twitter_card":"summary_large_image","twitter_misc":{"Escrito por":"andressazorzetto07","Est. tempo de leitura":"4 minutos"},"schema":{"@context":"https:\/\/schema.org","@graph":[{"@type":"WebPage","@id":"https:\/\/www.pmpf.rs.gov.br\/secretaria-de-saude\/2023\/07\/21\/com-a-operacao-inverno-unidades-de-saude-de-passo-fundo-funcionam-em-horario-ampliado\/","url":"https:\/\/www.pmpf.rs.gov.br\/secretaria-de-saude\/2023\/07\/21\/com-a-operacao-inverno-unidades-de-saude-de-passo-fundo-funcionam-em-horario-ampliado\/","name":"Com a Opera\u00e7\u00e3o Inverno, unidades de sa\u00fade de Passo Fundo funcionam em hor\u00e1rio ampliado - Secretaria de Sa\u00fade","isPartOf":{"@id":"https:\/\/www.pmpf.rs.gov.br\/secretaria-de-saude\/#website"},"datePublished":"2023-07-21T20:52:56+00:00","dateModified":"2023-07-21T20:53:02+00:00","author":{"@id":"https:\/\/www.pmpf.rs.gov.br\/secretaria-de-saude\/#\/schema\/person\/30ee1d1bd74da1469b01fcf086e43351"},"breadcrumb":{"@id":"https:\/\/www.pmpf.rs.gov.br\/secretaria-de-saude\/2023\/07\/21\/com-a-operacao-inverno-unidades-de-saude-de-passo-fundo-funcionam-em-horario-ampliado\/#breadcrumb"},"inLanguage":"pt-BR","potentialAction":[{"@type":"ReadAction","target":["https:\/\/www.pmpf.rs.gov.br\/secretaria-de-saude\/2023\/07\/21\/com-a-operacao-inverno-unidades-de-saude-de-passo-fundo-funcionam-em-horario-ampliado\/"]}]},{"@type":"BreadcrumbList","@id":"https:\/\/www.pmpf.rs.gov.br\/secretaria-de-saude\/2023\/07\/21\/com-a-operacao-inverno-unidades-de-saude-de-passo-fundo-funcionam-em-horario-ampliado\/#breadcrumb","itemListElement":[{"@type":"ListItem","position":1,"name":"In\u00edcio","item":"https:\/\/www.pmpf.rs.gov.br\/secretaria-de-saude\/"},{"@type":"ListItem","position":2,"name":"Com a Opera\u00e7\u00e3o Inverno, unidades de sa\u00fade de Passo Fundo funcionam em hor\u00e1rio ampliado"}]},{"@type":"WebSite","@id":"https:\/\/www.pmpf.rs.gov.br\/secretaria-de-saude\/#website","url":"https:\/\/www.pmpf.rs.gov.br\/secretaria-de-saude\/","name":"Secretaria de Sa\u00fade","description":"S\u00f3 mais um site Prefeitura de Passo Fundo","potentialAction":[{"@type":"SearchAction","target":{"@type":"EntryPoint","urlTemplate":"https:\/\/www.pmpf.rs.gov.br\/secretaria-de-saude\/?s={search_term_string}"},"query-input":{"@type":"PropertyValueSpecification","valueRequired":true,"valueName":"search_term_string"}}],"inLanguage":"pt-BR"},{"@type":"Person","@id":"https:\/\/www.pmpf.rs.gov.br\/secretaria-de-saude\/#\/schema\/person\/30ee1d1bd74da1469b01fcf086e43351","name":"andressazorzetto07","image":{"@type":"ImageObject","inLanguage":"pt-BR","@id":"https:\/\/www.pmpf.rs.gov.br\/secretaria-de-saude\/#\/schema\/person\/image\/","url":"https:\/\/secure.gravatar.com\/avatar\/14c5458ed79dc81da99a13b9ff5f9f19?s=96&d=mm&r=g","contentUrl":"https:\/\/secure.gravatar.com\/avatar\/14c5458ed79dc81da99a13b9ff5f9f19?s=96&d=mm&r=g","caption":"andressazorzetto07"},"url":"https:\/\/www.pmpf.rs.gov.br\/secretaria-de-saude\/author\/andressazorzetto07\/"}]}},"_links":{"self":[{"href":"https:\/\/www.pmpf.rs.gov.br\/secretaria-de-saude\/wp-json\/wp\/v2\/posts\/3642"}],"collection":[{"href":"https:\/\/www.pmpf.rs.gov.br\/secretaria-de-saude\/wp-json\/wp\/v2\/posts"}],"about":[{"href":"https:\/\/www.pmpf.rs.gov.br\/secretaria-de-saude\/wp-json\/wp\/v2\/types\/post"}],"author":[{"embeddable":true,"href":"https:\/\/www.pmpf.rs.gov.br\/secretaria-de-saude\/wp-json\/wp\/v2\/users\/6"}],"replies":[{"embeddable":true,"href":"https:\/\/www.pmpf.rs.gov.br\/secretaria-de-saude\/wp-json\/wp\/v2\/comments?post=3642"}],"version-history":[{"count":1,"href":"https:\/\/www.pmpf.rs.gov.br\/secretaria-de-saude\/wp-json\/wp\/v2\/posts\/3642\/revisions"}],"predecessor-version":[{"id":3643,"href":"https:\/\/www.pmpf.rs.gov.br\/secretaria-de-saude\/wp-json\/wp\/v2\/posts\/3642\/revisions\/3643"}],"wp:attachment":[{"href":"https:\/\/www.pmpf.rs.gov.br\/secretaria-de-saude\/wp-json\/wp\/v2\/media?parent=3642"}],"wp:term":[{"taxonomy":"category","embeddable":true,"href":"https:\/\/www.pmpf.rs.gov.br\/secretaria-de-saude\/wp-json\/wp\/v2\/categories?post=3642"},{"taxonomy":"post_tag","embeddable":true,"href":"https:\/\/www.pmpf.rs.gov.br\/secretaria-de-saude\/wp-json\/wp\/v2\/tags?post=3642"}],"curies":[{"name":"wp","href":"https:\/\/api.w.org\/{rel}","templated":true}]}}