{"id":3632,"date":"2023-07-10T14:05:25","date_gmt":"2023-07-10T17:05:25","guid":{"rendered":"https:\/\/www.pmpf.rs.gov.br\/secretaria-de-saude\/?p=3632"},"modified":"2023-07-10T14:05:32","modified_gmt":"2023-07-10T17:05:32","slug":"prefeito-pedro-nomeia-medica-pediatrica-para-coordenar-hospital-dia-da-crianca","status":"publish","type":"post","link":"https:\/\/www.pmpf.rs.gov.br\/secretaria-de-saude\/2023\/07\/10\/prefeito-pedro-nomeia-medica-pediatrica-para-coordenar-hospital-dia-da-crianca\/","title":{"rendered":"Prefeito Pedro nomeia m\u00e9dica pedi\u00e1trica para coordenar Hospital Dia da Crian\u00e7a"},"content":{"rendered":"\n<p><\/p>\n\n\n\n<p><\/p>\n\n\n\n<p>Entregue \u00e0 popula\u00e7\u00e3o em novembro de 2022, o Hospital Dia da Crian\u00e7a (HDC) tem se tornado refer\u00eancia no atendimento m\u00e9dico pedi\u00e1trico em Passo Fundo. Com mais de 25 mil atendimentos realizados desde a sua inaugura\u00e7\u00e3o, a unidade, que funciona junto ao Hospital Beneficente Dr. C\u00e9sar Santos, integra uma das a\u00e7\u00f5es estruturadas pelo governo Pedro Almeida para ampliar, qualificar e humanizar os servi\u00e7os em sa\u00fade oferecidos \u00e0 comunidade. \u201cO Hospital Dia da Crian\u00e7a era um compromisso nosso com a popula\u00e7\u00e3o passo-fundense. Investimos bastante na reforma e moderniza\u00e7\u00e3o do Hospital Municipal, assegurando uma infraestrutura espec\u00edfica para o acolhimento das nossas crian\u00e7as e jovens\u201d, destacou o prefeito Pedro Almeida.<\/p>\n\n\n\n<p>Conforme o prefeito, a aten\u00e7\u00e3o dedicada as melhorias no Hospital Dia da Crian\u00e7a \u00e9 uma constante na Administra\u00e7\u00e3o Municipal. Por isso, nesta segunda-feira (10), ao lado do diretor-geral do Hospital Municipal, Roger Teixeira Borges; e do diretor T\u00e9cnico da institui\u00e7\u00e3o, Diego Teixeira de Farias; Pedro nomeou a m\u00e9dica pedi\u00e1trica Caroline Barbiero da Silva, como diretora do Departamento de Gerenciamento M\u00e9dico do HDC. \u201cCom o aumento da demanda e do volume de atendimentos n\u00f3s sentimos a necessidade de qualificar tamb\u00e9m as equipes que atuam na unidade. A experi\u00eancia da Caroline, que j\u00e1 conhece a institui\u00e7\u00e3o, ser\u00e1 fundamental neste momento\u201d, defendeu o chefe do Executivo.<\/p>\n\n\n\n<p>Formada em Medicina pela Univali, Caroline \u00e9 m\u00e9dica pediatra com especializa\u00e7\u00e3o em Pneumologia pedi\u00e1trica pelo Hospital da Crian\u00e7a Santo Ant\u00f4nio, de Porto Alegre. H\u00e1 quatro anos atuando em Passo Fundo no servi\u00e7o de emerg\u00eancia pedi\u00e1trica e professora de Pediatria da Atitus, a profissional conhece a estrutura da unidade e afirma que \u201ca equipe t\u00e9cnica \u00e9 formada por \u00f3timos profissionais, que buscam sempre fazer o melhor para o paciente, com carinho e dedica\u00e7\u00e3o\u201d. \u201cNo HDC acabei formando uma segunda casa ao lado destes profissionais. Espero conseguir retribuir a confian\u00e7a da Administra\u00e7\u00e3o e dos meus colegas\u201d, afirmou Caroline.<\/p>\n\n\n\n<p>Na fun\u00e7\u00e3o de diretora do Departamento de Gerenciamento M\u00e9dico do HDC, Caroline ter\u00e1, entre outras atribui\u00e7\u00f5es, a tarefa de gerenciar os fluxos e as equipes de atendimento, qualificando a presta\u00e7\u00e3o dos servi\u00e7os oferecidos \u00e0 comunidade. \u201cO objetivo \u00e9 buscar melhorar ainda mais o nosso atendimento, identificando e corrigindo as fraquezas e contribuindo com a capacita\u00e7\u00e3o t\u00e9cnica e m\u00e9dica do Hospital Dia da Crian\u00e7a\u201d, explicou ela.<\/p>\n","protected":false},"excerpt":{"rendered":"<p>Caroline Barbiero da Silva assume a fun\u00e7\u00e3o de diretora do Departamento de Gerenciamento M\u00e9dico do HDC a partir desta segunda-feira (10), com a tarefa de gerenciar os fluxos e equipes de atendimento, qualificando a presta\u00e7\u00e3o dos servi\u00e7os oferecidos \u00e0 comunidade<\/p>\n","protected":false},"author":6,"featured_media":3633,"comment_status":"closed","ping_status":"closed","sticky":true,"template":"","format":"standard","meta":{"footnotes":""},"categories":[1],"tags":[],"class_list":["post-3632","post","type-post","status-publish","format-standard","has-post-thumbnail","hentry","category-sem-categoria"],"yoast_head":"<!-- This site is optimized with the Yoast SEO plugin v23.8 - https:\/\/yoast.com\/wordpress\/plugins\/seo\/ -->\n<title>Prefeito Pedro nomeia m\u00e9dica pedi\u00e1trica para coordenar Hospital Dia da Crian\u00e7a - Secretaria de Sa\u00fade<\/title>\n<meta name=\"robots\" content=\"index, follow, max-snippet:-1, max-image-preview:large, max-video-preview:-1\" \/>\n<link rel=\"canonical\" href=\"https:\/\/www.pmpf.rs.gov.br\/secretaria-de-saude\/2023\/07\/10\/prefeito-pedro-nomeia-medica-pediatrica-para-coordenar-hospital-dia-da-crianca\/\" \/>\n<meta property=\"og:locale\" content=\"pt_BR\" \/>\n<meta property=\"og:type\" content=\"article\" \/>\n<meta property=\"og:title\" content=\"Prefeito Pedro nomeia m\u00e9dica pedi\u00e1trica para coordenar Hospital Dia da Crian\u00e7a - Secretaria de Sa\u00fade\" \/>\n<meta property=\"og:description\" content=\"Caroline Barbiero da Silva assume a fun\u00e7\u00e3o de diretora do Departamento de Gerenciamento M\u00e9dico do HDC a partir desta segunda-feira (10), com a tarefa de gerenciar os fluxos e equipes de atendimento, qualificando a presta\u00e7\u00e3o dos servi\u00e7os oferecidos \u00e0 comunidade\" \/>\n<meta property=\"og:url\" content=\"https:\/\/www.pmpf.rs.gov.br\/secretaria-de-saude\/2023\/07\/10\/prefeito-pedro-nomeia-medica-pediatrica-para-coordenar-hospital-dia-da-crianca\/\" \/>\n<meta property=\"og:site_name\" content=\"Secretaria de Sa\u00fade\" \/>\n<meta property=\"article:published_time\" content=\"2023-07-10T17:05:25+00:00\" \/>\n<meta property=\"article:modified_time\" content=\"2023-07-10T17:05:32+00:00\" \/>\n<meta name=\"author\" content=\"andressazorzetto07\" \/>\n<meta name=\"twitter:card\" content=\"summary_large_image\" \/>\n<meta name=\"twitter:label1\" content=\"Escrito por\" \/>\n\t<meta name=\"twitter:data1\" content=\"andressazorzetto07\" \/>\n\t<meta name=\"twitter:label2\" content=\"Est. tempo de leitura\" \/>\n\t<meta name=\"twitter:data2\" content=\"2 minutos\" \/>\n<script type=\"application\/ld+json\" class=\"yoast-schema-graph\">{\"@context\":\"https:\/\/schema.org\",\"@graph\":[{\"@type\":\"WebPage\",\"@id\":\"https:\/\/www.pmpf.rs.gov.br\/secretaria-de-saude\/2023\/07\/10\/prefeito-pedro-nomeia-medica-pediatrica-para-coordenar-hospital-dia-da-crianca\/\",\"url\":\"https:\/\/www.pmpf.rs.gov.br\/secretaria-de-saude\/2023\/07\/10\/prefeito-pedro-nomeia-medica-pediatrica-para-coordenar-hospital-dia-da-crianca\/\",\"name\":\"Prefeito Pedro nomeia m\u00e9dica pedi\u00e1trica para coordenar Hospital Dia da Crian\u00e7a - Secretaria de Sa\u00fade\",\"isPartOf\":{\"@id\":\"https:\/\/www.pmpf.rs.gov.br\/secretaria-de-saude\/#website\"},\"primaryImageOfPage\":{\"@id\":\"https:\/\/www.pmpf.rs.gov.br\/secretaria-de-saude\/2023\/07\/10\/prefeito-pedro-nomeia-medica-pediatrica-para-coordenar-hospital-dia-da-crianca\/#primaryimage\"},\"image\":{\"@id\":\"https:\/\/www.pmpf.rs.gov.br\/secretaria-de-saude\/2023\/07\/10\/prefeito-pedro-nomeia-medica-pediatrica-para-coordenar-hospital-dia-da-crianca\/#primaryimage\"},\"thumbnailUrl\":\"https:\/\/www.pmpf.rs.gov.br\/secretaria-de-saude\/wp-content\/uploads\/sites\/50\/2023\/07\/HDC.jpg\",\"datePublished\":\"2023-07-10T17:05:25+00:00\",\"dateModified\":\"2023-07-10T17:05:32+00:00\",\"author\":{\"@id\":\"https:\/\/www.pmpf.rs.gov.br\/secretaria-de-saude\/#\/schema\/person\/30ee1d1bd74da1469b01fcf086e43351\"},\"breadcrumb\":{\"@id\":\"https:\/\/www.pmpf.rs.gov.br\/secretaria-de-saude\/2023\/07\/10\/prefeito-pedro-nomeia-medica-pediatrica-para-coordenar-hospital-dia-da-crianca\/#breadcrumb\"},\"inLanguage\":\"pt-BR\",\"potentialAction\":[{\"@type\":\"ReadAction\",\"target\":[\"https:\/\/www.pmpf.rs.gov.br\/secretaria-de-saude\/2023\/07\/10\/prefeito-pedro-nomeia-medica-pediatrica-para-coordenar-hospital-dia-da-crianca\/\"]}]},{\"@type\":\"ImageObject\",\"inLanguage\":\"pt-BR\",\"@id\":\"https:\/\/www.pmpf.rs.gov.br\/secretaria-de-saude\/2023\/07\/10\/prefeito-pedro-nomeia-medica-pediatrica-para-coordenar-hospital-dia-da-crianca\/#primaryimage\",\"url\":\"https:\/\/www.pmpf.rs.gov.br\/secretaria-de-saude\/wp-content\/uploads\/sites\/50\/2023\/07\/HDC.jpg\",\"contentUrl\":\"https:\/\/www.pmpf.rs.gov.br\/secretaria-de-saude\/wp-content\/uploads\/sites\/50\/2023\/07\/HDC.jpg\",\"width\":1600,\"height\":1066},{\"@type\":\"BreadcrumbList\",\"@id\":\"https:\/\/www.pmpf.rs.gov.br\/secretaria-de-saude\/2023\/07\/10\/prefeito-pedro-nomeia-medica-pediatrica-para-coordenar-hospital-dia-da-crianca\/#breadcrumb\",\"itemListElement\":[{\"@type\":\"ListItem\",\"position\":1,\"name\":\"In\u00edcio\",\"item\":\"https:\/\/www.pmpf.rs.gov.br\/secretaria-de-saude\/\"},{\"@type\":\"ListItem\",\"position\":2,\"name\":\"Prefeito Pedro nomeia m\u00e9dica pedi\u00e1trica para coordenar Hospital Dia da Crian\u00e7a\"}]},{\"@type\":\"WebSite\",\"@id\":\"https:\/\/www.pmpf.rs.gov.br\/secretaria-de-saude\/#website\",\"url\":\"https:\/\/www.pmpf.rs.gov.br\/secretaria-de-saude\/\",\"name\":\"Secretaria de Sa\u00fade\",\"description\":\"S\u00f3 mais um site Prefeitura de Passo Fundo\",\"potentialAction\":[{\"@type\":\"SearchAction\",\"target\":{\"@type\":\"EntryPoint\",\"urlTemplate\":\"https:\/\/www.pmpf.rs.gov.br\/secretaria-de-saude\/?s={search_term_string}\"},\"query-input\":{\"@type\":\"PropertyValueSpecification\",\"valueRequired\":true,\"valueName\":\"search_term_string\"}}],\"inLanguage\":\"pt-BR\"},{\"@type\":\"Person\",\"@id\":\"https:\/\/www.pmpf.rs.gov.br\/secretaria-de-saude\/#\/schema\/person\/30ee1d1bd74da1469b01fcf086e43351\",\"name\":\"andressazorzetto07\",\"image\":{\"@type\":\"ImageObject\",\"inLanguage\":\"pt-BR\",\"@id\":\"https:\/\/www.pmpf.rs.gov.br\/secretaria-de-saude\/#\/schema\/person\/image\/\",\"url\":\"https:\/\/secure.gravatar.com\/avatar\/14c5458ed79dc81da99a13b9ff5f9f19?s=96&d=mm&r=g\",\"contentUrl\":\"https:\/\/secure.gravatar.com\/avatar\/14c5458ed79dc81da99a13b9ff5f9f19?s=96&d=mm&r=g\",\"caption\":\"andressazorzetto07\"},\"url\":\"https:\/\/www.pmpf.rs.gov.br\/secretaria-de-saude\/author\/andressazorzetto07\/\"}]}<\/script>\n<!-- \/ Yoast SEO plugin. -->","yoast_head_json":{"title":"Prefeito Pedro nomeia m\u00e9dica pedi\u00e1trica para coordenar Hospital Dia da Crian\u00e7a - Secretaria de Sa\u00fade","robots":{"index":"index","follow":"follow","max-snippet":"max-snippet:-1","max-image-preview":"max-image-preview:large","max-video-preview":"max-video-preview:-1"},"canonical":"https:\/\/www.pmpf.rs.gov.br\/secretaria-de-saude\/2023\/07\/10\/prefeito-pedro-nomeia-medica-pediatrica-para-coordenar-hospital-dia-da-crianca\/","og_locale":"pt_BR","og_type":"article","og_title":"Prefeito Pedro nomeia m\u00e9dica pedi\u00e1trica para coordenar Hospital Dia da Crian\u00e7a - Secretaria de Sa\u00fade","og_description":"Caroline Barbiero da Silva assume a fun\u00e7\u00e3o de diretora do Departamento de Gerenciamento M\u00e9dico do HDC a partir desta segunda-feira (10), com a tarefa de gerenciar os fluxos e equipes de atendimento, qualificando a presta\u00e7\u00e3o dos servi\u00e7os oferecidos \u00e0 comunidade","og_url":"https:\/\/www.pmpf.rs.gov.br\/secretaria-de-saude\/2023\/07\/10\/prefeito-pedro-nomeia-medica-pediatrica-para-coordenar-hospital-dia-da-crianca\/","og_site_name":"Secretaria de Sa\u00fade","article_published_time":"2023-07-10T17:05:25+00:00","article_modified_time":"2023-07-10T17:05:32+00:00","author":"andressazorzetto07","twitter_card":"summary_large_image","twitter_misc":{"Escrito por":"andressazorzetto07","Est. tempo de leitura":"2 minutos"},"schema":{"@context":"https:\/\/schema.org","@graph":[{"@type":"WebPage","@id":"https:\/\/www.pmpf.rs.gov.br\/secretaria-de-saude\/2023\/07\/10\/prefeito-pedro-nomeia-medica-pediatrica-para-coordenar-hospital-dia-da-crianca\/","url":"https:\/\/www.pmpf.rs.gov.br\/secretaria-de-saude\/2023\/07\/10\/prefeito-pedro-nomeia-medica-pediatrica-para-coordenar-hospital-dia-da-crianca\/","name":"Prefeito Pedro nomeia m\u00e9dica pedi\u00e1trica para coordenar Hospital Dia da Crian\u00e7a - Secretaria de Sa\u00fade","isPartOf":{"@id":"https:\/\/www.pmpf.rs.gov.br\/secretaria-de-saude\/#website"},"primaryImageOfPage":{"@id":"https:\/\/www.pmpf.rs.gov.br\/secretaria-de-saude\/2023\/07\/10\/prefeito-pedro-nomeia-medica-pediatrica-para-coordenar-hospital-dia-da-crianca\/#primaryimage"},"image":{"@id":"https:\/\/www.pmpf.rs.gov.br\/secretaria-de-saude\/2023\/07\/10\/prefeito-pedro-nomeia-medica-pediatrica-para-coordenar-hospital-dia-da-crianca\/#primaryimage"},"thumbnailUrl":"https:\/\/www.pmpf.rs.gov.br\/secretaria-de-saude\/wp-content\/uploads\/sites\/50\/2023\/07\/HDC.jpg","datePublished":"2023-07-10T17:05:25+00:00","dateModified":"2023-07-10T17:05:32+00:00","author":{"@id":"https:\/\/www.pmpf.rs.gov.br\/secretaria-de-saude\/#\/schema\/person\/30ee1d1bd74da1469b01fcf086e43351"},"breadcrumb":{"@id":"https:\/\/www.pmpf.rs.gov.br\/secretaria-de-saude\/2023\/07\/10\/prefeito-pedro-nomeia-medica-pediatrica-para-coordenar-hospital-dia-da-crianca\/#breadcrumb"},"inLanguage":"pt-BR","potentialAction":[{"@type":"ReadAction","target":["https:\/\/www.pmpf.rs.gov.br\/secretaria-de-saude\/2023\/07\/10\/prefeito-pedro-nomeia-medica-pediatrica-para-coordenar-hospital-dia-da-crianca\/"]}]},{"@type":"ImageObject","inLanguage":"pt-BR","@id":"https:\/\/www.pmpf.rs.gov.br\/secretaria-de-saude\/2023\/07\/10\/prefeito-pedro-nomeia-medica-pediatrica-para-coordenar-hospital-dia-da-crianca\/#primaryimage","url":"https:\/\/www.pmpf.rs.gov.br\/secretaria-de-saude\/wp-content\/uploads\/sites\/50\/2023\/07\/HDC.jpg","contentUrl":"https:\/\/www.pmpf.rs.gov.br\/secretaria-de-saude\/wp-content\/uploads\/sites\/50\/2023\/07\/HDC.jpg","width":1600,"height":1066},{"@type":"BreadcrumbList","@id":"https:\/\/www.pmpf.rs.gov.br\/secretaria-de-saude\/2023\/07\/10\/prefeito-pedro-nomeia-medica-pediatrica-para-coordenar-hospital-dia-da-crianca\/#breadcrumb","itemListElement":[{"@type":"ListItem","position":1,"name":"In\u00edcio","item":"https:\/\/www.pmpf.rs.gov.br\/secretaria-de-saude\/"},{"@type":"ListItem","position":2,"name":"Prefeito Pedro nomeia m\u00e9dica pedi\u00e1trica para coordenar Hospital Dia da Crian\u00e7a"}]},{"@type":"WebSite","@id":"https:\/\/www.pmpf.rs.gov.br\/secretaria-de-saude\/#website","url":"https:\/\/www.pmpf.rs.gov.br\/secretaria-de-saude\/","name":"Secretaria de Sa\u00fade","description":"S\u00f3 mais um site Prefeitura de Passo Fundo","potentialAction":[{"@type":"SearchAction","target":{"@type":"EntryPoint","urlTemplate":"https:\/\/www.pmpf.rs.gov.br\/secretaria-de-saude\/?s={search_term_string}"},"query-input":{"@type":"PropertyValueSpecification","valueRequired":true,"valueName":"search_term_string"}}],"inLanguage":"pt-BR"},{"@type":"Person","@id":"https:\/\/www.pmpf.rs.gov.br\/secretaria-de-saude\/#\/schema\/person\/30ee1d1bd74da1469b01fcf086e43351","name":"andressazorzetto07","image":{"@type":"ImageObject","inLanguage":"pt-BR","@id":"https:\/\/www.pmpf.rs.gov.br\/secretaria-de-saude\/#\/schema\/person\/image\/","url":"https:\/\/secure.gravatar.com\/avatar\/14c5458ed79dc81da99a13b9ff5f9f19?s=96&d=mm&r=g","contentUrl":"https:\/\/secure.gravatar.com\/avatar\/14c5458ed79dc81da99a13b9ff5f9f19?s=96&d=mm&r=g","caption":"andressazorzetto07"},"url":"https:\/\/www.pmpf.rs.gov.br\/secretaria-de-saude\/author\/andressazorzetto07\/"}]}},"_links":{"self":[{"href":"https:\/\/www.pmpf.rs.gov.br\/secretaria-de-saude\/wp-json\/wp\/v2\/posts\/3632"}],"collection":[{"href":"https:\/\/www.pmpf.rs.gov.br\/secretaria-de-saude\/wp-json\/wp\/v2\/posts"}],"about":[{"href":"https:\/\/www.pmpf.rs.gov.br\/secretaria-de-saude\/wp-json\/wp\/v2\/types\/post"}],"author":[{"embeddable":true,"href":"https:\/\/www.pmpf.rs.gov.br\/secretaria-de-saude\/wp-json\/wp\/v2\/users\/6"}],"replies":[{"embeddable":true,"href":"https:\/\/www.pmpf.rs.gov.br\/secretaria-de-saude\/wp-json\/wp\/v2\/comments?post=3632"}],"version-history":[{"count":1,"href":"https:\/\/www.pmpf.rs.gov.br\/secretaria-de-saude\/wp-json\/wp\/v2\/posts\/3632\/revisions"}],"predecessor-version":[{"id":3634,"href":"https:\/\/www.pmpf.rs.gov.br\/secretaria-de-saude\/wp-json\/wp\/v2\/posts\/3632\/revisions\/3634"}],"wp:featuredmedia":[{"embeddable":true,"href":"https:\/\/www.pmpf.rs.gov.br\/secretaria-de-saude\/wp-json\/wp\/v2\/media\/3633"}],"wp:attachment":[{"href":"https:\/\/www.pmpf.rs.gov.br\/secretaria-de-saude\/wp-json\/wp\/v2\/media?parent=3632"}],"wp:term":[{"taxonomy":"category","embeddable":true,"href":"https:\/\/www.pmpf.rs.gov.br\/secretaria-de-saude\/wp-json\/wp\/v2\/categories?post=3632"},{"taxonomy":"post_tag","embeddable":true,"href":"https:\/\/www.pmpf.rs.gov.br\/secretaria-de-saude\/wp-json\/wp\/v2\/tags?post=3632"}],"curies":[{"name":"wp","href":"https:\/\/api.w.org\/{rel}","templated":true}]}}