{"id":3622,"date":"2023-06-28T08:16:14","date_gmt":"2023-06-28T11:16:14","guid":{"rendered":"https:\/\/www.pmpf.rs.gov.br\/secretaria-de-saude\/?p=3622"},"modified":"2023-06-28T08:19:10","modified_gmt":"2023-06-28T11:19:10","slug":"avancam-as-obras-do-hospital-municipal","status":"publish","type":"post","link":"https:\/\/www.pmpf.rs.gov.br\/secretaria-de-saude\/2023\/06\/28\/avancam-as-obras-do-hospital-municipal\/","title":{"rendered":"Avan\u00e7am as obras do Hospital Municipal"},"content":{"rendered":"\n<p><\/p>\n\n\n\n<p>O Hospital Municipal foi inaugurado em 1959, abrindo os atendimentos para a popula\u00e7\u00e3o em 1960. Hoje, 63 anos ap\u00f3s o in\u00edcio das atividades, a institui\u00e7\u00e3o hospitalar passa pela maior obra estrutural de sua hist\u00f3ria. Desde 2018 a Prefeitura est\u00e1 executando um projeto que garantir\u00e1 condi\u00e7\u00f5es adequadas e modernas para a presta\u00e7\u00e3o dos servi\u00e7os e acolhimento dos pacientes e j\u00e1 entregou espa\u00e7os essenciais, como a nova emerg\u00eancia e o Hospital Dia da Crian\u00e7a.<\/p>\n\n\n\n<p>Na tarde desta ter\u00e7a-feira (27), o prefeito Pedro Almeida convocou uma reuni\u00e3o com a dire\u00e7\u00e3o do hospital e a Secretaria Municipal de Planejamento para alinhar o andamento das obras. \u201cO cronograma est\u00e1 dentro do previsto. Nos pr\u00f3ximos meses, teremos a entrega de espa\u00e7os como o Novo Centro de Diagn\u00f3stico, a Farm\u00e1cia Interna e o setor de administrativo, al\u00e9m de uma s\u00e9rie de recupera\u00e7\u00f5es internas. O Hospital Municipal teve a sua fachada reformada, o que j\u00e1 trouxe uma importante transforma\u00e7\u00e3o. Mas as obras acontecem tamb\u00e9m no seu interior para que a comunidade tenha um local adequado e acolhedor. Abrimos a nova emerg\u00eancia e o Hospital Dia da Crian\u00e7a no ano passado e seguimos trabalhando em outros setores\u201d, afirma.<\/p>\n\n\n\n<p>Conforme explica a arquiteta respons\u00e1vel, Larissa Rezende, as interven\u00e7\u00f5es, que compreendem reformas e amplia\u00e7\u00f5es, foram divididas em 10 etapas a fim de que a institui\u00e7\u00e3o continue em funcionamento. \u201cO Munic\u00edpio est\u00e1 recuperando um hospital que n\u00e3o parou de fazer atendimentos. Por isso, fizemos uma setoriza\u00e7\u00e3o at\u00e9 que 100% da institui\u00e7\u00e3o seja reformada. Foram entregues as tr\u00eas primeiras etapas e outras cinco est\u00e3o em andamento\u201d, considerou.<\/p>\n\n\n\n<p>De acordo com o diretor-geral, Roger Teixeira Borges, o olhar do governo municipal ao Hospital tem o reposicionado como uma refer\u00eancia. \u201cA qualifica\u00e7\u00e3o da estrutura e a contrata\u00e7\u00e3o constante de profissionais comprovam a import\u00e2ncia do Hospital Municipal para a popula\u00e7\u00e3o de Passo Fundo\u201d, menciona.<\/p>\n\n\n\n<p>No total, est\u00e3o sendo investidos nas obras cerca de R$ 20 milh\u00f5es. Esse valor inclui recursos pr\u00f3prios do Munic\u00edpio, investimentos do Governo do Estado e recursos de emendas parlamentares.<\/p>\n\n\n\n<p><\/p>\n\n\n\n<p><strong>Entenda as obras<br><\/strong>Confira o que j\u00e1 foi feito e o que est\u00e1 em andamento.<\/p>\n\n\n\n<p>1\u00aa etapa \u2013 conclu\u00edda<br>Reforma e amplia\u00e7\u00e3o dos setores de apoio log\u00edstico, central de gases medicinais e abrigo de res\u00edduos; requalifica\u00e7\u00e3o do passeio p\u00fablico; do estacionamento e das fachadas; entrega do setor de enfermaria.<\/p>\n\n\n\n<p>2\u00aa etapa \u2013 conclu\u00edda<br>Nova emerg\u00eancia.<\/p>\n\n\n\n<p>3\u00aa etapa \u2013 conclu\u00edda<br>Hospital da Crian\u00e7a; reforma do telhado do bloco cir\u00fargico; telhado.<\/p>\n\n\n\n<p>4\u00aa etapa \u2013 em andamento<br>Reforma e amplia\u00e7\u00e3o do Centro de Diagn\u00f3stico.<\/p>\n\n\n\n<p>5\u00aa etapa \u2013 em andamento<br>Amplia\u00e7\u00e3o do setor administrativo e da farm\u00e1cia interna.<\/p>\n\n\n\n<p>6\u00aa etapa \u2013 em andamento<br>Amplia\u00e7\u00e3o dos setores de apoio log\u00edstico; gerador.<\/p>\n\n\n\n<p>7\u00aa etapa \u2013 em andamento<br>Reforma do Centro Cir\u00fargico, Central de Materiais esterilizados e Ag\u00eancia Transfusional.<\/p>\n\n\n\n<p>8\u00aa etapa \u2013 em andamento<br>Reforma da ala de interna\u00e7\u00e3o.<\/p>\n\n\n\n<p>9\u00aa etapa \u2013 em andamento (aguarda entrega dos demais setores para iniciar a interven\u00e7\u00e3o)<br>Reforma dos setores de servi\u00e7o, nutri\u00e7\u00e3o e diet\u00e9tica, almoxarifado, arquivo e manuten\u00e7\u00e3o.<\/p>\n\n\n\n<p>10\u00aa etapa \u2013 (aguarda entrega dos demais setores para iniciar a interven\u00e7\u00e3o)<br>Reforma do ambulat\u00f3rio odontol\u00f3gico e laborat\u00f3rio de an\u00e1lises cl\u00ednicas.<\/p>\n","protected":false},"excerpt":{"rendered":"<p>A institui\u00e7\u00e3o hospitalar passa pela maior obra estrutural de sua hist\u00f3ria. S\u00e3o previstas para este ano as entregas de espa\u00e7os como o Novo Centro de Diagn\u00f3stico, a Farm\u00e1cia Interna e o setor administrativo. Ainda, para o primeiro trimestre de 2024, est\u00e3o programadas as entregas de 32 novos leitos de interna\u00e7\u00e3o adulto e a Farm\u00e1cia 24 horas<\/p>\n","protected":false},"author":6,"featured_media":3623,"comment_status":"closed","ping_status":"closed","sticky":true,"template":"","format":"standard","meta":{"footnotes":""},"categories":[1],"tags":[],"class_list":["post-3622","post","type-post","status-publish","format-standard","has-post-thumbnail","hentry","category-sem-categoria"],"yoast_head":"<!-- This site is optimized with the Yoast SEO plugin v23.8 - https:\/\/yoast.com\/wordpress\/plugins\/seo\/ -->\n<title>Avan\u00e7am as obras do Hospital Municipal - Secretaria de Sa\u00fade<\/title>\n<meta name=\"robots\" content=\"index, follow, max-snippet:-1, max-image-preview:large, max-video-preview:-1\" \/>\n<link rel=\"canonical\" href=\"https:\/\/www.pmpf.rs.gov.br\/secretaria-de-saude\/2023\/06\/28\/avancam-as-obras-do-hospital-municipal\/\" \/>\n<meta property=\"og:locale\" content=\"pt_BR\" \/>\n<meta property=\"og:type\" content=\"article\" \/>\n<meta property=\"og:title\" content=\"Avan\u00e7am as obras do Hospital Municipal - Secretaria de Sa\u00fade\" \/>\n<meta property=\"og:description\" content=\"A institui\u00e7\u00e3o hospitalar passa pela maior obra estrutural de sua hist\u00f3ria. S\u00e3o previstas para este ano as entregas de espa\u00e7os como o Novo Centro de Diagn\u00f3stico, a Farm\u00e1cia Interna e o setor administrativo. Ainda, para o primeiro trimestre de 2024, est\u00e3o programadas as entregas de 32 novos leitos de interna\u00e7\u00e3o adulto e a Farm\u00e1cia 24 horas\" \/>\n<meta property=\"og:url\" content=\"https:\/\/www.pmpf.rs.gov.br\/secretaria-de-saude\/2023\/06\/28\/avancam-as-obras-do-hospital-municipal\/\" \/>\n<meta property=\"og:site_name\" content=\"Secretaria de Sa\u00fade\" \/>\n<meta property=\"article:published_time\" content=\"2023-06-28T11:16:14+00:00\" \/>\n<meta property=\"article:modified_time\" content=\"2023-06-28T11:19:10+00:00\" \/>\n<meta property=\"og:image\" content=\"https:\/\/www.pmpf.rs.gov.br\/secretaria-de-saude\/wp-content\/uploads\/sites\/50\/2023\/06\/hospital-municipal.jpg\" \/>\n\t<meta property=\"og:image:width\" content=\"1040\" \/>\n\t<meta property=\"og:image:height\" content=\"474\" \/>\n\t<meta property=\"og:image:type\" content=\"image\/jpeg\" \/>\n<meta name=\"author\" content=\"andressazorzetto07\" \/>\n<meta name=\"twitter:card\" content=\"summary_large_image\" \/>\n<meta name=\"twitter:label1\" content=\"Escrito por\" \/>\n\t<meta name=\"twitter:data1\" content=\"andressazorzetto07\" \/>\n\t<meta name=\"twitter:label2\" content=\"Est. tempo de leitura\" \/>\n\t<meta name=\"twitter:data2\" content=\"3 minutos\" \/>\n<script type=\"application\/ld+json\" class=\"yoast-schema-graph\">{\"@context\":\"https:\/\/schema.org\",\"@graph\":[{\"@type\":\"WebPage\",\"@id\":\"https:\/\/www.pmpf.rs.gov.br\/secretaria-de-saude\/2023\/06\/28\/avancam-as-obras-do-hospital-municipal\/\",\"url\":\"https:\/\/www.pmpf.rs.gov.br\/secretaria-de-saude\/2023\/06\/28\/avancam-as-obras-do-hospital-municipal\/\",\"name\":\"Avan\u00e7am as obras do Hospital Municipal - Secretaria de Sa\u00fade\",\"isPartOf\":{\"@id\":\"https:\/\/www.pmpf.rs.gov.br\/secretaria-de-saude\/#website\"},\"primaryImageOfPage\":{\"@id\":\"https:\/\/www.pmpf.rs.gov.br\/secretaria-de-saude\/2023\/06\/28\/avancam-as-obras-do-hospital-municipal\/#primaryimage\"},\"image\":{\"@id\":\"https:\/\/www.pmpf.rs.gov.br\/secretaria-de-saude\/2023\/06\/28\/avancam-as-obras-do-hospital-municipal\/#primaryimage\"},\"thumbnailUrl\":\"https:\/\/www.pmpf.rs.gov.br\/secretaria-de-saude\/wp-content\/uploads\/sites\/50\/2023\/06\/hospital-municipal.jpg\",\"datePublished\":\"2023-06-28T11:16:14+00:00\",\"dateModified\":\"2023-06-28T11:19:10+00:00\",\"author\":{\"@id\":\"https:\/\/www.pmpf.rs.gov.br\/secretaria-de-saude\/#\/schema\/person\/30ee1d1bd74da1469b01fcf086e43351\"},\"breadcrumb\":{\"@id\":\"https:\/\/www.pmpf.rs.gov.br\/secretaria-de-saude\/2023\/06\/28\/avancam-as-obras-do-hospital-municipal\/#breadcrumb\"},\"inLanguage\":\"pt-BR\",\"potentialAction\":[{\"@type\":\"ReadAction\",\"target\":[\"https:\/\/www.pmpf.rs.gov.br\/secretaria-de-saude\/2023\/06\/28\/avancam-as-obras-do-hospital-municipal\/\"]}]},{\"@type\":\"ImageObject\",\"inLanguage\":\"pt-BR\",\"@id\":\"https:\/\/www.pmpf.rs.gov.br\/secretaria-de-saude\/2023\/06\/28\/avancam-as-obras-do-hospital-municipal\/#primaryimage\",\"url\":\"https:\/\/www.pmpf.rs.gov.br\/secretaria-de-saude\/wp-content\/uploads\/sites\/50\/2023\/06\/hospital-municipal.jpg\",\"contentUrl\":\"https:\/\/www.pmpf.rs.gov.br\/secretaria-de-saude\/wp-content\/uploads\/sites\/50\/2023\/06\/hospital-municipal.jpg\",\"width\":1040,\"height\":474},{\"@type\":\"BreadcrumbList\",\"@id\":\"https:\/\/www.pmpf.rs.gov.br\/secretaria-de-saude\/2023\/06\/28\/avancam-as-obras-do-hospital-municipal\/#breadcrumb\",\"itemListElement\":[{\"@type\":\"ListItem\",\"position\":1,\"name\":\"In\u00edcio\",\"item\":\"https:\/\/www.pmpf.rs.gov.br\/secretaria-de-saude\/\"},{\"@type\":\"ListItem\",\"position\":2,\"name\":\"Avan\u00e7am as obras do Hospital Municipal\"}]},{\"@type\":\"WebSite\",\"@id\":\"https:\/\/www.pmpf.rs.gov.br\/secretaria-de-saude\/#website\",\"url\":\"https:\/\/www.pmpf.rs.gov.br\/secretaria-de-saude\/\",\"name\":\"Secretaria de Sa\u00fade\",\"description\":\"S\u00f3 mais um site Prefeitura de Passo Fundo\",\"potentialAction\":[{\"@type\":\"SearchAction\",\"target\":{\"@type\":\"EntryPoint\",\"urlTemplate\":\"https:\/\/www.pmpf.rs.gov.br\/secretaria-de-saude\/?s={search_term_string}\"},\"query-input\":{\"@type\":\"PropertyValueSpecification\",\"valueRequired\":true,\"valueName\":\"search_term_string\"}}],\"inLanguage\":\"pt-BR\"},{\"@type\":\"Person\",\"@id\":\"https:\/\/www.pmpf.rs.gov.br\/secretaria-de-saude\/#\/schema\/person\/30ee1d1bd74da1469b01fcf086e43351\",\"name\":\"andressazorzetto07\",\"image\":{\"@type\":\"ImageObject\",\"inLanguage\":\"pt-BR\",\"@id\":\"https:\/\/www.pmpf.rs.gov.br\/secretaria-de-saude\/#\/schema\/person\/image\/\",\"url\":\"https:\/\/secure.gravatar.com\/avatar\/14c5458ed79dc81da99a13b9ff5f9f19?s=96&d=mm&r=g\",\"contentUrl\":\"https:\/\/secure.gravatar.com\/avatar\/14c5458ed79dc81da99a13b9ff5f9f19?s=96&d=mm&r=g\",\"caption\":\"andressazorzetto07\"},\"url\":\"https:\/\/www.pmpf.rs.gov.br\/secretaria-de-saude\/author\/andressazorzetto07\/\"}]}<\/script>\n<!-- \/ Yoast SEO plugin. -->","yoast_head_json":{"title":"Avan\u00e7am as obras do Hospital Municipal - Secretaria de Sa\u00fade","robots":{"index":"index","follow":"follow","max-snippet":"max-snippet:-1","max-image-preview":"max-image-preview:large","max-video-preview":"max-video-preview:-1"},"canonical":"https:\/\/www.pmpf.rs.gov.br\/secretaria-de-saude\/2023\/06\/28\/avancam-as-obras-do-hospital-municipal\/","og_locale":"pt_BR","og_type":"article","og_title":"Avan\u00e7am as obras do Hospital Municipal - Secretaria de Sa\u00fade","og_description":"A institui\u00e7\u00e3o hospitalar passa pela maior obra estrutural de sua hist\u00f3ria. S\u00e3o previstas para este ano as entregas de espa\u00e7os como o Novo Centro de Diagn\u00f3stico, a Farm\u00e1cia Interna e o setor administrativo. Ainda, para o primeiro trimestre de 2024, est\u00e3o programadas as entregas de 32 novos leitos de interna\u00e7\u00e3o adulto e a Farm\u00e1cia 24 horas","og_url":"https:\/\/www.pmpf.rs.gov.br\/secretaria-de-saude\/2023\/06\/28\/avancam-as-obras-do-hospital-municipal\/","og_site_name":"Secretaria de Sa\u00fade","article_published_time":"2023-06-28T11:16:14+00:00","article_modified_time":"2023-06-28T11:19:10+00:00","og_image":[{"width":1040,"height":474,"url":"https:\/\/www.pmpf.rs.gov.br\/secretaria-de-saude\/wp-content\/uploads\/sites\/50\/2023\/06\/hospital-municipal.jpg","type":"image\/jpeg"}],"author":"andressazorzetto07","twitter_card":"summary_large_image","twitter_misc":{"Escrito por":"andressazorzetto07","Est. tempo de leitura":"3 minutos"},"schema":{"@context":"https:\/\/schema.org","@graph":[{"@type":"WebPage","@id":"https:\/\/www.pmpf.rs.gov.br\/secretaria-de-saude\/2023\/06\/28\/avancam-as-obras-do-hospital-municipal\/","url":"https:\/\/www.pmpf.rs.gov.br\/secretaria-de-saude\/2023\/06\/28\/avancam-as-obras-do-hospital-municipal\/","name":"Avan\u00e7am as obras do Hospital Municipal - Secretaria de Sa\u00fade","isPartOf":{"@id":"https:\/\/www.pmpf.rs.gov.br\/secretaria-de-saude\/#website"},"primaryImageOfPage":{"@id":"https:\/\/www.pmpf.rs.gov.br\/secretaria-de-saude\/2023\/06\/28\/avancam-as-obras-do-hospital-municipal\/#primaryimage"},"image":{"@id":"https:\/\/www.pmpf.rs.gov.br\/secretaria-de-saude\/2023\/06\/28\/avancam-as-obras-do-hospital-municipal\/#primaryimage"},"thumbnailUrl":"https:\/\/www.pmpf.rs.gov.br\/secretaria-de-saude\/wp-content\/uploads\/sites\/50\/2023\/06\/hospital-municipal.jpg","datePublished":"2023-06-28T11:16:14+00:00","dateModified":"2023-06-28T11:19:10+00:00","author":{"@id":"https:\/\/www.pmpf.rs.gov.br\/secretaria-de-saude\/#\/schema\/person\/30ee1d1bd74da1469b01fcf086e43351"},"breadcrumb":{"@id":"https:\/\/www.pmpf.rs.gov.br\/secretaria-de-saude\/2023\/06\/28\/avancam-as-obras-do-hospital-municipal\/#breadcrumb"},"inLanguage":"pt-BR","potentialAction":[{"@type":"ReadAction","target":["https:\/\/www.pmpf.rs.gov.br\/secretaria-de-saude\/2023\/06\/28\/avancam-as-obras-do-hospital-municipal\/"]}]},{"@type":"ImageObject","inLanguage":"pt-BR","@id":"https:\/\/www.pmpf.rs.gov.br\/secretaria-de-saude\/2023\/06\/28\/avancam-as-obras-do-hospital-municipal\/#primaryimage","url":"https:\/\/www.pmpf.rs.gov.br\/secretaria-de-saude\/wp-content\/uploads\/sites\/50\/2023\/06\/hospital-municipal.jpg","contentUrl":"https:\/\/www.pmpf.rs.gov.br\/secretaria-de-saude\/wp-content\/uploads\/sites\/50\/2023\/06\/hospital-municipal.jpg","width":1040,"height":474},{"@type":"BreadcrumbList","@id":"https:\/\/www.pmpf.rs.gov.br\/secretaria-de-saude\/2023\/06\/28\/avancam-as-obras-do-hospital-municipal\/#breadcrumb","itemListElement":[{"@type":"ListItem","position":1,"name":"In\u00edcio","item":"https:\/\/www.pmpf.rs.gov.br\/secretaria-de-saude\/"},{"@type":"ListItem","position":2,"name":"Avan\u00e7am as obras do Hospital Municipal"}]},{"@type":"WebSite","@id":"https:\/\/www.pmpf.rs.gov.br\/secretaria-de-saude\/#website","url":"https:\/\/www.pmpf.rs.gov.br\/secretaria-de-saude\/","name":"Secretaria de Sa\u00fade","description":"S\u00f3 mais um site Prefeitura de Passo Fundo","potentialAction":[{"@type":"SearchAction","target":{"@type":"EntryPoint","urlTemplate":"https:\/\/www.pmpf.rs.gov.br\/secretaria-de-saude\/?s={search_term_string}"},"query-input":{"@type":"PropertyValueSpecification","valueRequired":true,"valueName":"search_term_string"}}],"inLanguage":"pt-BR"},{"@type":"Person","@id":"https:\/\/www.pmpf.rs.gov.br\/secretaria-de-saude\/#\/schema\/person\/30ee1d1bd74da1469b01fcf086e43351","name":"andressazorzetto07","image":{"@type":"ImageObject","inLanguage":"pt-BR","@id":"https:\/\/www.pmpf.rs.gov.br\/secretaria-de-saude\/#\/schema\/person\/image\/","url":"https:\/\/secure.gravatar.com\/avatar\/14c5458ed79dc81da99a13b9ff5f9f19?s=96&d=mm&r=g","contentUrl":"https:\/\/secure.gravatar.com\/avatar\/14c5458ed79dc81da99a13b9ff5f9f19?s=96&d=mm&r=g","caption":"andressazorzetto07"},"url":"https:\/\/www.pmpf.rs.gov.br\/secretaria-de-saude\/author\/andressazorzetto07\/"}]}},"_links":{"self":[{"href":"https:\/\/www.pmpf.rs.gov.br\/secretaria-de-saude\/wp-json\/wp\/v2\/posts\/3622"}],"collection":[{"href":"https:\/\/www.pmpf.rs.gov.br\/secretaria-de-saude\/wp-json\/wp\/v2\/posts"}],"about":[{"href":"https:\/\/www.pmpf.rs.gov.br\/secretaria-de-saude\/wp-json\/wp\/v2\/types\/post"}],"author":[{"embeddable":true,"href":"https:\/\/www.pmpf.rs.gov.br\/secretaria-de-saude\/wp-json\/wp\/v2\/users\/6"}],"replies":[{"embeddable":true,"href":"https:\/\/www.pmpf.rs.gov.br\/secretaria-de-saude\/wp-json\/wp\/v2\/comments?post=3622"}],"version-history":[{"count":2,"href":"https:\/\/www.pmpf.rs.gov.br\/secretaria-de-saude\/wp-json\/wp\/v2\/posts\/3622\/revisions"}],"predecessor-version":[{"id":3625,"href":"https:\/\/www.pmpf.rs.gov.br\/secretaria-de-saude\/wp-json\/wp\/v2\/posts\/3622\/revisions\/3625"}],"wp:featuredmedia":[{"embeddable":true,"href":"https:\/\/www.pmpf.rs.gov.br\/secretaria-de-saude\/wp-json\/wp\/v2\/media\/3623"}],"wp:attachment":[{"href":"https:\/\/www.pmpf.rs.gov.br\/secretaria-de-saude\/wp-json\/wp\/v2\/media?parent=3622"}],"wp:term":[{"taxonomy":"category","embeddable":true,"href":"https:\/\/www.pmpf.rs.gov.br\/secretaria-de-saude\/wp-json\/wp\/v2\/categories?post=3622"},{"taxonomy":"post_tag","embeddable":true,"href":"https:\/\/www.pmpf.rs.gov.br\/secretaria-de-saude\/wp-json\/wp\/v2\/tags?post=3622"}],"curies":[{"name":"wp","href":"https:\/\/api.w.org\/{rel}","templated":true}]}}