{"id":3619,"date":"2023-06-22T11:20:36","date_gmt":"2023-06-22T14:20:36","guid":{"rendered":"https:\/\/www.pmpf.rs.gov.br\/secretaria-de-saude\/?p=3619"},"modified":"2023-06-22T11:20:42","modified_gmt":"2023-06-22T14:20:42","slug":"operacao-inverno-municipio-amplia-horarios-de-unidades-de-saude-para-atender-a-populacao","status":"publish","type":"post","link":"https:\/\/www.pmpf.rs.gov.br\/secretaria-de-saude\/2023\/06\/22\/operacao-inverno-municipio-amplia-horarios-de-unidades-de-saude-para-atender-a-populacao\/","title":{"rendered":"Opera\u00e7\u00e3o Inverno: Munic\u00edpio amplia hor\u00e1rios de unidades de sa\u00fade para atender a popula\u00e7\u00e3o"},"content":{"rendered":"\n<p><\/p>\n\n\n\n<p>Nesta quinta-feira (22), em uma coletiva de imprensa, a Prefeitura de Passo Fundo lan\u00e7ou a Opera\u00e7\u00e3o inverno. Com a mobiliza\u00e7\u00e3o, o Munic\u00edpio est\u00e1 ampliando o hor\u00e1rio de atendimento de tr\u00eas unidades de sa\u00fade a fim de desafogar as emerg\u00eancias dos hospitais, acolhendo a popula\u00e7\u00e3o que precisa de servi\u00e7os enquadrados na aten\u00e7\u00e3o prim\u00e1ria. Os Cais Petr\u00f3polis e Boqueir\u00e3o e o Ambulat\u00f3rio de Especialidades passar\u00e3o a funcionar, entre segunda e sexta-feira, das 7h \u00e0s 22h. Os Cais Petr\u00f3polis e Boqueir\u00e3o tamb\u00e9m operar\u00e3o nos s\u00e1bados e domingos, das 9h \u00e0s 15h.<\/p>\n\n\n\n<p>Conforme o prefeito, Pedro Almeida, o Munic\u00edpio realiza um grande esfor\u00e7o para adaptar os servi\u00e7os aos cen\u00e1rios de sa\u00fade. Neste momento, as emerg\u00eancias dos hospitais est\u00e3o no limite, o que torna fundamental que as unidades de sa\u00fade sejam ajustadas para absorver parte desta demanda. \u201cA Sa\u00fade \u00e9 um desafio constante e n\u00f3s trabalhamos para melhorar a qualidade do atendimento prestado \u00e0 popula\u00e7\u00e3o. Com essa mudan\u00e7a, queremos intensificar o atendimento prim\u00e1rio com hor\u00e1rio ampliado e levando informa\u00e7\u00f5es para as pessoas. Precisamos da uni\u00e3o de esfor\u00e7os, o que tivemos exemplarmente durante a pandemia, a fim de que possamos acolher quem precisa de atendimento\u201d, disse.<\/p>\n\n\n\n<p>O Munic\u00edpio conta com 40 unidades de sa\u00fade, entre Unidades B\u00e1sicas de Sa\u00fade (UBS), Centros de Atendimento Integral \u00e0 Sa\u00fade (Cais) e Estrat\u00e9gias de Sa\u00fade da Fam\u00edlia (ESF). Al\u00e9m disso, oferece servi\u00e7os especializados em espa\u00e7os como o Ambulat\u00f3rio de Especialidades, Hospital Dia da Crian\u00e7a, Centro de Refer\u00eancia de Sa\u00fade do Idoso e Servi\u00e7o de Atendimento Especializado em ISTs (SAE).<\/p>\n\n\n\n<p>A coordenadora de Recupera\u00e7\u00e3o \u00e0 Sa\u00fade, Caroline Gosch, salientou que a a\u00e7\u00e3o anunciada pela Prefeitura foi estudada pela Secretaria de Sa\u00fade em conjunto com o Hospital Municipal e foram definidas unidades em diferentes pontos da cidade para funcionarem at\u00e9 mais tarde. \u201cFizemos esse recorte para comportar o maior n\u00famero de pessoas, buscando atender o paciente que pode e deve ser acolhido nas unidades de sa\u00fade e que, muitas vezes, acaba buscando o servi\u00e7o de emerg\u00eancia, tendo um atendimento demorado nestes locais. Nas tr\u00eas unidades, ser\u00e3o ofertadas consultas m\u00e9dicas por demanda espont\u00e2nea e, nos Cais, ainda, assist\u00eancia farmac\u00eautica e vacina\u00e7\u00e3o de manh\u00e3 \u00e0 noite e nos fins de semana\u201d, pontuou.<\/p>\n\n\n\n<p>De acordo com o diretor t\u00e9cnico do Hospital Municipal, Diego Teixeira de Farias, essa estrat\u00e9gia, aliada \u00e0 procura dos servi\u00e7os nas unidades pelas pessoas, possibilitar\u00e1 que o setor da emerg\u00eancia da institui\u00e7\u00e3o hospitalar se concentre nos atendimentos de urg\u00eancia. \u201cNeste per\u00edodo, quando chega o inverno, notificamos o aumento de casos como infarto, AVC e a descompensa\u00e7\u00e3o de doen\u00e7as respirat\u00f3rias, o que demanda equipe, estrutura e protocolo. Nos organizamos para prestar o melhor atendimento poss\u00edvel \u00e0 comunidade e, por isso, orientamos que pacientes com sintomas como dor de cabe\u00e7a, dor de ouvido ou s\u00edndrome gripal, classificados com a cor azul, se direcionem a uma das unidades de sa\u00fade para que consigamos focalizar o melhor atendimento aos pacientes graves\u201d, refor\u00e7ou.<\/p>\n\n\n\n<p>O secret\u00e1rio de Sa\u00fade, Jo\u00e3o Pedro Nunes, destacou que a rede municipal de sa\u00fade se dedica a prestar servi\u00e7os de qualidade. \u201cO nosso compromisso \u00e9 atender bem as pessoas, de forma humanizada e com acolhimento. Para isso, tamb\u00e9m precisamos da compreens\u00e3o e da ajuda dos passo-fundenses\u201d, completou.<\/p>\n\n\n\n<p><\/p>\n\n\n\n<p><strong>Como ficar\u00e1<\/strong><br>Segunda-feira a sexta-feira, das 7h \u00e0s 22h<br>Cais Petr\u00f3polis, Cais Boqueir\u00e3o e Ambulat\u00f3rio de Especialidades<\/p>\n\n\n\n<p>S\u00e1bados e domingos, das 9h \u00e0s 15h<br>Cais Petr\u00f3polis e Cais Boqueir\u00e3o<\/p>\n\n\n\n<p>A abertura das unidades ser\u00e1 de maneira gradual. A partir de hoje, o novo hor\u00e1rio j\u00e1 ser\u00e1 feito pelo Cais Petr\u00f3polis. At\u00e9 o dia 01 de julho, o Cais Boqueir\u00e3o e o Ambulat\u00f3rio de Especialidades tamb\u00e9m estar\u00e3o com o funcionamento ampliado.<\/p>\n","protected":false},"excerpt":{"rendered":"<p>Medida tem como objetivo assegurar o acolhimento de quem precisa dos servi\u00e7os da rede prim\u00e1ria e, sobretudo, desafogar a emerg\u00eancia dos hospitais<\/p>\n","protected":false},"author":6,"featured_media":3620,"comment_status":"closed","ping_status":"closed","sticky":true,"template":"","format":"standard","meta":{"footnotes":""},"categories":[1],"tags":[],"class_list":["post-3619","post","type-post","status-publish","format-standard","has-post-thumbnail","hentry","category-sem-categoria"],"yoast_head":"<!-- This site is optimized with the Yoast SEO plugin v23.8 - https:\/\/yoast.com\/wordpress\/plugins\/seo\/ -->\n<title>Opera\u00e7\u00e3o Inverno: Munic\u00edpio amplia hor\u00e1rios de unidades de sa\u00fade para atender a popula\u00e7\u00e3o - Secretaria de Sa\u00fade<\/title>\n<meta name=\"robots\" content=\"index, follow, max-snippet:-1, max-image-preview:large, max-video-preview:-1\" \/>\n<link rel=\"canonical\" href=\"https:\/\/www.pmpf.rs.gov.br\/secretaria-de-saude\/2023\/06\/22\/operacao-inverno-municipio-amplia-horarios-de-unidades-de-saude-para-atender-a-populacao\/\" \/>\n<meta property=\"og:locale\" content=\"pt_BR\" \/>\n<meta property=\"og:type\" content=\"article\" \/>\n<meta property=\"og:title\" content=\"Opera\u00e7\u00e3o Inverno: Munic\u00edpio amplia hor\u00e1rios de unidades de sa\u00fade para atender a popula\u00e7\u00e3o - Secretaria de Sa\u00fade\" \/>\n<meta property=\"og:description\" content=\"Medida tem como objetivo assegurar o acolhimento de quem precisa dos servi\u00e7os da rede prim\u00e1ria e, sobretudo, desafogar a emerg\u00eancia dos hospitais\" \/>\n<meta property=\"og:url\" content=\"https:\/\/www.pmpf.rs.gov.br\/secretaria-de-saude\/2023\/06\/22\/operacao-inverno-municipio-amplia-horarios-de-unidades-de-saude-para-atender-a-populacao\/\" \/>\n<meta property=\"og:site_name\" content=\"Secretaria de Sa\u00fade\" \/>\n<meta property=\"article:published_time\" content=\"2023-06-22T14:20:36+00:00\" \/>\n<meta property=\"article:modified_time\" content=\"2023-06-22T14:20:42+00:00\" \/>\n<meta name=\"author\" content=\"andressazorzetto07\" \/>\n<meta name=\"twitter:card\" content=\"summary_large_image\" \/>\n<meta name=\"twitter:label1\" content=\"Escrito por\" \/>\n\t<meta name=\"twitter:data1\" content=\"andressazorzetto07\" \/>\n\t<meta name=\"twitter:label2\" content=\"Est. tempo de leitura\" \/>\n\t<meta name=\"twitter:data2\" content=\"3 minutos\" \/>\n<script type=\"application\/ld+json\" class=\"yoast-schema-graph\">{\"@context\":\"https:\/\/schema.org\",\"@graph\":[{\"@type\":\"WebPage\",\"@id\":\"https:\/\/www.pmpf.rs.gov.br\/secretaria-de-saude\/2023\/06\/22\/operacao-inverno-municipio-amplia-horarios-de-unidades-de-saude-para-atender-a-populacao\/\",\"url\":\"https:\/\/www.pmpf.rs.gov.br\/secretaria-de-saude\/2023\/06\/22\/operacao-inverno-municipio-amplia-horarios-de-unidades-de-saude-para-atender-a-populacao\/\",\"name\":\"Opera\u00e7\u00e3o Inverno: Munic\u00edpio amplia hor\u00e1rios de unidades de sa\u00fade para atender a popula\u00e7\u00e3o - Secretaria de Sa\u00fade\",\"isPartOf\":{\"@id\":\"https:\/\/www.pmpf.rs.gov.br\/secretaria-de-saude\/#website\"},\"primaryImageOfPage\":{\"@id\":\"https:\/\/www.pmpf.rs.gov.br\/secretaria-de-saude\/2023\/06\/22\/operacao-inverno-municipio-amplia-horarios-de-unidades-de-saude-para-atender-a-populacao\/#primaryimage\"},\"image\":{\"@id\":\"https:\/\/www.pmpf.rs.gov.br\/secretaria-de-saude\/2023\/06\/22\/operacao-inverno-municipio-amplia-horarios-de-unidades-de-saude-para-atender-a-populacao\/#primaryimage\"},\"thumbnailUrl\":\"https:\/\/www.pmpf.rs.gov.br\/secretaria-de-saude\/wp-content\/uploads\/sites\/50\/2023\/06\/operacao-inverno-2.jpeg\",\"datePublished\":\"2023-06-22T14:20:36+00:00\",\"dateModified\":\"2023-06-22T14:20:42+00:00\",\"author\":{\"@id\":\"https:\/\/www.pmpf.rs.gov.br\/secretaria-de-saude\/#\/schema\/person\/30ee1d1bd74da1469b01fcf086e43351\"},\"breadcrumb\":{\"@id\":\"https:\/\/www.pmpf.rs.gov.br\/secretaria-de-saude\/2023\/06\/22\/operacao-inverno-municipio-amplia-horarios-de-unidades-de-saude-para-atender-a-populacao\/#breadcrumb\"},\"inLanguage\":\"pt-BR\",\"potentialAction\":[{\"@type\":\"ReadAction\",\"target\":[\"https:\/\/www.pmpf.rs.gov.br\/secretaria-de-saude\/2023\/06\/22\/operacao-inverno-municipio-amplia-horarios-de-unidades-de-saude-para-atender-a-populacao\/\"]}]},{\"@type\":\"ImageObject\",\"inLanguage\":\"pt-BR\",\"@id\":\"https:\/\/www.pmpf.rs.gov.br\/secretaria-de-saude\/2023\/06\/22\/operacao-inverno-municipio-amplia-horarios-de-unidades-de-saude-para-atender-a-populacao\/#primaryimage\",\"url\":\"https:\/\/www.pmpf.rs.gov.br\/secretaria-de-saude\/wp-content\/uploads\/sites\/50\/2023\/06\/operacao-inverno-2.jpeg\",\"contentUrl\":\"https:\/\/www.pmpf.rs.gov.br\/secretaria-de-saude\/wp-content\/uploads\/sites\/50\/2023\/06\/operacao-inverno-2.jpeg\",\"width\":1600,\"height\":1066},{\"@type\":\"BreadcrumbList\",\"@id\":\"https:\/\/www.pmpf.rs.gov.br\/secretaria-de-saude\/2023\/06\/22\/operacao-inverno-municipio-amplia-horarios-de-unidades-de-saude-para-atender-a-populacao\/#breadcrumb\",\"itemListElement\":[{\"@type\":\"ListItem\",\"position\":1,\"name\":\"In\u00edcio\",\"item\":\"https:\/\/www.pmpf.rs.gov.br\/secretaria-de-saude\/\"},{\"@type\":\"ListItem\",\"position\":2,\"name\":\"Opera\u00e7\u00e3o Inverno: Munic\u00edpio amplia hor\u00e1rios de unidades de sa\u00fade para atender a popula\u00e7\u00e3o\"}]},{\"@type\":\"WebSite\",\"@id\":\"https:\/\/www.pmpf.rs.gov.br\/secretaria-de-saude\/#website\",\"url\":\"https:\/\/www.pmpf.rs.gov.br\/secretaria-de-saude\/\",\"name\":\"Secretaria de Sa\u00fade\",\"description\":\"S\u00f3 mais um site Prefeitura de Passo Fundo\",\"potentialAction\":[{\"@type\":\"SearchAction\",\"target\":{\"@type\":\"EntryPoint\",\"urlTemplate\":\"https:\/\/www.pmpf.rs.gov.br\/secretaria-de-saude\/?s={search_term_string}\"},\"query-input\":{\"@type\":\"PropertyValueSpecification\",\"valueRequired\":true,\"valueName\":\"search_term_string\"}}],\"inLanguage\":\"pt-BR\"},{\"@type\":\"Person\",\"@id\":\"https:\/\/www.pmpf.rs.gov.br\/secretaria-de-saude\/#\/schema\/person\/30ee1d1bd74da1469b01fcf086e43351\",\"name\":\"andressazorzetto07\",\"image\":{\"@type\":\"ImageObject\",\"inLanguage\":\"pt-BR\",\"@id\":\"https:\/\/www.pmpf.rs.gov.br\/secretaria-de-saude\/#\/schema\/person\/image\/\",\"url\":\"https:\/\/secure.gravatar.com\/avatar\/14c5458ed79dc81da99a13b9ff5f9f19?s=96&d=mm&r=g\",\"contentUrl\":\"https:\/\/secure.gravatar.com\/avatar\/14c5458ed79dc81da99a13b9ff5f9f19?s=96&d=mm&r=g\",\"caption\":\"andressazorzetto07\"},\"url\":\"https:\/\/www.pmpf.rs.gov.br\/secretaria-de-saude\/author\/andressazorzetto07\/\"}]}<\/script>\n<!-- \/ Yoast SEO plugin. -->","yoast_head_json":{"title":"Opera\u00e7\u00e3o Inverno: Munic\u00edpio amplia hor\u00e1rios de unidades de sa\u00fade para atender a popula\u00e7\u00e3o - Secretaria de Sa\u00fade","robots":{"index":"index","follow":"follow","max-snippet":"max-snippet:-1","max-image-preview":"max-image-preview:large","max-video-preview":"max-video-preview:-1"},"canonical":"https:\/\/www.pmpf.rs.gov.br\/secretaria-de-saude\/2023\/06\/22\/operacao-inverno-municipio-amplia-horarios-de-unidades-de-saude-para-atender-a-populacao\/","og_locale":"pt_BR","og_type":"article","og_title":"Opera\u00e7\u00e3o Inverno: Munic\u00edpio amplia hor\u00e1rios de unidades de sa\u00fade para atender a popula\u00e7\u00e3o - Secretaria de Sa\u00fade","og_description":"Medida tem como objetivo assegurar o acolhimento de quem precisa dos servi\u00e7os da rede prim\u00e1ria e, sobretudo, desafogar a emerg\u00eancia dos hospitais","og_url":"https:\/\/www.pmpf.rs.gov.br\/secretaria-de-saude\/2023\/06\/22\/operacao-inverno-municipio-amplia-horarios-de-unidades-de-saude-para-atender-a-populacao\/","og_site_name":"Secretaria de Sa\u00fade","article_published_time":"2023-06-22T14:20:36+00:00","article_modified_time":"2023-06-22T14:20:42+00:00","author":"andressazorzetto07","twitter_card":"summary_large_image","twitter_misc":{"Escrito por":"andressazorzetto07","Est. tempo de leitura":"3 minutos"},"schema":{"@context":"https:\/\/schema.org","@graph":[{"@type":"WebPage","@id":"https:\/\/www.pmpf.rs.gov.br\/secretaria-de-saude\/2023\/06\/22\/operacao-inverno-municipio-amplia-horarios-de-unidades-de-saude-para-atender-a-populacao\/","url":"https:\/\/www.pmpf.rs.gov.br\/secretaria-de-saude\/2023\/06\/22\/operacao-inverno-municipio-amplia-horarios-de-unidades-de-saude-para-atender-a-populacao\/","name":"Opera\u00e7\u00e3o Inverno: Munic\u00edpio amplia hor\u00e1rios de unidades de sa\u00fade para atender a popula\u00e7\u00e3o - Secretaria de Sa\u00fade","isPartOf":{"@id":"https:\/\/www.pmpf.rs.gov.br\/secretaria-de-saude\/#website"},"primaryImageOfPage":{"@id":"https:\/\/www.pmpf.rs.gov.br\/secretaria-de-saude\/2023\/06\/22\/operacao-inverno-municipio-amplia-horarios-de-unidades-de-saude-para-atender-a-populacao\/#primaryimage"},"image":{"@id":"https:\/\/www.pmpf.rs.gov.br\/secretaria-de-saude\/2023\/06\/22\/operacao-inverno-municipio-amplia-horarios-de-unidades-de-saude-para-atender-a-populacao\/#primaryimage"},"thumbnailUrl":"https:\/\/www.pmpf.rs.gov.br\/secretaria-de-saude\/wp-content\/uploads\/sites\/50\/2023\/06\/operacao-inverno-2.jpeg","datePublished":"2023-06-22T14:20:36+00:00","dateModified":"2023-06-22T14:20:42+00:00","author":{"@id":"https:\/\/www.pmpf.rs.gov.br\/secretaria-de-saude\/#\/schema\/person\/30ee1d1bd74da1469b01fcf086e43351"},"breadcrumb":{"@id":"https:\/\/www.pmpf.rs.gov.br\/secretaria-de-saude\/2023\/06\/22\/operacao-inverno-municipio-amplia-horarios-de-unidades-de-saude-para-atender-a-populacao\/#breadcrumb"},"inLanguage":"pt-BR","potentialAction":[{"@type":"ReadAction","target":["https:\/\/www.pmpf.rs.gov.br\/secretaria-de-saude\/2023\/06\/22\/operacao-inverno-municipio-amplia-horarios-de-unidades-de-saude-para-atender-a-populacao\/"]}]},{"@type":"ImageObject","inLanguage":"pt-BR","@id":"https:\/\/www.pmpf.rs.gov.br\/secretaria-de-saude\/2023\/06\/22\/operacao-inverno-municipio-amplia-horarios-de-unidades-de-saude-para-atender-a-populacao\/#primaryimage","url":"https:\/\/www.pmpf.rs.gov.br\/secretaria-de-saude\/wp-content\/uploads\/sites\/50\/2023\/06\/operacao-inverno-2.jpeg","contentUrl":"https:\/\/www.pmpf.rs.gov.br\/secretaria-de-saude\/wp-content\/uploads\/sites\/50\/2023\/06\/operacao-inverno-2.jpeg","width":1600,"height":1066},{"@type":"BreadcrumbList","@id":"https:\/\/www.pmpf.rs.gov.br\/secretaria-de-saude\/2023\/06\/22\/operacao-inverno-municipio-amplia-horarios-de-unidades-de-saude-para-atender-a-populacao\/#breadcrumb","itemListElement":[{"@type":"ListItem","position":1,"name":"In\u00edcio","item":"https:\/\/www.pmpf.rs.gov.br\/secretaria-de-saude\/"},{"@type":"ListItem","position":2,"name":"Opera\u00e7\u00e3o Inverno: Munic\u00edpio amplia hor\u00e1rios de unidades de sa\u00fade para atender a popula\u00e7\u00e3o"}]},{"@type":"WebSite","@id":"https:\/\/www.pmpf.rs.gov.br\/secretaria-de-saude\/#website","url":"https:\/\/www.pmpf.rs.gov.br\/secretaria-de-saude\/","name":"Secretaria de Sa\u00fade","description":"S\u00f3 mais um site Prefeitura de Passo Fundo","potentialAction":[{"@type":"SearchAction","target":{"@type":"EntryPoint","urlTemplate":"https:\/\/www.pmpf.rs.gov.br\/secretaria-de-saude\/?s={search_term_string}"},"query-input":{"@type":"PropertyValueSpecification","valueRequired":true,"valueName":"search_term_string"}}],"inLanguage":"pt-BR"},{"@type":"Person","@id":"https:\/\/www.pmpf.rs.gov.br\/secretaria-de-saude\/#\/schema\/person\/30ee1d1bd74da1469b01fcf086e43351","name":"andressazorzetto07","image":{"@type":"ImageObject","inLanguage":"pt-BR","@id":"https:\/\/www.pmpf.rs.gov.br\/secretaria-de-saude\/#\/schema\/person\/image\/","url":"https:\/\/secure.gravatar.com\/avatar\/14c5458ed79dc81da99a13b9ff5f9f19?s=96&d=mm&r=g","contentUrl":"https:\/\/secure.gravatar.com\/avatar\/14c5458ed79dc81da99a13b9ff5f9f19?s=96&d=mm&r=g","caption":"andressazorzetto07"},"url":"https:\/\/www.pmpf.rs.gov.br\/secretaria-de-saude\/author\/andressazorzetto07\/"}]}},"_links":{"self":[{"href":"https:\/\/www.pmpf.rs.gov.br\/secretaria-de-saude\/wp-json\/wp\/v2\/posts\/3619"}],"collection":[{"href":"https:\/\/www.pmpf.rs.gov.br\/secretaria-de-saude\/wp-json\/wp\/v2\/posts"}],"about":[{"href":"https:\/\/www.pmpf.rs.gov.br\/secretaria-de-saude\/wp-json\/wp\/v2\/types\/post"}],"author":[{"embeddable":true,"href":"https:\/\/www.pmpf.rs.gov.br\/secretaria-de-saude\/wp-json\/wp\/v2\/users\/6"}],"replies":[{"embeddable":true,"href":"https:\/\/www.pmpf.rs.gov.br\/secretaria-de-saude\/wp-json\/wp\/v2\/comments?post=3619"}],"version-history":[{"count":1,"href":"https:\/\/www.pmpf.rs.gov.br\/secretaria-de-saude\/wp-json\/wp\/v2\/posts\/3619\/revisions"}],"predecessor-version":[{"id":3621,"href":"https:\/\/www.pmpf.rs.gov.br\/secretaria-de-saude\/wp-json\/wp\/v2\/posts\/3619\/revisions\/3621"}],"wp:featuredmedia":[{"embeddable":true,"href":"https:\/\/www.pmpf.rs.gov.br\/secretaria-de-saude\/wp-json\/wp\/v2\/media\/3620"}],"wp:attachment":[{"href":"https:\/\/www.pmpf.rs.gov.br\/secretaria-de-saude\/wp-json\/wp\/v2\/media?parent=3619"}],"wp:term":[{"taxonomy":"category","embeddable":true,"href":"https:\/\/www.pmpf.rs.gov.br\/secretaria-de-saude\/wp-json\/wp\/v2\/categories?post=3619"},{"taxonomy":"post_tag","embeddable":true,"href":"https:\/\/www.pmpf.rs.gov.br\/secretaria-de-saude\/wp-json\/wp\/v2\/tags?post=3619"}],"curies":[{"name":"wp","href":"https:\/\/api.w.org\/{rel}","templated":true}]}}