{"id":3592,"date":"2023-06-01T11:22:41","date_gmt":"2023-06-01T14:22:41","guid":{"rendered":"https:\/\/www.pmpf.rs.gov.br\/secretaria-de-saude\/?p=3592"},"modified":"2023-06-01T11:22:43","modified_gmt":"2023-06-01T14:22:43","slug":"nesta-quinta-feira-havera-drive-thru-de-vacinacao-contra-a-gripe","status":"publish","type":"post","link":"https:\/\/www.pmpf.rs.gov.br\/secretaria-de-saude\/2023\/06\/01\/nesta-quinta-feira-havera-drive-thru-de-vacinacao-contra-a-gripe\/","title":{"rendered":"Nesta quinta-feira, haver\u00e1 drive-thru de vacina\u00e7\u00e3o contra a gripe"},"content":{"rendered":"\n<p><\/p>\n\n\n\n<p><\/p>\n\n\n\n<p>A Prefeitura far\u00e1, nesta quinta-feira, 1 de junho, um drive-thru de vacina\u00e7\u00e3o contra a gripe. Equipes da Sa\u00fade estar\u00e3o no Parque da Gare, no trecho em frente a Feira do Produtor, das 13h \u00e0s 17h, para fazer a aplica\u00e7\u00e3o da vacina com o objetivo de ampliar a cobertura vacinal da popula\u00e7\u00e3o. Poder\u00e3o fazer o refor\u00e7o todas as pessoas com mais de seis meses.<\/p>\n\n\n\n<p>Conforme a Coordenadora de Vigil\u00e2ncia em Sa\u00fade, Marisa Zanatta, \u00e9 importante que a vacina contra a gripe seja feita anualmente para a prote\u00e7\u00e3o individual e coletiva, uma vez que vacina\u00e7\u00e3o contra a influenza permite, ao longo do respectivo ano, minimizar a carga e prevenir o surgimento de complica\u00e7\u00f5es decorrentes da doen\u00e7a, reduzindo os sintomas nos grupos priorit\u00e1rios e, consequentemente, a sobrecarga sobre os servi\u00e7os de sa\u00fade. \u201cA vacina\u00e7\u00e3o \u00e9 uma das medidas para proteger contra a doen\u00e7a, suas complica\u00e7\u00f5es e \u00f3bitos, al\u00e9m de contribuir com a redu\u00e7\u00e3o da circula\u00e7\u00e3o viral entre a popula\u00e7\u00e3o, especialmente, entre os indiv\u00edduos que apresentam fatores ou condi\u00e7\u00f5es de risco\u201d, pontua, enfatizando que somente 47% dos grupos considerados priorit\u00e1rios fizeram a vacina.<\/p>\n\n\n\n<p><strong><br><\/strong>Seguindo uma Instru\u00e7\u00e3o Normativa (IN) da Ag\u00eancia Nacional de Vigil\u00e2ncia Sanit\u00e1ria (Anvisa), as vacinas influenza trivalentes utilizadas nesta campanha apresentam tr\u00eas tipos de cepas de v\u00edrus em combina\u00e7\u00e3o: Influenza A H1N1, Influenza A H3N2 e Influenza B linhagem Victoria.<\/p>\n","protected":false},"excerpt":{"rendered":"<p>Movimento ser\u00e1 realizado no Parque da Gare, no trecho em frente a Feira do Produtor, das 13h \u00e0s 17h. O objetivo \u00e9 ampliar a cobertura vacinal da popula\u00e7\u00e3o<\/p>\n","protected":false},"author":6,"featured_media":0,"comment_status":"closed","ping_status":"closed","sticky":true,"template":"","format":"standard","meta":{"footnotes":""},"categories":[1],"tags":[],"class_list":["post-3592","post","type-post","status-publish","format-standard","hentry","category-sem-categoria"],"yoast_head":"<!-- This site is optimized with the Yoast SEO plugin v23.8 - https:\/\/yoast.com\/wordpress\/plugins\/seo\/ -->\n<title>Nesta quinta-feira, haver\u00e1 drive-thru de vacina\u00e7\u00e3o contra a gripe - Secretaria de Sa\u00fade<\/title>\n<meta name=\"robots\" content=\"index, follow, max-snippet:-1, max-image-preview:large, max-video-preview:-1\" \/>\n<link rel=\"canonical\" href=\"https:\/\/www.pmpf.rs.gov.br\/secretaria-de-saude\/2023\/06\/01\/nesta-quinta-feira-havera-drive-thru-de-vacinacao-contra-a-gripe\/\" \/>\n<meta property=\"og:locale\" content=\"pt_BR\" \/>\n<meta property=\"og:type\" content=\"article\" \/>\n<meta property=\"og:title\" content=\"Nesta quinta-feira, haver\u00e1 drive-thru de vacina\u00e7\u00e3o contra a gripe - Secretaria de Sa\u00fade\" \/>\n<meta property=\"og:description\" content=\"Movimento ser\u00e1 realizado no Parque da Gare, no trecho em frente a Feira do Produtor, das 13h \u00e0s 17h. O objetivo \u00e9 ampliar a cobertura vacinal da popula\u00e7\u00e3o\" \/>\n<meta property=\"og:url\" content=\"https:\/\/www.pmpf.rs.gov.br\/secretaria-de-saude\/2023\/06\/01\/nesta-quinta-feira-havera-drive-thru-de-vacinacao-contra-a-gripe\/\" \/>\n<meta property=\"og:site_name\" content=\"Secretaria de Sa\u00fade\" \/>\n<meta property=\"article:published_time\" content=\"2023-06-01T14:22:41+00:00\" \/>\n<meta property=\"article:modified_time\" content=\"2023-06-01T14:22:43+00:00\" \/>\n<meta name=\"author\" content=\"andressazorzetto07\" \/>\n<meta name=\"twitter:card\" content=\"summary_large_image\" \/>\n<meta name=\"twitter:label1\" content=\"Escrito por\" \/>\n\t<meta name=\"twitter:data1\" content=\"andressazorzetto07\" \/>\n\t<meta name=\"twitter:label2\" content=\"Est. tempo de leitura\" \/>\n\t<meta name=\"twitter:data2\" content=\"1 minuto\" \/>\n<script type=\"application\/ld+json\" class=\"yoast-schema-graph\">{\"@context\":\"https:\/\/schema.org\",\"@graph\":[{\"@type\":\"WebPage\",\"@id\":\"https:\/\/www.pmpf.rs.gov.br\/secretaria-de-saude\/2023\/06\/01\/nesta-quinta-feira-havera-drive-thru-de-vacinacao-contra-a-gripe\/\",\"url\":\"https:\/\/www.pmpf.rs.gov.br\/secretaria-de-saude\/2023\/06\/01\/nesta-quinta-feira-havera-drive-thru-de-vacinacao-contra-a-gripe\/\",\"name\":\"Nesta quinta-feira, haver\u00e1 drive-thru de vacina\u00e7\u00e3o contra a gripe - Secretaria de Sa\u00fade\",\"isPartOf\":{\"@id\":\"https:\/\/www.pmpf.rs.gov.br\/secretaria-de-saude\/#website\"},\"datePublished\":\"2023-06-01T14:22:41+00:00\",\"dateModified\":\"2023-06-01T14:22:43+00:00\",\"author\":{\"@id\":\"https:\/\/www.pmpf.rs.gov.br\/secretaria-de-saude\/#\/schema\/person\/30ee1d1bd74da1469b01fcf086e43351\"},\"breadcrumb\":{\"@id\":\"https:\/\/www.pmpf.rs.gov.br\/secretaria-de-saude\/2023\/06\/01\/nesta-quinta-feira-havera-drive-thru-de-vacinacao-contra-a-gripe\/#breadcrumb\"},\"inLanguage\":\"pt-BR\",\"potentialAction\":[{\"@type\":\"ReadAction\",\"target\":[\"https:\/\/www.pmpf.rs.gov.br\/secretaria-de-saude\/2023\/06\/01\/nesta-quinta-feira-havera-drive-thru-de-vacinacao-contra-a-gripe\/\"]}]},{\"@type\":\"BreadcrumbList\",\"@id\":\"https:\/\/www.pmpf.rs.gov.br\/secretaria-de-saude\/2023\/06\/01\/nesta-quinta-feira-havera-drive-thru-de-vacinacao-contra-a-gripe\/#breadcrumb\",\"itemListElement\":[{\"@type\":\"ListItem\",\"position\":1,\"name\":\"In\u00edcio\",\"item\":\"https:\/\/www.pmpf.rs.gov.br\/secretaria-de-saude\/\"},{\"@type\":\"ListItem\",\"position\":2,\"name\":\"Nesta quinta-feira, haver\u00e1 drive-thru de vacina\u00e7\u00e3o contra a gripe\"}]},{\"@type\":\"WebSite\",\"@id\":\"https:\/\/www.pmpf.rs.gov.br\/secretaria-de-saude\/#website\",\"url\":\"https:\/\/www.pmpf.rs.gov.br\/secretaria-de-saude\/\",\"name\":\"Secretaria de Sa\u00fade\",\"description\":\"S\u00f3 mais um site Prefeitura de Passo Fundo\",\"potentialAction\":[{\"@type\":\"SearchAction\",\"target\":{\"@type\":\"EntryPoint\",\"urlTemplate\":\"https:\/\/www.pmpf.rs.gov.br\/secretaria-de-saude\/?s={search_term_string}\"},\"query-input\":{\"@type\":\"PropertyValueSpecification\",\"valueRequired\":true,\"valueName\":\"search_term_string\"}}],\"inLanguage\":\"pt-BR\"},{\"@type\":\"Person\",\"@id\":\"https:\/\/www.pmpf.rs.gov.br\/secretaria-de-saude\/#\/schema\/person\/30ee1d1bd74da1469b01fcf086e43351\",\"name\":\"andressazorzetto07\",\"image\":{\"@type\":\"ImageObject\",\"inLanguage\":\"pt-BR\",\"@id\":\"https:\/\/www.pmpf.rs.gov.br\/secretaria-de-saude\/#\/schema\/person\/image\/\",\"url\":\"https:\/\/secure.gravatar.com\/avatar\/14c5458ed79dc81da99a13b9ff5f9f19?s=96&d=mm&r=g\",\"contentUrl\":\"https:\/\/secure.gravatar.com\/avatar\/14c5458ed79dc81da99a13b9ff5f9f19?s=96&d=mm&r=g\",\"caption\":\"andressazorzetto07\"},\"url\":\"https:\/\/www.pmpf.rs.gov.br\/secretaria-de-saude\/author\/andressazorzetto07\/\"}]}<\/script>\n<!-- \/ Yoast SEO plugin. -->","yoast_head_json":{"title":"Nesta quinta-feira, haver\u00e1 drive-thru de vacina\u00e7\u00e3o contra a gripe - Secretaria de Sa\u00fade","robots":{"index":"index","follow":"follow","max-snippet":"max-snippet:-1","max-image-preview":"max-image-preview:large","max-video-preview":"max-video-preview:-1"},"canonical":"https:\/\/www.pmpf.rs.gov.br\/secretaria-de-saude\/2023\/06\/01\/nesta-quinta-feira-havera-drive-thru-de-vacinacao-contra-a-gripe\/","og_locale":"pt_BR","og_type":"article","og_title":"Nesta quinta-feira, haver\u00e1 drive-thru de vacina\u00e7\u00e3o contra a gripe - Secretaria de Sa\u00fade","og_description":"Movimento ser\u00e1 realizado no Parque da Gare, no trecho em frente a Feira do Produtor, das 13h \u00e0s 17h. O objetivo \u00e9 ampliar a cobertura vacinal da popula\u00e7\u00e3o","og_url":"https:\/\/www.pmpf.rs.gov.br\/secretaria-de-saude\/2023\/06\/01\/nesta-quinta-feira-havera-drive-thru-de-vacinacao-contra-a-gripe\/","og_site_name":"Secretaria de Sa\u00fade","article_published_time":"2023-06-01T14:22:41+00:00","article_modified_time":"2023-06-01T14:22:43+00:00","author":"andressazorzetto07","twitter_card":"summary_large_image","twitter_misc":{"Escrito por":"andressazorzetto07","Est. tempo de leitura":"1 minuto"},"schema":{"@context":"https:\/\/schema.org","@graph":[{"@type":"WebPage","@id":"https:\/\/www.pmpf.rs.gov.br\/secretaria-de-saude\/2023\/06\/01\/nesta-quinta-feira-havera-drive-thru-de-vacinacao-contra-a-gripe\/","url":"https:\/\/www.pmpf.rs.gov.br\/secretaria-de-saude\/2023\/06\/01\/nesta-quinta-feira-havera-drive-thru-de-vacinacao-contra-a-gripe\/","name":"Nesta quinta-feira, haver\u00e1 drive-thru de vacina\u00e7\u00e3o contra a gripe - Secretaria de Sa\u00fade","isPartOf":{"@id":"https:\/\/www.pmpf.rs.gov.br\/secretaria-de-saude\/#website"},"datePublished":"2023-06-01T14:22:41+00:00","dateModified":"2023-06-01T14:22:43+00:00","author":{"@id":"https:\/\/www.pmpf.rs.gov.br\/secretaria-de-saude\/#\/schema\/person\/30ee1d1bd74da1469b01fcf086e43351"},"breadcrumb":{"@id":"https:\/\/www.pmpf.rs.gov.br\/secretaria-de-saude\/2023\/06\/01\/nesta-quinta-feira-havera-drive-thru-de-vacinacao-contra-a-gripe\/#breadcrumb"},"inLanguage":"pt-BR","potentialAction":[{"@type":"ReadAction","target":["https:\/\/www.pmpf.rs.gov.br\/secretaria-de-saude\/2023\/06\/01\/nesta-quinta-feira-havera-drive-thru-de-vacinacao-contra-a-gripe\/"]}]},{"@type":"BreadcrumbList","@id":"https:\/\/www.pmpf.rs.gov.br\/secretaria-de-saude\/2023\/06\/01\/nesta-quinta-feira-havera-drive-thru-de-vacinacao-contra-a-gripe\/#breadcrumb","itemListElement":[{"@type":"ListItem","position":1,"name":"In\u00edcio","item":"https:\/\/www.pmpf.rs.gov.br\/secretaria-de-saude\/"},{"@type":"ListItem","position":2,"name":"Nesta quinta-feira, haver\u00e1 drive-thru de vacina\u00e7\u00e3o contra a gripe"}]},{"@type":"WebSite","@id":"https:\/\/www.pmpf.rs.gov.br\/secretaria-de-saude\/#website","url":"https:\/\/www.pmpf.rs.gov.br\/secretaria-de-saude\/","name":"Secretaria de Sa\u00fade","description":"S\u00f3 mais um site Prefeitura de Passo Fundo","potentialAction":[{"@type":"SearchAction","target":{"@type":"EntryPoint","urlTemplate":"https:\/\/www.pmpf.rs.gov.br\/secretaria-de-saude\/?s={search_term_string}"},"query-input":{"@type":"PropertyValueSpecification","valueRequired":true,"valueName":"search_term_string"}}],"inLanguage":"pt-BR"},{"@type":"Person","@id":"https:\/\/www.pmpf.rs.gov.br\/secretaria-de-saude\/#\/schema\/person\/30ee1d1bd74da1469b01fcf086e43351","name":"andressazorzetto07","image":{"@type":"ImageObject","inLanguage":"pt-BR","@id":"https:\/\/www.pmpf.rs.gov.br\/secretaria-de-saude\/#\/schema\/person\/image\/","url":"https:\/\/secure.gravatar.com\/avatar\/14c5458ed79dc81da99a13b9ff5f9f19?s=96&d=mm&r=g","contentUrl":"https:\/\/secure.gravatar.com\/avatar\/14c5458ed79dc81da99a13b9ff5f9f19?s=96&d=mm&r=g","caption":"andressazorzetto07"},"url":"https:\/\/www.pmpf.rs.gov.br\/secretaria-de-saude\/author\/andressazorzetto07\/"}]}},"_links":{"self":[{"href":"https:\/\/www.pmpf.rs.gov.br\/secretaria-de-saude\/wp-json\/wp\/v2\/posts\/3592"}],"collection":[{"href":"https:\/\/www.pmpf.rs.gov.br\/secretaria-de-saude\/wp-json\/wp\/v2\/posts"}],"about":[{"href":"https:\/\/www.pmpf.rs.gov.br\/secretaria-de-saude\/wp-json\/wp\/v2\/types\/post"}],"author":[{"embeddable":true,"href":"https:\/\/www.pmpf.rs.gov.br\/secretaria-de-saude\/wp-json\/wp\/v2\/users\/6"}],"replies":[{"embeddable":true,"href":"https:\/\/www.pmpf.rs.gov.br\/secretaria-de-saude\/wp-json\/wp\/v2\/comments?post=3592"}],"version-history":[{"count":1,"href":"https:\/\/www.pmpf.rs.gov.br\/secretaria-de-saude\/wp-json\/wp\/v2\/posts\/3592\/revisions"}],"predecessor-version":[{"id":3593,"href":"https:\/\/www.pmpf.rs.gov.br\/secretaria-de-saude\/wp-json\/wp\/v2\/posts\/3592\/revisions\/3593"}],"wp:attachment":[{"href":"https:\/\/www.pmpf.rs.gov.br\/secretaria-de-saude\/wp-json\/wp\/v2\/media?parent=3592"}],"wp:term":[{"taxonomy":"category","embeddable":true,"href":"https:\/\/www.pmpf.rs.gov.br\/secretaria-de-saude\/wp-json\/wp\/v2\/categories?post=3592"},{"taxonomy":"post_tag","embeddable":true,"href":"https:\/\/www.pmpf.rs.gov.br\/secretaria-de-saude\/wp-json\/wp\/v2\/tags?post=3592"}],"curies":[{"name":"wp","href":"https:\/\/api.w.org\/{rel}","templated":true}]}}