{"id":3588,"date":"2023-05-26T13:53:21","date_gmt":"2023-05-26T16:53:21","guid":{"rendered":"https:\/\/www.pmpf.rs.gov.br\/secretaria-de-saude\/?p=3588"},"modified":"2023-05-26T13:53:24","modified_gmt":"2023-05-26T16:53:24","slug":"prefeitura-abre-processo-para-a-contratacao-de-medicos-pediatras-e-fonoaudiologos","status":"publish","type":"post","link":"https:\/\/www.pmpf.rs.gov.br\/secretaria-de-saude\/2023\/05\/26\/prefeitura-abre-processo-para-a-contratacao-de-medicos-pediatras-e-fonoaudiologos\/","title":{"rendered":"Prefeitura abre processo para a contrata\u00e7\u00e3o de m\u00e9dicos, pediatras e fonoaudi\u00f3logos"},"content":{"rendered":"\n<p><\/p>\n\n\n\n<p>A Prefeitura de Passo Fundo abriu, nesta semana, um processo seletivo para a contrata\u00e7\u00e3o de m\u00e9dicos generalistas, cl\u00ednicos gerais, especialistas em Sa\u00fade da Fam\u00edlia e Comunidade e pediatras para atendimento na rede p\u00fablica de Sa\u00fade. A partir do mesmo edital, tamb\u00e9m ser\u00e3o contratados fonoaudi\u00f3logos.<\/p>\n\n\n\n<p>Conforme o secret\u00e1rio de Sa\u00fade, Jo\u00e3o Pedro Nunes, n\u00e3o h\u00e1 um n\u00famero determinado de m\u00e9dicos que ser\u00e3o chamados. O quantitativo precisar\u00e1 ser suficiente para o cumprimento de duas mil horas e depender\u00e1 da jornada de trabalho indicada pelos profissionais durante a inscri\u00e7\u00e3o. \u201cPrecisamos suprir estas duas mil horas na rede municipal de Sa\u00fade para o atendimento da popula\u00e7\u00e3o. As escalas e os locais de trabalho ser\u00e3o determinados pela secretaria de acordo com a necessidade. No ato de inscri\u00e7\u00e3o, os profissionais poder\u00e3o definir uma jornada de 10, 20, 30 ou 40 horas por semana\u201d, justificou.<\/p>\n\n\n\n<p>A remunera\u00e7\u00e3o ser\u00e1 de condizente com a carga hor\u00e1ria. Os m\u00e9dicos generalistas, cl\u00ednicos gerais, especialistas em Sa\u00fade da Fam\u00edlia e Comunidade e pediatras que assumir\u00e3o uma jornada de trabalho de 40 horas semanais receber\u00e3o R$ 16.787,67.<\/p>\n\n\n\n<p>J\u00e1 a contrata\u00e7\u00e3o de fonoaudi\u00f3logos dever\u00e1 cumprir uma jornada de at\u00e9 630 horas semanais, distribu\u00eddas em jornadas de trabalho de 35 horas por semana. A remunera\u00e7\u00e3o mensal ser\u00e1 no valor de R$ 5.174,19.<\/p>\n\n\n\n<p>A contrata\u00e7\u00e3o ser\u00e1 a partir de Processo Seletivo P\u00fablico Simplificado com a avalia\u00e7\u00e3o de t\u00edtulos. As inscri\u00e7\u00f5es dever\u00e3o ser realizadas at\u00e9 o dia 31 de maio, exclusivamente, na sede da Secretaria Municipal de Sa\u00fade, na Rua Independ\u00eancia, 185, Centro, com a entrega dos documentos indicados no edital (52\/2023), que pode ser acessado no site da Prefeitura (www.pmpf.rs.gov.br).<\/p>\n","protected":false},"excerpt":{"rendered":"<p>As inscri\u00e7\u00f5es dever\u00e3o ser realizadas at\u00e9 o dia 31 de maio, exclusivamente, na sede da Secretaria Municipal de Sa\u00fade, na Rua Independ\u00eancia, 185, Centro<\/p>\n","protected":false},"author":6,"featured_media":0,"comment_status":"closed","ping_status":"closed","sticky":true,"template":"","format":"standard","meta":{"footnotes":""},"categories":[1],"tags":[],"class_list":["post-3588","post","type-post","status-publish","format-standard","hentry","category-sem-categoria"],"yoast_head":"<!-- This site is optimized with the Yoast SEO plugin v23.8 - https:\/\/yoast.com\/wordpress\/plugins\/seo\/ -->\n<title>Prefeitura abre processo para a contrata\u00e7\u00e3o de m\u00e9dicos, pediatras e fonoaudi\u00f3logos - Secretaria de Sa\u00fade<\/title>\n<meta name=\"robots\" content=\"index, follow, max-snippet:-1, max-image-preview:large, max-video-preview:-1\" \/>\n<link rel=\"canonical\" href=\"https:\/\/www.pmpf.rs.gov.br\/secretaria-de-saude\/2023\/05\/26\/prefeitura-abre-processo-para-a-contratacao-de-medicos-pediatras-e-fonoaudiologos\/\" \/>\n<meta property=\"og:locale\" content=\"pt_BR\" \/>\n<meta property=\"og:type\" content=\"article\" \/>\n<meta property=\"og:title\" content=\"Prefeitura abre processo para a contrata\u00e7\u00e3o de m\u00e9dicos, pediatras e fonoaudi\u00f3logos - Secretaria de Sa\u00fade\" \/>\n<meta property=\"og:description\" content=\"As inscri\u00e7\u00f5es dever\u00e3o ser realizadas at\u00e9 o dia 31 de maio, exclusivamente, na sede da Secretaria Municipal de Sa\u00fade, na Rua Independ\u00eancia, 185, Centro\" \/>\n<meta property=\"og:url\" content=\"https:\/\/www.pmpf.rs.gov.br\/secretaria-de-saude\/2023\/05\/26\/prefeitura-abre-processo-para-a-contratacao-de-medicos-pediatras-e-fonoaudiologos\/\" \/>\n<meta property=\"og:site_name\" content=\"Secretaria de Sa\u00fade\" \/>\n<meta property=\"article:published_time\" content=\"2023-05-26T16:53:21+00:00\" \/>\n<meta property=\"article:modified_time\" content=\"2023-05-26T16:53:24+00:00\" \/>\n<meta name=\"author\" content=\"andressazorzetto07\" \/>\n<meta name=\"twitter:card\" content=\"summary_large_image\" \/>\n<meta name=\"twitter:label1\" content=\"Escrito por\" \/>\n\t<meta name=\"twitter:data1\" content=\"andressazorzetto07\" \/>\n\t<meta name=\"twitter:label2\" content=\"Est. tempo de leitura\" \/>\n\t<meta name=\"twitter:data2\" content=\"1 minuto\" \/>\n<script type=\"application\/ld+json\" class=\"yoast-schema-graph\">{\"@context\":\"https:\/\/schema.org\",\"@graph\":[{\"@type\":\"WebPage\",\"@id\":\"https:\/\/www.pmpf.rs.gov.br\/secretaria-de-saude\/2023\/05\/26\/prefeitura-abre-processo-para-a-contratacao-de-medicos-pediatras-e-fonoaudiologos\/\",\"url\":\"https:\/\/www.pmpf.rs.gov.br\/secretaria-de-saude\/2023\/05\/26\/prefeitura-abre-processo-para-a-contratacao-de-medicos-pediatras-e-fonoaudiologos\/\",\"name\":\"Prefeitura abre processo para a contrata\u00e7\u00e3o de m\u00e9dicos, pediatras e fonoaudi\u00f3logos - Secretaria de Sa\u00fade\",\"isPartOf\":{\"@id\":\"https:\/\/www.pmpf.rs.gov.br\/secretaria-de-saude\/#website\"},\"datePublished\":\"2023-05-26T16:53:21+00:00\",\"dateModified\":\"2023-05-26T16:53:24+00:00\",\"author\":{\"@id\":\"https:\/\/www.pmpf.rs.gov.br\/secretaria-de-saude\/#\/schema\/person\/30ee1d1bd74da1469b01fcf086e43351\"},\"breadcrumb\":{\"@id\":\"https:\/\/www.pmpf.rs.gov.br\/secretaria-de-saude\/2023\/05\/26\/prefeitura-abre-processo-para-a-contratacao-de-medicos-pediatras-e-fonoaudiologos\/#breadcrumb\"},\"inLanguage\":\"pt-BR\",\"potentialAction\":[{\"@type\":\"ReadAction\",\"target\":[\"https:\/\/www.pmpf.rs.gov.br\/secretaria-de-saude\/2023\/05\/26\/prefeitura-abre-processo-para-a-contratacao-de-medicos-pediatras-e-fonoaudiologos\/\"]}]},{\"@type\":\"BreadcrumbList\",\"@id\":\"https:\/\/www.pmpf.rs.gov.br\/secretaria-de-saude\/2023\/05\/26\/prefeitura-abre-processo-para-a-contratacao-de-medicos-pediatras-e-fonoaudiologos\/#breadcrumb\",\"itemListElement\":[{\"@type\":\"ListItem\",\"position\":1,\"name\":\"In\u00edcio\",\"item\":\"https:\/\/www.pmpf.rs.gov.br\/secretaria-de-saude\/\"},{\"@type\":\"ListItem\",\"position\":2,\"name\":\"Prefeitura abre processo para a contrata\u00e7\u00e3o de m\u00e9dicos, pediatras e fonoaudi\u00f3logos\"}]},{\"@type\":\"WebSite\",\"@id\":\"https:\/\/www.pmpf.rs.gov.br\/secretaria-de-saude\/#website\",\"url\":\"https:\/\/www.pmpf.rs.gov.br\/secretaria-de-saude\/\",\"name\":\"Secretaria de Sa\u00fade\",\"description\":\"S\u00f3 mais um site Prefeitura de Passo Fundo\",\"potentialAction\":[{\"@type\":\"SearchAction\",\"target\":{\"@type\":\"EntryPoint\",\"urlTemplate\":\"https:\/\/www.pmpf.rs.gov.br\/secretaria-de-saude\/?s={search_term_string}\"},\"query-input\":{\"@type\":\"PropertyValueSpecification\",\"valueRequired\":true,\"valueName\":\"search_term_string\"}}],\"inLanguage\":\"pt-BR\"},{\"@type\":\"Person\",\"@id\":\"https:\/\/www.pmpf.rs.gov.br\/secretaria-de-saude\/#\/schema\/person\/30ee1d1bd74da1469b01fcf086e43351\",\"name\":\"andressazorzetto07\",\"image\":{\"@type\":\"ImageObject\",\"inLanguage\":\"pt-BR\",\"@id\":\"https:\/\/www.pmpf.rs.gov.br\/secretaria-de-saude\/#\/schema\/person\/image\/\",\"url\":\"https:\/\/secure.gravatar.com\/avatar\/14c5458ed79dc81da99a13b9ff5f9f19?s=96&d=mm&r=g\",\"contentUrl\":\"https:\/\/secure.gravatar.com\/avatar\/14c5458ed79dc81da99a13b9ff5f9f19?s=96&d=mm&r=g\",\"caption\":\"andressazorzetto07\"},\"url\":\"https:\/\/www.pmpf.rs.gov.br\/secretaria-de-saude\/author\/andressazorzetto07\/\"}]}<\/script>\n<!-- \/ Yoast SEO plugin. -->","yoast_head_json":{"title":"Prefeitura abre processo para a contrata\u00e7\u00e3o de m\u00e9dicos, pediatras e fonoaudi\u00f3logos - Secretaria de Sa\u00fade","robots":{"index":"index","follow":"follow","max-snippet":"max-snippet:-1","max-image-preview":"max-image-preview:large","max-video-preview":"max-video-preview:-1"},"canonical":"https:\/\/www.pmpf.rs.gov.br\/secretaria-de-saude\/2023\/05\/26\/prefeitura-abre-processo-para-a-contratacao-de-medicos-pediatras-e-fonoaudiologos\/","og_locale":"pt_BR","og_type":"article","og_title":"Prefeitura abre processo para a contrata\u00e7\u00e3o de m\u00e9dicos, pediatras e fonoaudi\u00f3logos - Secretaria de Sa\u00fade","og_description":"As inscri\u00e7\u00f5es dever\u00e3o ser realizadas at\u00e9 o dia 31 de maio, exclusivamente, na sede da Secretaria Municipal de Sa\u00fade, na Rua Independ\u00eancia, 185, Centro","og_url":"https:\/\/www.pmpf.rs.gov.br\/secretaria-de-saude\/2023\/05\/26\/prefeitura-abre-processo-para-a-contratacao-de-medicos-pediatras-e-fonoaudiologos\/","og_site_name":"Secretaria de Sa\u00fade","article_published_time":"2023-05-26T16:53:21+00:00","article_modified_time":"2023-05-26T16:53:24+00:00","author":"andressazorzetto07","twitter_card":"summary_large_image","twitter_misc":{"Escrito por":"andressazorzetto07","Est. tempo de leitura":"1 minuto"},"schema":{"@context":"https:\/\/schema.org","@graph":[{"@type":"WebPage","@id":"https:\/\/www.pmpf.rs.gov.br\/secretaria-de-saude\/2023\/05\/26\/prefeitura-abre-processo-para-a-contratacao-de-medicos-pediatras-e-fonoaudiologos\/","url":"https:\/\/www.pmpf.rs.gov.br\/secretaria-de-saude\/2023\/05\/26\/prefeitura-abre-processo-para-a-contratacao-de-medicos-pediatras-e-fonoaudiologos\/","name":"Prefeitura abre processo para a contrata\u00e7\u00e3o de m\u00e9dicos, pediatras e fonoaudi\u00f3logos - Secretaria de Sa\u00fade","isPartOf":{"@id":"https:\/\/www.pmpf.rs.gov.br\/secretaria-de-saude\/#website"},"datePublished":"2023-05-26T16:53:21+00:00","dateModified":"2023-05-26T16:53:24+00:00","author":{"@id":"https:\/\/www.pmpf.rs.gov.br\/secretaria-de-saude\/#\/schema\/person\/30ee1d1bd74da1469b01fcf086e43351"},"breadcrumb":{"@id":"https:\/\/www.pmpf.rs.gov.br\/secretaria-de-saude\/2023\/05\/26\/prefeitura-abre-processo-para-a-contratacao-de-medicos-pediatras-e-fonoaudiologos\/#breadcrumb"},"inLanguage":"pt-BR","potentialAction":[{"@type":"ReadAction","target":["https:\/\/www.pmpf.rs.gov.br\/secretaria-de-saude\/2023\/05\/26\/prefeitura-abre-processo-para-a-contratacao-de-medicos-pediatras-e-fonoaudiologos\/"]}]},{"@type":"BreadcrumbList","@id":"https:\/\/www.pmpf.rs.gov.br\/secretaria-de-saude\/2023\/05\/26\/prefeitura-abre-processo-para-a-contratacao-de-medicos-pediatras-e-fonoaudiologos\/#breadcrumb","itemListElement":[{"@type":"ListItem","position":1,"name":"In\u00edcio","item":"https:\/\/www.pmpf.rs.gov.br\/secretaria-de-saude\/"},{"@type":"ListItem","position":2,"name":"Prefeitura abre processo para a contrata\u00e7\u00e3o de m\u00e9dicos, pediatras e fonoaudi\u00f3logos"}]},{"@type":"WebSite","@id":"https:\/\/www.pmpf.rs.gov.br\/secretaria-de-saude\/#website","url":"https:\/\/www.pmpf.rs.gov.br\/secretaria-de-saude\/","name":"Secretaria de Sa\u00fade","description":"S\u00f3 mais um site Prefeitura de Passo Fundo","potentialAction":[{"@type":"SearchAction","target":{"@type":"EntryPoint","urlTemplate":"https:\/\/www.pmpf.rs.gov.br\/secretaria-de-saude\/?s={search_term_string}"},"query-input":{"@type":"PropertyValueSpecification","valueRequired":true,"valueName":"search_term_string"}}],"inLanguage":"pt-BR"},{"@type":"Person","@id":"https:\/\/www.pmpf.rs.gov.br\/secretaria-de-saude\/#\/schema\/person\/30ee1d1bd74da1469b01fcf086e43351","name":"andressazorzetto07","image":{"@type":"ImageObject","inLanguage":"pt-BR","@id":"https:\/\/www.pmpf.rs.gov.br\/secretaria-de-saude\/#\/schema\/person\/image\/","url":"https:\/\/secure.gravatar.com\/avatar\/14c5458ed79dc81da99a13b9ff5f9f19?s=96&d=mm&r=g","contentUrl":"https:\/\/secure.gravatar.com\/avatar\/14c5458ed79dc81da99a13b9ff5f9f19?s=96&d=mm&r=g","caption":"andressazorzetto07"},"url":"https:\/\/www.pmpf.rs.gov.br\/secretaria-de-saude\/author\/andressazorzetto07\/"}]}},"_links":{"self":[{"href":"https:\/\/www.pmpf.rs.gov.br\/secretaria-de-saude\/wp-json\/wp\/v2\/posts\/3588"}],"collection":[{"href":"https:\/\/www.pmpf.rs.gov.br\/secretaria-de-saude\/wp-json\/wp\/v2\/posts"}],"about":[{"href":"https:\/\/www.pmpf.rs.gov.br\/secretaria-de-saude\/wp-json\/wp\/v2\/types\/post"}],"author":[{"embeddable":true,"href":"https:\/\/www.pmpf.rs.gov.br\/secretaria-de-saude\/wp-json\/wp\/v2\/users\/6"}],"replies":[{"embeddable":true,"href":"https:\/\/www.pmpf.rs.gov.br\/secretaria-de-saude\/wp-json\/wp\/v2\/comments?post=3588"}],"version-history":[{"count":1,"href":"https:\/\/www.pmpf.rs.gov.br\/secretaria-de-saude\/wp-json\/wp\/v2\/posts\/3588\/revisions"}],"predecessor-version":[{"id":3589,"href":"https:\/\/www.pmpf.rs.gov.br\/secretaria-de-saude\/wp-json\/wp\/v2\/posts\/3588\/revisions\/3589"}],"wp:attachment":[{"href":"https:\/\/www.pmpf.rs.gov.br\/secretaria-de-saude\/wp-json\/wp\/v2\/media?parent=3588"}],"wp:term":[{"taxonomy":"category","embeddable":true,"href":"https:\/\/www.pmpf.rs.gov.br\/secretaria-de-saude\/wp-json\/wp\/v2\/categories?post=3588"},{"taxonomy":"post_tag","embeddable":true,"href":"https:\/\/www.pmpf.rs.gov.br\/secretaria-de-saude\/wp-json\/wp\/v2\/tags?post=3588"}],"curies":[{"name":"wp","href":"https:\/\/api.w.org\/{rel}","templated":true}]}}