{"id":3567,"date":"2023-04-26T15:42:42","date_gmt":"2023-04-26T18:42:42","guid":{"rendered":"https:\/\/www.pmpf.rs.gov.br\/secretaria-de-saude\/?p=3567"},"modified":"2023-04-26T15:42:44","modified_gmt":"2023-04-26T18:42:44","slug":"dia-d-de-vacinacao-contra-a-gripe-sera-em-6-de-maio","status":"publish","type":"post","link":"https:\/\/www.pmpf.rs.gov.br\/secretaria-de-saude\/2023\/04\/26\/dia-d-de-vacinacao-contra-a-gripe-sera-em-6-de-maio\/","title":{"rendered":"Dia D de vacina\u00e7\u00e3o contra a gripe ser\u00e1 em 6 de maio"},"content":{"rendered":"\n<p><br>O Dia D de vacina\u00e7\u00e3o contra a gripe ser\u00e1 em 6 de maio, num s\u00e1bado. Ser\u00e3o 27 salas de vacina\u00e7\u00e3o abertas das 8h \u00e0s 17h. O objetivo \u00e9 ampliar a cobertura vacinal dos grupos priorit\u00e1rios.<\/p>\n\n\n\n<p>Podem receber o refor\u00e7o anual: crian\u00e7as de 6 meses a menores de 6 anos de idade (5 anos, 11 meses e 29 dias); trabalhadores da Sa\u00fade; idosos com 60 anos ou mais; pessoas com defici\u00eancia; pessoas com comorbidades; gestantes; pu\u00e9rperas; trabalhadores da Educa\u00e7\u00e3o; caminhoneiros; trabalhadores do Transporte Coletivo (motoristas e cobradores); povos ind\u00edgenas; profissionais das For\u00e7as de Seguran\u00e7a e Salvamento; profissionais das For\u00e7as Armadas; adolescentes em medidas socioeducativas; e popula\u00e7\u00e3o privada de liberdade.<\/p>\n\n\n\n<p>De acordo com a coordenadora de Vigil\u00e2ncia em Sa\u00fade, Marisa Zanatta, a meta da Campanha contra a Influenza \u00e9 vacinar 90% destes grupos, que somam 89 mil pessoas em Passo Fundo. \u201c\u00c9 fundamental que as pessoas inclu\u00eddas nestes grupos busquem uma das unidades para atualizar a vacina\u00e7\u00e3o\u201d, afirma.<\/p>\n\n\n\n<p>A popula\u00e7\u00e3o poder\u00e1 se dirigir a uma das salas portando documento de identifica\u00e7\u00e3o com foto, cart\u00e3o SUS ou CPF e um comprovante que comprove o grupo priorit\u00e1rio que se encaixa.<\/p>\n\n\n\n<p>Conforme Marisa, a vacina\u00e7\u00e3o contra a influenza permite, ao longo do respectivo ano, minimizar a carga e prevenir o surgimento de complica\u00e7\u00f5es decorrentes da doen\u00e7a, reduzindo os sintomas nos grupos priorit\u00e1rios e, consequentemente, a sobrecarga sobre os servi\u00e7os de sa\u00fade. \u201cA vacina\u00e7\u00e3o \u00e9 uma das medidas para proteger contra a doen\u00e7a, suas complica\u00e7\u00f5es e \u00f3bitos, al\u00e9m de contribuir com a redu\u00e7\u00e3o da circula\u00e7\u00e3o viral entre a popula\u00e7\u00e3o, especialmente, entre os indiv\u00edduos que apresentam fatores ou condi\u00e7\u00f5es de risco\u201d, pontua.<\/p>\n\n\n\n<p>Seguindo uma Instru\u00e7\u00e3o Normativa (IN) da Ag\u00eancia Nacional de Vigil\u00e2ncia Sanit\u00e1ria (Anvisa), as vacinas influenza trivalentes que ser\u00e3o utilizadas nesta campanha apresentam tr\u00eas tipos de cepas de v\u00edrus em combina\u00e7\u00e3o: Influenza A H1N1, Influenza A H3N2 e Influenza B linhagem Victoria.<\/p>\n\n\n\n<p><strong>Grupos<\/strong><br>&#8211; Crian\u00e7as de 6 meses a menores de 6 anos de idade (5 anos, 11 meses e 29 dias)<br>&#8211; Trabalhadores da Sa\u00fade<br>&#8211; Idosos com 60 anos ou mais<br>&#8211; Pessoas com defici\u00eancia<br>&#8211; Pessoas com comorbidades<br>&#8211; Gestantes<br>&#8211; Pu\u00e9rperas<br>&#8211; Trabalhadores da Educa\u00e7\u00e3o<br>&#8211; Povos ind\u00edgenas<br>&#8211; Caminhoneiros<br>&#8211; Trabalhadores de transporte coletivo (motoristas e cobradores)<br>&#8211; Profissionais das For\u00e7as de Seguran\u00e7a e Salvamento<br>&#8211; Profissionais das For\u00e7as Armadas<br>&#8211; Adolescentes em medidas socioeducativas<br>&#8211; Popula\u00e7\u00e3o privada de liberdade<\/p>\n\n\n\n<p><br><strong>Locais<br><\/strong>&#8211; Central de Vacinas<br>&#8211; Ambulat\u00f3rio de Especialidades<br>&#8211; Cais Petr\u00f3polis<br>&#8211; Cais H\u00edpica<br>&#8211; Cais Boqueir\u00e3o<br>&#8211; Cais Vila Lu\u00edza<br>&#8211; Cais S\u00e3o Crist\u00f3v\u00e3o<br>&#8211; ESF Adriana L\u00edrio<br>&#8211; ESF S\u00e3o Jos\u00e9<br>&#8211; ESF S\u00e3o Luiz Gonzaga<br>&#8211; ESF Adolfo Groth<br>&#8211; ESF Don\u00e1ria \/ Santa Marta<br>&#8211; ESF Mattos<br>&#8211; ESF Nen\u00ea Graeff<br>&#8211; ESF Jer\u00f4nimo Coelho<br>&#8211; ESF Planaltina<br>&#8211; ESF S\u00e3o Crist\u00f3v\u00e3o<br>&#8211; ESF Valinhos<br>&#8211; ESF Ricci<br>&#8211; ESF Zachia<br>&#8211; ESF Adirbal Corralo<br>&#8211; ESF Jaboticabal<br>&#8211; ESF Caic Edu Azambuja<br>&#8211; UBS Parque Farroupilha<br>&#8211; UBS Ivo Ferreira<br>&#8211; UBS Jardim Am\u00e9rica<br>&#8211; UBS Vila Nova \/ Santa Maria<\/p>\n","protected":false},"excerpt":{"rendered":"<p>Unidades de sa\u00fade estar\u00e3o abertas das 8h \u00e0s 17h para a imuniza\u00e7\u00e3o dos grupos priorit\u00e1rios<\/p>\n","protected":false},"author":6,"featured_media":0,"comment_status":"closed","ping_status":"closed","sticky":true,"template":"","format":"standard","meta":{"footnotes":""},"categories":[1],"tags":[],"class_list":["post-3567","post","type-post","status-publish","format-standard","hentry","category-sem-categoria"],"yoast_head":"<!-- This site is optimized with the Yoast SEO plugin v23.8 - https:\/\/yoast.com\/wordpress\/plugins\/seo\/ -->\n<title>Dia D de vacina\u00e7\u00e3o contra a gripe ser\u00e1 em 6 de maio - Secretaria de Sa\u00fade<\/title>\n<meta name=\"robots\" content=\"index, follow, max-snippet:-1, max-image-preview:large, max-video-preview:-1\" \/>\n<link rel=\"canonical\" href=\"https:\/\/www.pmpf.rs.gov.br\/secretaria-de-saude\/2023\/04\/26\/dia-d-de-vacinacao-contra-a-gripe-sera-em-6-de-maio\/\" \/>\n<meta property=\"og:locale\" content=\"pt_BR\" \/>\n<meta property=\"og:type\" content=\"article\" \/>\n<meta property=\"og:title\" content=\"Dia D de vacina\u00e7\u00e3o contra a gripe ser\u00e1 em 6 de maio - Secretaria de Sa\u00fade\" \/>\n<meta property=\"og:description\" content=\"Unidades de sa\u00fade estar\u00e3o abertas das 8h \u00e0s 17h para a imuniza\u00e7\u00e3o dos grupos priorit\u00e1rios\" \/>\n<meta property=\"og:url\" content=\"https:\/\/www.pmpf.rs.gov.br\/secretaria-de-saude\/2023\/04\/26\/dia-d-de-vacinacao-contra-a-gripe-sera-em-6-de-maio\/\" \/>\n<meta property=\"og:site_name\" content=\"Secretaria de Sa\u00fade\" \/>\n<meta property=\"article:published_time\" content=\"2023-04-26T18:42:42+00:00\" \/>\n<meta property=\"article:modified_time\" content=\"2023-04-26T18:42:44+00:00\" \/>\n<meta name=\"author\" content=\"andressazorzetto07\" \/>\n<meta name=\"twitter:card\" content=\"summary_large_image\" \/>\n<meta name=\"twitter:label1\" content=\"Escrito por\" \/>\n\t<meta name=\"twitter:data1\" content=\"andressazorzetto07\" \/>\n\t<meta name=\"twitter:label2\" content=\"Est. tempo de leitura\" \/>\n\t<meta name=\"twitter:data2\" content=\"3 minutos\" \/>\n<script type=\"application\/ld+json\" class=\"yoast-schema-graph\">{\"@context\":\"https:\/\/schema.org\",\"@graph\":[{\"@type\":\"WebPage\",\"@id\":\"https:\/\/www.pmpf.rs.gov.br\/secretaria-de-saude\/2023\/04\/26\/dia-d-de-vacinacao-contra-a-gripe-sera-em-6-de-maio\/\",\"url\":\"https:\/\/www.pmpf.rs.gov.br\/secretaria-de-saude\/2023\/04\/26\/dia-d-de-vacinacao-contra-a-gripe-sera-em-6-de-maio\/\",\"name\":\"Dia D de vacina\u00e7\u00e3o contra a gripe ser\u00e1 em 6 de maio - Secretaria de Sa\u00fade\",\"isPartOf\":{\"@id\":\"https:\/\/www.pmpf.rs.gov.br\/secretaria-de-saude\/#website\"},\"datePublished\":\"2023-04-26T18:42:42+00:00\",\"dateModified\":\"2023-04-26T18:42:44+00:00\",\"author\":{\"@id\":\"https:\/\/www.pmpf.rs.gov.br\/secretaria-de-saude\/#\/schema\/person\/30ee1d1bd74da1469b01fcf086e43351\"},\"breadcrumb\":{\"@id\":\"https:\/\/www.pmpf.rs.gov.br\/secretaria-de-saude\/2023\/04\/26\/dia-d-de-vacinacao-contra-a-gripe-sera-em-6-de-maio\/#breadcrumb\"},\"inLanguage\":\"pt-BR\",\"potentialAction\":[{\"@type\":\"ReadAction\",\"target\":[\"https:\/\/www.pmpf.rs.gov.br\/secretaria-de-saude\/2023\/04\/26\/dia-d-de-vacinacao-contra-a-gripe-sera-em-6-de-maio\/\"]}]},{\"@type\":\"BreadcrumbList\",\"@id\":\"https:\/\/www.pmpf.rs.gov.br\/secretaria-de-saude\/2023\/04\/26\/dia-d-de-vacinacao-contra-a-gripe-sera-em-6-de-maio\/#breadcrumb\",\"itemListElement\":[{\"@type\":\"ListItem\",\"position\":1,\"name\":\"In\u00edcio\",\"item\":\"https:\/\/www.pmpf.rs.gov.br\/secretaria-de-saude\/\"},{\"@type\":\"ListItem\",\"position\":2,\"name\":\"Dia D de vacina\u00e7\u00e3o contra a gripe ser\u00e1 em 6 de maio\"}]},{\"@type\":\"WebSite\",\"@id\":\"https:\/\/www.pmpf.rs.gov.br\/secretaria-de-saude\/#website\",\"url\":\"https:\/\/www.pmpf.rs.gov.br\/secretaria-de-saude\/\",\"name\":\"Secretaria de Sa\u00fade\",\"description\":\"S\u00f3 mais um site Prefeitura de Passo Fundo\",\"potentialAction\":[{\"@type\":\"SearchAction\",\"target\":{\"@type\":\"EntryPoint\",\"urlTemplate\":\"https:\/\/www.pmpf.rs.gov.br\/secretaria-de-saude\/?s={search_term_string}\"},\"query-input\":{\"@type\":\"PropertyValueSpecification\",\"valueRequired\":true,\"valueName\":\"search_term_string\"}}],\"inLanguage\":\"pt-BR\"},{\"@type\":\"Person\",\"@id\":\"https:\/\/www.pmpf.rs.gov.br\/secretaria-de-saude\/#\/schema\/person\/30ee1d1bd74da1469b01fcf086e43351\",\"name\":\"andressazorzetto07\",\"image\":{\"@type\":\"ImageObject\",\"inLanguage\":\"pt-BR\",\"@id\":\"https:\/\/www.pmpf.rs.gov.br\/secretaria-de-saude\/#\/schema\/person\/image\/\",\"url\":\"https:\/\/secure.gravatar.com\/avatar\/14c5458ed79dc81da99a13b9ff5f9f19?s=96&d=mm&r=g\",\"contentUrl\":\"https:\/\/secure.gravatar.com\/avatar\/14c5458ed79dc81da99a13b9ff5f9f19?s=96&d=mm&r=g\",\"caption\":\"andressazorzetto07\"},\"url\":\"https:\/\/www.pmpf.rs.gov.br\/secretaria-de-saude\/author\/andressazorzetto07\/\"}]}<\/script>\n<!-- \/ Yoast SEO plugin. -->","yoast_head_json":{"title":"Dia D de vacina\u00e7\u00e3o contra a gripe ser\u00e1 em 6 de maio - Secretaria de Sa\u00fade","robots":{"index":"index","follow":"follow","max-snippet":"max-snippet:-1","max-image-preview":"max-image-preview:large","max-video-preview":"max-video-preview:-1"},"canonical":"https:\/\/www.pmpf.rs.gov.br\/secretaria-de-saude\/2023\/04\/26\/dia-d-de-vacinacao-contra-a-gripe-sera-em-6-de-maio\/","og_locale":"pt_BR","og_type":"article","og_title":"Dia D de vacina\u00e7\u00e3o contra a gripe ser\u00e1 em 6 de maio - Secretaria de Sa\u00fade","og_description":"Unidades de sa\u00fade estar\u00e3o abertas das 8h \u00e0s 17h para a imuniza\u00e7\u00e3o dos grupos priorit\u00e1rios","og_url":"https:\/\/www.pmpf.rs.gov.br\/secretaria-de-saude\/2023\/04\/26\/dia-d-de-vacinacao-contra-a-gripe-sera-em-6-de-maio\/","og_site_name":"Secretaria de Sa\u00fade","article_published_time":"2023-04-26T18:42:42+00:00","article_modified_time":"2023-04-26T18:42:44+00:00","author":"andressazorzetto07","twitter_card":"summary_large_image","twitter_misc":{"Escrito por":"andressazorzetto07","Est. tempo de leitura":"3 minutos"},"schema":{"@context":"https:\/\/schema.org","@graph":[{"@type":"WebPage","@id":"https:\/\/www.pmpf.rs.gov.br\/secretaria-de-saude\/2023\/04\/26\/dia-d-de-vacinacao-contra-a-gripe-sera-em-6-de-maio\/","url":"https:\/\/www.pmpf.rs.gov.br\/secretaria-de-saude\/2023\/04\/26\/dia-d-de-vacinacao-contra-a-gripe-sera-em-6-de-maio\/","name":"Dia D de vacina\u00e7\u00e3o contra a gripe ser\u00e1 em 6 de maio - Secretaria de Sa\u00fade","isPartOf":{"@id":"https:\/\/www.pmpf.rs.gov.br\/secretaria-de-saude\/#website"},"datePublished":"2023-04-26T18:42:42+00:00","dateModified":"2023-04-26T18:42:44+00:00","author":{"@id":"https:\/\/www.pmpf.rs.gov.br\/secretaria-de-saude\/#\/schema\/person\/30ee1d1bd74da1469b01fcf086e43351"},"breadcrumb":{"@id":"https:\/\/www.pmpf.rs.gov.br\/secretaria-de-saude\/2023\/04\/26\/dia-d-de-vacinacao-contra-a-gripe-sera-em-6-de-maio\/#breadcrumb"},"inLanguage":"pt-BR","potentialAction":[{"@type":"ReadAction","target":["https:\/\/www.pmpf.rs.gov.br\/secretaria-de-saude\/2023\/04\/26\/dia-d-de-vacinacao-contra-a-gripe-sera-em-6-de-maio\/"]}]},{"@type":"BreadcrumbList","@id":"https:\/\/www.pmpf.rs.gov.br\/secretaria-de-saude\/2023\/04\/26\/dia-d-de-vacinacao-contra-a-gripe-sera-em-6-de-maio\/#breadcrumb","itemListElement":[{"@type":"ListItem","position":1,"name":"In\u00edcio","item":"https:\/\/www.pmpf.rs.gov.br\/secretaria-de-saude\/"},{"@type":"ListItem","position":2,"name":"Dia D de vacina\u00e7\u00e3o contra a gripe ser\u00e1 em 6 de maio"}]},{"@type":"WebSite","@id":"https:\/\/www.pmpf.rs.gov.br\/secretaria-de-saude\/#website","url":"https:\/\/www.pmpf.rs.gov.br\/secretaria-de-saude\/","name":"Secretaria de Sa\u00fade","description":"S\u00f3 mais um site Prefeitura de Passo Fundo","potentialAction":[{"@type":"SearchAction","target":{"@type":"EntryPoint","urlTemplate":"https:\/\/www.pmpf.rs.gov.br\/secretaria-de-saude\/?s={search_term_string}"},"query-input":{"@type":"PropertyValueSpecification","valueRequired":true,"valueName":"search_term_string"}}],"inLanguage":"pt-BR"},{"@type":"Person","@id":"https:\/\/www.pmpf.rs.gov.br\/secretaria-de-saude\/#\/schema\/person\/30ee1d1bd74da1469b01fcf086e43351","name":"andressazorzetto07","image":{"@type":"ImageObject","inLanguage":"pt-BR","@id":"https:\/\/www.pmpf.rs.gov.br\/secretaria-de-saude\/#\/schema\/person\/image\/","url":"https:\/\/secure.gravatar.com\/avatar\/14c5458ed79dc81da99a13b9ff5f9f19?s=96&d=mm&r=g","contentUrl":"https:\/\/secure.gravatar.com\/avatar\/14c5458ed79dc81da99a13b9ff5f9f19?s=96&d=mm&r=g","caption":"andressazorzetto07"},"url":"https:\/\/www.pmpf.rs.gov.br\/secretaria-de-saude\/author\/andressazorzetto07\/"}]}},"_links":{"self":[{"href":"https:\/\/www.pmpf.rs.gov.br\/secretaria-de-saude\/wp-json\/wp\/v2\/posts\/3567"}],"collection":[{"href":"https:\/\/www.pmpf.rs.gov.br\/secretaria-de-saude\/wp-json\/wp\/v2\/posts"}],"about":[{"href":"https:\/\/www.pmpf.rs.gov.br\/secretaria-de-saude\/wp-json\/wp\/v2\/types\/post"}],"author":[{"embeddable":true,"href":"https:\/\/www.pmpf.rs.gov.br\/secretaria-de-saude\/wp-json\/wp\/v2\/users\/6"}],"replies":[{"embeddable":true,"href":"https:\/\/www.pmpf.rs.gov.br\/secretaria-de-saude\/wp-json\/wp\/v2\/comments?post=3567"}],"version-history":[{"count":1,"href":"https:\/\/www.pmpf.rs.gov.br\/secretaria-de-saude\/wp-json\/wp\/v2\/posts\/3567\/revisions"}],"predecessor-version":[{"id":3568,"href":"https:\/\/www.pmpf.rs.gov.br\/secretaria-de-saude\/wp-json\/wp\/v2\/posts\/3567\/revisions\/3568"}],"wp:attachment":[{"href":"https:\/\/www.pmpf.rs.gov.br\/secretaria-de-saude\/wp-json\/wp\/v2\/media?parent=3567"}],"wp:term":[{"taxonomy":"category","embeddable":true,"href":"https:\/\/www.pmpf.rs.gov.br\/secretaria-de-saude\/wp-json\/wp\/v2\/categories?post=3567"},{"taxonomy":"post_tag","embeddable":true,"href":"https:\/\/www.pmpf.rs.gov.br\/secretaria-de-saude\/wp-json\/wp\/v2\/tags?post=3567"}],"curies":[{"name":"wp","href":"https:\/\/api.w.org\/{rel}","templated":true}]}}