{"id":3562,"date":"2023-04-25T10:00:14","date_gmt":"2023-04-25T13:00:14","guid":{"rendered":"https:\/\/www.pmpf.rs.gov.br\/secretaria-de-saude\/?p=3562"},"modified":"2023-04-25T10:00:16","modified_gmt":"2023-04-25T13:00:16","slug":"prefeitura-intensifica-medidas-de-combate-a-dengue","status":"publish","type":"post","link":"https:\/\/www.pmpf.rs.gov.br\/secretaria-de-saude\/2023\/04\/25\/prefeitura-intensifica-medidas-de-combate-a-dengue\/","title":{"rendered":"Prefeitura intensifica medidas de combate \u00e0 dengue"},"content":{"rendered":"\n<p><\/p>\n\n\n\n<p>A Prefeitura de Passo Fundo intensificou o combate \u00e0 dengue com uma s\u00e9rie de medidas de preven\u00e7\u00e3o que buscam, sobretudo, a elimina\u00e7\u00e3o de poss\u00edveis criadouros e a conscientiza\u00e7\u00e3o da popula\u00e7\u00e3o. O munic\u00edpio registra aproximadamente 300 casos positivos da doen\u00e7a.<\/p>\n\n\n\n<p>Conforme o secret\u00e1rio de Sa\u00fade, Jo\u00e3o Pedro Nunes, s\u00e3o v\u00e1rias frentes de trabalho, como a\u00e7\u00f5es de bloqueio com inseticida em \u00e1reas com pessoas infectadas, disponibiliza\u00e7\u00e3o de recursos para que a comunidade fa\u00e7a o descarte correto de res\u00edduos e campanhas informativas, al\u00e9m do trabalho di\u00e1rio realizado pelos agentes de endemias. \u201cO combate \u00e0 dengue \u00e9 feito h\u00e1 bastante tempo na cidade e foi refor\u00e7ado devido ao aumento de casos que est\u00e1 acontecendo no pa\u00eds e tamb\u00e9m ocorre em Passo Fundo. Pedimos a colabora\u00e7\u00e3o das pessoas para que sigam as orienta\u00e7\u00f5es e fa\u00e7am a limpeza de suas casas, evitando \u00e1gua parada\u201d, afirma.<\/p>\n\n\n\n<p><strong>Limpeza e conscientiza\u00e7\u00e3o<br><\/strong>Ao longo de todo o ano de 2022, foram registrados 41 casos de dengue na cidade. O grande n\u00famero de confirma\u00e7\u00f5es no primeiro quadrimestre de 2023 tem como principal raz\u00e3o o relaxamento das medidas de preven\u00e7\u00e3o.<\/p>\n\n\n\n<p>Conforme a chefe do n\u00facleo de Vigil\u00e2ncia Ambiental, \u00e9 importante que a comunidade participe efetivamente do combate ao Aedes aegypti. \u201cPrecisamos trabalhar para mudar o comportamento das pessoas em rela\u00e7\u00e3o \u00e0 \u00e1gua parada e ao descarte de lixo. Se cada um fizer a sua parte, conseguiremos mudar o cen\u00e1rio do munic\u00edpio e frear a eleva\u00e7\u00e3o dos casos. A popula\u00e7\u00e3o deve ajudar estabelecendo o h\u00e1bito de verificar o p\u00e1tio das casas e acabando com a \u00e1gua parada. Virar os pratinhos de plantas, manter a limpeza de piscinas, as caixas de \u00e1gua tampadas e eliminar os objetos que estejam acumulando \u00e1gua s\u00e3o a\u00e7\u00f5es simples e necess\u00e1rias\u201d, considera Iv\u00e2nia.<\/p>\n\n\n\n<p>A Prefeitura est\u00e1 realizando campanhas informativas com orienta\u00e7\u00f5es para a popula\u00e7\u00e3o. Ainda, disponibilizando cont\u00eaineres em pontos espec\u00edficos da cidade para que os moradores possam fazer o descarte adequado de res\u00edduos, evitando o ac\u00famulo de lixo nos p\u00e1tios.<\/p>\n\n\n\n<p><\/p>\n\n\n\n<p><strong>Pulveriza\u00e7\u00e3o<br><\/strong>A Prefeitura tamb\u00e9m est\u00e1 trabalhando no bloqueio do mosquito com a pulveriza\u00e7\u00e3o em \u00e1reas que tiveram casos confirmados, como nos bairros Lucas Ara\u00fajo, Vila Lu\u00edza, Petr\u00f3polis e Annes. O supervisor dos agentes de endemias, Bruno Dias, explica que essa \u00e9 uma estrat\u00e9gia imediata quando se torna necess\u00e1rio o combate ao vetor na forma adulta. \u201cRealizamos essa a\u00e7\u00e3o para bloquear os mosquitos adultos com um equipamento de pulveriza\u00e7\u00e3o e com a utiliza\u00e7\u00e3o de inseticida na resid\u00eancia dos moradores que tiveram a doen\u00e7a confirmada, nas casas ao lado e num raio que compreende o quarteir\u00e3o e na frente dos outros quarteir\u00f5es\u201d, afirma, enfatizando que o produto \u00e9 seguro para as pessoas e para os animais dom\u00e9sticos.<\/p>\n\n\n\n<p><\/p>\n\n\n\n<p><strong>Onde procurar atendimento<br><\/strong>A dengue provoca sintomas como febre, dores de cabe\u00e7a e no corpo, mal-estar, dor no fundo dos olhos e manchas avermelhadas na pele. \u00c9 uma doen\u00e7a que pode matar e, portanto, exige a aten\u00e7\u00e3o de toda a popula\u00e7\u00e3o.<\/p>\n\n\n\n<p>Pessoas com suspeita e sinais cl\u00ednicos da doen\u00e7a devem buscar atendimento nas unidades de sa\u00fade. Casos graves s\u00e3o atendidos no Hospital Municipal, Hospital de Cl\u00ednicas e Hospital S\u00e3o Vicente de Paulo.<\/p>\n","protected":false},"excerpt":{"rendered":"<p>Com aproximadamente 300 casos confirmados da doen\u00e7a, Munic\u00edpio pede a colabora\u00e7\u00e3o da comunidade para a limpeza das resid\u00eancias e a elimina\u00e7\u00e3o de criadouros do mosquito Aedes aegypti<\/p>\n","protected":false},"author":6,"featured_media":3563,"comment_status":"closed","ping_status":"closed","sticky":true,"template":"","format":"standard","meta":{"footnotes":""},"categories":[1],"tags":[],"class_list":["post-3562","post","type-post","status-publish","format-standard","has-post-thumbnail","hentry","category-sem-categoria"],"yoast_head":"<!-- This site is optimized with the Yoast SEO plugin v23.8 - https:\/\/yoast.com\/wordpress\/plugins\/seo\/ -->\n<title>Prefeitura intensifica medidas de combate \u00e0 dengue - Secretaria de Sa\u00fade<\/title>\n<meta name=\"robots\" content=\"index, follow, max-snippet:-1, max-image-preview:large, max-video-preview:-1\" \/>\n<link rel=\"canonical\" href=\"https:\/\/www.pmpf.rs.gov.br\/secretaria-de-saude\/2023\/04\/25\/prefeitura-intensifica-medidas-de-combate-a-dengue\/\" \/>\n<meta property=\"og:locale\" content=\"pt_BR\" \/>\n<meta property=\"og:type\" content=\"article\" \/>\n<meta property=\"og:title\" content=\"Prefeitura intensifica medidas de combate \u00e0 dengue - Secretaria de Sa\u00fade\" \/>\n<meta property=\"og:description\" content=\"Com aproximadamente 300 casos confirmados da doen\u00e7a, Munic\u00edpio pede a colabora\u00e7\u00e3o da comunidade para a limpeza das resid\u00eancias e a elimina\u00e7\u00e3o de criadouros do mosquito Aedes aegypti\" \/>\n<meta property=\"og:url\" content=\"https:\/\/www.pmpf.rs.gov.br\/secretaria-de-saude\/2023\/04\/25\/prefeitura-intensifica-medidas-de-combate-a-dengue\/\" \/>\n<meta property=\"og:site_name\" content=\"Secretaria de Sa\u00fade\" \/>\n<meta property=\"article:published_time\" content=\"2023-04-25T13:00:14+00:00\" \/>\n<meta property=\"article:modified_time\" content=\"2023-04-25T13:00:16+00:00\" \/>\n<meta name=\"author\" content=\"andressazorzetto07\" \/>\n<meta name=\"twitter:card\" content=\"summary_large_image\" \/>\n<meta name=\"twitter:label1\" content=\"Escrito por\" \/>\n\t<meta name=\"twitter:data1\" content=\"andressazorzetto07\" \/>\n\t<meta name=\"twitter:label2\" content=\"Est. tempo de leitura\" \/>\n\t<meta name=\"twitter:data2\" content=\"3 minutos\" \/>\n<script type=\"application\/ld+json\" class=\"yoast-schema-graph\">{\"@context\":\"https:\/\/schema.org\",\"@graph\":[{\"@type\":\"WebPage\",\"@id\":\"https:\/\/www.pmpf.rs.gov.br\/secretaria-de-saude\/2023\/04\/25\/prefeitura-intensifica-medidas-de-combate-a-dengue\/\",\"url\":\"https:\/\/www.pmpf.rs.gov.br\/secretaria-de-saude\/2023\/04\/25\/prefeitura-intensifica-medidas-de-combate-a-dengue\/\",\"name\":\"Prefeitura intensifica medidas de combate \u00e0 dengue - Secretaria de Sa\u00fade\",\"isPartOf\":{\"@id\":\"https:\/\/www.pmpf.rs.gov.br\/secretaria-de-saude\/#website\"},\"primaryImageOfPage\":{\"@id\":\"https:\/\/www.pmpf.rs.gov.br\/secretaria-de-saude\/2023\/04\/25\/prefeitura-intensifica-medidas-de-combate-a-dengue\/#primaryimage\"},\"image\":{\"@id\":\"https:\/\/www.pmpf.rs.gov.br\/secretaria-de-saude\/2023\/04\/25\/prefeitura-intensifica-medidas-de-combate-a-dengue\/#primaryimage\"},\"thumbnailUrl\":\"https:\/\/www.pmpf.rs.gov.br\/secretaria-de-saude\/wp-content\/uploads\/sites\/50\/2023\/04\/MSF07486-scaled.jpg\",\"datePublished\":\"2023-04-25T13:00:14+00:00\",\"dateModified\":\"2023-04-25T13:00:16+00:00\",\"author\":{\"@id\":\"https:\/\/www.pmpf.rs.gov.br\/secretaria-de-saude\/#\/schema\/person\/30ee1d1bd74da1469b01fcf086e43351\"},\"breadcrumb\":{\"@id\":\"https:\/\/www.pmpf.rs.gov.br\/secretaria-de-saude\/2023\/04\/25\/prefeitura-intensifica-medidas-de-combate-a-dengue\/#breadcrumb\"},\"inLanguage\":\"pt-BR\",\"potentialAction\":[{\"@type\":\"ReadAction\",\"target\":[\"https:\/\/www.pmpf.rs.gov.br\/secretaria-de-saude\/2023\/04\/25\/prefeitura-intensifica-medidas-de-combate-a-dengue\/\"]}]},{\"@type\":\"ImageObject\",\"inLanguage\":\"pt-BR\",\"@id\":\"https:\/\/www.pmpf.rs.gov.br\/secretaria-de-saude\/2023\/04\/25\/prefeitura-intensifica-medidas-de-combate-a-dengue\/#primaryimage\",\"url\":\"https:\/\/www.pmpf.rs.gov.br\/secretaria-de-saude\/wp-content\/uploads\/sites\/50\/2023\/04\/MSF07486-scaled.jpg\",\"contentUrl\":\"https:\/\/www.pmpf.rs.gov.br\/secretaria-de-saude\/wp-content\/uploads\/sites\/50\/2023\/04\/MSF07486-scaled.jpg\",\"width\":2560,\"height\":1707},{\"@type\":\"BreadcrumbList\",\"@id\":\"https:\/\/www.pmpf.rs.gov.br\/secretaria-de-saude\/2023\/04\/25\/prefeitura-intensifica-medidas-de-combate-a-dengue\/#breadcrumb\",\"itemListElement\":[{\"@type\":\"ListItem\",\"position\":1,\"name\":\"In\u00edcio\",\"item\":\"https:\/\/www.pmpf.rs.gov.br\/secretaria-de-saude\/\"},{\"@type\":\"ListItem\",\"position\":2,\"name\":\"Prefeitura intensifica medidas de combate \u00e0 dengue\"}]},{\"@type\":\"WebSite\",\"@id\":\"https:\/\/www.pmpf.rs.gov.br\/secretaria-de-saude\/#website\",\"url\":\"https:\/\/www.pmpf.rs.gov.br\/secretaria-de-saude\/\",\"name\":\"Secretaria de Sa\u00fade\",\"description\":\"S\u00f3 mais um site Prefeitura de Passo Fundo\",\"potentialAction\":[{\"@type\":\"SearchAction\",\"target\":{\"@type\":\"EntryPoint\",\"urlTemplate\":\"https:\/\/www.pmpf.rs.gov.br\/secretaria-de-saude\/?s={search_term_string}\"},\"query-input\":{\"@type\":\"PropertyValueSpecification\",\"valueRequired\":true,\"valueName\":\"search_term_string\"}}],\"inLanguage\":\"pt-BR\"},{\"@type\":\"Person\",\"@id\":\"https:\/\/www.pmpf.rs.gov.br\/secretaria-de-saude\/#\/schema\/person\/30ee1d1bd74da1469b01fcf086e43351\",\"name\":\"andressazorzetto07\",\"image\":{\"@type\":\"ImageObject\",\"inLanguage\":\"pt-BR\",\"@id\":\"https:\/\/www.pmpf.rs.gov.br\/secretaria-de-saude\/#\/schema\/person\/image\/\",\"url\":\"https:\/\/secure.gravatar.com\/avatar\/14c5458ed79dc81da99a13b9ff5f9f19?s=96&d=mm&r=g\",\"contentUrl\":\"https:\/\/secure.gravatar.com\/avatar\/14c5458ed79dc81da99a13b9ff5f9f19?s=96&d=mm&r=g\",\"caption\":\"andressazorzetto07\"},\"url\":\"https:\/\/www.pmpf.rs.gov.br\/secretaria-de-saude\/author\/andressazorzetto07\/\"}]}<\/script>\n<!-- \/ Yoast SEO plugin. -->","yoast_head_json":{"title":"Prefeitura intensifica medidas de combate \u00e0 dengue - Secretaria de Sa\u00fade","robots":{"index":"index","follow":"follow","max-snippet":"max-snippet:-1","max-image-preview":"max-image-preview:large","max-video-preview":"max-video-preview:-1"},"canonical":"https:\/\/www.pmpf.rs.gov.br\/secretaria-de-saude\/2023\/04\/25\/prefeitura-intensifica-medidas-de-combate-a-dengue\/","og_locale":"pt_BR","og_type":"article","og_title":"Prefeitura intensifica medidas de combate \u00e0 dengue - Secretaria de Sa\u00fade","og_description":"Com aproximadamente 300 casos confirmados da doen\u00e7a, Munic\u00edpio pede a colabora\u00e7\u00e3o da comunidade para a limpeza das resid\u00eancias e a elimina\u00e7\u00e3o de criadouros do mosquito Aedes aegypti","og_url":"https:\/\/www.pmpf.rs.gov.br\/secretaria-de-saude\/2023\/04\/25\/prefeitura-intensifica-medidas-de-combate-a-dengue\/","og_site_name":"Secretaria de Sa\u00fade","article_published_time":"2023-04-25T13:00:14+00:00","article_modified_time":"2023-04-25T13:00:16+00:00","author":"andressazorzetto07","twitter_card":"summary_large_image","twitter_misc":{"Escrito por":"andressazorzetto07","Est. tempo de leitura":"3 minutos"},"schema":{"@context":"https:\/\/schema.org","@graph":[{"@type":"WebPage","@id":"https:\/\/www.pmpf.rs.gov.br\/secretaria-de-saude\/2023\/04\/25\/prefeitura-intensifica-medidas-de-combate-a-dengue\/","url":"https:\/\/www.pmpf.rs.gov.br\/secretaria-de-saude\/2023\/04\/25\/prefeitura-intensifica-medidas-de-combate-a-dengue\/","name":"Prefeitura intensifica medidas de combate \u00e0 dengue - Secretaria de Sa\u00fade","isPartOf":{"@id":"https:\/\/www.pmpf.rs.gov.br\/secretaria-de-saude\/#website"},"primaryImageOfPage":{"@id":"https:\/\/www.pmpf.rs.gov.br\/secretaria-de-saude\/2023\/04\/25\/prefeitura-intensifica-medidas-de-combate-a-dengue\/#primaryimage"},"image":{"@id":"https:\/\/www.pmpf.rs.gov.br\/secretaria-de-saude\/2023\/04\/25\/prefeitura-intensifica-medidas-de-combate-a-dengue\/#primaryimage"},"thumbnailUrl":"https:\/\/www.pmpf.rs.gov.br\/secretaria-de-saude\/wp-content\/uploads\/sites\/50\/2023\/04\/MSF07486-scaled.jpg","datePublished":"2023-04-25T13:00:14+00:00","dateModified":"2023-04-25T13:00:16+00:00","author":{"@id":"https:\/\/www.pmpf.rs.gov.br\/secretaria-de-saude\/#\/schema\/person\/30ee1d1bd74da1469b01fcf086e43351"},"breadcrumb":{"@id":"https:\/\/www.pmpf.rs.gov.br\/secretaria-de-saude\/2023\/04\/25\/prefeitura-intensifica-medidas-de-combate-a-dengue\/#breadcrumb"},"inLanguage":"pt-BR","potentialAction":[{"@type":"ReadAction","target":["https:\/\/www.pmpf.rs.gov.br\/secretaria-de-saude\/2023\/04\/25\/prefeitura-intensifica-medidas-de-combate-a-dengue\/"]}]},{"@type":"ImageObject","inLanguage":"pt-BR","@id":"https:\/\/www.pmpf.rs.gov.br\/secretaria-de-saude\/2023\/04\/25\/prefeitura-intensifica-medidas-de-combate-a-dengue\/#primaryimage","url":"https:\/\/www.pmpf.rs.gov.br\/secretaria-de-saude\/wp-content\/uploads\/sites\/50\/2023\/04\/MSF07486-scaled.jpg","contentUrl":"https:\/\/www.pmpf.rs.gov.br\/secretaria-de-saude\/wp-content\/uploads\/sites\/50\/2023\/04\/MSF07486-scaled.jpg","width":2560,"height":1707},{"@type":"BreadcrumbList","@id":"https:\/\/www.pmpf.rs.gov.br\/secretaria-de-saude\/2023\/04\/25\/prefeitura-intensifica-medidas-de-combate-a-dengue\/#breadcrumb","itemListElement":[{"@type":"ListItem","position":1,"name":"In\u00edcio","item":"https:\/\/www.pmpf.rs.gov.br\/secretaria-de-saude\/"},{"@type":"ListItem","position":2,"name":"Prefeitura intensifica medidas de combate \u00e0 dengue"}]},{"@type":"WebSite","@id":"https:\/\/www.pmpf.rs.gov.br\/secretaria-de-saude\/#website","url":"https:\/\/www.pmpf.rs.gov.br\/secretaria-de-saude\/","name":"Secretaria de Sa\u00fade","description":"S\u00f3 mais um site Prefeitura de Passo Fundo","potentialAction":[{"@type":"SearchAction","target":{"@type":"EntryPoint","urlTemplate":"https:\/\/www.pmpf.rs.gov.br\/secretaria-de-saude\/?s={search_term_string}"},"query-input":{"@type":"PropertyValueSpecification","valueRequired":true,"valueName":"search_term_string"}}],"inLanguage":"pt-BR"},{"@type":"Person","@id":"https:\/\/www.pmpf.rs.gov.br\/secretaria-de-saude\/#\/schema\/person\/30ee1d1bd74da1469b01fcf086e43351","name":"andressazorzetto07","image":{"@type":"ImageObject","inLanguage":"pt-BR","@id":"https:\/\/www.pmpf.rs.gov.br\/secretaria-de-saude\/#\/schema\/person\/image\/","url":"https:\/\/secure.gravatar.com\/avatar\/14c5458ed79dc81da99a13b9ff5f9f19?s=96&d=mm&r=g","contentUrl":"https:\/\/secure.gravatar.com\/avatar\/14c5458ed79dc81da99a13b9ff5f9f19?s=96&d=mm&r=g","caption":"andressazorzetto07"},"url":"https:\/\/www.pmpf.rs.gov.br\/secretaria-de-saude\/author\/andressazorzetto07\/"}]}},"_links":{"self":[{"href":"https:\/\/www.pmpf.rs.gov.br\/secretaria-de-saude\/wp-json\/wp\/v2\/posts\/3562"}],"collection":[{"href":"https:\/\/www.pmpf.rs.gov.br\/secretaria-de-saude\/wp-json\/wp\/v2\/posts"}],"about":[{"href":"https:\/\/www.pmpf.rs.gov.br\/secretaria-de-saude\/wp-json\/wp\/v2\/types\/post"}],"author":[{"embeddable":true,"href":"https:\/\/www.pmpf.rs.gov.br\/secretaria-de-saude\/wp-json\/wp\/v2\/users\/6"}],"replies":[{"embeddable":true,"href":"https:\/\/www.pmpf.rs.gov.br\/secretaria-de-saude\/wp-json\/wp\/v2\/comments?post=3562"}],"version-history":[{"count":1,"href":"https:\/\/www.pmpf.rs.gov.br\/secretaria-de-saude\/wp-json\/wp\/v2\/posts\/3562\/revisions"}],"predecessor-version":[{"id":3564,"href":"https:\/\/www.pmpf.rs.gov.br\/secretaria-de-saude\/wp-json\/wp\/v2\/posts\/3562\/revisions\/3564"}],"wp:featuredmedia":[{"embeddable":true,"href":"https:\/\/www.pmpf.rs.gov.br\/secretaria-de-saude\/wp-json\/wp\/v2\/media\/3563"}],"wp:attachment":[{"href":"https:\/\/www.pmpf.rs.gov.br\/secretaria-de-saude\/wp-json\/wp\/v2\/media?parent=3562"}],"wp:term":[{"taxonomy":"category","embeddable":true,"href":"https:\/\/www.pmpf.rs.gov.br\/secretaria-de-saude\/wp-json\/wp\/v2\/categories?post=3562"},{"taxonomy":"post_tag","embeddable":true,"href":"https:\/\/www.pmpf.rs.gov.br\/secretaria-de-saude\/wp-json\/wp\/v2\/tags?post=3562"}],"curies":[{"name":"wp","href":"https:\/\/api.w.org\/{rel}","templated":true}]}}