{"id":3548,"date":"2023-04-24T08:11:40","date_gmt":"2023-04-24T11:11:40","guid":{"rendered":"https:\/\/www.pmpf.rs.gov.br\/secretaria-de-saude\/?p=3548"},"modified":"2023-04-24T16:07:06","modified_gmt":"2023-04-24T19:07:06","slug":"escola-das-profissoes-inscricoes-para-novos-cursos-iniciam-terca-feira-25","status":"publish","type":"post","link":"https:\/\/www.pmpf.rs.gov.br\/secretaria-de-saude\/2023\/04\/24\/escola-das-profissoes-inscricoes-para-novos-cursos-iniciam-terca-feira-25\/","title":{"rendered":"Escola das Profiss\u00f5es: inscri\u00e7\u00f5es para novos cursos iniciam ter\u00e7a-feira (25)"},"content":{"rendered":"\n<p><br><br>Procurando uma oportunidade de se qualificar profissionalmente? A Prefeitura de Passo Fundo abre, nesta ter\u00e7a-feira (25), as inscri\u00e7\u00f5es para mais 16 cursos gratuitos de capacita\u00e7\u00e3o e forma\u00e7\u00e3o, atrav\u00e9s da Escola das Profiss\u00f5es. Os interessados t\u00eam at\u00e9 o dia 03 de maio para se candidatarem \u00e0s mais de 300 vagas que ser\u00e3o ofertadas. O processo de inscri\u00e7\u00e3o \u00e9 feito pelo site http:\/\/eprof.educapf.org.<\/p>\n\n\n\n<p>De acordo com a coordena\u00e7\u00e3o da Escola das Profiss\u00f5es, nesta etapa ser\u00e3o promovidos 16 cursos em \u00e1reas como manicure, corte e costura, designer de sobrancelhas, gastronomia, assistente administrativo, assistente de log\u00edstica, hotelaria, inform\u00e1tica b\u00e1sica, elabora\u00e7\u00e3o de planilhas, ingl\u00eas e espanhol para atendimento ao p\u00fablico e cabeleireiro.<\/p>\n\n\n\n<p>Ao avaliar as a\u00e7\u00f5es da Escola, o prefeito de Passo Fundo, Pedro Almeida, refor\u00e7ou o compromisso da Administra\u00e7\u00e3o Municipal em promover e facilitar o acesso da popula\u00e7\u00e3o \u00e0 forma\u00e7\u00e3o e qualifica\u00e7\u00e3o profissional. \u201cA Escola das Profiss\u00f5es cumpre um papel fundamental no nosso munic\u00edpio, que \u00e9 o de gerar oportunidades de trabalho para as pessoas. Vamos seguir investindo e ampliando as forma\u00e7\u00f5es e capacita\u00e7\u00f5es\u201d, destacou ele.<\/p>\n\n\n\n<p>Para os candidatos inscritos nesta edi\u00e7\u00e3o, as aulas v\u00e3o iniciar no dia 09 de maio, na Esta\u00e7\u00e3o 2, que funciona junto \u00e0 Faculdade Anhanguera; e na tamb\u00e9m na Le\u00e3o XIII. As vagas ofertadas ser\u00e3o direcionadas, preferencialmente, para pessoas maiores de 18 anos e que est\u00e3o cursando ou j\u00e1 conclu\u00edram o Ensino M\u00e9dio. Ainda, ter\u00e3o prioridade para a sele\u00e7\u00e3o, gestantes e m\u00e3es acompanhadas pelo programa Meu Beb\u00ea, Meu Tesouro; pessoas que participaram do Caf\u00e9 com Emprego; imigrantes; pessoas com defici\u00eancia e pessoas benefici\u00e1rias do Cad\u00danico, que dever\u00e3o fazer a comprova\u00e7\u00e3o assim que forem selecionados.<\/p>\n\n\n\n<p>Conforme a coordena\u00e7\u00e3o da Escola das Profiss\u00f5es, \u00e9 fundamental que o candidato verifique antes de realizar a inscri\u00e7\u00e3o as datas de in\u00edcios e de t\u00e9rmino dos cursos e tamb\u00e9m o hor\u00e1rio em que as aulas acontecem, para evitar desist\u00eancia e permitir que sejam selecionadas as pessoas que t\u00eam possibilidade de acompanhar as atividades.<\/p>\n\n\n\n<p>Desde agosto de 2022, quando a Escola das Profiss\u00f5es iniciou suas atividades, mais de seis mil pessoas j\u00e1 se inscreveram. Ao todo, 144 turmas, distribu\u00eddas em 34 cursos, j\u00e1 foram realizadas. Atualmente, 22 qualifica\u00e7\u00f5es est\u00e3o em andamento nas \u00e1reas de tecnologia, est\u00e9tica, sa\u00fade, t\u00eaxtil, gastronomia, educa\u00e7\u00e3o e com\u00e9rcio e servi\u00e7os.<\/p>\n","protected":false},"excerpt":{"rendered":"<p>Capacita\u00e7\u00f5es ser\u00e3o abertas para 16 modalidades de ensino. Desde a abertura das forma\u00e7\u00f5es gratuitas, em agosto de 2022, mais de seis mil pessoas j\u00e1 se inscreveram no programa da Prefeitura de Passo Fundo<\/p>\n","protected":false},"author":6,"featured_media":0,"comment_status":"closed","ping_status":"closed","sticky":true,"template":"","format":"standard","meta":{"footnotes":""},"categories":[1],"tags":[],"class_list":["post-3548","post","type-post","status-publish","format-standard","hentry","category-sem-categoria"],"yoast_head":"<!-- This site is optimized with the Yoast SEO plugin v23.8 - https:\/\/yoast.com\/wordpress\/plugins\/seo\/ -->\n<title>Escola das Profiss\u00f5es: inscri\u00e7\u00f5es para novos cursos iniciam ter\u00e7a-feira (25) - Secretaria de Sa\u00fade<\/title>\n<meta name=\"robots\" content=\"index, follow, max-snippet:-1, max-image-preview:large, max-video-preview:-1\" \/>\n<link rel=\"canonical\" href=\"https:\/\/www.pmpf.rs.gov.br\/secretaria-de-saude\/2023\/04\/24\/escola-das-profissoes-inscricoes-para-novos-cursos-iniciam-terca-feira-25\/\" \/>\n<meta property=\"og:locale\" content=\"pt_BR\" \/>\n<meta property=\"og:type\" content=\"article\" \/>\n<meta property=\"og:title\" content=\"Escola das Profiss\u00f5es: inscri\u00e7\u00f5es para novos cursos iniciam ter\u00e7a-feira (25) - Secretaria de Sa\u00fade\" \/>\n<meta property=\"og:description\" content=\"Capacita\u00e7\u00f5es ser\u00e3o abertas para 16 modalidades de ensino. Desde a abertura das forma\u00e7\u00f5es gratuitas, em agosto de 2022, mais de seis mil pessoas j\u00e1 se inscreveram no programa da Prefeitura de Passo Fundo\" \/>\n<meta property=\"og:url\" content=\"https:\/\/www.pmpf.rs.gov.br\/secretaria-de-saude\/2023\/04\/24\/escola-das-profissoes-inscricoes-para-novos-cursos-iniciam-terca-feira-25\/\" \/>\n<meta property=\"og:site_name\" content=\"Secretaria de Sa\u00fade\" \/>\n<meta property=\"article:published_time\" content=\"2023-04-24T11:11:40+00:00\" \/>\n<meta property=\"article:modified_time\" content=\"2023-04-24T19:07:06+00:00\" \/>\n<meta name=\"author\" content=\"andressazorzetto07\" \/>\n<meta name=\"twitter:card\" content=\"summary_large_image\" \/>\n<meta name=\"twitter:label1\" content=\"Escrito por\" \/>\n\t<meta name=\"twitter:data1\" content=\"andressazorzetto07\" \/>\n\t<meta name=\"twitter:label2\" content=\"Est. tempo de leitura\" \/>\n\t<meta name=\"twitter:data2\" content=\"2 minutos\" \/>\n<script type=\"application\/ld+json\" class=\"yoast-schema-graph\">{\"@context\":\"https:\/\/schema.org\",\"@graph\":[{\"@type\":\"WebPage\",\"@id\":\"https:\/\/www.pmpf.rs.gov.br\/secretaria-de-saude\/2023\/04\/24\/escola-das-profissoes-inscricoes-para-novos-cursos-iniciam-terca-feira-25\/\",\"url\":\"https:\/\/www.pmpf.rs.gov.br\/secretaria-de-saude\/2023\/04\/24\/escola-das-profissoes-inscricoes-para-novos-cursos-iniciam-terca-feira-25\/\",\"name\":\"Escola das Profiss\u00f5es: inscri\u00e7\u00f5es para novos cursos iniciam ter\u00e7a-feira (25) - Secretaria de Sa\u00fade\",\"isPartOf\":{\"@id\":\"https:\/\/www.pmpf.rs.gov.br\/secretaria-de-saude\/#website\"},\"datePublished\":\"2023-04-24T11:11:40+00:00\",\"dateModified\":\"2023-04-24T19:07:06+00:00\",\"author\":{\"@id\":\"https:\/\/www.pmpf.rs.gov.br\/secretaria-de-saude\/#\/schema\/person\/30ee1d1bd74da1469b01fcf086e43351\"},\"breadcrumb\":{\"@id\":\"https:\/\/www.pmpf.rs.gov.br\/secretaria-de-saude\/2023\/04\/24\/escola-das-profissoes-inscricoes-para-novos-cursos-iniciam-terca-feira-25\/#breadcrumb\"},\"inLanguage\":\"pt-BR\",\"potentialAction\":[{\"@type\":\"ReadAction\",\"target\":[\"https:\/\/www.pmpf.rs.gov.br\/secretaria-de-saude\/2023\/04\/24\/escola-das-profissoes-inscricoes-para-novos-cursos-iniciam-terca-feira-25\/\"]}]},{\"@type\":\"BreadcrumbList\",\"@id\":\"https:\/\/www.pmpf.rs.gov.br\/secretaria-de-saude\/2023\/04\/24\/escola-das-profissoes-inscricoes-para-novos-cursos-iniciam-terca-feira-25\/#breadcrumb\",\"itemListElement\":[{\"@type\":\"ListItem\",\"position\":1,\"name\":\"In\u00edcio\",\"item\":\"https:\/\/www.pmpf.rs.gov.br\/secretaria-de-saude\/\"},{\"@type\":\"ListItem\",\"position\":2,\"name\":\"Escola das Profiss\u00f5es: inscri\u00e7\u00f5es para novos cursos iniciam ter\u00e7a-feira (25)\"}]},{\"@type\":\"WebSite\",\"@id\":\"https:\/\/www.pmpf.rs.gov.br\/secretaria-de-saude\/#website\",\"url\":\"https:\/\/www.pmpf.rs.gov.br\/secretaria-de-saude\/\",\"name\":\"Secretaria de Sa\u00fade\",\"description\":\"S\u00f3 mais um site Prefeitura de Passo Fundo\",\"potentialAction\":[{\"@type\":\"SearchAction\",\"target\":{\"@type\":\"EntryPoint\",\"urlTemplate\":\"https:\/\/www.pmpf.rs.gov.br\/secretaria-de-saude\/?s={search_term_string}\"},\"query-input\":{\"@type\":\"PropertyValueSpecification\",\"valueRequired\":true,\"valueName\":\"search_term_string\"}}],\"inLanguage\":\"pt-BR\"},{\"@type\":\"Person\",\"@id\":\"https:\/\/www.pmpf.rs.gov.br\/secretaria-de-saude\/#\/schema\/person\/30ee1d1bd74da1469b01fcf086e43351\",\"name\":\"andressazorzetto07\",\"image\":{\"@type\":\"ImageObject\",\"inLanguage\":\"pt-BR\",\"@id\":\"https:\/\/www.pmpf.rs.gov.br\/secretaria-de-saude\/#\/schema\/person\/image\/\",\"url\":\"https:\/\/secure.gravatar.com\/avatar\/14c5458ed79dc81da99a13b9ff5f9f19?s=96&d=mm&r=g\",\"contentUrl\":\"https:\/\/secure.gravatar.com\/avatar\/14c5458ed79dc81da99a13b9ff5f9f19?s=96&d=mm&r=g\",\"caption\":\"andressazorzetto07\"},\"url\":\"https:\/\/www.pmpf.rs.gov.br\/secretaria-de-saude\/author\/andressazorzetto07\/\"}]}<\/script>\n<!-- \/ Yoast SEO plugin. -->","yoast_head_json":{"title":"Escola das Profiss\u00f5es: inscri\u00e7\u00f5es para novos cursos iniciam ter\u00e7a-feira (25) - Secretaria de Sa\u00fade","robots":{"index":"index","follow":"follow","max-snippet":"max-snippet:-1","max-image-preview":"max-image-preview:large","max-video-preview":"max-video-preview:-1"},"canonical":"https:\/\/www.pmpf.rs.gov.br\/secretaria-de-saude\/2023\/04\/24\/escola-das-profissoes-inscricoes-para-novos-cursos-iniciam-terca-feira-25\/","og_locale":"pt_BR","og_type":"article","og_title":"Escola das Profiss\u00f5es: inscri\u00e7\u00f5es para novos cursos iniciam ter\u00e7a-feira (25) - Secretaria de Sa\u00fade","og_description":"Capacita\u00e7\u00f5es ser\u00e3o abertas para 16 modalidades de ensino. Desde a abertura das forma\u00e7\u00f5es gratuitas, em agosto de 2022, mais de seis mil pessoas j\u00e1 se inscreveram no programa da Prefeitura de Passo Fundo","og_url":"https:\/\/www.pmpf.rs.gov.br\/secretaria-de-saude\/2023\/04\/24\/escola-das-profissoes-inscricoes-para-novos-cursos-iniciam-terca-feira-25\/","og_site_name":"Secretaria de Sa\u00fade","article_published_time":"2023-04-24T11:11:40+00:00","article_modified_time":"2023-04-24T19:07:06+00:00","author":"andressazorzetto07","twitter_card":"summary_large_image","twitter_misc":{"Escrito por":"andressazorzetto07","Est. tempo de leitura":"2 minutos"},"schema":{"@context":"https:\/\/schema.org","@graph":[{"@type":"WebPage","@id":"https:\/\/www.pmpf.rs.gov.br\/secretaria-de-saude\/2023\/04\/24\/escola-das-profissoes-inscricoes-para-novos-cursos-iniciam-terca-feira-25\/","url":"https:\/\/www.pmpf.rs.gov.br\/secretaria-de-saude\/2023\/04\/24\/escola-das-profissoes-inscricoes-para-novos-cursos-iniciam-terca-feira-25\/","name":"Escola das Profiss\u00f5es: inscri\u00e7\u00f5es para novos cursos iniciam ter\u00e7a-feira (25) - Secretaria de Sa\u00fade","isPartOf":{"@id":"https:\/\/www.pmpf.rs.gov.br\/secretaria-de-saude\/#website"},"datePublished":"2023-04-24T11:11:40+00:00","dateModified":"2023-04-24T19:07:06+00:00","author":{"@id":"https:\/\/www.pmpf.rs.gov.br\/secretaria-de-saude\/#\/schema\/person\/30ee1d1bd74da1469b01fcf086e43351"},"breadcrumb":{"@id":"https:\/\/www.pmpf.rs.gov.br\/secretaria-de-saude\/2023\/04\/24\/escola-das-profissoes-inscricoes-para-novos-cursos-iniciam-terca-feira-25\/#breadcrumb"},"inLanguage":"pt-BR","potentialAction":[{"@type":"ReadAction","target":["https:\/\/www.pmpf.rs.gov.br\/secretaria-de-saude\/2023\/04\/24\/escola-das-profissoes-inscricoes-para-novos-cursos-iniciam-terca-feira-25\/"]}]},{"@type":"BreadcrumbList","@id":"https:\/\/www.pmpf.rs.gov.br\/secretaria-de-saude\/2023\/04\/24\/escola-das-profissoes-inscricoes-para-novos-cursos-iniciam-terca-feira-25\/#breadcrumb","itemListElement":[{"@type":"ListItem","position":1,"name":"In\u00edcio","item":"https:\/\/www.pmpf.rs.gov.br\/secretaria-de-saude\/"},{"@type":"ListItem","position":2,"name":"Escola das Profiss\u00f5es: inscri\u00e7\u00f5es para novos cursos iniciam ter\u00e7a-feira (25)"}]},{"@type":"WebSite","@id":"https:\/\/www.pmpf.rs.gov.br\/secretaria-de-saude\/#website","url":"https:\/\/www.pmpf.rs.gov.br\/secretaria-de-saude\/","name":"Secretaria de Sa\u00fade","description":"S\u00f3 mais um site Prefeitura de Passo Fundo","potentialAction":[{"@type":"SearchAction","target":{"@type":"EntryPoint","urlTemplate":"https:\/\/www.pmpf.rs.gov.br\/secretaria-de-saude\/?s={search_term_string}"},"query-input":{"@type":"PropertyValueSpecification","valueRequired":true,"valueName":"search_term_string"}}],"inLanguage":"pt-BR"},{"@type":"Person","@id":"https:\/\/www.pmpf.rs.gov.br\/secretaria-de-saude\/#\/schema\/person\/30ee1d1bd74da1469b01fcf086e43351","name":"andressazorzetto07","image":{"@type":"ImageObject","inLanguage":"pt-BR","@id":"https:\/\/www.pmpf.rs.gov.br\/secretaria-de-saude\/#\/schema\/person\/image\/","url":"https:\/\/secure.gravatar.com\/avatar\/14c5458ed79dc81da99a13b9ff5f9f19?s=96&d=mm&r=g","contentUrl":"https:\/\/secure.gravatar.com\/avatar\/14c5458ed79dc81da99a13b9ff5f9f19?s=96&d=mm&r=g","caption":"andressazorzetto07"},"url":"https:\/\/www.pmpf.rs.gov.br\/secretaria-de-saude\/author\/andressazorzetto07\/"}]}},"_links":{"self":[{"href":"https:\/\/www.pmpf.rs.gov.br\/secretaria-de-saude\/wp-json\/wp\/v2\/posts\/3548"}],"collection":[{"href":"https:\/\/www.pmpf.rs.gov.br\/secretaria-de-saude\/wp-json\/wp\/v2\/posts"}],"about":[{"href":"https:\/\/www.pmpf.rs.gov.br\/secretaria-de-saude\/wp-json\/wp\/v2\/types\/post"}],"author":[{"embeddable":true,"href":"https:\/\/www.pmpf.rs.gov.br\/secretaria-de-saude\/wp-json\/wp\/v2\/users\/6"}],"replies":[{"embeddable":true,"href":"https:\/\/www.pmpf.rs.gov.br\/secretaria-de-saude\/wp-json\/wp\/v2\/comments?post=3548"}],"version-history":[{"count":2,"href":"https:\/\/www.pmpf.rs.gov.br\/secretaria-de-saude\/wp-json\/wp\/v2\/posts\/3548\/revisions"}],"predecessor-version":[{"id":3550,"href":"https:\/\/www.pmpf.rs.gov.br\/secretaria-de-saude\/wp-json\/wp\/v2\/posts\/3548\/revisions\/3550"}],"wp:attachment":[{"href":"https:\/\/www.pmpf.rs.gov.br\/secretaria-de-saude\/wp-json\/wp\/v2\/media?parent=3548"}],"wp:term":[{"taxonomy":"category","embeddable":true,"href":"https:\/\/www.pmpf.rs.gov.br\/secretaria-de-saude\/wp-json\/wp\/v2\/categories?post=3548"},{"taxonomy":"post_tag","embeddable":true,"href":"https:\/\/www.pmpf.rs.gov.br\/secretaria-de-saude\/wp-json\/wp\/v2\/tags?post=3548"}],"curies":[{"name":"wp","href":"https:\/\/api.w.org\/{rel}","templated":true}]}}