{"id":3541,"date":"2023-04-11T09:49:17","date_gmt":"2023-04-11T12:49:17","guid":{"rendered":"https:\/\/www.pmpf.rs.gov.br\/secretaria-de-saude\/?p=3541"},"modified":"2023-04-11T09:49:41","modified_gmt":"2023-04-11T12:49:41","slug":"passo-fundo-sedia-capacitacao-para-profissionais-de-saude-voltada-a-hanseniase","status":"publish","type":"post","link":"https:\/\/www.pmpf.rs.gov.br\/secretaria-de-saude\/2023\/04\/11\/passo-fundo-sedia-capacitacao-para-profissionais-de-saude-voltada-a-hanseniase\/","title":{"rendered":"Passo Fundo sedia capacita\u00e7\u00e3o para profissionais de Sa\u00fade voltada \u00e0 hansen\u00edase"},"content":{"rendered":"\n<p><\/p>\n\n\n\n<p>Passo Fundo est\u00e1 sediando, entre esta ter\u00e7a (11) e quarta-feira (12), a Oficina de Preven\u00e7\u00e3o de Incapacidades em Hansen\u00edase, que re\u00fane profissionais da Sa\u00fade de munic\u00edpios de toda a regi\u00e3o. O objetivo \u00e9 promover a capacita\u00e7\u00e3o para atendimentos de pessoas com a doen\u00e7a.<\/p>\n\n\n\n<p><\/p>\n\n\n\n<p>A hansen\u00edase \u00e9 uma doen\u00e7a infecciosa e contagiosa, conhecida h\u00e1 mais de quatro mil anos. O Brasil \u00e9 o 2\u00ba pa\u00eds do mundo em n\u00famero de novos casos. \u00c9 uma doen\u00e7a que atinge, principalmente, a pele, mucosas e nervos perif\u00e9ricos e provoca sintomas como manchas na pele (brancas, avermelhadas e ou amarronzadas) com perda da sensibilidade t\u00e9rmica (calor e ou frio) e da dor. Pode trazer tamb\u00e9m perda de pelos e do suor, sensa\u00e7\u00e3o de formigamento e fisgadas nas m\u00e3os e p\u00e9s, entre outros sinais.<\/p>\n\n\n\n<p><br>O Servi\u00e7o de Atendimento Especializado (SAE) de Passo Fundo est\u00e1 se capacitando para o diagn\u00f3stico e tratamento de hansen\u00edase. Em novembro de 2022, a infectologista dra. Clarissa Olenksinski e a enfermeira Carla Thomassetto da Silva estiveram no servi\u00e7o de refer\u00eancia do Estado, o Ambulat\u00f3rio de Dermatologia Sanit\u00e1ria, em Porto Alegre, para aperfei\u00e7oamentos referentes \u00e0 doen\u00e7a.<br><br>Em m\u00e9dia, o munic\u00edpio tem quatro pacientes em tratamento ao ano. Antes da capacita\u00e7\u00e3o, as consultas aconteciam em Porto Alegre uma vez por m\u00eas. Hoje, os novos pacientes n\u00e3o precisam mais se deslocar at\u00e9 a capital para receber o tratamento adequado, sendo atendidos na rede municipal de Passo Fundo.<\/p>\n\n\n\n<div class=\"wp-block-group\"><div class=\"wp-block-group__inner-container is-layout-constrained wp-block-group-is-layout-constrained\"><\/div><\/div>\n","protected":false},"excerpt":{"rendered":"<p>O objetivo \u00e9 promover a capacita\u00e7\u00e3o para atendimentos de pessoas com a doen\u00e7a.<\/p>\n","protected":false},"author":6,"featured_media":3542,"comment_status":"closed","ping_status":"closed","sticky":true,"template":"","format":"standard","meta":{"footnotes":""},"categories":[1],"tags":[],"class_list":["post-3541","post","type-post","status-publish","format-standard","has-post-thumbnail","hentry","category-sem-categoria"],"yoast_head":"<!-- This site is optimized with the Yoast SEO plugin v23.8 - https:\/\/yoast.com\/wordpress\/plugins\/seo\/ -->\n<title>Passo Fundo sedia capacita\u00e7\u00e3o para profissionais de Sa\u00fade voltada \u00e0 hansen\u00edase - Secretaria de Sa\u00fade<\/title>\n<meta name=\"robots\" content=\"index, follow, max-snippet:-1, max-image-preview:large, max-video-preview:-1\" \/>\n<link rel=\"canonical\" href=\"https:\/\/www.pmpf.rs.gov.br\/secretaria-de-saude\/2023\/04\/11\/passo-fundo-sedia-capacitacao-para-profissionais-de-saude-voltada-a-hanseniase\/\" \/>\n<meta property=\"og:locale\" content=\"pt_BR\" \/>\n<meta property=\"og:type\" content=\"article\" \/>\n<meta property=\"og:title\" content=\"Passo Fundo sedia capacita\u00e7\u00e3o para profissionais de Sa\u00fade voltada \u00e0 hansen\u00edase - Secretaria de Sa\u00fade\" \/>\n<meta property=\"og:description\" content=\"O objetivo \u00e9 promover a capacita\u00e7\u00e3o para atendimentos de pessoas com a doen\u00e7a.\" \/>\n<meta property=\"og:url\" content=\"https:\/\/www.pmpf.rs.gov.br\/secretaria-de-saude\/2023\/04\/11\/passo-fundo-sedia-capacitacao-para-profissionais-de-saude-voltada-a-hanseniase\/\" \/>\n<meta property=\"og:site_name\" content=\"Secretaria de Sa\u00fade\" \/>\n<meta property=\"article:published_time\" content=\"2023-04-11T12:49:17+00:00\" \/>\n<meta property=\"article:modified_time\" content=\"2023-04-11T12:49:41+00:00\" \/>\n<meta property=\"og:image\" content=\"https:\/\/www.pmpf.rs.gov.br\/secretaria-de-saude\/wp-content\/uploads\/sites\/50\/2023\/04\/capacitacao-hanseniase.jpeg\" \/>\n\t<meta property=\"og:image:width\" content=\"1600\" \/>\n\t<meta property=\"og:image:height\" content=\"1200\" \/>\n\t<meta property=\"og:image:type\" content=\"image\/jpeg\" \/>\n<meta name=\"author\" content=\"andressazorzetto07\" \/>\n<meta name=\"twitter:card\" content=\"summary_large_image\" \/>\n<meta name=\"twitter:label1\" content=\"Escrito por\" \/>\n\t<meta name=\"twitter:data1\" content=\"andressazorzetto07\" \/>\n\t<meta name=\"twitter:label2\" content=\"Est. tempo de leitura\" \/>\n\t<meta name=\"twitter:data2\" content=\"1 minuto\" \/>\n<script type=\"application\/ld+json\" class=\"yoast-schema-graph\">{\"@context\":\"https:\/\/schema.org\",\"@graph\":[{\"@type\":\"WebPage\",\"@id\":\"https:\/\/www.pmpf.rs.gov.br\/secretaria-de-saude\/2023\/04\/11\/passo-fundo-sedia-capacitacao-para-profissionais-de-saude-voltada-a-hanseniase\/\",\"url\":\"https:\/\/www.pmpf.rs.gov.br\/secretaria-de-saude\/2023\/04\/11\/passo-fundo-sedia-capacitacao-para-profissionais-de-saude-voltada-a-hanseniase\/\",\"name\":\"Passo Fundo sedia capacita\u00e7\u00e3o para profissionais de Sa\u00fade voltada \u00e0 hansen\u00edase - Secretaria de Sa\u00fade\",\"isPartOf\":{\"@id\":\"https:\/\/www.pmpf.rs.gov.br\/secretaria-de-saude\/#website\"},\"primaryImageOfPage\":{\"@id\":\"https:\/\/www.pmpf.rs.gov.br\/secretaria-de-saude\/2023\/04\/11\/passo-fundo-sedia-capacitacao-para-profissionais-de-saude-voltada-a-hanseniase\/#primaryimage\"},\"image\":{\"@id\":\"https:\/\/www.pmpf.rs.gov.br\/secretaria-de-saude\/2023\/04\/11\/passo-fundo-sedia-capacitacao-para-profissionais-de-saude-voltada-a-hanseniase\/#primaryimage\"},\"thumbnailUrl\":\"https:\/\/www.pmpf.rs.gov.br\/secretaria-de-saude\/wp-content\/uploads\/sites\/50\/2023\/04\/capacitacao-hanseniase.jpeg\",\"datePublished\":\"2023-04-11T12:49:17+00:00\",\"dateModified\":\"2023-04-11T12:49:41+00:00\",\"author\":{\"@id\":\"https:\/\/www.pmpf.rs.gov.br\/secretaria-de-saude\/#\/schema\/person\/30ee1d1bd74da1469b01fcf086e43351\"},\"breadcrumb\":{\"@id\":\"https:\/\/www.pmpf.rs.gov.br\/secretaria-de-saude\/2023\/04\/11\/passo-fundo-sedia-capacitacao-para-profissionais-de-saude-voltada-a-hanseniase\/#breadcrumb\"},\"inLanguage\":\"pt-BR\",\"potentialAction\":[{\"@type\":\"ReadAction\",\"target\":[\"https:\/\/www.pmpf.rs.gov.br\/secretaria-de-saude\/2023\/04\/11\/passo-fundo-sedia-capacitacao-para-profissionais-de-saude-voltada-a-hanseniase\/\"]}]},{\"@type\":\"ImageObject\",\"inLanguage\":\"pt-BR\",\"@id\":\"https:\/\/www.pmpf.rs.gov.br\/secretaria-de-saude\/2023\/04\/11\/passo-fundo-sedia-capacitacao-para-profissionais-de-saude-voltada-a-hanseniase\/#primaryimage\",\"url\":\"https:\/\/www.pmpf.rs.gov.br\/secretaria-de-saude\/wp-content\/uploads\/sites\/50\/2023\/04\/capacitacao-hanseniase.jpeg\",\"contentUrl\":\"https:\/\/www.pmpf.rs.gov.br\/secretaria-de-saude\/wp-content\/uploads\/sites\/50\/2023\/04\/capacitacao-hanseniase.jpeg\",\"width\":1600,\"height\":1200},{\"@type\":\"BreadcrumbList\",\"@id\":\"https:\/\/www.pmpf.rs.gov.br\/secretaria-de-saude\/2023\/04\/11\/passo-fundo-sedia-capacitacao-para-profissionais-de-saude-voltada-a-hanseniase\/#breadcrumb\",\"itemListElement\":[{\"@type\":\"ListItem\",\"position\":1,\"name\":\"In\u00edcio\",\"item\":\"https:\/\/www.pmpf.rs.gov.br\/secretaria-de-saude\/\"},{\"@type\":\"ListItem\",\"position\":2,\"name\":\"Passo Fundo sedia capacita\u00e7\u00e3o para profissionais de Sa\u00fade voltada \u00e0 hansen\u00edase\"}]},{\"@type\":\"WebSite\",\"@id\":\"https:\/\/www.pmpf.rs.gov.br\/secretaria-de-saude\/#website\",\"url\":\"https:\/\/www.pmpf.rs.gov.br\/secretaria-de-saude\/\",\"name\":\"Secretaria de Sa\u00fade\",\"description\":\"S\u00f3 mais um site Prefeitura de Passo Fundo\",\"potentialAction\":[{\"@type\":\"SearchAction\",\"target\":{\"@type\":\"EntryPoint\",\"urlTemplate\":\"https:\/\/www.pmpf.rs.gov.br\/secretaria-de-saude\/?s={search_term_string}\"},\"query-input\":{\"@type\":\"PropertyValueSpecification\",\"valueRequired\":true,\"valueName\":\"search_term_string\"}}],\"inLanguage\":\"pt-BR\"},{\"@type\":\"Person\",\"@id\":\"https:\/\/www.pmpf.rs.gov.br\/secretaria-de-saude\/#\/schema\/person\/30ee1d1bd74da1469b01fcf086e43351\",\"name\":\"andressazorzetto07\",\"image\":{\"@type\":\"ImageObject\",\"inLanguage\":\"pt-BR\",\"@id\":\"https:\/\/www.pmpf.rs.gov.br\/secretaria-de-saude\/#\/schema\/person\/image\/\",\"url\":\"https:\/\/secure.gravatar.com\/avatar\/14c5458ed79dc81da99a13b9ff5f9f19?s=96&d=mm&r=g\",\"contentUrl\":\"https:\/\/secure.gravatar.com\/avatar\/14c5458ed79dc81da99a13b9ff5f9f19?s=96&d=mm&r=g\",\"caption\":\"andressazorzetto07\"},\"url\":\"https:\/\/www.pmpf.rs.gov.br\/secretaria-de-saude\/author\/andressazorzetto07\/\"}]}<\/script>\n<!-- \/ Yoast SEO plugin. -->","yoast_head_json":{"title":"Passo Fundo sedia capacita\u00e7\u00e3o para profissionais de Sa\u00fade voltada \u00e0 hansen\u00edase - Secretaria de Sa\u00fade","robots":{"index":"index","follow":"follow","max-snippet":"max-snippet:-1","max-image-preview":"max-image-preview:large","max-video-preview":"max-video-preview:-1"},"canonical":"https:\/\/www.pmpf.rs.gov.br\/secretaria-de-saude\/2023\/04\/11\/passo-fundo-sedia-capacitacao-para-profissionais-de-saude-voltada-a-hanseniase\/","og_locale":"pt_BR","og_type":"article","og_title":"Passo Fundo sedia capacita\u00e7\u00e3o para profissionais de Sa\u00fade voltada \u00e0 hansen\u00edase - Secretaria de Sa\u00fade","og_description":"O objetivo \u00e9 promover a capacita\u00e7\u00e3o para atendimentos de pessoas com a doen\u00e7a.","og_url":"https:\/\/www.pmpf.rs.gov.br\/secretaria-de-saude\/2023\/04\/11\/passo-fundo-sedia-capacitacao-para-profissionais-de-saude-voltada-a-hanseniase\/","og_site_name":"Secretaria de Sa\u00fade","article_published_time":"2023-04-11T12:49:17+00:00","article_modified_time":"2023-04-11T12:49:41+00:00","og_image":[{"width":1600,"height":1200,"url":"https:\/\/www.pmpf.rs.gov.br\/secretaria-de-saude\/wp-content\/uploads\/sites\/50\/2023\/04\/capacitacao-hanseniase.jpeg","type":"image\/jpeg"}],"author":"andressazorzetto07","twitter_card":"summary_large_image","twitter_misc":{"Escrito por":"andressazorzetto07","Est. tempo de leitura":"1 minuto"},"schema":{"@context":"https:\/\/schema.org","@graph":[{"@type":"WebPage","@id":"https:\/\/www.pmpf.rs.gov.br\/secretaria-de-saude\/2023\/04\/11\/passo-fundo-sedia-capacitacao-para-profissionais-de-saude-voltada-a-hanseniase\/","url":"https:\/\/www.pmpf.rs.gov.br\/secretaria-de-saude\/2023\/04\/11\/passo-fundo-sedia-capacitacao-para-profissionais-de-saude-voltada-a-hanseniase\/","name":"Passo Fundo sedia capacita\u00e7\u00e3o para profissionais de Sa\u00fade voltada \u00e0 hansen\u00edase - Secretaria de Sa\u00fade","isPartOf":{"@id":"https:\/\/www.pmpf.rs.gov.br\/secretaria-de-saude\/#website"},"primaryImageOfPage":{"@id":"https:\/\/www.pmpf.rs.gov.br\/secretaria-de-saude\/2023\/04\/11\/passo-fundo-sedia-capacitacao-para-profissionais-de-saude-voltada-a-hanseniase\/#primaryimage"},"image":{"@id":"https:\/\/www.pmpf.rs.gov.br\/secretaria-de-saude\/2023\/04\/11\/passo-fundo-sedia-capacitacao-para-profissionais-de-saude-voltada-a-hanseniase\/#primaryimage"},"thumbnailUrl":"https:\/\/www.pmpf.rs.gov.br\/secretaria-de-saude\/wp-content\/uploads\/sites\/50\/2023\/04\/capacitacao-hanseniase.jpeg","datePublished":"2023-04-11T12:49:17+00:00","dateModified":"2023-04-11T12:49:41+00:00","author":{"@id":"https:\/\/www.pmpf.rs.gov.br\/secretaria-de-saude\/#\/schema\/person\/30ee1d1bd74da1469b01fcf086e43351"},"breadcrumb":{"@id":"https:\/\/www.pmpf.rs.gov.br\/secretaria-de-saude\/2023\/04\/11\/passo-fundo-sedia-capacitacao-para-profissionais-de-saude-voltada-a-hanseniase\/#breadcrumb"},"inLanguage":"pt-BR","potentialAction":[{"@type":"ReadAction","target":["https:\/\/www.pmpf.rs.gov.br\/secretaria-de-saude\/2023\/04\/11\/passo-fundo-sedia-capacitacao-para-profissionais-de-saude-voltada-a-hanseniase\/"]}]},{"@type":"ImageObject","inLanguage":"pt-BR","@id":"https:\/\/www.pmpf.rs.gov.br\/secretaria-de-saude\/2023\/04\/11\/passo-fundo-sedia-capacitacao-para-profissionais-de-saude-voltada-a-hanseniase\/#primaryimage","url":"https:\/\/www.pmpf.rs.gov.br\/secretaria-de-saude\/wp-content\/uploads\/sites\/50\/2023\/04\/capacitacao-hanseniase.jpeg","contentUrl":"https:\/\/www.pmpf.rs.gov.br\/secretaria-de-saude\/wp-content\/uploads\/sites\/50\/2023\/04\/capacitacao-hanseniase.jpeg","width":1600,"height":1200},{"@type":"BreadcrumbList","@id":"https:\/\/www.pmpf.rs.gov.br\/secretaria-de-saude\/2023\/04\/11\/passo-fundo-sedia-capacitacao-para-profissionais-de-saude-voltada-a-hanseniase\/#breadcrumb","itemListElement":[{"@type":"ListItem","position":1,"name":"In\u00edcio","item":"https:\/\/www.pmpf.rs.gov.br\/secretaria-de-saude\/"},{"@type":"ListItem","position":2,"name":"Passo Fundo sedia capacita\u00e7\u00e3o para profissionais de Sa\u00fade voltada \u00e0 hansen\u00edase"}]},{"@type":"WebSite","@id":"https:\/\/www.pmpf.rs.gov.br\/secretaria-de-saude\/#website","url":"https:\/\/www.pmpf.rs.gov.br\/secretaria-de-saude\/","name":"Secretaria de Sa\u00fade","description":"S\u00f3 mais um site Prefeitura de Passo Fundo","potentialAction":[{"@type":"SearchAction","target":{"@type":"EntryPoint","urlTemplate":"https:\/\/www.pmpf.rs.gov.br\/secretaria-de-saude\/?s={search_term_string}"},"query-input":{"@type":"PropertyValueSpecification","valueRequired":true,"valueName":"search_term_string"}}],"inLanguage":"pt-BR"},{"@type":"Person","@id":"https:\/\/www.pmpf.rs.gov.br\/secretaria-de-saude\/#\/schema\/person\/30ee1d1bd74da1469b01fcf086e43351","name":"andressazorzetto07","image":{"@type":"ImageObject","inLanguage":"pt-BR","@id":"https:\/\/www.pmpf.rs.gov.br\/secretaria-de-saude\/#\/schema\/person\/image\/","url":"https:\/\/secure.gravatar.com\/avatar\/14c5458ed79dc81da99a13b9ff5f9f19?s=96&d=mm&r=g","contentUrl":"https:\/\/secure.gravatar.com\/avatar\/14c5458ed79dc81da99a13b9ff5f9f19?s=96&d=mm&r=g","caption":"andressazorzetto07"},"url":"https:\/\/www.pmpf.rs.gov.br\/secretaria-de-saude\/author\/andressazorzetto07\/"}]}},"_links":{"self":[{"href":"https:\/\/www.pmpf.rs.gov.br\/secretaria-de-saude\/wp-json\/wp\/v2\/posts\/3541"}],"collection":[{"href":"https:\/\/www.pmpf.rs.gov.br\/secretaria-de-saude\/wp-json\/wp\/v2\/posts"}],"about":[{"href":"https:\/\/www.pmpf.rs.gov.br\/secretaria-de-saude\/wp-json\/wp\/v2\/types\/post"}],"author":[{"embeddable":true,"href":"https:\/\/www.pmpf.rs.gov.br\/secretaria-de-saude\/wp-json\/wp\/v2\/users\/6"}],"replies":[{"embeddable":true,"href":"https:\/\/www.pmpf.rs.gov.br\/secretaria-de-saude\/wp-json\/wp\/v2\/comments?post=3541"}],"version-history":[{"count":1,"href":"https:\/\/www.pmpf.rs.gov.br\/secretaria-de-saude\/wp-json\/wp\/v2\/posts\/3541\/revisions"}],"predecessor-version":[{"id":3543,"href":"https:\/\/www.pmpf.rs.gov.br\/secretaria-de-saude\/wp-json\/wp\/v2\/posts\/3541\/revisions\/3543"}],"wp:featuredmedia":[{"embeddable":true,"href":"https:\/\/www.pmpf.rs.gov.br\/secretaria-de-saude\/wp-json\/wp\/v2\/media\/3542"}],"wp:attachment":[{"href":"https:\/\/www.pmpf.rs.gov.br\/secretaria-de-saude\/wp-json\/wp\/v2\/media?parent=3541"}],"wp:term":[{"taxonomy":"category","embeddable":true,"href":"https:\/\/www.pmpf.rs.gov.br\/secretaria-de-saude\/wp-json\/wp\/v2\/categories?post=3541"},{"taxonomy":"post_tag","embeddable":true,"href":"https:\/\/www.pmpf.rs.gov.br\/secretaria-de-saude\/wp-json\/wp\/v2\/tags?post=3541"}],"curies":[{"name":"wp","href":"https:\/\/api.w.org\/{rel}","templated":true}]}}