{"id":3538,"date":"2023-04-10T11:33:52","date_gmt":"2023-04-10T14:33:52","guid":{"rendered":"https:\/\/www.pmpf.rs.gov.br\/secretaria-de-saude\/?p=3538"},"modified":"2023-04-10T11:33:52","modified_gmt":"2023-04-10T14:33:52","slug":"passo-fundenses-ja-podem-fazer-o-reforco-contra-a-gripe","status":"publish","type":"post","link":"https:\/\/www.pmpf.rs.gov.br\/secretaria-de-saude\/2023\/04\/10\/passo-fundenses-ja-podem-fazer-o-reforco-contra-a-gripe\/","title":{"rendered":"Passo-fundenses j\u00e1 podem fazer o refor\u00e7o contra a gripe"},"content":{"rendered":"\n<p><br><\/p>\n\n\n\n<p>Nesta segunda-feira (10), Passo Fundo iniciou a vacina\u00e7\u00e3o contra a gripe. Diferente de outros anos, a Campanha Nacional Contra a Influenza j\u00e1 foi aberta para mais de 10 grupos priorit\u00e1rios a fim de ampliar a procura pela vacina e otimizar a aplica\u00e7\u00e3o das doses nas unidades de sa\u00fade.<\/p>\n\n\n\n<p>Natalina Mendes, de 65 anos, aproveitou o primeiro dia de vacina\u00e7\u00e3o para fazer o refor\u00e7o anual. \u201cFa\u00e7o a vacina todos os anos, sempre quando a campanha de vacina\u00e7\u00e3o abre, porque acredito que \u00e9 importante ficar imunizado antes do inverno\u201d, afirma, recomendando que todos os grupos busquem uma unidade de sa\u00fade para atualizar a carteirinha.<\/p>\n\n\n\n<p>Podem receber o refor\u00e7o anual: crian\u00e7as de 6 meses a menores de 6 anos de idade (5 anos, 11 meses e 29 dias); trabalhadores da Sa\u00fade; idosos com 60 anos ou mais; pessoas com defici\u00eancia; pessoas com comorbidades; gestantes; pu\u00e9rperas; trabalhadores da Educa\u00e7\u00e3o; caminhoneiros; trabalhadores do Transporte Coletivo (motoristas e cobradores); povos ind\u00edgenas; profissionais das For\u00e7as de Seguran\u00e7a e Salvamento; profissionais das For\u00e7as Armadas; adolescentes em medidas socioeducativas; e popula\u00e7\u00e3o privada de liberdade.<\/p>\n\n\n\n<p>De acordo com a coordenadora de Vigil\u00e2ncia em Sa\u00fade, Marisa Zanatta, a meta \u00e9 vacinar 90% destes grupos, que somam 89 mil pessoas. \u201c\u00c9 fundamental que as pessoas inclu\u00eddas nestes grupos busquem uma das unidades para atualizar a vacina\u00e7\u00e3o. Contamos com 27 locais de aplica\u00e7\u00e3o e com hor\u00e1rios diferenciados para facilitar o acesso \u00e0 vacina\u201d, considera.<\/p>\n\n\n\n<p>Para a vacina\u00e7\u00e3o, a popula\u00e7\u00e3o dever\u00e1 se dirigir a uma das salas portando documento de identifica\u00e7\u00e3o com foto, cart\u00e3o SUS ou CPF e um comprovante que comprove o grupo priorit\u00e1rio que se encaixa.<\/p>\n\n\n\n<p>Em se tratando das pessoas acamadas, as equipes das unidades de sa\u00fade ir\u00e3o at\u00e9 a resid\u00eancia para vacina\u00e7\u00e3o em casa. A vacina\u00e7\u00e3o deste p\u00fablico dever\u00e1 ser solicitada por telefone na unidade de sa\u00fade de sua refer\u00eancia para que a equipe consiga organizar a demanda.<\/p>\n\n\n\n<p>Conforme Marisa, a vacina\u00e7\u00e3o contra a influenza permite, ao longo do respectivo ano, minimizar a carga e prevenir o surgimento de complica\u00e7\u00f5es decorrentes da doen\u00e7a, reduzindo os sintomas nos grupos priorit\u00e1rios e, consequentemente, a sobrecarga sobre os servi\u00e7os de sa\u00fade. \u201cA vacina\u00e7\u00e3o \u00e9 uma das medidas para proteger contra a doen\u00e7a, suas complica\u00e7\u00f5es e \u00f3bitos, al\u00e9m de contribuir com a redu\u00e7\u00e3o da circula\u00e7\u00e3o viral entre a popula\u00e7\u00e3o, especialmente, entre os indiv\u00edduos que apresentam fatores ou condi\u00e7\u00f5es de risco\u201d, pontua.<\/p>\n\n\n\n<p>Seguindo uma Instru\u00e7\u00e3o Normativa (IN) da Ag\u00eancia Nacional de Vigil\u00e2ncia Sanit\u00e1ria (Anvisa), as vacinas influenza trivalentes que ser\u00e3o utilizadas nesta campanha apresentam tr\u00eas tipos de cepas de v\u00edrus em combina\u00e7\u00e3o: Influenza A H1N1, Influenza A H3N2 e Influenza B linhagem Victoria.<\/p>\n\n\n\n<p><strong>Grupos<br><\/strong>&#8211; Crian\u00e7as de 6 meses a menores de 6 anos de idade (5 anos, 11 meses e 29 dias)<br>&#8211; Trabalhadores da Sa\u00fade<br>&#8211; Idosos com 60 anos ou mais<br>&#8211; Pessoas com defici\u00eancia<br>&#8211; Pessoas com comorbidades<br>&#8211; Gestantes<br>&#8211; Pu\u00e9rperas<br>&#8211; Trabalhadores da Educa\u00e7\u00e3o<br>&#8211; Povos ind\u00edgenas<br>&#8211; Caminhoneiros<br>&#8211; Trabalhadores de transporte coletivo (motoristas e cobradores)<br>&#8211; Profissionais das For\u00e7as de Seguran\u00e7a e Salvamento<br>&#8211; Profissionais das For\u00e7as Armadas<br>&#8211; Adolescentes em medidas socioeducativas<br>&#8211; Popula\u00e7\u00e3o privada de liberdade<\/p>\n\n\n\n<p><strong>Locais<\/strong><br>&#8211; Central de Vacinas<br>&#8211; Ambulat\u00f3rio de Especialidades<br>&#8211; Cais Petr\u00f3polis<br>&#8211; Cais H\u00edpica<br>&#8211; Cais Boqueir\u00e3o<br>&#8211; Cais Vila Lu\u00edza<br>&#8211; Cais S\u00e3o Crist\u00f3v\u00e3o<br>&#8211; ESF Adriana L\u00edrio<br>&#8211; ESF S\u00e3o Jos\u00e9<br>&#8211; ESF S\u00e3o Luiz Gonzaga<br>&#8211; ESF Adolfo Groth<br>&#8211; ESF Don\u00e1ria \/ Santa Marta<br>&#8211; ESF Mattos<br>&#8211; ESF Nen\u00ea Graeff<br>&#8211; ESF Jer\u00f4nimo Coelho<br>&#8211; ESF Planaltina<br>&#8211; ESF S\u00e3o Crist\u00f3v\u00e3o<br>&#8211; ESF Valinhos<br>&#8211; ESF Ricci<br>&#8211; ESF Zachia<br>&#8211; ESF Adirbal Corralo<br>&#8211; ESF Jaboticabal<br>&#8211; ESF Caic Edu Azambuja<br>&#8211; UBS Parque Farroupilha<br>&#8211; UBS Ivo Ferreira<br>&#8211; UBS Jardim Am\u00e9rica<br>&#8211; UBS Vila Nova \/ Santa Maria<\/p>\n\n\n\n<p><strong>Hor\u00e1rios<br><\/strong>UBS, ESF e Ambulat\u00f3rio de Especialidades<br>segunda a sexta-feira \u2013 das 8h \u00e0s 11h30 e das 13h \u00e0s 16h30<\/p>\n\n\n\n<p>Central de Vacinas<br>segunda a sexta-feira \u2013 das 8h \u00e0s 18h<\/p>\n\n\n\n<p>Cais<br>segunda a sexta-feira \u2013 das 8h \u00e0s 18h<br>s\u00e1bado \u2013 das 8h \u00e0s 11h<\/p>\n\n\n\n<p>Cais Petr\u00f3polis<br>segunda a sexta-feira \u2013 das 8h \u00e0s 21h30<br>s\u00e1bado \u2013 das 8h \u00e0s 11h<\/p>\n","protected":false},"excerpt":{"rendered":"<p>Confira aqui os grupos que est\u00e3o sendo vacinados e os locais de vacina\u00e7\u00e3o<\/p>\n","protected":false},"author":6,"featured_media":3539,"comment_status":"closed","ping_status":"closed","sticky":true,"template":"","format":"standard","meta":{"footnotes":""},"categories":[1],"tags":[],"class_list":["post-3538","post","type-post","status-publish","format-standard","has-post-thumbnail","hentry","category-sem-categoria"],"yoast_head":"<!-- This site is optimized with the Yoast SEO plugin v23.8 - https:\/\/yoast.com\/wordpress\/plugins\/seo\/ -->\n<title>Passo-fundenses j\u00e1 podem fazer o refor\u00e7o contra a gripe - Secretaria de Sa\u00fade<\/title>\n<meta name=\"robots\" content=\"index, follow, max-snippet:-1, max-image-preview:large, max-video-preview:-1\" \/>\n<link rel=\"canonical\" href=\"https:\/\/www.pmpf.rs.gov.br\/secretaria-de-saude\/2023\/04\/10\/passo-fundenses-ja-podem-fazer-o-reforco-contra-a-gripe\/\" \/>\n<meta property=\"og:locale\" content=\"pt_BR\" \/>\n<meta property=\"og:type\" content=\"article\" \/>\n<meta property=\"og:title\" content=\"Passo-fundenses j\u00e1 podem fazer o refor\u00e7o contra a gripe - Secretaria de Sa\u00fade\" \/>\n<meta property=\"og:description\" content=\"Confira aqui os grupos que est\u00e3o sendo vacinados e os locais de vacina\u00e7\u00e3o\" \/>\n<meta property=\"og:url\" content=\"https:\/\/www.pmpf.rs.gov.br\/secretaria-de-saude\/2023\/04\/10\/passo-fundenses-ja-podem-fazer-o-reforco-contra-a-gripe\/\" \/>\n<meta property=\"og:site_name\" content=\"Secretaria de Sa\u00fade\" \/>\n<meta property=\"article:published_time\" content=\"2023-04-10T14:33:52+00:00\" \/>\n<meta name=\"author\" content=\"andressazorzetto07\" \/>\n<meta name=\"twitter:card\" content=\"summary_large_image\" \/>\n<meta name=\"twitter:label1\" content=\"Escrito por\" \/>\n\t<meta name=\"twitter:data1\" content=\"andressazorzetto07\" \/>\n\t<meta name=\"twitter:label2\" content=\"Est. tempo de leitura\" \/>\n\t<meta name=\"twitter:data2\" content=\"4 minutos\" \/>\n<script type=\"application\/ld+json\" class=\"yoast-schema-graph\">{\"@context\":\"https:\/\/schema.org\",\"@graph\":[{\"@type\":\"WebPage\",\"@id\":\"https:\/\/www.pmpf.rs.gov.br\/secretaria-de-saude\/2023\/04\/10\/passo-fundenses-ja-podem-fazer-o-reforco-contra-a-gripe\/\",\"url\":\"https:\/\/www.pmpf.rs.gov.br\/secretaria-de-saude\/2023\/04\/10\/passo-fundenses-ja-podem-fazer-o-reforco-contra-a-gripe\/\",\"name\":\"Passo-fundenses j\u00e1 podem fazer o refor\u00e7o contra a gripe - Secretaria de Sa\u00fade\",\"isPartOf\":{\"@id\":\"https:\/\/www.pmpf.rs.gov.br\/secretaria-de-saude\/#website\"},\"primaryImageOfPage\":{\"@id\":\"https:\/\/www.pmpf.rs.gov.br\/secretaria-de-saude\/2023\/04\/10\/passo-fundenses-ja-podem-fazer-o-reforco-contra-a-gripe\/#primaryimage\"},\"image\":{\"@id\":\"https:\/\/www.pmpf.rs.gov.br\/secretaria-de-saude\/2023\/04\/10\/passo-fundenses-ja-podem-fazer-o-reforco-contra-a-gripe\/#primaryimage\"},\"thumbnailUrl\":\"https:\/\/www.pmpf.rs.gov.br\/secretaria-de-saude\/wp-content\/uploads\/sites\/50\/2023\/04\/vacinacao-10.04.jpeg\",\"datePublished\":\"2023-04-10T14:33:52+00:00\",\"dateModified\":\"2023-04-10T14:33:52+00:00\",\"author\":{\"@id\":\"https:\/\/www.pmpf.rs.gov.br\/secretaria-de-saude\/#\/schema\/person\/30ee1d1bd74da1469b01fcf086e43351\"},\"breadcrumb\":{\"@id\":\"https:\/\/www.pmpf.rs.gov.br\/secretaria-de-saude\/2023\/04\/10\/passo-fundenses-ja-podem-fazer-o-reforco-contra-a-gripe\/#breadcrumb\"},\"inLanguage\":\"pt-BR\",\"potentialAction\":[{\"@type\":\"ReadAction\",\"target\":[\"https:\/\/www.pmpf.rs.gov.br\/secretaria-de-saude\/2023\/04\/10\/passo-fundenses-ja-podem-fazer-o-reforco-contra-a-gripe\/\"]}]},{\"@type\":\"ImageObject\",\"inLanguage\":\"pt-BR\",\"@id\":\"https:\/\/www.pmpf.rs.gov.br\/secretaria-de-saude\/2023\/04\/10\/passo-fundenses-ja-podem-fazer-o-reforco-contra-a-gripe\/#primaryimage\",\"url\":\"https:\/\/www.pmpf.rs.gov.br\/secretaria-de-saude\/wp-content\/uploads\/sites\/50\/2023\/04\/vacinacao-10.04.jpeg\",\"contentUrl\":\"https:\/\/www.pmpf.rs.gov.br\/secretaria-de-saude\/wp-content\/uploads\/sites\/50\/2023\/04\/vacinacao-10.04.jpeg\",\"width\":1600,\"height\":1066},{\"@type\":\"BreadcrumbList\",\"@id\":\"https:\/\/www.pmpf.rs.gov.br\/secretaria-de-saude\/2023\/04\/10\/passo-fundenses-ja-podem-fazer-o-reforco-contra-a-gripe\/#breadcrumb\",\"itemListElement\":[{\"@type\":\"ListItem\",\"position\":1,\"name\":\"In\u00edcio\",\"item\":\"https:\/\/www.pmpf.rs.gov.br\/secretaria-de-saude\/\"},{\"@type\":\"ListItem\",\"position\":2,\"name\":\"Passo-fundenses j\u00e1 podem fazer o refor\u00e7o contra a gripe\"}]},{\"@type\":\"WebSite\",\"@id\":\"https:\/\/www.pmpf.rs.gov.br\/secretaria-de-saude\/#website\",\"url\":\"https:\/\/www.pmpf.rs.gov.br\/secretaria-de-saude\/\",\"name\":\"Secretaria de Sa\u00fade\",\"description\":\"S\u00f3 mais um site Prefeitura de Passo Fundo\",\"potentialAction\":[{\"@type\":\"SearchAction\",\"target\":{\"@type\":\"EntryPoint\",\"urlTemplate\":\"https:\/\/www.pmpf.rs.gov.br\/secretaria-de-saude\/?s={search_term_string}\"},\"query-input\":{\"@type\":\"PropertyValueSpecification\",\"valueRequired\":true,\"valueName\":\"search_term_string\"}}],\"inLanguage\":\"pt-BR\"},{\"@type\":\"Person\",\"@id\":\"https:\/\/www.pmpf.rs.gov.br\/secretaria-de-saude\/#\/schema\/person\/30ee1d1bd74da1469b01fcf086e43351\",\"name\":\"andressazorzetto07\",\"image\":{\"@type\":\"ImageObject\",\"inLanguage\":\"pt-BR\",\"@id\":\"https:\/\/www.pmpf.rs.gov.br\/secretaria-de-saude\/#\/schema\/person\/image\/\",\"url\":\"https:\/\/secure.gravatar.com\/avatar\/14c5458ed79dc81da99a13b9ff5f9f19?s=96&d=mm&r=g\",\"contentUrl\":\"https:\/\/secure.gravatar.com\/avatar\/14c5458ed79dc81da99a13b9ff5f9f19?s=96&d=mm&r=g\",\"caption\":\"andressazorzetto07\"},\"url\":\"https:\/\/www.pmpf.rs.gov.br\/secretaria-de-saude\/author\/andressazorzetto07\/\"}]}<\/script>\n<!-- \/ Yoast SEO plugin. -->","yoast_head_json":{"title":"Passo-fundenses j\u00e1 podem fazer o refor\u00e7o contra a gripe - Secretaria de Sa\u00fade","robots":{"index":"index","follow":"follow","max-snippet":"max-snippet:-1","max-image-preview":"max-image-preview:large","max-video-preview":"max-video-preview:-1"},"canonical":"https:\/\/www.pmpf.rs.gov.br\/secretaria-de-saude\/2023\/04\/10\/passo-fundenses-ja-podem-fazer-o-reforco-contra-a-gripe\/","og_locale":"pt_BR","og_type":"article","og_title":"Passo-fundenses j\u00e1 podem fazer o refor\u00e7o contra a gripe - Secretaria de Sa\u00fade","og_description":"Confira aqui os grupos que est\u00e3o sendo vacinados e os locais de vacina\u00e7\u00e3o","og_url":"https:\/\/www.pmpf.rs.gov.br\/secretaria-de-saude\/2023\/04\/10\/passo-fundenses-ja-podem-fazer-o-reforco-contra-a-gripe\/","og_site_name":"Secretaria de Sa\u00fade","article_published_time":"2023-04-10T14:33:52+00:00","author":"andressazorzetto07","twitter_card":"summary_large_image","twitter_misc":{"Escrito por":"andressazorzetto07","Est. tempo de leitura":"4 minutos"},"schema":{"@context":"https:\/\/schema.org","@graph":[{"@type":"WebPage","@id":"https:\/\/www.pmpf.rs.gov.br\/secretaria-de-saude\/2023\/04\/10\/passo-fundenses-ja-podem-fazer-o-reforco-contra-a-gripe\/","url":"https:\/\/www.pmpf.rs.gov.br\/secretaria-de-saude\/2023\/04\/10\/passo-fundenses-ja-podem-fazer-o-reforco-contra-a-gripe\/","name":"Passo-fundenses j\u00e1 podem fazer o refor\u00e7o contra a gripe - Secretaria de Sa\u00fade","isPartOf":{"@id":"https:\/\/www.pmpf.rs.gov.br\/secretaria-de-saude\/#website"},"primaryImageOfPage":{"@id":"https:\/\/www.pmpf.rs.gov.br\/secretaria-de-saude\/2023\/04\/10\/passo-fundenses-ja-podem-fazer-o-reforco-contra-a-gripe\/#primaryimage"},"image":{"@id":"https:\/\/www.pmpf.rs.gov.br\/secretaria-de-saude\/2023\/04\/10\/passo-fundenses-ja-podem-fazer-o-reforco-contra-a-gripe\/#primaryimage"},"thumbnailUrl":"https:\/\/www.pmpf.rs.gov.br\/secretaria-de-saude\/wp-content\/uploads\/sites\/50\/2023\/04\/vacinacao-10.04.jpeg","datePublished":"2023-04-10T14:33:52+00:00","dateModified":"2023-04-10T14:33:52+00:00","author":{"@id":"https:\/\/www.pmpf.rs.gov.br\/secretaria-de-saude\/#\/schema\/person\/30ee1d1bd74da1469b01fcf086e43351"},"breadcrumb":{"@id":"https:\/\/www.pmpf.rs.gov.br\/secretaria-de-saude\/2023\/04\/10\/passo-fundenses-ja-podem-fazer-o-reforco-contra-a-gripe\/#breadcrumb"},"inLanguage":"pt-BR","potentialAction":[{"@type":"ReadAction","target":["https:\/\/www.pmpf.rs.gov.br\/secretaria-de-saude\/2023\/04\/10\/passo-fundenses-ja-podem-fazer-o-reforco-contra-a-gripe\/"]}]},{"@type":"ImageObject","inLanguage":"pt-BR","@id":"https:\/\/www.pmpf.rs.gov.br\/secretaria-de-saude\/2023\/04\/10\/passo-fundenses-ja-podem-fazer-o-reforco-contra-a-gripe\/#primaryimage","url":"https:\/\/www.pmpf.rs.gov.br\/secretaria-de-saude\/wp-content\/uploads\/sites\/50\/2023\/04\/vacinacao-10.04.jpeg","contentUrl":"https:\/\/www.pmpf.rs.gov.br\/secretaria-de-saude\/wp-content\/uploads\/sites\/50\/2023\/04\/vacinacao-10.04.jpeg","width":1600,"height":1066},{"@type":"BreadcrumbList","@id":"https:\/\/www.pmpf.rs.gov.br\/secretaria-de-saude\/2023\/04\/10\/passo-fundenses-ja-podem-fazer-o-reforco-contra-a-gripe\/#breadcrumb","itemListElement":[{"@type":"ListItem","position":1,"name":"In\u00edcio","item":"https:\/\/www.pmpf.rs.gov.br\/secretaria-de-saude\/"},{"@type":"ListItem","position":2,"name":"Passo-fundenses j\u00e1 podem fazer o refor\u00e7o contra a gripe"}]},{"@type":"WebSite","@id":"https:\/\/www.pmpf.rs.gov.br\/secretaria-de-saude\/#website","url":"https:\/\/www.pmpf.rs.gov.br\/secretaria-de-saude\/","name":"Secretaria de Sa\u00fade","description":"S\u00f3 mais um site Prefeitura de Passo Fundo","potentialAction":[{"@type":"SearchAction","target":{"@type":"EntryPoint","urlTemplate":"https:\/\/www.pmpf.rs.gov.br\/secretaria-de-saude\/?s={search_term_string}"},"query-input":{"@type":"PropertyValueSpecification","valueRequired":true,"valueName":"search_term_string"}}],"inLanguage":"pt-BR"},{"@type":"Person","@id":"https:\/\/www.pmpf.rs.gov.br\/secretaria-de-saude\/#\/schema\/person\/30ee1d1bd74da1469b01fcf086e43351","name":"andressazorzetto07","image":{"@type":"ImageObject","inLanguage":"pt-BR","@id":"https:\/\/www.pmpf.rs.gov.br\/secretaria-de-saude\/#\/schema\/person\/image\/","url":"https:\/\/secure.gravatar.com\/avatar\/14c5458ed79dc81da99a13b9ff5f9f19?s=96&d=mm&r=g","contentUrl":"https:\/\/secure.gravatar.com\/avatar\/14c5458ed79dc81da99a13b9ff5f9f19?s=96&d=mm&r=g","caption":"andressazorzetto07"},"url":"https:\/\/www.pmpf.rs.gov.br\/secretaria-de-saude\/author\/andressazorzetto07\/"}]}},"_links":{"self":[{"href":"https:\/\/www.pmpf.rs.gov.br\/secretaria-de-saude\/wp-json\/wp\/v2\/posts\/3538"}],"collection":[{"href":"https:\/\/www.pmpf.rs.gov.br\/secretaria-de-saude\/wp-json\/wp\/v2\/posts"}],"about":[{"href":"https:\/\/www.pmpf.rs.gov.br\/secretaria-de-saude\/wp-json\/wp\/v2\/types\/post"}],"author":[{"embeddable":true,"href":"https:\/\/www.pmpf.rs.gov.br\/secretaria-de-saude\/wp-json\/wp\/v2\/users\/6"}],"replies":[{"embeddable":true,"href":"https:\/\/www.pmpf.rs.gov.br\/secretaria-de-saude\/wp-json\/wp\/v2\/comments?post=3538"}],"version-history":[{"count":1,"href":"https:\/\/www.pmpf.rs.gov.br\/secretaria-de-saude\/wp-json\/wp\/v2\/posts\/3538\/revisions"}],"predecessor-version":[{"id":3540,"href":"https:\/\/www.pmpf.rs.gov.br\/secretaria-de-saude\/wp-json\/wp\/v2\/posts\/3538\/revisions\/3540"}],"wp:featuredmedia":[{"embeddable":true,"href":"https:\/\/www.pmpf.rs.gov.br\/secretaria-de-saude\/wp-json\/wp\/v2\/media\/3539"}],"wp:attachment":[{"href":"https:\/\/www.pmpf.rs.gov.br\/secretaria-de-saude\/wp-json\/wp\/v2\/media?parent=3538"}],"wp:term":[{"taxonomy":"category","embeddable":true,"href":"https:\/\/www.pmpf.rs.gov.br\/secretaria-de-saude\/wp-json\/wp\/v2\/categories?post=3538"},{"taxonomy":"post_tag","embeddable":true,"href":"https:\/\/www.pmpf.rs.gov.br\/secretaria-de-saude\/wp-json\/wp\/v2\/tags?post=3538"}],"curies":[{"name":"wp","href":"https:\/\/api.w.org\/{rel}","templated":true}]}}