{"id":3522,"date":"2023-04-05T16:57:11","date_gmt":"2023-04-05T19:57:11","guid":{"rendered":"https:\/\/www.pmpf.rs.gov.br\/secretaria-de-saude\/?p=3522"},"modified":"2023-04-05T16:57:12","modified_gmt":"2023-04-05T19:57:12","slug":"prefeitura-reforca-medidas-de-prevencao-contra-a-dengue","status":"publish","type":"post","link":"https:\/\/www.pmpf.rs.gov.br\/secretaria-de-saude\/2023\/04\/05\/prefeitura-reforca-medidas-de-prevencao-contra-a-dengue\/","title":{"rendered":"Prefeitura refor\u00e7a medidas de preven\u00e7\u00e3o contra a dengue"},"content":{"rendered":"\n<p><br>A Prefeitura de Passo Fundo refor\u00e7a as medidas de preven\u00e7\u00e3o contra a dengue e pede a colabora\u00e7\u00e3o de todas as pessoas no combate ao mosquito Aedes aegypti. A mobiliza\u00e7\u00e3o coletiva \u00e9 fundamental em decorr\u00eancia do elevado n\u00famero de casos confirmados da doen\u00e7a, que chegaram a 84 somente em 2023, sendo 64 aut\u00f3ctones, ou seja, contra\u00eddos dentro do pr\u00f3prio munic\u00edpio.<\/p>\n\n\n\n<p><\/p>\n\n\n\n<p>A chefe do N\u00facleo de Vigil\u00e2ncia Ambiental, Iv\u00e2nia Silvestrin, destaca que os agentes de endemias vistoriam resid\u00eancias e conversam com moradores sobre os cuidados com a elimina\u00e7\u00e3o de poss\u00edveis focos e criadouros. No entanto, \u00e9 importante que a comunidade seja uma aliada neste processo. \u201cA popula\u00e7\u00e3o deve ajudar estabelecendo o h\u00e1bito de verificar o p\u00e1tio das casas e acabando com a \u00e1gua parada. Virar os pratinhos de plantas, manter a limpeza de piscinas, as caixas d&#8217; \u00e1gua tampadas e eliminar os objetos que estejam acumulando \u00e1gua s\u00e3o a\u00e7\u00f5es simples e necess\u00e1rias\u201d, pontua.<\/p>\n\n\n\n<p><br>Ainda segundo Iv\u00e2nia, ao longo de todo o ano de 2022, foram registrados 16 casos aut\u00f3ctones de dengue na cidade. O grande n\u00famero de confirma\u00e7\u00f5es no primeiro quadrimestre de 2023 tem como principal raz\u00e3o o relaxamento das medidas de preven\u00e7\u00e3o. \u201cPrecisamos trabalhar para mudar o comportamento das pessoas em rela\u00e7\u00e3o \u00e0 \u00e1gua parada e ao descarte de lixo. Se cada um fizer a sua parte, conseguiremos mudar o cen\u00e1rio do munic\u00edpio e frear a eleva\u00e7\u00e3o dos casos\u201d, considera.<\/p>\n\n\n\n<p><\/p>\n\n\n\n<p>Paralelamente \u00e0s a\u00e7\u00f5es de conscientiza\u00e7\u00e3o, a Prefeitura est\u00e1 trabalhando no bloqueio do mosquito com a pulveriza\u00e7\u00e3o em \u00e1reas que tiveram casos confirmados. O supervisor dos agentes de endemias, Bruno Dias, explica que essa \u00e9 uma estrat\u00e9gia imediata quando se torna necess\u00e1rio o combate ao vetor na forma adulta. \u201cRealizamos essa a\u00e7\u00e3o para bloquear os mosquitos adultos com um equipamento de pulveriza\u00e7\u00e3o e com a utiliza\u00e7\u00e3o de inseticida na resid\u00eancia dos moradores que tiveram a doen\u00e7a confirmada, nas casas ao lado e num raio que compreende o quarteir\u00e3o e a frente dos outros quarteir\u00f5es\u201d, afirma, enfatizando que o produto \u00e9 seguro para as pessoas e para os animais dom\u00e9sticos.<\/p>\n\n\n\n<p><\/p>\n\n\n\n<p><strong>Sintomas da dengue<br><\/strong>A dengue pode provocar sintomas como dores de cabe\u00e7a e no corpo, mal-estar, dor no fundo dos olhos e manchas avermelhadas na pele. Por ser uma doen\u00e7a com risco de morte, \u00e9 fundamental que qualquer suspeita seja notificada e comunicada imediatamente \u00e0 Vigil\u00e2ncia.<\/p>\n","protected":false},"excerpt":{"rendered":"<p>Agentes de endemias realizam vistorias e a\u00e7\u00f5es de bloqueio, mas \u00e9 fundamental que toda a popula\u00e7\u00e3o fa\u00e7a a sua parte eliminando poss\u00edveis criadouros do mosquito Aedes aegypti<\/p>\n","protected":false},"author":6,"featured_media":3523,"comment_status":"closed","ping_status":"closed","sticky":true,"template":"","format":"standard","meta":{"footnotes":""},"categories":[1],"tags":[],"class_list":["post-3522","post","type-post","status-publish","format-standard","has-post-thumbnail","hentry","category-sem-categoria"],"yoast_head":"<!-- This site is optimized with the Yoast SEO plugin v23.8 - https:\/\/yoast.com\/wordpress\/plugins\/seo\/ -->\n<title>Prefeitura refor\u00e7a medidas de preven\u00e7\u00e3o contra a dengue - Secretaria de Sa\u00fade<\/title>\n<meta name=\"robots\" content=\"index, follow, max-snippet:-1, max-image-preview:large, max-video-preview:-1\" \/>\n<link rel=\"canonical\" href=\"https:\/\/www.pmpf.rs.gov.br\/secretaria-de-saude\/2023\/04\/05\/prefeitura-reforca-medidas-de-prevencao-contra-a-dengue\/\" \/>\n<meta property=\"og:locale\" content=\"pt_BR\" \/>\n<meta property=\"og:type\" content=\"article\" \/>\n<meta property=\"og:title\" content=\"Prefeitura refor\u00e7a medidas de preven\u00e7\u00e3o contra a dengue - Secretaria de Sa\u00fade\" \/>\n<meta property=\"og:description\" content=\"Agentes de endemias realizam vistorias e a\u00e7\u00f5es de bloqueio, mas \u00e9 fundamental que toda a popula\u00e7\u00e3o fa\u00e7a a sua parte eliminando poss\u00edveis criadouros do mosquito Aedes aegypti\" \/>\n<meta property=\"og:url\" content=\"https:\/\/www.pmpf.rs.gov.br\/secretaria-de-saude\/2023\/04\/05\/prefeitura-reforca-medidas-de-prevencao-contra-a-dengue\/\" \/>\n<meta property=\"og:site_name\" content=\"Secretaria de Sa\u00fade\" \/>\n<meta property=\"article:published_time\" content=\"2023-04-05T19:57:11+00:00\" \/>\n<meta property=\"article:modified_time\" content=\"2023-04-05T19:57:12+00:00\" \/>\n<meta name=\"author\" content=\"andressazorzetto07\" \/>\n<meta name=\"twitter:card\" content=\"summary_large_image\" \/>\n<meta name=\"twitter:label1\" content=\"Escrito por\" \/>\n\t<meta name=\"twitter:data1\" content=\"andressazorzetto07\" \/>\n\t<meta name=\"twitter:label2\" content=\"Est. tempo de leitura\" \/>\n\t<meta name=\"twitter:data2\" content=\"2 minutos\" \/>\n<script type=\"application\/ld+json\" class=\"yoast-schema-graph\">{\"@context\":\"https:\/\/schema.org\",\"@graph\":[{\"@type\":\"WebPage\",\"@id\":\"https:\/\/www.pmpf.rs.gov.br\/secretaria-de-saude\/2023\/04\/05\/prefeitura-reforca-medidas-de-prevencao-contra-a-dengue\/\",\"url\":\"https:\/\/www.pmpf.rs.gov.br\/secretaria-de-saude\/2023\/04\/05\/prefeitura-reforca-medidas-de-prevencao-contra-a-dengue\/\",\"name\":\"Prefeitura refor\u00e7a medidas de preven\u00e7\u00e3o contra a dengue - Secretaria de Sa\u00fade\",\"isPartOf\":{\"@id\":\"https:\/\/www.pmpf.rs.gov.br\/secretaria-de-saude\/#website\"},\"primaryImageOfPage\":{\"@id\":\"https:\/\/www.pmpf.rs.gov.br\/secretaria-de-saude\/2023\/04\/05\/prefeitura-reforca-medidas-de-prevencao-contra-a-dengue\/#primaryimage\"},\"image\":{\"@id\":\"https:\/\/www.pmpf.rs.gov.br\/secretaria-de-saude\/2023\/04\/05\/prefeitura-reforca-medidas-de-prevencao-contra-a-dengue\/#primaryimage\"},\"thumbnailUrl\":\"https:\/\/www.pmpf.rs.gov.br\/secretaria-de-saude\/wp-content\/uploads\/sites\/50\/2023\/04\/MSF07724-scaled.jpg\",\"datePublished\":\"2023-04-05T19:57:11+00:00\",\"dateModified\":\"2023-04-05T19:57:12+00:00\",\"author\":{\"@id\":\"https:\/\/www.pmpf.rs.gov.br\/secretaria-de-saude\/#\/schema\/person\/30ee1d1bd74da1469b01fcf086e43351\"},\"breadcrumb\":{\"@id\":\"https:\/\/www.pmpf.rs.gov.br\/secretaria-de-saude\/2023\/04\/05\/prefeitura-reforca-medidas-de-prevencao-contra-a-dengue\/#breadcrumb\"},\"inLanguage\":\"pt-BR\",\"potentialAction\":[{\"@type\":\"ReadAction\",\"target\":[\"https:\/\/www.pmpf.rs.gov.br\/secretaria-de-saude\/2023\/04\/05\/prefeitura-reforca-medidas-de-prevencao-contra-a-dengue\/\"]}]},{\"@type\":\"ImageObject\",\"inLanguage\":\"pt-BR\",\"@id\":\"https:\/\/www.pmpf.rs.gov.br\/secretaria-de-saude\/2023\/04\/05\/prefeitura-reforca-medidas-de-prevencao-contra-a-dengue\/#primaryimage\",\"url\":\"https:\/\/www.pmpf.rs.gov.br\/secretaria-de-saude\/wp-content\/uploads\/sites\/50\/2023\/04\/MSF07724-scaled.jpg\",\"contentUrl\":\"https:\/\/www.pmpf.rs.gov.br\/secretaria-de-saude\/wp-content\/uploads\/sites\/50\/2023\/04\/MSF07724-scaled.jpg\",\"width\":2560,\"height\":1707},{\"@type\":\"BreadcrumbList\",\"@id\":\"https:\/\/www.pmpf.rs.gov.br\/secretaria-de-saude\/2023\/04\/05\/prefeitura-reforca-medidas-de-prevencao-contra-a-dengue\/#breadcrumb\",\"itemListElement\":[{\"@type\":\"ListItem\",\"position\":1,\"name\":\"In\u00edcio\",\"item\":\"https:\/\/www.pmpf.rs.gov.br\/secretaria-de-saude\/\"},{\"@type\":\"ListItem\",\"position\":2,\"name\":\"Prefeitura refor\u00e7a medidas de preven\u00e7\u00e3o contra a dengue\"}]},{\"@type\":\"WebSite\",\"@id\":\"https:\/\/www.pmpf.rs.gov.br\/secretaria-de-saude\/#website\",\"url\":\"https:\/\/www.pmpf.rs.gov.br\/secretaria-de-saude\/\",\"name\":\"Secretaria de Sa\u00fade\",\"description\":\"S\u00f3 mais um site Prefeitura de Passo Fundo\",\"potentialAction\":[{\"@type\":\"SearchAction\",\"target\":{\"@type\":\"EntryPoint\",\"urlTemplate\":\"https:\/\/www.pmpf.rs.gov.br\/secretaria-de-saude\/?s={search_term_string}\"},\"query-input\":{\"@type\":\"PropertyValueSpecification\",\"valueRequired\":true,\"valueName\":\"search_term_string\"}}],\"inLanguage\":\"pt-BR\"},{\"@type\":\"Person\",\"@id\":\"https:\/\/www.pmpf.rs.gov.br\/secretaria-de-saude\/#\/schema\/person\/30ee1d1bd74da1469b01fcf086e43351\",\"name\":\"andressazorzetto07\",\"image\":{\"@type\":\"ImageObject\",\"inLanguage\":\"pt-BR\",\"@id\":\"https:\/\/www.pmpf.rs.gov.br\/secretaria-de-saude\/#\/schema\/person\/image\/\",\"url\":\"https:\/\/secure.gravatar.com\/avatar\/14c5458ed79dc81da99a13b9ff5f9f19?s=96&d=mm&r=g\",\"contentUrl\":\"https:\/\/secure.gravatar.com\/avatar\/14c5458ed79dc81da99a13b9ff5f9f19?s=96&d=mm&r=g\",\"caption\":\"andressazorzetto07\"},\"url\":\"https:\/\/www.pmpf.rs.gov.br\/secretaria-de-saude\/author\/andressazorzetto07\/\"}]}<\/script>\n<!-- \/ Yoast SEO plugin. -->","yoast_head_json":{"title":"Prefeitura refor\u00e7a medidas de preven\u00e7\u00e3o contra a dengue - Secretaria de Sa\u00fade","robots":{"index":"index","follow":"follow","max-snippet":"max-snippet:-1","max-image-preview":"max-image-preview:large","max-video-preview":"max-video-preview:-1"},"canonical":"https:\/\/www.pmpf.rs.gov.br\/secretaria-de-saude\/2023\/04\/05\/prefeitura-reforca-medidas-de-prevencao-contra-a-dengue\/","og_locale":"pt_BR","og_type":"article","og_title":"Prefeitura refor\u00e7a medidas de preven\u00e7\u00e3o contra a dengue - Secretaria de Sa\u00fade","og_description":"Agentes de endemias realizam vistorias e a\u00e7\u00f5es de bloqueio, mas \u00e9 fundamental que toda a popula\u00e7\u00e3o fa\u00e7a a sua parte eliminando poss\u00edveis criadouros do mosquito Aedes aegypti","og_url":"https:\/\/www.pmpf.rs.gov.br\/secretaria-de-saude\/2023\/04\/05\/prefeitura-reforca-medidas-de-prevencao-contra-a-dengue\/","og_site_name":"Secretaria de Sa\u00fade","article_published_time":"2023-04-05T19:57:11+00:00","article_modified_time":"2023-04-05T19:57:12+00:00","author":"andressazorzetto07","twitter_card":"summary_large_image","twitter_misc":{"Escrito por":"andressazorzetto07","Est. tempo de leitura":"2 minutos"},"schema":{"@context":"https:\/\/schema.org","@graph":[{"@type":"WebPage","@id":"https:\/\/www.pmpf.rs.gov.br\/secretaria-de-saude\/2023\/04\/05\/prefeitura-reforca-medidas-de-prevencao-contra-a-dengue\/","url":"https:\/\/www.pmpf.rs.gov.br\/secretaria-de-saude\/2023\/04\/05\/prefeitura-reforca-medidas-de-prevencao-contra-a-dengue\/","name":"Prefeitura refor\u00e7a medidas de preven\u00e7\u00e3o contra a dengue - Secretaria de Sa\u00fade","isPartOf":{"@id":"https:\/\/www.pmpf.rs.gov.br\/secretaria-de-saude\/#website"},"primaryImageOfPage":{"@id":"https:\/\/www.pmpf.rs.gov.br\/secretaria-de-saude\/2023\/04\/05\/prefeitura-reforca-medidas-de-prevencao-contra-a-dengue\/#primaryimage"},"image":{"@id":"https:\/\/www.pmpf.rs.gov.br\/secretaria-de-saude\/2023\/04\/05\/prefeitura-reforca-medidas-de-prevencao-contra-a-dengue\/#primaryimage"},"thumbnailUrl":"https:\/\/www.pmpf.rs.gov.br\/secretaria-de-saude\/wp-content\/uploads\/sites\/50\/2023\/04\/MSF07724-scaled.jpg","datePublished":"2023-04-05T19:57:11+00:00","dateModified":"2023-04-05T19:57:12+00:00","author":{"@id":"https:\/\/www.pmpf.rs.gov.br\/secretaria-de-saude\/#\/schema\/person\/30ee1d1bd74da1469b01fcf086e43351"},"breadcrumb":{"@id":"https:\/\/www.pmpf.rs.gov.br\/secretaria-de-saude\/2023\/04\/05\/prefeitura-reforca-medidas-de-prevencao-contra-a-dengue\/#breadcrumb"},"inLanguage":"pt-BR","potentialAction":[{"@type":"ReadAction","target":["https:\/\/www.pmpf.rs.gov.br\/secretaria-de-saude\/2023\/04\/05\/prefeitura-reforca-medidas-de-prevencao-contra-a-dengue\/"]}]},{"@type":"ImageObject","inLanguage":"pt-BR","@id":"https:\/\/www.pmpf.rs.gov.br\/secretaria-de-saude\/2023\/04\/05\/prefeitura-reforca-medidas-de-prevencao-contra-a-dengue\/#primaryimage","url":"https:\/\/www.pmpf.rs.gov.br\/secretaria-de-saude\/wp-content\/uploads\/sites\/50\/2023\/04\/MSF07724-scaled.jpg","contentUrl":"https:\/\/www.pmpf.rs.gov.br\/secretaria-de-saude\/wp-content\/uploads\/sites\/50\/2023\/04\/MSF07724-scaled.jpg","width":2560,"height":1707},{"@type":"BreadcrumbList","@id":"https:\/\/www.pmpf.rs.gov.br\/secretaria-de-saude\/2023\/04\/05\/prefeitura-reforca-medidas-de-prevencao-contra-a-dengue\/#breadcrumb","itemListElement":[{"@type":"ListItem","position":1,"name":"In\u00edcio","item":"https:\/\/www.pmpf.rs.gov.br\/secretaria-de-saude\/"},{"@type":"ListItem","position":2,"name":"Prefeitura refor\u00e7a medidas de preven\u00e7\u00e3o contra a dengue"}]},{"@type":"WebSite","@id":"https:\/\/www.pmpf.rs.gov.br\/secretaria-de-saude\/#website","url":"https:\/\/www.pmpf.rs.gov.br\/secretaria-de-saude\/","name":"Secretaria de Sa\u00fade","description":"S\u00f3 mais um site Prefeitura de Passo Fundo","potentialAction":[{"@type":"SearchAction","target":{"@type":"EntryPoint","urlTemplate":"https:\/\/www.pmpf.rs.gov.br\/secretaria-de-saude\/?s={search_term_string}"},"query-input":{"@type":"PropertyValueSpecification","valueRequired":true,"valueName":"search_term_string"}}],"inLanguage":"pt-BR"},{"@type":"Person","@id":"https:\/\/www.pmpf.rs.gov.br\/secretaria-de-saude\/#\/schema\/person\/30ee1d1bd74da1469b01fcf086e43351","name":"andressazorzetto07","image":{"@type":"ImageObject","inLanguage":"pt-BR","@id":"https:\/\/www.pmpf.rs.gov.br\/secretaria-de-saude\/#\/schema\/person\/image\/","url":"https:\/\/secure.gravatar.com\/avatar\/14c5458ed79dc81da99a13b9ff5f9f19?s=96&d=mm&r=g","contentUrl":"https:\/\/secure.gravatar.com\/avatar\/14c5458ed79dc81da99a13b9ff5f9f19?s=96&d=mm&r=g","caption":"andressazorzetto07"},"url":"https:\/\/www.pmpf.rs.gov.br\/secretaria-de-saude\/author\/andressazorzetto07\/"}]}},"_links":{"self":[{"href":"https:\/\/www.pmpf.rs.gov.br\/secretaria-de-saude\/wp-json\/wp\/v2\/posts\/3522"}],"collection":[{"href":"https:\/\/www.pmpf.rs.gov.br\/secretaria-de-saude\/wp-json\/wp\/v2\/posts"}],"about":[{"href":"https:\/\/www.pmpf.rs.gov.br\/secretaria-de-saude\/wp-json\/wp\/v2\/types\/post"}],"author":[{"embeddable":true,"href":"https:\/\/www.pmpf.rs.gov.br\/secretaria-de-saude\/wp-json\/wp\/v2\/users\/6"}],"replies":[{"embeddable":true,"href":"https:\/\/www.pmpf.rs.gov.br\/secretaria-de-saude\/wp-json\/wp\/v2\/comments?post=3522"}],"version-history":[{"count":1,"href":"https:\/\/www.pmpf.rs.gov.br\/secretaria-de-saude\/wp-json\/wp\/v2\/posts\/3522\/revisions"}],"predecessor-version":[{"id":3524,"href":"https:\/\/www.pmpf.rs.gov.br\/secretaria-de-saude\/wp-json\/wp\/v2\/posts\/3522\/revisions\/3524"}],"wp:featuredmedia":[{"embeddable":true,"href":"https:\/\/www.pmpf.rs.gov.br\/secretaria-de-saude\/wp-json\/wp\/v2\/media\/3523"}],"wp:attachment":[{"href":"https:\/\/www.pmpf.rs.gov.br\/secretaria-de-saude\/wp-json\/wp\/v2\/media?parent=3522"}],"wp:term":[{"taxonomy":"category","embeddable":true,"href":"https:\/\/www.pmpf.rs.gov.br\/secretaria-de-saude\/wp-json\/wp\/v2\/categories?post=3522"},{"taxonomy":"post_tag","embeddable":true,"href":"https:\/\/www.pmpf.rs.gov.br\/secretaria-de-saude\/wp-json\/wp\/v2\/tags?post=3522"}],"curies":[{"name":"wp","href":"https:\/\/api.w.org\/{rel}","templated":true}]}}